{"id":82918,"date":"2026-04-30T19:13:46","date_gmt":"2026-04-30T17:13:46","guid":{"rendered":"https:\/\/www.infakt.pl\/blog\/?p=82918"},"modified":"2026-04-30T19:13:52","modified_gmt":"2026-04-30T17:13:52","slug":"duzy-zus-2027-to-juz-ponad-2000-zl-miesiecznie","status":"publish","type":"post","link":"https:\/\/www.infakt.pl\/blog\/duzy-zus-2027-to-juz-ponad-2000-zl-miesiecznie\/","title":{"rendered":"Du\u017cy ZUS 2027? To ju\u017c ponad 2000 z\u0142 miesi\u0119cznie"},"content":{"rendered":"\n<p><strong>Sk\u0142adki ZUS w 2027 roku przekrocz\u0105 najprawdopodobniej pr\u00f3g 2000 z\u0142 \u2013 i to bez wliczonej sk\u0142adki zdrowotnej. W por\u00f3wnaniu do 2026 roku to wzrost o ponad 112 z\u0142 miesi\u0119cznie. W skali roku \u2013 a\u017c o 1352 z\u0142. Warto\u015bci wynikaj\u0105 z oblicze\u0144 inFaktu na podstawie prognoz rz\u0105du na lata 2026-2030. Ile w praktyce mog\u0105 zap\u0142aci\u0107 przedsi\u0119biorcy? Odpowiadamy.<\/strong><\/p>\n\n\n\n<figure class=\"wp-block-image size-large\"><a href=\"https:\/\/www.infakt.pl\/konto-firmowe\/\"><img decoding=\"async\" loading=\"lazy\" width=\"1024\" height=\"351\"  src=\"https:\/\/www.infakt.pl\/blog\/wp-content\/uploads\/2025\/09\/konto_firmowe_blog3_1-1-1024x351.webp\" alt=\"\" class=\"wp-image-82847\" srcset=\"https:\/\/www.infakt.pl\/blog\/wp-content\/uploads\/2025\/09\/konto_firmowe_blog3_1-1-1024x351.webp 1024w, https:\/\/www.infakt.pl\/blog\/wp-content\/uploads\/2025\/09\/konto_firmowe_blog3_1-1-300x103.webp 300w, https:\/\/www.infakt.pl\/blog\/wp-content\/uploads\/2025\/09\/konto_firmowe_blog3_1-1-1520x521.webp 1520w, https:\/\/www.infakt.pl\/blog\/wp-content\/uploads\/2025\/09\/konto_firmowe_blog3_1-1-1280x438.webp 1280w, https:\/\/www.infakt.pl\/blog\/wp-content\/uploads\/2025\/09\/konto_firmowe_blog3_1-1-760x260.webp 760w, https:\/\/www.infakt.pl\/blog\/wp-content\/uploads\/2025\/09\/konto_firmowe_blog3_1-1-610x209.webp 610w, https:\/\/www.infakt.pl\/blog\/wp-content\/uploads\/2025\/09\/konto_firmowe_blog3_1-1-380x130.webp 380w, https:\/\/www.infakt.pl\/blog\/wp-content\/uploads\/2025\/09\/konto_firmowe_blog3_1-1-1493x511.webp 1493w, https:\/\/www.infakt.pl\/blog\/wp-content\/uploads\/2025\/09\/konto_firmowe_blog3_1-1-196x67.webp 196w, https:\/\/www.infakt.pl\/blog\/wp-content\/uploads\/2025\/09\/konto_firmowe_blog3_1-1-980x336.webp 980w, https:\/\/www.infakt.pl\/blog\/wp-content\/uploads\/2025\/09\/konto_firmowe_blog3_1-1-500x171.webp 500w, https:\/\/www.infakt.pl\/blog\/wp-content\/uploads\/2025\/09\/konto_firmowe_blog3_1-1-250x86.webp 250w, https:\/\/www.infakt.pl\/blog\/wp-content\/uploads\/2025\/09\/konto_firmowe_blog3_1-1.webp 1600w\" sizes=\"auto, (max-width: 1024px) 100vw, 1024px\" \/><\/a><\/figure>\n\n\n\n<h2 class=\"wp-block-heading\">Du\u017cy ZUS 2027 \u2013 ile wyniesie?<\/h2>\n\n\n\n<p>Ko\u0144cem ubieg\u0142ego roku wskazywali\u015bmy, \u017ce obecnie przedsi\u0119biorcy <a href=\"https:\/\/www.infakt.pl\/blog\/skladki-zus-2026-o-jedna-skladke-wiecej-niz-w-2025-roku\/\">zap\u0142ac\u0105 dos\u0142ownie o jedn\u0105 sk\u0142adk\u0119 wi\u0119cej ni\u017c w 2025<\/a>, a sam <a href=\"https:\/\/www.infakt.pl\/blog\/zus-2026-w-10-lat-skladki-wzrosly-o-120-proc\/\">du\u017cy ZUS w ci\u0105gu 10 lat wzr\u00f3s\u0142 a\u017c o 120%<\/a>. <strong>Dzi\u015b mamy kolejne doniesienia o podwy\u017ckach obowi\u0105zkowych sk\u0142adek na 2027 rok \u2013 a\u017c do ponad 2000 z\u0142 za du\u017cy ZUS.<\/strong><\/p>\n\n\n\n<blockquote class=\"wp-block-quote is-layout-flow wp-block-quote-is-layout-flow\">\n<p>\u0141\u0105cznie miesi\u0119czny ZUS przedsi\u0119biorcy w 2027 roku \u2013 ze sk\u0142adkami spo\u0142ecznymi i minimaln\u0105 sk\u0142adk\u0105 zdrowotn\u0105 \u2013 najprawdopodobniej przekroczy 2,5 tys. z\u0142 miesi\u0119cznie. To oznacza, \u017ce tylko za samo \u201ebycie przedsi\u0119biorc\u0105&#8221;, niezale\u017cnie od osi\u0105ganych dochod\u00f3w, trzeba b\u0119dzie od\u0142o\u017cy\u0107 rocznie ponad 30 tys. z\u0142 na obowi\u0105zkowe daniny.<\/p>\n<cite><strong>Piotr Juszczyk<\/strong><br>G\u0142\u00f3wny Doradca Podatkowy inFaktu<\/cite><\/blockquote>\n\n\n\n<p><\/p>\n\n\n\n<figure class=\"wp-block-image size-full\"><img decoding=\"async\" loading=\"lazy\" width=\"984\" height=\"1024\"  src=\"https:\/\/www.infakt.pl\/blog\/wp-content\/uploads\/2026\/04\/image-7-984x1024-1.webp\" alt=\"\" class=\"wp-image-82921\" srcset=\"https:\/\/www.infakt.pl\/blog\/wp-content\/uploads\/2026\/04\/image-7-984x1024-1.webp 984w, https:\/\/www.infakt.pl\/blog\/wp-content\/uploads\/2026\/04\/image-7-984x1024-1-288x300.webp 288w, https:\/\/www.infakt.pl\/blog\/wp-content\/uploads\/2026\/04\/image-7-984x1024-1-760x791.webp 760w, https:\/\/www.infakt.pl\/blog\/wp-content\/uploads\/2026\/04\/image-7-984x1024-1-610x635.webp 610w, https:\/\/www.infakt.pl\/blog\/wp-content\/uploads\/2026\/04\/image-7-984x1024-1-380x395.webp 380w, https:\/\/www.infakt.pl\/blog\/wp-content\/uploads\/2026\/04\/image-7-984x1024-1-196x204.webp 196w, https:\/\/www.infakt.pl\/blog\/wp-content\/uploads\/2026\/04\/image-7-984x1024-1-980x1020.webp 980w, https:\/\/www.infakt.pl\/blog\/wp-content\/uploads\/2026\/04\/image-7-984x1024-1-500x520.webp 500w, https:\/\/www.infakt.pl\/blog\/wp-content\/uploads\/2026\/04\/image-7-984x1024-1-250x260.webp 250w\" sizes=\"auto, (max-width: 984px) 100vw, 984px\" \/><\/figure>\n\n\n\n<p><em>Chcesz za\u0142o\u017cy\u0107 dzia\u0142alno\u015b\u0107 gospodarcz\u0105? <\/em><strong><em>Skorzystaj z nowej oferty inFaktu: po\u0142\u0105cz \u0142atwe rozliczenia z darmowym <\/em><\/strong><a href=\"https:\/\/www.infakt.pl\/konto-firmowe\/\"><strong><em>kontem firmowym<\/em><\/strong><\/a><strong><em> od UniCredit.<\/em><\/strong><em>Sprawd\u017a bankowo\u015b\u0107, kt\u00f3ra rozumie ksi\u0119gowo\u015b\u0107!<\/em><\/p>\n\n\n\n<h2 class=\"wp-block-heading\">Ponad 2000 z\u0142 za du\u017cy ZUS 2027. Sk\u0105d ta suma?<\/h2>\n\n\n\n<p>Do obliczania podstawy wysoko\u015bci ZUS potrzebne jest prognozowane przeci\u0119tne wynagrodzenie na dany rok. W <strong>2027 roku <\/strong>ma ono wynie\u015b\u0107<strong> 9971 z\u0142<\/strong>, co wynika z przyj\u0119tego<strong>28 kwietnia 2026 roku <\/strong>przez Rad\u0119 Ministr\u00f3w <a href=\"https:\/\/www.gov.pl\/web\/premier\/projekt-wieloletnich-zalozen-makroekonomicznych-na-lata-20262030\"><strong>projektu \u201eWieloletnich za\u0142o\u017ce\u0144 makroekonomicznych na lata 2026-2030&#8243;<\/strong><\/a>.<\/p>\n\n\n\n<p>Nasze obliczenia wygl\u0105daj\u0105 wi\u0119c nast\u0119puj\u0105co:<\/p>\n\n\n\n<ol class=\"wp-block-list\">\n<li><strong>Podstaw\u0119 sk\u0142adek ZUS<\/strong> dla przedsi\u0119biorc\u00f3w na tzw. \u201edu\u017cym ZUS-ie&#8221; stanowi <strong>60% prognozowanego przeci\u0119tnego wynagrodzenia<\/strong><\/li>\n\n\n\n<li>Prognozowane wynagrodzenie ma wynosi\u0107 <strong>9971 z\u0142 <\/strong>w<strong> 2027 roku<\/strong><\/li>\n\n\n\n<li><strong>60% z 9971 z\u0142 to <\/strong><strong>5982,60 z\u0142<\/strong><strong>, czyli podstawa do obliczania du\u017cego ZUS<\/strong><\/li>\n\n\n\n<li>Od podstawy (5982,60 z\u0142) naliczamy: <strong>19,52% sk\u0142adki emerytalnej<\/strong>, <strong>8% rentowej<\/strong>, <strong>2,45% dobrowolnej <\/strong><a href=\"https:\/\/www.infakt.pl\/blog\/ubezpieczenie-chorobowe-jak-przystapic-czy-jest-obowiazkowe\/\"><strong>chorobowej<\/strong><\/a>, <strong>1,67% wypadkowej<\/strong> oraz <strong>2,45% na FP\/FS<\/strong><\/li>\n\n\n\n<li>Sk\u0142adki ZUS (z ubezpieczeniem chorobowym) w 2027 roku to wed\u0142ug naszych szacunk\u00f3w <strong>2039,46 z\u0142 miesi\u0119cznie<\/strong> \u2013 bez <a href=\"https:\/\/www.infakt.pl\/kalkulatory\/kalkulator-skladki-zdrowotnej\/\">sk\u0142adki zdrowotnej<\/a>, doliczanej osobno w zale\u017cno\u015bci od formy opodatkowania.<\/li>\n<\/ol>\n\n\n\n<h2 class=\"wp-block-heading\">Sk\u0142adka zdrowotna \u2013 prognozy na 2027<\/h2>\n\n\n\n<p>Sk\u0142adka zdrowotna dla wi\u0119kszo\u015bci form opodatkowania zale\u017cy od <strong>minimalnego wynagrodzenia<\/strong>. Jego wysoko\u015b\u0107 na 2027 rok zostanie og\u0142oszona w rozporz\u0105dzeniu Rady Ministr\u00f3w (zazwyczaj we wrze\u015bniu bie\u017c\u0105cego roku).&nbsp;<\/p>\n\n\n\n<p>Niestety, <strong>przy zak\u0142adanym wzro\u015bcie wynagrodze\u0144 i inflacji na poziomie 2,5% mo\u017cna spodziewa\u0107 si\u0119 dalszego wzrostu sk\u0142adki zdrowotnej<\/strong>. Podobna sytuacja mia\u0142a miejsce w tym roku, gdzie <a href=\"https:\/\/www.infakt.pl\/blog\/skladka-zdrowotna-2026-skala-podatkowa-podatek-liniowy-ryczalt-i-inne-formy\/\">sk\u0142adka zdrowotna uleg\u0142a podwy\u017cszeniu w ka\u017cdej z dost\u0119pnych form rozlicze\u0144<\/a>.<\/p>\n\n\n\n<p><em>Prowadzisz firm\u0119? Skorzystaj z naszego <\/em><a href=\"https:\/\/www.infakt.pl\/kalkulatory\/kalkulator-skladki-zdrowotnej\/\"><strong><em>kalkulatora sk\u0142adki zdrowotnej w 2026 roku<\/em><\/strong><\/a><\/p>\n\n\n\n<h2 class=\"wp-block-heading\">Ile wynosi du\u017cy ZUS w 2026 roku?<\/h2>\n\n\n\n<p><strong>W 2026 roku du\u017cy ZUS wzr\u00f3s\u0142 do 1926,76 z\u0142. <\/strong>Podstaw\u0105 oblicze\u0144 jest kwota prognozowanego przeci\u0119tnego wynagrodzenia na przysz\u0142y rok, czyli <strong>9420 z\u0142<\/strong>.&nbsp;<\/p>\n\n\n\n<blockquote class=\"wp-block-quote is-layout-flow wp-block-quote-is-layout-flow\">\n<p>Obecnie sk\u0142adki na du\u017cy ZUS wynosz\u0105 1926,76 z\u0142. Prognozy na 2027 rok, kt\u00f3re przedstawiamy w tym artykule, b\u0119d\u0105 oznacza\u0142y wzrost o 112,70 z\u0142 miesi\u0119cznie, a w skali roku o ponad 1352 z\u0142 w stosunku do 2026 roku.<\/p>\n<cite><strong>Piotr Juszczyk<\/strong><br>G\u0142\u00f3wny Doradca Podatkowy inFaktu<\/cite><\/blockquote>\n\n\n\n<h2 class=\"wp-block-heading\">Du\u017cy ZUS \u2013 jak go zmniejszy\u0107?<\/h2>\n\n\n\n<p>Aby nieco z\u0142agodzi\u0107 negatywne efekty corocznych podwy\u017cek, przedsi\u0119biorcy mog\u0105 m.in. skorzysta\u0107 z opcji <a href=\"https:\/\/www.infakt.pl\/blog\/wakacje-skladkowe-jak-zlozyc-wniosek\/\"><strong>wakacji od ZUS<\/strong><\/a>. To dora\u017ane wsparcie, kt\u00f3re pozwala <strong>nie p\u0142aci\u0107 sk\u0142adek spo\u0142ecznych i na Fundusz Pracy za jeden wybrany miesi\u0105c w roku<\/strong>.<\/p>\n\n\n\n<p>Przypominamy, \u017ce z tej ulgi mo\u017cna skorzysta\u0107 r\u00f3wnie\u017c w 2027 roku. Wystarczy spe\u0142ni\u0107 odpowiednie warunki i z\u0142o\u017cy\u0107 wniosek.&nbsp;<\/p>\n\n\n\n<h2 class=\"wp-block-heading\">Podsumowanie<\/h2>\n\n\n\n<p>Sk\u0142adki ZUS dla przedsi\u0119biorc\u00f3w na tzw. \u201edu\u017cym ZUS-ie&#8221; w 2027 roku prawdopodobnie przekrocz\u0105 <strong>2000 z\u0142 miesi\u0119cznie<\/strong> (bez sk\u0142adki zdrowotnej) \u2013 konkretnie wynios\u0105 oko\u0142o <strong>2039,46 z\u0142<\/strong>. To wzrost o <strong>112,70 z\u0142 miesi\u0119cznie<\/strong> i ponad <strong>1352 z\u0142 rocznie<\/strong> w por\u00f3wnaniu do 2026 roku.&nbsp;<\/p>\n\n\n\n<p>Po doliczeniu minimalnej sk\u0142adki zdrowotnej \u0142\u0105czny miesi\u0119czny koszt \u201ebycia przedsi\u0119biorc\u0105&#8221; mo\u017ce przekroczy\u0107 nawet <strong>2500 z\u0142<\/strong>, co rocznie daje ponad <strong>30 000 z\u0142<\/strong> obowi\u0105zkowych danin \u2013 niezale\u017cnie od osi\u0105ganych dochod\u00f3w.&nbsp;<\/p>\n\n\n\n<p>Prognozy opieraj\u0105 si\u0119 na rz\u0105dowym projekcie za\u0142o\u017ce\u0144 makroekonomicznych na lata 2026-2030, wed\u0142ug kt\u00f3rych przeci\u0119tne wynagrodzenie w 2027 r. ma wynie\u015b\u0107 <strong>9971 z\u0142<\/strong>.<\/p>\n\n\n\n<h2 class=\"wp-block-heading\">FAQ \u2013 najcz\u0119\u015bciej zadawane pytania o du\u017cy ZUS w 2027 roku<\/h2>\n\n\n\n<div class=\"schema-faq wp-block-yoast-faq-block\"><div class=\"schema-faq-section\" id=\"faq-question-1777569004657\"><strong class=\"schema-faq-question\">Ile wyniesie du\u017cy ZUS w 2027 roku?\u00a0<\/strong> <p class=\"schema-faq-answer\">Wed\u0142ug szacunk\u00f3w inFaktu <strong>oko\u0142o 2039,46 z\u0142 miesi\u0119cznie<\/strong> \u2013 bez sk\u0142adki zdrowotnej. Po jej doliczeniu \u0142\u0105czny ZUS przekroczy <strong>2500 z\u0142 miesi\u0119cznie<\/strong>.<\/p> <\/div> <div class=\"schema-faq-section\" id=\"faq-question-1777569010734\"><strong class=\"schema-faq-question\">Sk\u0105d pochodzi ta kwota?\u00a0<\/strong> <p class=\"schema-faq-answer\">Podstaw\u0119 sk\u0142adek stanowi <strong>60% prognozowanego przeci\u0119tnego wynagrodzenia (9971 z\u0142), czyli 5982,60 z\u0142<\/strong>. Od tej kwoty naliczane s\u0105 poszczeg\u00f3lne sk\u0142adki: emerytalna (19,52%), rentowa (8%), chorobowa (2,45%), wypadkowa (1,67%) oraz FP\/FS (2,45%).<\/p> <\/div> <div class=\"schema-faq-section\" id=\"faq-question-1777569020785\"><strong class=\"schema-faq-question\">O ile wzro\u015bnie ZUS wzgl\u0119dem 2026 roku?\u00a0<\/strong> <p class=\"schema-faq-answer\"><strong>W 2026 roku du\u017cy ZUS wynosi 1926,76 z\u0142. <\/strong>Wzrost na 2027 rok to 112,70 z\u0142 miesi\u0119cznie, czyli ponad 1352 z\u0142 rocznie.<\/p> <\/div> <div class=\"schema-faq-section\" id=\"faq-question-1777569035733\"><strong class=\"schema-faq-question\">Czy sk\u0142adka zdrowotna jest wliczona w te kwoty?<\/strong> <p class=\"schema-faq-answer\"><strong>Nie. <\/strong>Sk\u0142adka zdrowotna jest doliczana osobno i zale\u017cy od formy opodatkowania oraz wysoko\u015bci minimalnego wynagrodzenia, kt\u00f3re na 2027 rok zostanie og\u0142oszone we wrze\u015bniu 2026 r. Spodziewany jest jej dalszy wzrost.<\/p> <\/div> <div class=\"schema-faq-section\" id=\"faq-question-1777569042366\"><strong class=\"schema-faq-question\">Czy mo\u017cna jako\u015b obni\u017cy\u0107 sk\u0142adki ZUS?\u00a0<\/strong> <p class=\"schema-faq-answer\"><strong>Tak. <\/strong>Jedn\u0105 z opcji s\u0105 <strong>wakacje od ZUS<\/strong> \u2013 ulga pozwalaj\u0105ca nie p\u0142aci\u0107 sk\u0142adek spo\u0142ecznych i na Fundusz Pracy przez jeden wybrany miesi\u0105c w roku. Mo\u017cna z niej skorzysta\u0107 r\u00f3wnie\u017c w 2027 roku po spe\u0142nieniu odpowiednich warunk\u00f3w i z\u0142o\u017ceniu wniosku.<\/p> <\/div> <div class=\"schema-faq-section\" id=\"faq-question-1777569050206\"><strong class=\"schema-faq-question\">Na jakiej podstawie inFakt dokona\u0142 tych oblicze\u0144?\u00a0<\/strong> <p class=\"schema-faq-answer\">Na podstawie projektu <strong>\u201eWieloletnich za\u0142o\u017ce\u0144 makroekonomicznych na lata 2026-2030&#8243;<\/strong>, przyj\u0119tego przez Rad\u0119 Ministr\u00f3w 28 kwietnia 2026 roku.<\/p> <\/div> <\/div>\n","protected":false},"excerpt":{"rendered":"<p>Sk\u0142adki ZUS w 2027 roku przekrocz\u0105 najprawdopodobniej pr\u00f3g 2000 z\u0142 \u2013 i to bez wliczonej sk\u0142adki zdrowotnej. W por\u00f3wnaniu do 2026 roku to wzrost o ponad 112 z\u0142&hellip;<\/p>\n","protected":false},"author":135,"featured_media":80072,"comment_status":"closed","ping_status":"open","sticky":false,"template":"","format":"standard","meta":{"_acf_changed":false,"footnotes":""},"categories":[2052],"tags":[],"class_list":["post-82918","post","type-post","status-publish","format-standard","has-post-thumbnail","hentry","category-aktualnosci"],"acf":[],"yoast_head":"<!-- This site is optimized with the Yoast SEO plugin v27.4 - https:\/\/yoast.com\/product\/yoast-seo-wordpress\/ -->\n<title>Du\u017cy ZUS 2027? To ju\u017c ponad 2000 z\u0142 miesi\u0119cznie<\/title>\n<meta name=\"robots\" content=\"index, follow, max-snippet:-1, max-image-preview:large, max-video-preview:-1\" \/>\n<link rel=\"canonical\" href=\"https:\/\/www.infakt.pl\/blog\/duzy-zus-2027-to-juz-ponad-2000-zl-miesiecznie\/\" \/>\n<meta property=\"og:locale\" content=\"pl_PL\" \/>\n<meta property=\"og:type\" content=\"article\" \/>\n<meta property=\"og:title\" content=\"Du\u017cy ZUS 2027? To ju\u017c ponad 2000 z\u0142 miesi\u0119cznie\" \/>\n<meta property=\"og:description\" content=\"Sk\u0142adki ZUS w 2027 roku przekrocz\u0105 najprawdopodobniej pr\u00f3g 2000 z\u0142 \u2013 i to bez wliczonej sk\u0142adki zdrowotnej. W por\u00f3wnaniu do 2026 roku to wzrost o ponad 112 z\u0142&hellip;\" \/>\n<meta property=\"og:url\" content=\"https:\/\/www.infakt.pl\/blog\/duzy-zus-2027-to-juz-ponad-2000-zl-miesiecznie\/\" \/>\n<meta property=\"og:site_name\" content=\"Infakt Blog\" \/>\n<meta property=\"article:published_time\" content=\"2026-04-30T17:13:46+00:00\" \/>\n<meta property=\"article:modified_time\" content=\"2026-04-30T17:13:52+00:00\" \/>\n<meta property=\"og:image\" content=\"https:\/\/www.infakt.pl\/blog\/wp-content\/uploads\/2025\/09\/zus-dociazony-scaled.webp\" \/>\n\t<meta property=\"og:image:width\" content=\"2560\" \/>\n\t<meta property=\"og:image:height\" content=\"1442\" \/>\n\t<meta property=\"og:image:type\" content=\"image\/webp\" \/>\n<meta name=\"author\" content=\"Maciej Sztykiel\" \/>\n<meta name=\"twitter:card\" content=\"summary_large_image\" \/>\n<meta name=\"twitter:label1\" content=\"Napisane przez\" \/>\n\t<meta name=\"twitter:data1\" content=\"Maciej Sztykiel\" \/>\n\t<meta name=\"twitter:label2\" content=\"Szacowany czas czytania\" \/>\n\t<meta name=\"twitter:data2\" content=\"5 minut\" \/>\n<script type=\"application\/ld+json\" class=\"yoast-schema-graph\">{\"@context\":\"https:\\\/\\\/schema.org\",\"@graph\":[{\"@type\":\"Article\",\"@id\":\"https:\\\/\\\/www.infakt.pl\\\/blog\\\/duzy-zus-2027-to-juz-ponad-2000-zl-miesiecznie\\\/#article\",\"isPartOf\":{\"@id\":\"https:\\\/\\\/www.infakt.pl\\\/blog\\\/duzy-zus-2027-to-juz-ponad-2000-zl-miesiecznie\\\/\"},\"author\":{\"name\":\"Maciej Sztykiel\",\"@id\":\"https:\\\/\\\/www.infakt.pl\\\/blog\\\/#\\\/schema\\\/person\\\/eeec2e485233753671f70f7d3361fc2b\"},\"headline\":\"Du\u017cy ZUS 2027? To ju\u017c ponad 2000 z\u0142 miesi\u0119cznie\",\"datePublished\":\"2026-04-30T17:13:46+00:00\",\"dateModified\":\"2026-04-30T17:13:52+00:00\",\"mainEntityOfPage\":{\"@id\":\"https:\\\/\\\/www.infakt.pl\\\/blog\\\/duzy-zus-2027-to-juz-ponad-2000-zl-miesiecznie\\\/\"},\"wordCount\":936,\"image\":{\"@id\":\"https:\\\/\\\/www.infakt.pl\\\/blog\\\/duzy-zus-2027-to-juz-ponad-2000-zl-miesiecznie\\\/#primaryimage\"},\"thumbnailUrl\":\"https:\\\/\\\/www.infakt.pl\\\/blog\\\/wp-content\\\/uploads\\\/2025\\\/09\\\/zus-dociazony-scaled.webp\",\"articleSection\":[\"Aktualno\u015bci\"],\"inLanguage\":\"pl-PL\"},{\"@type\":[\"WebPage\",\"FAQPage\"],\"@id\":\"https:\\\/\\\/www.infakt.pl\\\/blog\\\/duzy-zus-2027-to-juz-ponad-2000-zl-miesiecznie\\\/\",\"url\":\"https:\\\/\\\/www.infakt.pl\\\/blog\\\/duzy-zus-2027-to-juz-ponad-2000-zl-miesiecznie\\\/\",\"name\":\"Du\u017cy ZUS 2027? To ju\u017c ponad 2000 z\u0142 miesi\u0119cznie\",\"isPartOf\":{\"@id\":\"https:\\\/\\\/www.infakt.pl\\\/blog\\\/#website\"},\"primaryImageOfPage\":{\"@id\":\"https:\\\/\\\/www.infakt.pl\\\/blog\\\/duzy-zus-2027-to-juz-ponad-2000-zl-miesiecznie\\\/#primaryimage\"},\"image\":{\"@id\":\"https:\\\/\\\/www.infakt.pl\\\/blog\\\/duzy-zus-2027-to-juz-ponad-2000-zl-miesiecznie\\\/#primaryimage\"},\"thumbnailUrl\":\"https:\\\/\\\/www.infakt.pl\\\/blog\\\/wp-content\\\/uploads\\\/2025\\\/09\\\/zus-dociazony-scaled.webp\",\"datePublished\":\"2026-04-30T17:13:46+00:00\",\"dateModified\":\"2026-04-30T17:13:52+00:00\",\"author\":{\"@id\":\"https:\\\/\\\/www.infakt.pl\\\/blog\\\/#\\\/schema\\\/person\\\/eeec2e485233753671f70f7d3361fc2b\"},\"breadcrumb\":{\"@id\":\"https:\\\/\\\/www.infakt.pl\\\/blog\\\/duzy-zus-2027-to-juz-ponad-2000-zl-miesiecznie\\\/#breadcrumb\"},\"mainEntity\":[{\"@id\":\"https:\\\/\\\/www.infakt.pl\\\/blog\\\/duzy-zus-2027-to-juz-ponad-2000-zl-miesiecznie\\\/#faq-question-1777569004657\"},{\"@id\":\"https:\\\/\\\/www.infakt.pl\\\/blog\\\/duzy-zus-2027-to-juz-ponad-2000-zl-miesiecznie\\\/#faq-question-1777569010734\"},{\"@id\":\"https:\\\/\\\/www.infakt.pl\\\/blog\\\/duzy-zus-2027-to-juz-ponad-2000-zl-miesiecznie\\\/#faq-question-1777569020785\"},{\"@id\":\"https:\\\/\\\/www.infakt.pl\\\/blog\\\/duzy-zus-2027-to-juz-ponad-2000-zl-miesiecznie\\\/#faq-question-1777569035733\"},{\"@id\":\"https:\\\/\\\/www.infakt.pl\\\/blog\\\/duzy-zus-2027-to-juz-ponad-2000-zl-miesiecznie\\\/#faq-question-1777569042366\"},{\"@id\":\"https:\\\/\\\/www.infakt.pl\\\/blog\\\/duzy-zus-2027-to-juz-ponad-2000-zl-miesiecznie\\\/#faq-question-1777569050206\"}],\"inLanguage\":\"pl-PL\",\"potentialAction\":[{\"@type\":\"ReadAction\",\"target\":[\"https:\\\/\\\/www.infakt.pl\\\/blog\\\/duzy-zus-2027-to-juz-ponad-2000-zl-miesiecznie\\\/\"]}]},{\"@type\":\"ImageObject\",\"inLanguage\":\"pl-PL\",\"@id\":\"https:\\\/\\\/www.infakt.pl\\\/blog\\\/duzy-zus-2027-to-juz-ponad-2000-zl-miesiecznie\\\/#primaryimage\",\"url\":\"https:\\\/\\\/www.infakt.pl\\\/blog\\\/wp-content\\\/uploads\\\/2025\\\/09\\\/zus-dociazony-scaled.webp\",\"contentUrl\":\"https:\\\/\\\/www.infakt.pl\\\/blog\\\/wp-content\\\/uploads\\\/2025\\\/09\\\/zus-dociazony-scaled.webp\",\"width\":2560,\"height\":1442},{\"@type\":\"BreadcrumbList\",\"@id\":\"https:\\\/\\\/www.infakt.pl\\\/blog\\\/duzy-zus-2027-to-juz-ponad-2000-zl-miesiecznie\\\/#breadcrumb\",\"itemListElement\":[{\"@type\":\"ListItem\",\"position\":1,\"name\":\"Blog\",\"item\":\"https:\\\/\\\/www.infakt.pl\\\/blog\\\/\"},{\"@type\":\"ListItem\",\"position\":2,\"name\":\"Aktualno\u015bci\",\"item\":\"https:\\\/\\\/www.infakt.pl\\\/blog\\\/kategoria\\\/aktualnosci\\\/\"},{\"@type\":\"ListItem\",\"position\":3,\"name\":\"Du\u017cy ZUS 2027? To ju\u017c ponad 2000 z\u0142 miesi\u0119cznie\"}]},{\"@type\":\"WebSite\",\"@id\":\"https:\\\/\\\/www.infakt.pl\\\/blog\\\/#website\",\"url\":\"https:\\\/\\\/www.infakt.pl\\\/blog\\\/\",\"name\":\"Infakt Blog\",\"description\":\"\",\"potentialAction\":[{\"@type\":\"SearchAction\",\"target\":{\"@type\":\"EntryPoint\",\"urlTemplate\":\"https:\\\/\\\/www.infakt.pl\\\/blog\\\/?s={search_term_string}\"},\"query-input\":{\"@type\":\"PropertyValueSpecification\",\"valueRequired\":true,\"valueName\":\"search_term_string\"}}],\"inLanguage\":\"pl-PL\"},{\"@type\":\"Person\",\"@id\":\"https:\\\/\\\/www.infakt.pl\\\/blog\\\/#\\\/schema\\\/person\\\/eeec2e485233753671f70f7d3361fc2b\",\"name\":\"Maciej Sztykiel\",\"image\":{\"@type\":\"ImageObject\",\"inLanguage\":\"pl-PL\",\"@id\":\"https:\\\/\\\/secure.gravatar.com\\\/avatar\\\/b50310f71571109ebde54da646d5331145a8c761908e1cf64e3695114bf3f38d?s=96&d=mm&r=g\",\"url\":\"https:\\\/\\\/secure.gravatar.com\\\/avatar\\\/b50310f71571109ebde54da646d5331145a8c761908e1cf64e3695114bf3f38d?s=96&d=mm&r=g\",\"contentUrl\":\"https:\\\/\\\/secure.gravatar.com\\\/avatar\\\/b50310f71571109ebde54da646d5331145a8c761908e1cf64e3695114bf3f38d?s=96&d=mm&r=g\",\"caption\":\"Maciej Sztykiel\"},\"description\":\"Redaktor naczelny inFakt Blog. By\u0142y dziennikarz ekonomiczny RMF FM oraz Radia ZET. W inFakcie odpowiadam za t\u0142umaczenie j\u0119zyka podatkowego na ludzki, kr\u00f3tkodystansow\u0105 komunikacj\u0119 i d\u0142ugofalowy PR oraz kreatywny marketing. Po pracy jestem \u017ceglarzem, marzycielem i psiarzem.\",\"url\":\"https:\\\/\\\/www.infakt.pl\\\/blog\\\/author\\\/maciej-sztykiel\\\/\"},{\"@type\":\"Question\",\"@id\":\"https:\\\/\\\/www.infakt.pl\\\/blog\\\/duzy-zus-2027-to-juz-ponad-2000-zl-miesiecznie\\\/#faq-question-1777569004657\",\"position\":1,\"url\":\"https:\\\/\\\/www.infakt.pl\\\/blog\\\/duzy-zus-2027-to-juz-ponad-2000-zl-miesiecznie\\\/#faq-question-1777569004657\",\"name\":\"Ile wyniesie du\u017cy ZUS w 2027 roku?\u00a0\",\"answerCount\":1,\"acceptedAnswer\":{\"@type\":\"Answer\",\"text\":\"Wed\u0142ug szacunk\u00f3w inFaktu <strong>oko\u0142o 2039,46 z\u0142 miesi\u0119cznie<\\\/strong> \u2013 bez sk\u0142adki zdrowotnej. Po jej doliczeniu \u0142\u0105czny ZUS przekroczy <strong>2500 z\u0142 miesi\u0119cznie<\\\/strong>.\",\"inLanguage\":\"pl-PL\"},\"inLanguage\":\"pl-PL\"},{\"@type\":\"Question\",\"@id\":\"https:\\\/\\\/www.infakt.pl\\\/blog\\\/duzy-zus-2027-to-juz-ponad-2000-zl-miesiecznie\\\/#faq-question-1777569010734\",\"position\":2,\"url\":\"https:\\\/\\\/www.infakt.pl\\\/blog\\\/duzy-zus-2027-to-juz-ponad-2000-zl-miesiecznie\\\/#faq-question-1777569010734\",\"name\":\"Sk\u0105d pochodzi ta kwota?\u00a0\",\"answerCount\":1,\"acceptedAnswer\":{\"@type\":\"Answer\",\"text\":\"Podstaw\u0119 sk\u0142adek stanowi <strong>60% prognozowanego przeci\u0119tnego wynagrodzenia (9971 z\u0142), czyli 5982,60 z\u0142<\\\/strong>. Od tej kwoty naliczane s\u0105 poszczeg\u00f3lne sk\u0142adki: emerytalna (19,52%), rentowa (8%), chorobowa (2,45%), wypadkowa (1,67%) oraz FP\\\/FS (2,45%).\",\"inLanguage\":\"pl-PL\"},\"inLanguage\":\"pl-PL\"},{\"@type\":\"Question\",\"@id\":\"https:\\\/\\\/www.infakt.pl\\\/blog\\\/duzy-zus-2027-to-juz-ponad-2000-zl-miesiecznie\\\/#faq-question-1777569020785\",\"position\":3,\"url\":\"https:\\\/\\\/www.infakt.pl\\\/blog\\\/duzy-zus-2027-to-juz-ponad-2000-zl-miesiecznie\\\/#faq-question-1777569020785\",\"name\":\"O ile wzro\u015bnie ZUS wzgl\u0119dem 2026 roku?\u00a0\",\"answerCount\":1,\"acceptedAnswer\":{\"@type\":\"Answer\",\"text\":\"<strong>W 2026 roku du\u017cy ZUS wynosi 1926,76 z\u0142. <\\\/strong>Wzrost na 2027 rok to 112,70 z\u0142 miesi\u0119cznie, czyli ponad 1352 z\u0142 rocznie.\",\"inLanguage\":\"pl-PL\"},\"inLanguage\":\"pl-PL\"},{\"@type\":\"Question\",\"@id\":\"https:\\\/\\\/www.infakt.pl\\\/blog\\\/duzy-zus-2027-to-juz-ponad-2000-zl-miesiecznie\\\/#faq-question-1777569035733\",\"position\":4,\"url\":\"https:\\\/\\\/www.infakt.pl\\\/blog\\\/duzy-zus-2027-to-juz-ponad-2000-zl-miesiecznie\\\/#faq-question-1777569035733\",\"name\":\"Czy sk\u0142adka zdrowotna jest wliczona w te kwoty?\",\"answerCount\":1,\"acceptedAnswer\":{\"@type\":\"Answer\",\"text\":\"<strong>Nie. <\\\/strong>Sk\u0142adka zdrowotna jest doliczana osobno i zale\u017cy od formy opodatkowania oraz wysoko\u015bci minimalnego wynagrodzenia, kt\u00f3re na 2027 rok zostanie og\u0142oszone we wrze\u015bniu 2026 r. Spodziewany jest jej dalszy wzrost.\",\"inLanguage\":\"pl-PL\"},\"inLanguage\":\"pl-PL\"},{\"@type\":\"Question\",\"@id\":\"https:\\\/\\\/www.infakt.pl\\\/blog\\\/duzy-zus-2027-to-juz-ponad-2000-zl-miesiecznie\\\/#faq-question-1777569042366\",\"position\":5,\"url\":\"https:\\\/\\\/www.infakt.pl\\\/blog\\\/duzy-zus-2027-to-juz-ponad-2000-zl-miesiecznie\\\/#faq-question-1777569042366\",\"name\":\"Czy mo\u017cna jako\u015b obni\u017cy\u0107 sk\u0142adki ZUS?\u00a0\",\"answerCount\":1,\"acceptedAnswer\":{\"@type\":\"Answer\",\"text\":\"<strong>Tak. <\\\/strong>Jedn\u0105 z opcji s\u0105 <strong>wakacje od ZUS<\\\/strong> \u2013 ulga pozwalaj\u0105ca nie p\u0142aci\u0107 sk\u0142adek spo\u0142ecznych i na Fundusz Pracy przez jeden wybrany miesi\u0105c w roku. Mo\u017cna z niej skorzysta\u0107 r\u00f3wnie\u017c w 2027 roku po spe\u0142nieniu odpowiednich warunk\u00f3w i z\u0142o\u017ceniu wniosku.\",\"inLanguage\":\"pl-PL\"},\"inLanguage\":\"pl-PL\"},{\"@type\":\"Question\",\"@id\":\"https:\\\/\\\/www.infakt.pl\\\/blog\\\/duzy-zus-2027-to-juz-ponad-2000-zl-miesiecznie\\\/#faq-question-1777569050206\",\"position\":6,\"url\":\"https:\\\/\\\/www.infakt.pl\\\/blog\\\/duzy-zus-2027-to-juz-ponad-2000-zl-miesiecznie\\\/#faq-question-1777569050206\",\"name\":\"Na jakiej podstawie inFakt dokona\u0142 tych oblicze\u0144?\u00a0\",\"answerCount\":1,\"acceptedAnswer\":{\"@type\":\"Answer\",\"text\":\"Na podstawie projektu <strong>\u201eWieloletnich za\u0142o\u017ce\u0144 makroekonomicznych na lata 2026-2030\\\"<\\\/strong>, przyj\u0119tego przez Rad\u0119 Ministr\u00f3w 28 kwietnia 2026 roku.\",\"inLanguage\":\"pl-PL\"},\"inLanguage\":\"pl-PL\"}]}<\/script>\n<!-- \/ Yoast SEO plugin. -->","yoast_head_json":{"title":"Du\u017cy ZUS 2027? To ju\u017c ponad 2000 z\u0142 miesi\u0119cznie","robots":{"index":"index","follow":"follow","max-snippet":"max-snippet:-1","max-image-preview":"max-image-preview:large","max-video-preview":"max-video-preview:-1"},"canonical":"https:\/\/www.infakt.pl\/blog\/duzy-zus-2027-to-juz-ponad-2000-zl-miesiecznie\/","og_locale":"pl_PL","og_type":"article","og_title":"Du\u017cy ZUS 2027? To ju\u017c ponad 2000 z\u0142 miesi\u0119cznie","og_description":"Sk\u0142adki ZUS w 2027 roku przekrocz\u0105 najprawdopodobniej pr\u00f3g 2000 z\u0142 \u2013 i to bez wliczonej sk\u0142adki zdrowotnej. W por\u00f3wnaniu do 2026 roku to wzrost o ponad 112 z\u0142&hellip;","og_url":"https:\/\/www.infakt.pl\/blog\/duzy-zus-2027-to-juz-ponad-2000-zl-miesiecznie\/","og_site_name":"Infakt Blog","article_published_time":"2026-04-30T17:13:46+00:00","article_modified_time":"2026-04-30T17:13:52+00:00","og_image":[{"width":2560,"height":1442,"url":"https:\/\/www.infakt.pl\/blog\/wp-content\/uploads\/2025\/09\/zus-dociazony-scaled.webp","type":"image\/webp"}],"author":"Maciej Sztykiel","twitter_card":"summary_large_image","twitter_misc":{"Napisane przez":"Maciej Sztykiel","Szacowany czas czytania":"5 minut"},"schema":{"@context":"https:\/\/schema.org","@graph":[{"@type":"Article","@id":"https:\/\/www.infakt.pl\/blog\/duzy-zus-2027-to-juz-ponad-2000-zl-miesiecznie\/#article","isPartOf":{"@id":"https:\/\/www.infakt.pl\/blog\/duzy-zus-2027-to-juz-ponad-2000-zl-miesiecznie\/"},"author":{"name":"Maciej Sztykiel","@id":"https:\/\/www.infakt.pl\/blog\/#\/schema\/person\/eeec2e485233753671f70f7d3361fc2b"},"headline":"Du\u017cy ZUS 2027? To ju\u017c ponad 2000 z\u0142 miesi\u0119cznie","datePublished":"2026-04-30T17:13:46+00:00","dateModified":"2026-04-30T17:13:52+00:00","mainEntityOfPage":{"@id":"https:\/\/www.infakt.pl\/blog\/duzy-zus-2027-to-juz-ponad-2000-zl-miesiecznie\/"},"wordCount":936,"image":{"@id":"https:\/\/www.infakt.pl\/blog\/duzy-zus-2027-to-juz-ponad-2000-zl-miesiecznie\/#primaryimage"},"thumbnailUrl":"https:\/\/www.infakt.pl\/blog\/wp-content\/uploads\/2025\/09\/zus-dociazony-scaled.webp","articleSection":["Aktualno\u015bci"],"inLanguage":"pl-PL"},{"@type":["WebPage","FAQPage"],"@id":"https:\/\/www.infakt.pl\/blog\/duzy-zus-2027-to-juz-ponad-2000-zl-miesiecznie\/","url":"https:\/\/www.infakt.pl\/blog\/duzy-zus-2027-to-juz-ponad-2000-zl-miesiecznie\/","name":"Du\u017cy ZUS 2027? To ju\u017c ponad 2000 z\u0142 miesi\u0119cznie","isPartOf":{"@id":"https:\/\/www.infakt.pl\/blog\/#website"},"primaryImageOfPage":{"@id":"https:\/\/www.infakt.pl\/blog\/duzy-zus-2027-to-juz-ponad-2000-zl-miesiecznie\/#primaryimage"},"image":{"@id":"https:\/\/www.infakt.pl\/blog\/duzy-zus-2027-to-juz-ponad-2000-zl-miesiecznie\/#primaryimage"},"thumbnailUrl":"https:\/\/www.infakt.pl\/blog\/wp-content\/uploads\/2025\/09\/zus-dociazony-scaled.webp","datePublished":"2026-04-30T17:13:46+00:00","dateModified":"2026-04-30T17:13:52+00:00","author":{"@id":"https:\/\/www.infakt.pl\/blog\/#\/schema\/person\/eeec2e485233753671f70f7d3361fc2b"},"breadcrumb":{"@id":"https:\/\/www.infakt.pl\/blog\/duzy-zus-2027-to-juz-ponad-2000-zl-miesiecznie\/#breadcrumb"},"mainEntity":[{"@id":"https:\/\/www.infakt.pl\/blog\/duzy-zus-2027-to-juz-ponad-2000-zl-miesiecznie\/#faq-question-1777569004657"},{"@id":"https:\/\/www.infakt.pl\/blog\/duzy-zus-2027-to-juz-ponad-2000-zl-miesiecznie\/#faq-question-1777569010734"},{"@id":"https:\/\/www.infakt.pl\/blog\/duzy-zus-2027-to-juz-ponad-2000-zl-miesiecznie\/#faq-question-1777569020785"},{"@id":"https:\/\/www.infakt.pl\/blog\/duzy-zus-2027-to-juz-ponad-2000-zl-miesiecznie\/#faq-question-1777569035733"},{"@id":"https:\/\/www.infakt.pl\/blog\/duzy-zus-2027-to-juz-ponad-2000-zl-miesiecznie\/#faq-question-1777569042366"},{"@id":"https:\/\/www.infakt.pl\/blog\/duzy-zus-2027-to-juz-ponad-2000-zl-miesiecznie\/#faq-question-1777569050206"}],"inLanguage":"pl-PL","potentialAction":[{"@type":"ReadAction","target":["https:\/\/www.infakt.pl\/blog\/duzy-zus-2027-to-juz-ponad-2000-zl-miesiecznie\/"]}]},{"@type":"ImageObject","inLanguage":"pl-PL","@id":"https:\/\/www.infakt.pl\/blog\/duzy-zus-2027-to-juz-ponad-2000-zl-miesiecznie\/#primaryimage","url":"https:\/\/www.infakt.pl\/blog\/wp-content\/uploads\/2025\/09\/zus-dociazony-scaled.webp","contentUrl":"https:\/\/www.infakt.pl\/blog\/wp-content\/uploads\/2025\/09\/zus-dociazony-scaled.webp","width":2560,"height":1442},{"@type":"BreadcrumbList","@id":"https:\/\/www.infakt.pl\/blog\/duzy-zus-2027-to-juz-ponad-2000-zl-miesiecznie\/#breadcrumb","itemListElement":[{"@type":"ListItem","position":1,"name":"Blog","item":"https:\/\/www.infakt.pl\/blog\/"},{"@type":"ListItem","position":2,"name":"Aktualno\u015bci","item":"https:\/\/www.infakt.pl\/blog\/kategoria\/aktualnosci\/"},{"@type":"ListItem","position":3,"name":"Du\u017cy ZUS 2027? To ju\u017c ponad 2000 z\u0142 miesi\u0119cznie"}]},{"@type":"WebSite","@id":"https:\/\/www.infakt.pl\/blog\/#website","url":"https:\/\/www.infakt.pl\/blog\/","name":"Infakt Blog","description":"","potentialAction":[{"@type":"SearchAction","target":{"@type":"EntryPoint","urlTemplate":"https:\/\/www.infakt.pl\/blog\/?s={search_term_string}"},"query-input":{"@type":"PropertyValueSpecification","valueRequired":true,"valueName":"search_term_string"}}],"inLanguage":"pl-PL"},{"@type":"Person","@id":"https:\/\/www.infakt.pl\/blog\/#\/schema\/person\/eeec2e485233753671f70f7d3361fc2b","name":"Maciej Sztykiel","image":{"@type":"ImageObject","inLanguage":"pl-PL","@id":"https:\/\/secure.gravatar.com\/avatar\/b50310f71571109ebde54da646d5331145a8c761908e1cf64e3695114bf3f38d?s=96&d=mm&r=g","url":"https:\/\/secure.gravatar.com\/avatar\/b50310f71571109ebde54da646d5331145a8c761908e1cf64e3695114bf3f38d?s=96&d=mm&r=g","contentUrl":"https:\/\/secure.gravatar.com\/avatar\/b50310f71571109ebde54da646d5331145a8c761908e1cf64e3695114bf3f38d?s=96&d=mm&r=g","caption":"Maciej Sztykiel"},"description":"Redaktor naczelny inFakt Blog. By\u0142y dziennikarz ekonomiczny RMF FM oraz Radia ZET. W inFakcie odpowiadam za t\u0142umaczenie j\u0119zyka podatkowego na ludzki, kr\u00f3tkodystansow\u0105 komunikacj\u0119 i d\u0142ugofalowy PR oraz kreatywny marketing. Po pracy jestem \u017ceglarzem, marzycielem i psiarzem.","url":"https:\/\/www.infakt.pl\/blog\/author\/maciej-sztykiel\/"},{"@type":"Question","@id":"https:\/\/www.infakt.pl\/blog\/duzy-zus-2027-to-juz-ponad-2000-zl-miesiecznie\/#faq-question-1777569004657","position":1,"url":"https:\/\/www.infakt.pl\/blog\/duzy-zus-2027-to-juz-ponad-2000-zl-miesiecznie\/#faq-question-1777569004657","name":"Ile wyniesie du\u017cy ZUS w 2027 roku?\u00a0","answerCount":1,"acceptedAnswer":{"@type":"Answer","text":"Wed\u0142ug szacunk\u00f3w inFaktu <strong>oko\u0142o 2039,46 z\u0142 miesi\u0119cznie<\/strong> \u2013 bez sk\u0142adki zdrowotnej. Po jej doliczeniu \u0142\u0105czny ZUS przekroczy <strong>2500 z\u0142 miesi\u0119cznie<\/strong>.","inLanguage":"pl-PL"},"inLanguage":"pl-PL"},{"@type":"Question","@id":"https:\/\/www.infakt.pl\/blog\/duzy-zus-2027-to-juz-ponad-2000-zl-miesiecznie\/#faq-question-1777569010734","position":2,"url":"https:\/\/www.infakt.pl\/blog\/duzy-zus-2027-to-juz-ponad-2000-zl-miesiecznie\/#faq-question-1777569010734","name":"Sk\u0105d pochodzi ta kwota?\u00a0","answerCount":1,"acceptedAnswer":{"@type":"Answer","text":"Podstaw\u0119 sk\u0142adek stanowi <strong>60% prognozowanego przeci\u0119tnego wynagrodzenia (9971 z\u0142), czyli 5982,60 z\u0142<\/strong>. Od tej kwoty naliczane s\u0105 poszczeg\u00f3lne sk\u0142adki: emerytalna (19,52%), rentowa (8%), chorobowa (2,45%), wypadkowa (1,67%) oraz FP\/FS (2,45%).","inLanguage":"pl-PL"},"inLanguage":"pl-PL"},{"@type":"Question","@id":"https:\/\/www.infakt.pl\/blog\/duzy-zus-2027-to-juz-ponad-2000-zl-miesiecznie\/#faq-question-1777569020785","position":3,"url":"https:\/\/www.infakt.pl\/blog\/duzy-zus-2027-to-juz-ponad-2000-zl-miesiecznie\/#faq-question-1777569020785","name":"O ile wzro\u015bnie ZUS wzgl\u0119dem 2026 roku?\u00a0","answerCount":1,"acceptedAnswer":{"@type":"Answer","text":"<strong>W 2026 roku du\u017cy ZUS wynosi 1926,76 z\u0142. <\/strong>Wzrost na 2027 rok to 112,70 z\u0142 miesi\u0119cznie, czyli ponad 1352 z\u0142 rocznie.","inLanguage":"pl-PL"},"inLanguage":"pl-PL"},{"@type":"Question","@id":"https:\/\/www.infakt.pl\/blog\/duzy-zus-2027-to-juz-ponad-2000-zl-miesiecznie\/#faq-question-1777569035733","position":4,"url":"https:\/\/www.infakt.pl\/blog\/duzy-zus-2027-to-juz-ponad-2000-zl-miesiecznie\/#faq-question-1777569035733","name":"Czy sk\u0142adka zdrowotna jest wliczona w te kwoty?","answerCount":1,"acceptedAnswer":{"@type":"Answer","text":"<strong>Nie. <\/strong>Sk\u0142adka zdrowotna jest doliczana osobno i zale\u017cy od formy opodatkowania oraz wysoko\u015bci minimalnego wynagrodzenia, kt\u00f3re na 2027 rok zostanie og\u0142oszone we wrze\u015bniu 2026 r. Spodziewany jest jej dalszy wzrost.","inLanguage":"pl-PL"},"inLanguage":"pl-PL"},{"@type":"Question","@id":"https:\/\/www.infakt.pl\/blog\/duzy-zus-2027-to-juz-ponad-2000-zl-miesiecznie\/#faq-question-1777569042366","position":5,"url":"https:\/\/www.infakt.pl\/blog\/duzy-zus-2027-to-juz-ponad-2000-zl-miesiecznie\/#faq-question-1777569042366","name":"Czy mo\u017cna jako\u015b obni\u017cy\u0107 sk\u0142adki ZUS?\u00a0","answerCount":1,"acceptedAnswer":{"@type":"Answer","text":"<strong>Tak. <\/strong>Jedn\u0105 z opcji s\u0105 <strong>wakacje od ZUS<\/strong> \u2013 ulga pozwalaj\u0105ca nie p\u0142aci\u0107 sk\u0142adek spo\u0142ecznych i na Fundusz Pracy przez jeden wybrany miesi\u0105c w roku. Mo\u017cna z niej skorzysta\u0107 r\u00f3wnie\u017c w 2027 roku po spe\u0142nieniu odpowiednich warunk\u00f3w i z\u0142o\u017ceniu wniosku.","inLanguage":"pl-PL"},"inLanguage":"pl-PL"},{"@type":"Question","@id":"https:\/\/www.infakt.pl\/blog\/duzy-zus-2027-to-juz-ponad-2000-zl-miesiecznie\/#faq-question-1777569050206","position":6,"url":"https:\/\/www.infakt.pl\/blog\/duzy-zus-2027-to-juz-ponad-2000-zl-miesiecznie\/#faq-question-1777569050206","name":"Na jakiej podstawie inFakt dokona\u0142 tych oblicze\u0144?\u00a0","answerCount":1,"acceptedAnswer":{"@type":"Answer","text":"Na podstawie projektu <strong>\u201eWieloletnich za\u0142o\u017ce\u0144 makroekonomicznych na lata 2026-2030\"<\/strong>, przyj\u0119tego przez Rad\u0119 Ministr\u00f3w 28 kwietnia 2026 roku.","inLanguage":"pl-PL"},"inLanguage":"pl-PL"}]}},"_links":{"self":[{"href":"https:\/\/www.infakt.pl\/blog\/wp-json\/wp\/v2\/posts\/82918","targetHints":{"allow":["GET"]}}],"collection":[{"href":"https:\/\/www.infakt.pl\/blog\/wp-json\/wp\/v2\/posts"}],"about":[{"href":"https:\/\/www.infakt.pl\/blog\/wp-json\/wp\/v2\/types\/post"}],"author":[{"embeddable":true,"href":"https:\/\/www.infakt.pl\/blog\/wp-json\/wp\/v2\/users\/135"}],"replies":[{"embeddable":true,"href":"https:\/\/www.infakt.pl\/blog\/wp-json\/wp\/v2\/comments?post=82918"}],"version-history":[{"count":5,"href":"https:\/\/www.infakt.pl\/blog\/wp-json\/wp\/v2\/posts\/82918\/revisions"}],"predecessor-version":[{"id":82925,"href":"https:\/\/www.infakt.pl\/blog\/wp-json\/wp\/v2\/posts\/82918\/revisions\/82925"}],"wp:featuredmedia":[{"embeddable":true,"href":"https:\/\/www.infakt.pl\/blog\/wp-json\/wp\/v2\/media\/80072"}],"wp:attachment":[{"href":"https:\/\/www.infakt.pl\/blog\/wp-json\/wp\/v2\/media?parent=82918"}],"wp:term":[{"taxonomy":"category","embeddable":true,"href":"https:\/\/www.infakt.pl\/blog\/wp-json\/wp\/v2\/categories?post=82918"},{"taxonomy":"post_tag","embeddable":true,"href":"https:\/\/www.infakt.pl\/blog\/wp-json\/wp\/v2\/tags?post=82918"}],"curies":[{"name":"wp","href":"https:\/\/api.w.org\/{rel}","templated":true}]}}