{"id":82872,"date":"2026-04-28T11:58:12","date_gmt":"2026-04-28T09:58:12","guid":{"rendered":"https:\/\/www.infakt.pl\/blog\/?p=82872"},"modified":"2026-04-28T11:58:15","modified_gmt":"2026-04-28T09:58:15","slug":"ostatnie-dni-na-rozliczenie-pit-za-2025-rok","status":"publish","type":"post","link":"https:\/\/www.infakt.pl\/blog\/ostatnie-dni-na-rozliczenie-pit-za-2025-rok\/","title":{"rendered":"Ostatnie dni na rozliczenie PIT za 2025 rok. Nie czekaj do ko\u0144ca kwietnia"},"content":{"rendered":"\n<p>Zosta\u0142y ostatnie dni. <strong>30 kwietnia 2026 roku o godzinie 23:59<\/strong> up\u0142ywa termin z\u0142o\u017cenia zeznania podatkowego za 2025 rok. Miliony Polak\u00f3w wci\u0105\u017c nie z\u0142o\u017cy\u0142y deklaracji PIT \u2014 a eksperci bij\u0105 na alarm: automatyczne rozliczenie podatku dochodowego to wygoda, ale nie zawsze najlepsza finansowo decyzja. Sprawd\u017a, co musisz wiedzie\u0107! <\/p>\n\n\n\n<p>Deklaracj\u0119 naj\u0142atwiej z\u0142o\u017cy\u0107 online, za pomoc\u0105 portalu e-Urz\u0105d Skarbowy lub przez\u00a0<a href=\"https:\/\/www.infakt.pl\/aplikacja-infakt\/\">Aplikacj\u0119 inFaktu<\/a>.<strong>\u00a0Rozliczenie PIT mo\u017cesz te\u017c zleci\u0107 Ksi\u0119gowym inFaktu!\u00a0<\/strong><a href=\"https:\/\/www.infakt.pl\/rozliczenie-pit\/\">Sprawd\u017a jakie to proste<\/a>!<\/p>\n\n\n\n<h2 class=\"wp-block-heading\"><strong>Sezon rozliczeniowy trwa od 15 lutego \u2014 ale wi\u0119kszo\u015b\u0107 Polak\u00f3w zwleka<\/strong><\/h2>\n\n\n\n<p><a href=\"https:\/\/www.infakt.pl\/rozliczenie-pit\/\">Rozliczenie PIT za 2025 rok<\/a> ruszy\u0142o 15 lutego 2026 r. i potrwa do 30 kwietnia 2026 r. do ko\u0144ca dnia. W us\u0142udze<strong> <a href=\"https:\/\/www.podatki.gov.pl\/twoj-e-pit\/\">Tw\u00f3j e-PIT<\/a> <\/strong>dost\u0119pne s\u0105 wst\u0119pnie przygotowane przez Krajow\u0105 Administracj\u0119\u00a0Skarbow\u0105 zeznania podatkowe dla milion\u00f3w podatnik\u00f3w. System dzia\u0142a ju\u017c po raz \u00f3smy \u2014 i jest z roku na rok wygodniejszy. Problem jednak polega na tym, \u017ce wygoda bywa myl\u0105ca.<\/p>\n\n\n\n<p>Z danych Ministerstwa Finans\u00f3w wynika, \u017ce do tej pory <strong>niespe\u0142na po\u0142owa podatnik\u00f3w z\u0142o\u017cy\u0142a deklaracj\u0119\u00a0podatkow\u0105 <\/strong>\u2014 wskazuje Piotr Juszczyk, G\u0142\u00f3wny Doradca Podatkowy inFakt.<\/p>\n\n\n\n<p>To oznacza, \u017ce<strong> miliony zezna\u0144 <\/strong>czeka jeszcze na zatwierdzenie. I cho\u0107 cz\u0119\u015b\u0107 z tych rozlicze\u0144 zostanie wkr\u00f3tce zaakceptowana automatycznie, eksperci przestrzegaj\u0105, \u017ce automatyzacja nie jest r\u00f3wnoznaczna z optymalizacj\u0105.<\/p>\n\n\n\n<p><a href=\"https:\/\/www.infakt.pl\/blog\/rozliczenie-pit-za-2024-r-do-kiedy-terminy-i-zasady\/\">W ubieg\u0142ym roku<\/a> ponad <strong>6 mln<\/strong> deklaracji PIT zosta\u0142o zatwierdzonych automatycznie przez system.\u00a0<\/p>\n\n\n\n<figure class=\"wp-block-image size-large\"><a href=\"https:\/\/www.youtube.com\/watch?v=xDJG5fdaWIA\"><img decoding=\"async\" loading=\"lazy\" width=\"1024\" height=\"293\"  src=\"https:\/\/www.infakt.pl\/blog\/wp-content\/uploads\/2026\/04\/baner_rozlicz_pit_2025-1024x293.webp\" alt=\"\" class=\"wp-image-82874\" srcset=\"https:\/\/www.infakt.pl\/blog\/wp-content\/uploads\/2026\/04\/baner_rozlicz_pit_2025-1024x293.webp 1024w, https:\/\/www.infakt.pl\/blog\/wp-content\/uploads\/2026\/04\/baner_rozlicz_pit_2025-300x86.webp 300w, https:\/\/www.infakt.pl\/blog\/wp-content\/uploads\/2026\/04\/baner_rozlicz_pit_2025-1520x434.webp 1520w, https:\/\/www.infakt.pl\/blog\/wp-content\/uploads\/2026\/04\/baner_rozlicz_pit_2025-1280x366.webp 1280w, https:\/\/www.infakt.pl\/blog\/wp-content\/uploads\/2026\/04\/baner_rozlicz_pit_2025-760x217.webp 760w, https:\/\/www.infakt.pl\/blog\/wp-content\/uploads\/2026\/04\/baner_rozlicz_pit_2025-610x174.webp 610w, https:\/\/www.infakt.pl\/blog\/wp-content\/uploads\/2026\/04\/baner_rozlicz_pit_2025-380x109.webp 380w, https:\/\/www.infakt.pl\/blog\/wp-content\/uploads\/2026\/04\/baner_rozlicz_pit_2025-1920x549.webp 1920w, https:\/\/www.infakt.pl\/blog\/wp-content\/uploads\/2026\/04\/baner_rozlicz_pit_2025-1493x427.webp 1493w, https:\/\/www.infakt.pl\/blog\/wp-content\/uploads\/2026\/04\/baner_rozlicz_pit_2025-196x56.webp 196w, https:\/\/www.infakt.pl\/blog\/wp-content\/uploads\/2026\/04\/baner_rozlicz_pit_2025-980x280.webp 980w, https:\/\/www.infakt.pl\/blog\/wp-content\/uploads\/2026\/04\/baner_rozlicz_pit_2025-500x143.webp 500w, https:\/\/www.infakt.pl\/blog\/wp-content\/uploads\/2026\/04\/baner_rozlicz_pit_2025-250x71.webp 250w\" sizes=\"auto, (max-width: 1024px) 100vw, 1024px\" \/><\/a><\/figure>\n\n\n\n<h2 class=\"wp-block-heading\"><strong>Automatyczne zatwierdzenie \u2014 wygodne, ale czy op\u0142acalne?<\/strong><\/h2>\n\n\n\n<p>Je\u015bli podatnik nie podejmie \u017cadnych dzia\u0142a\u0144, formularze PIT-37 i PIT-38 zostan\u0105 automatycznie zaakceptowane <strong>30 kwietnia 2026 r. <\/strong>To wygodne rozwi\u0105zanie, ale nie zawsze najkorzystniejsze finansowo.<\/p>\n\n\n\n<h3 class=\"wp-block-heading\"><strong>Czego system nie zrobi za ciebie?<\/strong><\/h3>\n\n\n\n<p>Kluczowy problem le\u017cy w<strong> <a href=\"https:\/\/www.infakt.pl\/blog\/jakie-ulgi-podatkowe\/\">ulgach podatkowych<\/a><\/strong>. System przygotowuje deklaracj\u0119 na podstawie danych od pracodawcy, jednak nie uwzgl\u0119dnia on automatycznie przys\u0142uguj\u0105cych ulg podatkowych. Aby z nich skorzysta\u0107, trzeba wprowadzi\u0107 je r\u0119cznie.<\/p>\n\n\n\n<p>Skala tego zjawiska jest imponuj\u0105ca. Sama ulga<strong> na dzieci<\/strong> to ponad <strong>7 mld z\u0142<\/strong>, ulga <strong>termomodernizacyjna<\/strong> ponad <strong>5 mld z\u0142<\/strong>, a wp\u0142aty na <strong>IKZE<\/strong> ponad<strong> 2 mld z\u0142<\/strong>. To konkretne pieni\u0105dze, kt\u00f3re trafiaj\u0105 do os\u00f3b aktywnie zarz\u0105dzaj\u0105cych swoim rozliczeniem, podczas gdy w przypadku automatycznych akceptacji cz\u0119\u015b\u0107 tych korzy\u015bci pozostaje niewykorzystana.<\/p>\n\n\n\n<h3 class=\"wp-block-heading\"><strong>Schemat si\u0119 powtarza<\/strong><\/h3>\n\n\n\n<p>Z danych za 2024 r. wynika, \u017ce w rozliczeniu za tamten rok liczba podatnik\u00f3w na samej <a href=\"https:\/\/www.infakt.pl\/podatek-na-zasadach-ogolnych\/\">skali podatkowej<\/a> przekroczy\u0142a 25,5 mln, a ca\u0142o\u015b\u0107 to blisko 27\u201328 mln rozlicze\u0144. Je\u017celi przyjmiemy, \u017ce oko\u0142o 6 mln zn\u00f3w zostanie automatycznie zatwierdzonych, to nadal oko\u0142o 9 mln os\u00f3b nie z\u0142o\u017cy zezna\u0144 samodzielnie.<\/p>\n\n\n\n<p>To oznacza, \u017ce kulminacja sezonu rozlicze\u0144 w\u0142a\u015bnie nast\u0119puje \u2014 i wi\u0119kszo\u015b\u0107 decyzji zostanie podj\u0119ta (lub zaniechana) w ostatnich dniach kwietnia.<\/p>\n\n\n\n<h2 class=\"wp-block-heading\"><strong>Jakie ulgi mo\u017cesz jeszcze odliczy\u0107?<\/strong><\/h2>\n\n\n\n<p>Warto si\u0119 zalogowa\u0107 cho\u0107by po to, \u017ceby sprawdzi\u0107, czy nie tracisz pieni\u0119dzy, kt\u00f3re ci si\u0119 nale\u017c\u0105. Oto najwa\u017cniejsze ulgi dost\u0119pne w rozliczeniu za 2025 rok:<\/p>\n\n\n\n<h3 class=\"wp-block-heading\"><strong>Ulga na dzieci (prorodzinna)<\/strong><\/h3>\n\n\n\n<p>Ulga wynosi 1 112,04 z\u0142 rocznie na pierwsze i drugie dziecko, 2 000,04 z\u0142 na trzecie dziecko oraz 2 700 z\u0142 na czwarte i ka\u017cde kolejne. Przy jednym dziecku obowi\u0105zuje limit dochod\u00f3w \u2014 112 tys. z\u0142 rocznie \u0142\u0105cznie dla rodzic\u00f3w lub 56 tys. z\u0142 dla singla. Przy dwojgu i wi\u0119kszej liczbie dzieci nie ma limitu dochodowego.<\/p>\n\n\n\n<h3 class=\"wp-block-heading\"><strong>Ulga na internet<\/strong><\/h3>\n\n\n\n<p>Ulga przys\u0142uguje przez dwa nast\u0119puj\u0105ce po sobie lata, a maksymalne odliczenie wynosi 760 z\u0142 rocznie. To jedna z cz\u0119\u015bciej pomijanych, cho\u0107 \u0142atwych do skorzystania preferencji podatkowych.<\/p>\n\n\n\n<h3 class=\"wp-block-heading\"><strong>Ulga termomodernizacyjna<\/strong><\/h3>\n\n\n\n<p>Dotyczy m.in. ocieplenia domu, wymiany pieca czy instalacji ekologicznych \u017ar\u00f3de\u0142 energii. Limit wynosi 53 tys. z\u0142 na osob\u0119. <\/p>\n\n\n\n<h3 class=\"wp-block-heading\"><strong>Ulga rehabilitacyjna<\/strong><\/h3>\n\n\n\n<p>Przeznaczona dla os\u00f3b z niepe\u0142nosprawno\u015bci\u0105 lub ich opiekun\u00f3w. Mo\u017cna odliczy\u0107 m.in. wydatki na leki (nadwy\u017cka ponad 100 z\u0142 miesi\u0119cznie) oraz u\u017cywanie samochodu do cel\u00f3w rehabilitacyjnych \u2014 do 2 280 z\u0142 rocznie.<\/p>\n\n\n\n<h3 class=\"wp-block-heading\"><strong>Ulga 4+ i ulga dla m\u0142odych<\/strong><\/h3>\n\n\n\n<p>Ulga 4+ obejmuje rodzic\u00f3w co najmniej czworga dzieci i zwalnia z podatku do 85 528 z\u0142 przychodu na ka\u017cdego rodzica. Identyczny limit zwolnienia obowi\u0105zuje w ramach ulgi dla m\u0142odych \u2014 dla os\u00f3b do 26. roku \u017cycia.<\/p>\n\n\n\n<h3 class=\"wp-block-heading\"><strong>Darowizny i 1,5% podatku<\/strong><\/h3>\n\n\n\n<p>Nawet je\u015bli nie korzystasz z \u017cadnej ulgi, warto si\u0119 rozliczy\u0107 samodzielnie. Nawet je\u015bli jeste\u015bmy singlem i nie mamy \u017cadnych ulg, warto si\u0119 rozliczy\u0107, cho\u0107by po to, \u017ceby przekaza\u0107 1,5 proc. podatku na rzecz OPP. Za 2024 rok przekazali\u015bmy a\u017c 2,3 mld z\u0142 \u2014 to realna pomoc, kt\u00f3ra nic nas nie kosztuje \u2014 zauwa\u017ca g\u0142\u00f3wny doradca podatkowy inFakt.<\/p>\n\n\n\n<figure class=\"wp-block-embed is-type-video is-provider-youtube wp-block-embed-youtube wp-embed-aspect-9-16 wp-has-aspect-ratio\"><div class=\"wp-block-embed__wrapper\">\n<iframe title=\"1,5% podatku za 2025 rok #inFakt #PIT\" width=\"422\" height=\"750\" src=\"https:\/\/www.youtube.com\/embed\/-5_tfq4fgUA?feature=oembed\" frameborder=\"0\" allow=\"accelerometer; autoplay; clipboard-write; encrypted-media; gyroscope; picture-in-picture; web-share\" referrerpolicy=\"strict-origin-when-cross-origin\" allowfullscreen><\/iframe>\n<\/div><\/figure>\n\n\n\n<h2 class=\"wp-block-heading\"><strong>Jak szybko dostaniesz zwrot podatku?<\/strong><\/h2>\n\n\n\n<p>Je\u015bli przys\u0142uguje ci nadp\u0142ata \u2014 czas ma znaczenie. Po zatwierdzeniu deklaracji podatkowej urz\u0105d skarbowy ma do <strong>45 dni na zwrot <\/strong>w przypadku zeznania elektronicznego i do 3 miesi\u0119cy przy deklaracji papierowej. W praktyce zwroty z e-deklaracji cz\u0119sto trafiaj\u0105 na konto znacznie szybciej \u2014 nawet w ci\u0105gu kilku dni. Im wcze\u015bniej zatwierdzisz zeznanie, tym szybciej pieni\u0105dze wr\u00f3c\u0105 na twoje konto.<\/p>\n\n\n\n<h2 class=\"wp-block-heading\"><strong>Kto jeszcze musi dzia\u0142a\u0107 samodzielnie?<\/strong><\/h2>\n\n\n\n<p>Nie tylko pracownicy etatowi maj\u0105 swoje rozliczenie gotowe w systemie. W Tw\u00f3j e-PIT przygotowane zostan\u0105 tak\u017ce rozliczenia podatku dochodowego za 2025 rok<strong> dla przedsi\u0119biorc\u00f3w. <\/strong>Oznacza to, \u017ce r\u00f3wnie\u017c osoby prowadz\u0105ce dzia\u0142alno\u015b\u0107 gospodarcz\u0105 znajd\u0105 w systemie swoje wst\u0119pne zeznania, natomiast <strong>wymagaj\u0105 one cz\u0119\u015bciej uzupe\u0142nienia lub weryfikacji danych.<\/strong><\/p>\n\n\n\n<p>W systemie dost\u0119pne s\u0105 formularze PIT-36 i PIT-36L (dla skali i <a href=\"https:\/\/www.infakt.pl\/podatek-liniowy-zalety-i-wady\/\">podatku liniowego<\/a>), PIT-28 (<a href=\"https:\/\/www.infakt.pl\/kalkulatory\/kalkulator-stawek-ryczaltu\/\">rycza\u0142t<\/a>), PIT-38 (dochody kapita\u0142owe) oraz PIT-39 (sprzeda\u017c nieruchomo\u015bci). Automatyczne uznanie za z\u0142o\u017cone dotyczy przede wszystkim standardowych zezna\u0144, jak PIT-37 i PIT-38, przy prostych \u017ar\u00f3d\u0142ach dochodu. <strong>Przy dzia\u0142alno\u015bci gospodarczej, rycza\u0142cie, sprzeda\u017cy nieruchomo\u015bci czy bardziej skomplikowanych dochodach cz\u0119\u015b\u0107 zezna\u0144 trzeba przygotowa\u0107 aktywnie lub uzupe\u0142ni\u0107 samodzielnie.<\/strong><\/p>\n\n\n\n<h2 class=\"wp-block-heading\"><strong>Podsumowanie<\/strong><\/h2>\n\n\n\n<p>Czas ucieka \u2014 30 kwietnia 2026 roku to ostateczny termin z\u0142o\u017cenia PIT za 2025 rok. Miliony Polak\u00f3w wci\u0105\u017c tego nie zrobi\u0142o, a automatyczne zatwierdzenie, cho\u0107 wygodne, mo\u017ce oznacza\u0107 utrat\u0119 realnych pieni\u0119dzy z tytu\u0142u ulg. Warto po\u015bwi\u0119ci\u0107 kilkana\u015bcie minut, zalogowa\u0107 si\u0119 do us\u0142ugi Tw\u00f3j e-PIT na podatki.gov.pl, sprawdzi\u0107 swoje zeznanie i dopisa\u0107 przys\u0142uguj\u0105ce odliczenia. Nawet je\u015bli nic ci si\u0119 nie nale\u017cy \u2014 mo\u017cesz przekaza\u0107 1,5% podatku organizacji po\u017cytku publicznego. To decyzja, kt\u00f3ra nic nie kosztuje.<\/p>\n\n\n\n<h2 class=\"wp-block-heading\"><strong>FAQ \u2014 najcz\u0119stsze pytania o PIT 2025\/2026<\/strong><\/h2>\n\n\n\n<div class=\"schema-faq wp-block-yoast-faq-block\"><div class=\"schema-faq-section\" id=\"faq-question-1777370007678\"><strong class=\"schema-faq-question\"><strong>Do kiedy mo\u017cna z\u0142o\u017cy\u0107 PIT za 2025 rok?<\/strong><\/strong> <p class=\"schema-faq-answer\">Termin up\u0142ywa <strong>30 kwietnia 2026 roku<\/strong>. Po tej dacie formularze PIT-37 i PIT-38 zostan\u0105 automatycznie uznane za z\u0142o\u017cone w kszta\u0142cie, w jakim pozosta\u0142y w systemie \u2014 ale bez \u017cadnych ulg, je\u015bli ich nie doda sam podatnik.<\/p> <\/div> <div class=\"schema-faq-section\" id=\"faq-question-1777370015511\"><strong class=\"schema-faq-question\"><strong>Czym jest us\u0142uga Tw\u00f3j e-PIT i jak si\u0119 zalogowa\u0107?<\/strong><\/strong> <p class=\"schema-faq-answer\">To wst\u0119pnie przygotowane przez Krajow\u0105 Administracj\u0119 Skarbow\u0105 zeznanie roczne, dost\u0119pne na stronie podatki.gov.pl. Mo\u017cesz zalogowa\u0107 si\u0119 przez Profil Zaufany, aplikacj\u0119 mObywatel, bankowo\u015b\u0107 elektroniczn\u0105, e-Dow\u00f3d lub danymi autoryzuj\u0105cymi (PESEL, data urodzenia, kwota przychodu z poprzedniego roku).<\/p> <\/div> <div class=\"schema-faq-section\" id=\"faq-question-1777370020942\"><strong class=\"schema-faq-question\"><strong>Czy system automatycznie uwzgl\u0119dni moje ulgi podatkowe?<\/strong><\/strong> <p class=\"schema-faq-answer\">Nie. Ulgi \u2014 takie jak ulga na dzieci, internet, termomodernizacyjna czy rehabilitacyjna \u2014 trzeba dopisa\u0107 r\u0119cznie. System nie zna twoich wydatk\u00f3w ani sytuacji rodzinnej.<\/p> <\/div> <div class=\"schema-faq-section\" id=\"faq-question-1777370027281\"><strong class=\"schema-faq-question\"><strong>Co grozi za niez\u0142o\u017cenie PIT do 30 kwietnia?<\/strong><\/strong> <p class=\"schema-faq-answer\">Formularze PIT-37 i PIT-38 zostan\u0105 automatycznie przyj\u0119te, ale bez \u017cadnych ulg. W przypadku bardziej z\u0142o\u017conych zezna\u0144 \u2014 m.in. dla przedsi\u0119biorc\u00f3w \u2014 brak aktywno\u015bci mo\u017ce oznacza\u0107 po prostu niez\u0142o\u017cenie deklaracji, co niesie ryzyko sankcji podatkowych.<\/p> <\/div> <div class=\"schema-faq-section\" id=\"faq-question-1777370034677\"><strong class=\"schema-faq-question\"><strong>Ile czeka si\u0119 na zwrot nadp\u0142aty podatku?<\/strong><\/strong> <p class=\"schema-faq-answer\">Do 45 dni od zatwierdzenia e-deklaracji. W praktyce wiele zwrot\u00f3w trafia na konto znacznie szybciej. Przy rozliczeniu papierowym czas oczekiwania wynosi do 3 miesi\u0119cy.<\/p> <\/div> <div class=\"schema-faq-section\" id=\"faq-question-1777370043261\"><strong class=\"schema-faq-question\"><strong>Czy przedsi\u0119biorca mo\u017ce skorzysta\u0107 z Tw\u00f3j e-PIT?<\/strong><\/strong> <p class=\"schema-faq-answer\">Tak, ale musi samodzielnie uzupe\u0142ni\u0107 i zatwierdzi\u0107 swoje zeznanie \u2014 system przygotowuje wst\u0119pne dane, jednak te wymagaj\u0105 weryfikacji i uzupe\u0142nienia, np. o koszty uzyskania przychodu czy wybrane ulgi.<\/p> <\/div> <div class=\"schema-faq-section\" id=\"faq-question-1777370052464\"><strong class=\"schema-faq-question\"><strong>Co to jest 1,5% podatku i jak go przekaza\u0107?<\/strong><\/strong> <p class=\"schema-faq-answer\">Podczas sk\u0142adania zeznania mo\u017cesz wskaza\u0107 organizacj\u0119 po\u017cytku publicznego (OPP), kt\u00f3rej przeka\u017cesz 1,5% nale\u017cnego podatku. Nie zmniejsza to kwoty twojego zwrotu \u2014 to \u015brodki, kt\u00f3re i tak trafi\u0142yby do bud\u017cetu pa\u0144stwa.<\/p> <\/div> <\/div>\n","protected":false},"excerpt":{"rendered":"<p>Zosta\u0142y ostatnie dni. 30 kwietnia 2026 roku o godzinie 23:59 up\u0142ywa termin z\u0142o\u017cenia zeznania podatkowego za 2025 rok. Miliony Polak\u00f3w wci\u0105\u017c nie z\u0142o\u017cy\u0142y deklaracji PIT&hellip;<\/p>\n","protected":false},"author":135,"featured_media":82875,"comment_status":"closed","ping_status":"open","sticky":false,"template":"","format":"standard","meta":{"_acf_changed":false,"footnotes":""},"categories":[2052],"tags":[],"class_list":["post-82872","post","type-post","status-publish","format-standard","has-post-thumbnail","hentry","category-aktualnosci"],"acf":[],"yoast_head":"<!-- This site is optimized with the Yoast SEO plugin v27.4 - https:\/\/yoast.com\/product\/yoast-seo-wordpress\/ -->\n<title>Ostatnie dni na rozliczenie PIT za 2025 rok. Nie czekaj do ko\u0144ca kwietnia<\/title>\n<meta name=\"robots\" content=\"index, follow, max-snippet:-1, max-image-preview:large, max-video-preview:-1\" \/>\n<link rel=\"canonical\" href=\"https:\/\/www.infakt.pl\/blog\/ostatnie-dni-na-rozliczenie-pit-za-2025-rok\/\" \/>\n<meta property=\"og:locale\" content=\"pl_PL\" \/>\n<meta property=\"og:type\" content=\"article\" \/>\n<meta property=\"og:title\" content=\"Ostatnie dni na rozliczenie PIT za 2025 rok. Nie czekaj do ko\u0144ca kwietnia\" \/>\n<meta property=\"og:description\" content=\"Zosta\u0142y ostatnie dni. 30 kwietnia 2026 roku o godzinie 23:59 up\u0142ywa termin z\u0142o\u017cenia zeznania podatkowego za 2025 rok. Miliony Polak\u00f3w wci\u0105\u017c nie z\u0142o\u017cy\u0142y deklaracji PIT&hellip;\" \/>\n<meta property=\"og:url\" content=\"https:\/\/www.infakt.pl\/blog\/ostatnie-dni-na-rozliczenie-pit-za-2025-rok\/\" \/>\n<meta property=\"og:site_name\" content=\"Infakt Blog\" \/>\n<meta property=\"article:published_time\" content=\"2026-04-28T09:58:12+00:00\" \/>\n<meta property=\"article:modified_time\" content=\"2026-04-28T09:58:15+00:00\" \/>\n<meta property=\"og:image\" content=\"https:\/\/www.infakt.pl\/blog\/wp-content\/uploads\/2026\/04\/pit-2025-blog-1520x854-1-scaled.jpg\" \/>\n\t<meta property=\"og:image:width\" content=\"2560\" \/>\n\t<meta property=\"og:image:height\" content=\"1442\" \/>\n\t<meta property=\"og:image:type\" content=\"image\/jpeg\" \/>\n<meta name=\"author\" content=\"Maciej Sztykiel\" \/>\n<meta name=\"twitter:card\" content=\"summary_large_image\" \/>\n<meta name=\"twitter:label1\" content=\"Napisane przez\" \/>\n\t<meta name=\"twitter:data1\" content=\"Maciej Sztykiel\" \/>\n\t<meta name=\"twitter:label2\" content=\"Szacowany czas czytania\" \/>\n\t<meta name=\"twitter:data2\" content=\"7 minut\" \/>\n<script type=\"application\/ld+json\" class=\"yoast-schema-graph\">{\"@context\":\"https:\\\/\\\/schema.org\",\"@graph\":[{\"@type\":\"Article\",\"@id\":\"https:\\\/\\\/www.infakt.pl\\\/blog\\\/ostatnie-dni-na-rozliczenie-pit-za-2025-rok\\\/#article\",\"isPartOf\":{\"@id\":\"https:\\\/\\\/www.infakt.pl\\\/blog\\\/ostatnie-dni-na-rozliczenie-pit-za-2025-rok\\\/\"},\"author\":{\"name\":\"Maciej Sztykiel\",\"@id\":\"https:\\\/\\\/www.infakt.pl\\\/blog\\\/#\\\/schema\\\/person\\\/eeec2e485233753671f70f7d3361fc2b\"},\"headline\":\"Ostatnie dni na rozliczenie PIT za 2025 rok. Nie czekaj do ko\u0144ca kwietnia\",\"datePublished\":\"2026-04-28T09:58:12+00:00\",\"dateModified\":\"2026-04-28T09:58:15+00:00\",\"mainEntityOfPage\":{\"@id\":\"https:\\\/\\\/www.infakt.pl\\\/blog\\\/ostatnie-dni-na-rozliczenie-pit-za-2025-rok\\\/\"},\"wordCount\":1349,\"image\":{\"@id\":\"https:\\\/\\\/www.infakt.pl\\\/blog\\\/ostatnie-dni-na-rozliczenie-pit-za-2025-rok\\\/#primaryimage\"},\"thumbnailUrl\":\"https:\\\/\\\/www.infakt.pl\\\/blog\\\/wp-content\\\/uploads\\\/2026\\\/04\\\/pit-2025-blog-1520x854-1-scaled.jpg\",\"articleSection\":[\"Aktualno\u015bci\"],\"inLanguage\":\"pl-PL\"},{\"@type\":[\"WebPage\",\"FAQPage\"],\"@id\":\"https:\\\/\\\/www.infakt.pl\\\/blog\\\/ostatnie-dni-na-rozliczenie-pit-za-2025-rok\\\/\",\"url\":\"https:\\\/\\\/www.infakt.pl\\\/blog\\\/ostatnie-dni-na-rozliczenie-pit-za-2025-rok\\\/\",\"name\":\"Ostatnie dni na rozliczenie PIT za 2025 rok. Nie czekaj do ko\u0144ca kwietnia\",\"isPartOf\":{\"@id\":\"https:\\\/\\\/www.infakt.pl\\\/blog\\\/#website\"},\"primaryImageOfPage\":{\"@id\":\"https:\\\/\\\/www.infakt.pl\\\/blog\\\/ostatnie-dni-na-rozliczenie-pit-za-2025-rok\\\/#primaryimage\"},\"image\":{\"@id\":\"https:\\\/\\\/www.infakt.pl\\\/blog\\\/ostatnie-dni-na-rozliczenie-pit-za-2025-rok\\\/#primaryimage\"},\"thumbnailUrl\":\"https:\\\/\\\/www.infakt.pl\\\/blog\\\/wp-content\\\/uploads\\\/2026\\\/04\\\/pit-2025-blog-1520x854-1-scaled.jpg\",\"datePublished\":\"2026-04-28T09:58:12+00:00\",\"dateModified\":\"2026-04-28T09:58:15+00:00\",\"author\":{\"@id\":\"https:\\\/\\\/www.infakt.pl\\\/blog\\\/#\\\/schema\\\/person\\\/eeec2e485233753671f70f7d3361fc2b\"},\"breadcrumb\":{\"@id\":\"https:\\\/\\\/www.infakt.pl\\\/blog\\\/ostatnie-dni-na-rozliczenie-pit-za-2025-rok\\\/#breadcrumb\"},\"mainEntity\":[{\"@id\":\"https:\\\/\\\/www.infakt.pl\\\/blog\\\/ostatnie-dni-na-rozliczenie-pit-za-2025-rok\\\/#faq-question-1777370007678\"},{\"@id\":\"https:\\\/\\\/www.infakt.pl\\\/blog\\\/ostatnie-dni-na-rozliczenie-pit-za-2025-rok\\\/#faq-question-1777370015511\"},{\"@id\":\"https:\\\/\\\/www.infakt.pl\\\/blog\\\/ostatnie-dni-na-rozliczenie-pit-za-2025-rok\\\/#faq-question-1777370020942\"},{\"@id\":\"https:\\\/\\\/www.infakt.pl\\\/blog\\\/ostatnie-dni-na-rozliczenie-pit-za-2025-rok\\\/#faq-question-1777370027281\"},{\"@id\":\"https:\\\/\\\/www.infakt.pl\\\/blog\\\/ostatnie-dni-na-rozliczenie-pit-za-2025-rok\\\/#faq-question-1777370034677\"},{\"@id\":\"https:\\\/\\\/www.infakt.pl\\\/blog\\\/ostatnie-dni-na-rozliczenie-pit-za-2025-rok\\\/#faq-question-1777370043261\"},{\"@id\":\"https:\\\/\\\/www.infakt.pl\\\/blog\\\/ostatnie-dni-na-rozliczenie-pit-za-2025-rok\\\/#faq-question-1777370052464\"}],\"inLanguage\":\"pl-PL\",\"potentialAction\":[{\"@type\":\"ReadAction\",\"target\":[\"https:\\\/\\\/www.infakt.pl\\\/blog\\\/ostatnie-dni-na-rozliczenie-pit-za-2025-rok\\\/\"]}]},{\"@type\":\"ImageObject\",\"inLanguage\":\"pl-PL\",\"@id\":\"https:\\\/\\\/www.infakt.pl\\\/blog\\\/ostatnie-dni-na-rozliczenie-pit-za-2025-rok\\\/#primaryimage\",\"url\":\"https:\\\/\\\/www.infakt.pl\\\/blog\\\/wp-content\\\/uploads\\\/2026\\\/04\\\/pit-2025-blog-1520x854-1-scaled.jpg\",\"contentUrl\":\"https:\\\/\\\/www.infakt.pl\\\/blog\\\/wp-content\\\/uploads\\\/2026\\\/04\\\/pit-2025-blog-1520x854-1-scaled.jpg\",\"width\":2560,\"height\":1442},{\"@type\":\"BreadcrumbList\",\"@id\":\"https:\\\/\\\/www.infakt.pl\\\/blog\\\/ostatnie-dni-na-rozliczenie-pit-za-2025-rok\\\/#breadcrumb\",\"itemListElement\":[{\"@type\":\"ListItem\",\"position\":1,\"name\":\"Blog\",\"item\":\"https:\\\/\\\/www.infakt.pl\\\/blog\\\/\"},{\"@type\":\"ListItem\",\"position\":2,\"name\":\"Aktualno\u015bci\",\"item\":\"https:\\\/\\\/www.infakt.pl\\\/blog\\\/kategoria\\\/aktualnosci\\\/\"},{\"@type\":\"ListItem\",\"position\":3,\"name\":\"Ostatnie dni na rozliczenie PIT za 2025 rok. Nie czekaj do ko\u0144ca kwietnia&hellip;\"}]},{\"@type\":\"WebSite\",\"@id\":\"https:\\\/\\\/www.infakt.pl\\\/blog\\\/#website\",\"url\":\"https:\\\/\\\/www.infakt.pl\\\/blog\\\/\",\"name\":\"Infakt Blog\",\"description\":\"\",\"potentialAction\":[{\"@type\":\"SearchAction\",\"target\":{\"@type\":\"EntryPoint\",\"urlTemplate\":\"https:\\\/\\\/www.infakt.pl\\\/blog\\\/?s={search_term_string}\"},\"query-input\":{\"@type\":\"PropertyValueSpecification\",\"valueRequired\":true,\"valueName\":\"search_term_string\"}}],\"inLanguage\":\"pl-PL\"},{\"@type\":\"Person\",\"@id\":\"https:\\\/\\\/www.infakt.pl\\\/blog\\\/#\\\/schema\\\/person\\\/eeec2e485233753671f70f7d3361fc2b\",\"name\":\"Maciej Sztykiel\",\"image\":{\"@type\":\"ImageObject\",\"inLanguage\":\"pl-PL\",\"@id\":\"https:\\\/\\\/secure.gravatar.com\\\/avatar\\\/b50310f71571109ebde54da646d5331145a8c761908e1cf64e3695114bf3f38d?s=96&d=mm&r=g\",\"url\":\"https:\\\/\\\/secure.gravatar.com\\\/avatar\\\/b50310f71571109ebde54da646d5331145a8c761908e1cf64e3695114bf3f38d?s=96&d=mm&r=g\",\"contentUrl\":\"https:\\\/\\\/secure.gravatar.com\\\/avatar\\\/b50310f71571109ebde54da646d5331145a8c761908e1cf64e3695114bf3f38d?s=96&d=mm&r=g\",\"caption\":\"Maciej Sztykiel\"},\"description\":\"Redaktor naczelny inFakt Blog. By\u0142y dziennikarz ekonomiczny RMF FM oraz Radia ZET. W inFakcie odpowiadam za t\u0142umaczenie j\u0119zyka podatkowego na ludzki, kr\u00f3tkodystansow\u0105 komunikacj\u0119 i d\u0142ugofalowy PR oraz kreatywny marketing. Po pracy jestem \u017ceglarzem, marzycielem i psiarzem.\",\"url\":\"https:\\\/\\\/www.infakt.pl\\\/blog\\\/author\\\/maciej-sztykiel\\\/\"},{\"@type\":\"Question\",\"@id\":\"https:\\\/\\\/www.infakt.pl\\\/blog\\\/ostatnie-dni-na-rozliczenie-pit-za-2025-rok\\\/#faq-question-1777370007678\",\"position\":1,\"url\":\"https:\\\/\\\/www.infakt.pl\\\/blog\\\/ostatnie-dni-na-rozliczenie-pit-za-2025-rok\\\/#faq-question-1777370007678\",\"name\":\"Do kiedy mo\u017cna z\u0142o\u017cy\u0107 PIT za 2025 rok?\",\"answerCount\":1,\"acceptedAnswer\":{\"@type\":\"Answer\",\"text\":\"Termin up\u0142ywa <strong>30 kwietnia 2026 roku<\\\/strong>. Po tej dacie formularze PIT-37 i PIT-38 zostan\u0105 automatycznie uznane za z\u0142o\u017cone w kszta\u0142cie, w jakim pozosta\u0142y w systemie \u2014 ale bez \u017cadnych ulg, je\u015bli ich nie doda sam podatnik.\",\"inLanguage\":\"pl-PL\"},\"inLanguage\":\"pl-PL\"},{\"@type\":\"Question\",\"@id\":\"https:\\\/\\\/www.infakt.pl\\\/blog\\\/ostatnie-dni-na-rozliczenie-pit-za-2025-rok\\\/#faq-question-1777370015511\",\"position\":2,\"url\":\"https:\\\/\\\/www.infakt.pl\\\/blog\\\/ostatnie-dni-na-rozliczenie-pit-za-2025-rok\\\/#faq-question-1777370015511\",\"name\":\"Czym jest us\u0142uga Tw\u00f3j e-PIT i jak si\u0119 zalogowa\u0107?\",\"answerCount\":1,\"acceptedAnswer\":{\"@type\":\"Answer\",\"text\":\"To wst\u0119pnie przygotowane przez Krajow\u0105 Administracj\u0119 Skarbow\u0105 zeznanie roczne, dost\u0119pne na stronie podatki.gov.pl. Mo\u017cesz zalogowa\u0107 si\u0119 przez Profil Zaufany, aplikacj\u0119 mObywatel, bankowo\u015b\u0107 elektroniczn\u0105, e-Dow\u00f3d lub danymi autoryzuj\u0105cymi (PESEL, data urodzenia, kwota przychodu z poprzedniego roku).\",\"inLanguage\":\"pl-PL\"},\"inLanguage\":\"pl-PL\"},{\"@type\":\"Question\",\"@id\":\"https:\\\/\\\/www.infakt.pl\\\/blog\\\/ostatnie-dni-na-rozliczenie-pit-za-2025-rok\\\/#faq-question-1777370020942\",\"position\":3,\"url\":\"https:\\\/\\\/www.infakt.pl\\\/blog\\\/ostatnie-dni-na-rozliczenie-pit-za-2025-rok\\\/#faq-question-1777370020942\",\"name\":\"Czy system automatycznie uwzgl\u0119dni moje ulgi podatkowe?\",\"answerCount\":1,\"acceptedAnswer\":{\"@type\":\"Answer\",\"text\":\"Nie. Ulgi \u2014 takie jak ulga na dzieci, internet, termomodernizacyjna czy rehabilitacyjna \u2014 trzeba dopisa\u0107 r\u0119cznie. System nie zna twoich wydatk\u00f3w ani sytuacji rodzinnej.\",\"inLanguage\":\"pl-PL\"},\"inLanguage\":\"pl-PL\"},{\"@type\":\"Question\",\"@id\":\"https:\\\/\\\/www.infakt.pl\\\/blog\\\/ostatnie-dni-na-rozliczenie-pit-za-2025-rok\\\/#faq-question-1777370027281\",\"position\":4,\"url\":\"https:\\\/\\\/www.infakt.pl\\\/blog\\\/ostatnie-dni-na-rozliczenie-pit-za-2025-rok\\\/#faq-question-1777370027281\",\"name\":\"Co grozi za niez\u0142o\u017cenie PIT do 30 kwietnia?\",\"answerCount\":1,\"acceptedAnswer\":{\"@type\":\"Answer\",\"text\":\"Formularze PIT-37 i PIT-38 zostan\u0105 automatycznie przyj\u0119te, ale bez \u017cadnych ulg. W przypadku bardziej z\u0142o\u017conych zezna\u0144 \u2014 m.in. dla przedsi\u0119biorc\u00f3w \u2014 brak aktywno\u015bci mo\u017ce oznacza\u0107 po prostu niez\u0142o\u017cenie deklaracji, co niesie ryzyko sankcji podatkowych.\",\"inLanguage\":\"pl-PL\"},\"inLanguage\":\"pl-PL\"},{\"@type\":\"Question\",\"@id\":\"https:\\\/\\\/www.infakt.pl\\\/blog\\\/ostatnie-dni-na-rozliczenie-pit-za-2025-rok\\\/#faq-question-1777370034677\",\"position\":5,\"url\":\"https:\\\/\\\/www.infakt.pl\\\/blog\\\/ostatnie-dni-na-rozliczenie-pit-za-2025-rok\\\/#faq-question-1777370034677\",\"name\":\"Ile czeka si\u0119 na zwrot nadp\u0142aty podatku?\",\"answerCount\":1,\"acceptedAnswer\":{\"@type\":\"Answer\",\"text\":\"Do 45 dni od zatwierdzenia e-deklaracji. W praktyce wiele zwrot\u00f3w trafia na konto znacznie szybciej. Przy rozliczeniu papierowym czas oczekiwania wynosi do 3 miesi\u0119cy.\",\"inLanguage\":\"pl-PL\"},\"inLanguage\":\"pl-PL\"},{\"@type\":\"Question\",\"@id\":\"https:\\\/\\\/www.infakt.pl\\\/blog\\\/ostatnie-dni-na-rozliczenie-pit-za-2025-rok\\\/#faq-question-1777370043261\",\"position\":6,\"url\":\"https:\\\/\\\/www.infakt.pl\\\/blog\\\/ostatnie-dni-na-rozliczenie-pit-za-2025-rok\\\/#faq-question-1777370043261\",\"name\":\"Czy przedsi\u0119biorca mo\u017ce skorzysta\u0107 z Tw\u00f3j e-PIT?\",\"answerCount\":1,\"acceptedAnswer\":{\"@type\":\"Answer\",\"text\":\"Tak, ale musi samodzielnie uzupe\u0142ni\u0107 i zatwierdzi\u0107 swoje zeznanie \u2014 system przygotowuje wst\u0119pne dane, jednak te wymagaj\u0105 weryfikacji i uzupe\u0142nienia, np. o koszty uzyskania przychodu czy wybrane ulgi.\",\"inLanguage\":\"pl-PL\"},\"inLanguage\":\"pl-PL\"},{\"@type\":\"Question\",\"@id\":\"https:\\\/\\\/www.infakt.pl\\\/blog\\\/ostatnie-dni-na-rozliczenie-pit-za-2025-rok\\\/#faq-question-1777370052464\",\"position\":7,\"url\":\"https:\\\/\\\/www.infakt.pl\\\/blog\\\/ostatnie-dni-na-rozliczenie-pit-za-2025-rok\\\/#faq-question-1777370052464\",\"name\":\"Co to jest 1,5% podatku i jak go przekaza\u0107?\",\"answerCount\":1,\"acceptedAnswer\":{\"@type\":\"Answer\",\"text\":\"Podczas sk\u0142adania zeznania mo\u017cesz wskaza\u0107 organizacj\u0119 po\u017cytku publicznego (OPP), kt\u00f3rej przeka\u017cesz 1,5% nale\u017cnego podatku. Nie zmniejsza to kwoty twojego zwrotu \u2014 to \u015brodki, kt\u00f3re i tak trafi\u0142yby do bud\u017cetu pa\u0144stwa.\",\"inLanguage\":\"pl-PL\"},\"inLanguage\":\"pl-PL\"}]}<\/script>\n<!-- \/ Yoast SEO plugin. -->","yoast_head_json":{"title":"Ostatnie dni na rozliczenie PIT za 2025 rok. Nie czekaj do ko\u0144ca kwietnia","robots":{"index":"index","follow":"follow","max-snippet":"max-snippet:-1","max-image-preview":"max-image-preview:large","max-video-preview":"max-video-preview:-1"},"canonical":"https:\/\/www.infakt.pl\/blog\/ostatnie-dni-na-rozliczenie-pit-za-2025-rok\/","og_locale":"pl_PL","og_type":"article","og_title":"Ostatnie dni na rozliczenie PIT za 2025 rok. Nie czekaj do ko\u0144ca kwietnia","og_description":"Zosta\u0142y ostatnie dni. 30 kwietnia 2026 roku o godzinie 23:59 up\u0142ywa termin z\u0142o\u017cenia zeznania podatkowego za 2025 rok. Miliony Polak\u00f3w wci\u0105\u017c nie z\u0142o\u017cy\u0142y deklaracji PIT&hellip;","og_url":"https:\/\/www.infakt.pl\/blog\/ostatnie-dni-na-rozliczenie-pit-za-2025-rok\/","og_site_name":"Infakt Blog","article_published_time":"2026-04-28T09:58:12+00:00","article_modified_time":"2026-04-28T09:58:15+00:00","og_image":[{"width":2560,"height":1442,"url":"https:\/\/www.infakt.pl\/blog\/wp-content\/uploads\/2026\/04\/pit-2025-blog-1520x854-1-scaled.jpg","type":"image\/jpeg"}],"author":"Maciej Sztykiel","twitter_card":"summary_large_image","twitter_misc":{"Napisane przez":"Maciej Sztykiel","Szacowany czas czytania":"7 minut"},"schema":{"@context":"https:\/\/schema.org","@graph":[{"@type":"Article","@id":"https:\/\/www.infakt.pl\/blog\/ostatnie-dni-na-rozliczenie-pit-za-2025-rok\/#article","isPartOf":{"@id":"https:\/\/www.infakt.pl\/blog\/ostatnie-dni-na-rozliczenie-pit-za-2025-rok\/"},"author":{"name":"Maciej Sztykiel","@id":"https:\/\/www.infakt.pl\/blog\/#\/schema\/person\/eeec2e485233753671f70f7d3361fc2b"},"headline":"Ostatnie dni na rozliczenie PIT za 2025 rok. Nie czekaj do ko\u0144ca kwietnia","datePublished":"2026-04-28T09:58:12+00:00","dateModified":"2026-04-28T09:58:15+00:00","mainEntityOfPage":{"@id":"https:\/\/www.infakt.pl\/blog\/ostatnie-dni-na-rozliczenie-pit-za-2025-rok\/"},"wordCount":1349,"image":{"@id":"https:\/\/www.infakt.pl\/blog\/ostatnie-dni-na-rozliczenie-pit-za-2025-rok\/#primaryimage"},"thumbnailUrl":"https:\/\/www.infakt.pl\/blog\/wp-content\/uploads\/2026\/04\/pit-2025-blog-1520x854-1-scaled.jpg","articleSection":["Aktualno\u015bci"],"inLanguage":"pl-PL"},{"@type":["WebPage","FAQPage"],"@id":"https:\/\/www.infakt.pl\/blog\/ostatnie-dni-na-rozliczenie-pit-za-2025-rok\/","url":"https:\/\/www.infakt.pl\/blog\/ostatnie-dni-na-rozliczenie-pit-za-2025-rok\/","name":"Ostatnie dni na rozliczenie PIT za 2025 rok. Nie czekaj do ko\u0144ca kwietnia","isPartOf":{"@id":"https:\/\/www.infakt.pl\/blog\/#website"},"primaryImageOfPage":{"@id":"https:\/\/www.infakt.pl\/blog\/ostatnie-dni-na-rozliczenie-pit-za-2025-rok\/#primaryimage"},"image":{"@id":"https:\/\/www.infakt.pl\/blog\/ostatnie-dni-na-rozliczenie-pit-za-2025-rok\/#primaryimage"},"thumbnailUrl":"https:\/\/www.infakt.pl\/blog\/wp-content\/uploads\/2026\/04\/pit-2025-blog-1520x854-1-scaled.jpg","datePublished":"2026-04-28T09:58:12+00:00","dateModified":"2026-04-28T09:58:15+00:00","author":{"@id":"https:\/\/www.infakt.pl\/blog\/#\/schema\/person\/eeec2e485233753671f70f7d3361fc2b"},"breadcrumb":{"@id":"https:\/\/www.infakt.pl\/blog\/ostatnie-dni-na-rozliczenie-pit-za-2025-rok\/#breadcrumb"},"mainEntity":[{"@id":"https:\/\/www.infakt.pl\/blog\/ostatnie-dni-na-rozliczenie-pit-za-2025-rok\/#faq-question-1777370007678"},{"@id":"https:\/\/www.infakt.pl\/blog\/ostatnie-dni-na-rozliczenie-pit-za-2025-rok\/#faq-question-1777370015511"},{"@id":"https:\/\/www.infakt.pl\/blog\/ostatnie-dni-na-rozliczenie-pit-za-2025-rok\/#faq-question-1777370020942"},{"@id":"https:\/\/www.infakt.pl\/blog\/ostatnie-dni-na-rozliczenie-pit-za-2025-rok\/#faq-question-1777370027281"},{"@id":"https:\/\/www.infakt.pl\/blog\/ostatnie-dni-na-rozliczenie-pit-za-2025-rok\/#faq-question-1777370034677"},{"@id":"https:\/\/www.infakt.pl\/blog\/ostatnie-dni-na-rozliczenie-pit-za-2025-rok\/#faq-question-1777370043261"},{"@id":"https:\/\/www.infakt.pl\/blog\/ostatnie-dni-na-rozliczenie-pit-za-2025-rok\/#faq-question-1777370052464"}],"inLanguage":"pl-PL","potentialAction":[{"@type":"ReadAction","target":["https:\/\/www.infakt.pl\/blog\/ostatnie-dni-na-rozliczenie-pit-za-2025-rok\/"]}]},{"@type":"ImageObject","inLanguage":"pl-PL","@id":"https:\/\/www.infakt.pl\/blog\/ostatnie-dni-na-rozliczenie-pit-za-2025-rok\/#primaryimage","url":"https:\/\/www.infakt.pl\/blog\/wp-content\/uploads\/2026\/04\/pit-2025-blog-1520x854-1-scaled.jpg","contentUrl":"https:\/\/www.infakt.pl\/blog\/wp-content\/uploads\/2026\/04\/pit-2025-blog-1520x854-1-scaled.jpg","width":2560,"height":1442},{"@type":"BreadcrumbList","@id":"https:\/\/www.infakt.pl\/blog\/ostatnie-dni-na-rozliczenie-pit-za-2025-rok\/#breadcrumb","itemListElement":[{"@type":"ListItem","position":1,"name":"Blog","item":"https:\/\/www.infakt.pl\/blog\/"},{"@type":"ListItem","position":2,"name":"Aktualno\u015bci","item":"https:\/\/www.infakt.pl\/blog\/kategoria\/aktualnosci\/"},{"@type":"ListItem","position":3,"name":"Ostatnie dni na rozliczenie PIT za 2025 rok. Nie czekaj do ko\u0144ca kwietnia&hellip;"}]},{"@type":"WebSite","@id":"https:\/\/www.infakt.pl\/blog\/#website","url":"https:\/\/www.infakt.pl\/blog\/","name":"Infakt Blog","description":"","potentialAction":[{"@type":"SearchAction","target":{"@type":"EntryPoint","urlTemplate":"https:\/\/www.infakt.pl\/blog\/?s={search_term_string}"},"query-input":{"@type":"PropertyValueSpecification","valueRequired":true,"valueName":"search_term_string"}}],"inLanguage":"pl-PL"},{"@type":"Person","@id":"https:\/\/www.infakt.pl\/blog\/#\/schema\/person\/eeec2e485233753671f70f7d3361fc2b","name":"Maciej Sztykiel","image":{"@type":"ImageObject","inLanguage":"pl-PL","@id":"https:\/\/secure.gravatar.com\/avatar\/b50310f71571109ebde54da646d5331145a8c761908e1cf64e3695114bf3f38d?s=96&d=mm&r=g","url":"https:\/\/secure.gravatar.com\/avatar\/b50310f71571109ebde54da646d5331145a8c761908e1cf64e3695114bf3f38d?s=96&d=mm&r=g","contentUrl":"https:\/\/secure.gravatar.com\/avatar\/b50310f71571109ebde54da646d5331145a8c761908e1cf64e3695114bf3f38d?s=96&d=mm&r=g","caption":"Maciej Sztykiel"},"description":"Redaktor naczelny inFakt Blog. By\u0142y dziennikarz ekonomiczny RMF FM oraz Radia ZET. W inFakcie odpowiadam za t\u0142umaczenie j\u0119zyka podatkowego na ludzki, kr\u00f3tkodystansow\u0105 komunikacj\u0119 i d\u0142ugofalowy PR oraz kreatywny marketing. Po pracy jestem \u017ceglarzem, marzycielem i psiarzem.","url":"https:\/\/www.infakt.pl\/blog\/author\/maciej-sztykiel\/"},{"@type":"Question","@id":"https:\/\/www.infakt.pl\/blog\/ostatnie-dni-na-rozliczenie-pit-za-2025-rok\/#faq-question-1777370007678","position":1,"url":"https:\/\/www.infakt.pl\/blog\/ostatnie-dni-na-rozliczenie-pit-za-2025-rok\/#faq-question-1777370007678","name":"Do kiedy mo\u017cna z\u0142o\u017cy\u0107 PIT za 2025 rok?","answerCount":1,"acceptedAnswer":{"@type":"Answer","text":"Termin up\u0142ywa <strong>30 kwietnia 2026 roku<\/strong>. Po tej dacie formularze PIT-37 i PIT-38 zostan\u0105 automatycznie uznane za z\u0142o\u017cone w kszta\u0142cie, w jakim pozosta\u0142y w systemie \u2014 ale bez \u017cadnych ulg, je\u015bli ich nie doda sam podatnik.","inLanguage":"pl-PL"},"inLanguage":"pl-PL"},{"@type":"Question","@id":"https:\/\/www.infakt.pl\/blog\/ostatnie-dni-na-rozliczenie-pit-za-2025-rok\/#faq-question-1777370015511","position":2,"url":"https:\/\/www.infakt.pl\/blog\/ostatnie-dni-na-rozliczenie-pit-za-2025-rok\/#faq-question-1777370015511","name":"Czym jest us\u0142uga Tw\u00f3j e-PIT i jak si\u0119 zalogowa\u0107?","answerCount":1,"acceptedAnswer":{"@type":"Answer","text":"To wst\u0119pnie przygotowane przez Krajow\u0105 Administracj\u0119 Skarbow\u0105 zeznanie roczne, dost\u0119pne na stronie podatki.gov.pl. Mo\u017cesz zalogowa\u0107 si\u0119 przez Profil Zaufany, aplikacj\u0119 mObywatel, bankowo\u015b\u0107 elektroniczn\u0105, e-Dow\u00f3d lub danymi autoryzuj\u0105cymi (PESEL, data urodzenia, kwota przychodu z poprzedniego roku).","inLanguage":"pl-PL"},"inLanguage":"pl-PL"},{"@type":"Question","@id":"https:\/\/www.infakt.pl\/blog\/ostatnie-dni-na-rozliczenie-pit-za-2025-rok\/#faq-question-1777370020942","position":3,"url":"https:\/\/www.infakt.pl\/blog\/ostatnie-dni-na-rozliczenie-pit-za-2025-rok\/#faq-question-1777370020942","name":"Czy system automatycznie uwzgl\u0119dni moje ulgi podatkowe?","answerCount":1,"acceptedAnswer":{"@type":"Answer","text":"Nie. Ulgi \u2014 takie jak ulga na dzieci, internet, termomodernizacyjna czy rehabilitacyjna \u2014 trzeba dopisa\u0107 r\u0119cznie. System nie zna twoich wydatk\u00f3w ani sytuacji rodzinnej.","inLanguage":"pl-PL"},"inLanguage":"pl-PL"},{"@type":"Question","@id":"https:\/\/www.infakt.pl\/blog\/ostatnie-dni-na-rozliczenie-pit-za-2025-rok\/#faq-question-1777370027281","position":4,"url":"https:\/\/www.infakt.pl\/blog\/ostatnie-dni-na-rozliczenie-pit-za-2025-rok\/#faq-question-1777370027281","name":"Co grozi za niez\u0142o\u017cenie PIT do 30 kwietnia?","answerCount":1,"acceptedAnswer":{"@type":"Answer","text":"Formularze PIT-37 i PIT-38 zostan\u0105 automatycznie przyj\u0119te, ale bez \u017cadnych ulg. W przypadku bardziej z\u0142o\u017conych zezna\u0144 \u2014 m.in. dla przedsi\u0119biorc\u00f3w \u2014 brak aktywno\u015bci mo\u017ce oznacza\u0107 po prostu niez\u0142o\u017cenie deklaracji, co niesie ryzyko sankcji podatkowych.","inLanguage":"pl-PL"},"inLanguage":"pl-PL"},{"@type":"Question","@id":"https:\/\/www.infakt.pl\/blog\/ostatnie-dni-na-rozliczenie-pit-za-2025-rok\/#faq-question-1777370034677","position":5,"url":"https:\/\/www.infakt.pl\/blog\/ostatnie-dni-na-rozliczenie-pit-za-2025-rok\/#faq-question-1777370034677","name":"Ile czeka si\u0119 na zwrot nadp\u0142aty podatku?","answerCount":1,"acceptedAnswer":{"@type":"Answer","text":"Do 45 dni od zatwierdzenia e-deklaracji. W praktyce wiele zwrot\u00f3w trafia na konto znacznie szybciej. Przy rozliczeniu papierowym czas oczekiwania wynosi do 3 miesi\u0119cy.","inLanguage":"pl-PL"},"inLanguage":"pl-PL"},{"@type":"Question","@id":"https:\/\/www.infakt.pl\/blog\/ostatnie-dni-na-rozliczenie-pit-za-2025-rok\/#faq-question-1777370043261","position":6,"url":"https:\/\/www.infakt.pl\/blog\/ostatnie-dni-na-rozliczenie-pit-za-2025-rok\/#faq-question-1777370043261","name":"Czy przedsi\u0119biorca mo\u017ce skorzysta\u0107 z Tw\u00f3j e-PIT?","answerCount":1,"acceptedAnswer":{"@type":"Answer","text":"Tak, ale musi samodzielnie uzupe\u0142ni\u0107 i zatwierdzi\u0107 swoje zeznanie \u2014 system przygotowuje wst\u0119pne dane, jednak te wymagaj\u0105 weryfikacji i uzupe\u0142nienia, np. o koszty uzyskania przychodu czy wybrane ulgi.","inLanguage":"pl-PL"},"inLanguage":"pl-PL"},{"@type":"Question","@id":"https:\/\/www.infakt.pl\/blog\/ostatnie-dni-na-rozliczenie-pit-za-2025-rok\/#faq-question-1777370052464","position":7,"url":"https:\/\/www.infakt.pl\/blog\/ostatnie-dni-na-rozliczenie-pit-za-2025-rok\/#faq-question-1777370052464","name":"Co to jest 1,5% podatku i jak go przekaza\u0107?","answerCount":1,"acceptedAnswer":{"@type":"Answer","text":"Podczas sk\u0142adania zeznania mo\u017cesz wskaza\u0107 organizacj\u0119 po\u017cytku publicznego (OPP), kt\u00f3rej przeka\u017cesz 1,5% nale\u017cnego podatku. Nie zmniejsza to kwoty twojego zwrotu \u2014 to \u015brodki, kt\u00f3re i tak trafi\u0142yby do bud\u017cetu pa\u0144stwa.","inLanguage":"pl-PL"},"inLanguage":"pl-PL"}]}},"_links":{"self":[{"href":"https:\/\/www.infakt.pl\/blog\/wp-json\/wp\/v2\/posts\/82872","targetHints":{"allow":["GET"]}}],"collection":[{"href":"https:\/\/www.infakt.pl\/blog\/wp-json\/wp\/v2\/posts"}],"about":[{"href":"https:\/\/www.infakt.pl\/blog\/wp-json\/wp\/v2\/types\/post"}],"author":[{"embeddable":true,"href":"https:\/\/www.infakt.pl\/blog\/wp-json\/wp\/v2\/users\/135"}],"replies":[{"embeddable":true,"href":"https:\/\/www.infakt.pl\/blog\/wp-json\/wp\/v2\/comments?post=82872"}],"version-history":[{"count":3,"href":"https:\/\/www.infakt.pl\/blog\/wp-json\/wp\/v2\/posts\/82872\/revisions"}],"predecessor-version":[{"id":82878,"href":"https:\/\/www.infakt.pl\/blog\/wp-json\/wp\/v2\/posts\/82872\/revisions\/82878"}],"wp:featuredmedia":[{"embeddable":true,"href":"https:\/\/www.infakt.pl\/blog\/wp-json\/wp\/v2\/media\/82875"}],"wp:attachment":[{"href":"https:\/\/www.infakt.pl\/blog\/wp-json\/wp\/v2\/media?parent=82872"}],"wp:term":[{"taxonomy":"category","embeddable":true,"href":"https:\/\/www.infakt.pl\/blog\/wp-json\/wp\/v2\/categories?post=82872"},{"taxonomy":"post_tag","embeddable":true,"href":"https:\/\/www.infakt.pl\/blog\/wp-json\/wp\/v2\/tags?post=82872"}],"curies":[{"name":"wp","href":"https:\/\/api.w.org\/{rel}","templated":true}]}}