{"id":72083,"date":"2023-10-05T11:46:10","date_gmt":"2023-10-05T09:46:10","guid":{"rendered":"https:\/\/www.infakt.pl\/blog\/?p=72083"},"modified":"2024-01-17T08:28:24","modified_gmt":"2024-01-17T07:28:24","slug":"wybory-2023-bezpartyjni","status":"publish","type":"post","link":"https:\/\/www.infakt.pl\/blog\/wybory-2023-bezpartyjni\/","title":{"rendered":"Bezpartyjni Samorz\u0105dowcy: Uwolnienie przedsi\u0119biorczo\u015bci [Wybory 2023 \u2013 inFakt Check]"},"content":{"rendered":"\n<p>Obok polityk\u00f3w z r\u00f3\u017cnych partii, do wybor\u00f3w staj\u0105 r\u00f3wnie\u017c Bezpartyjni Samorz\u0105dowcy. Ten ruch polityczny skupia samorz\u0105dowc\u00f3w i przedsi\u0119biorc\u00f3w. W oficjalnych materia\u0142ach deklaruj\u0105, \u017ce chc\u0105 normalnej Polski. Co to dla nich oznacza w praktyce i jak wp\u0142ynie to na osoby prowadz\u0105ce biznes w naszym kraju?<\/p>\n\n\n\n<h2 class=\"wp-block-heading\"><strong>Podatki:<\/strong> Obni\u017cenie podatk\u00f3w i innych danin<\/h2>\n\n\n\n<p>Podatki to temat gor\u0105cy. Ka\u017cda z partii startuj\u0105cych w wyborach 2023 ma na nie sw\u00f3j pomys\u0142. Co proponuj\u0105 Bezpartyjni Samorz\u0105dowcy?<\/p>\n\n\n\n<ul class=\"wp-block-list\">\n<li><strong>Zerowy PIT<\/strong> dla wszystkich, kt\u00f3ry ma umo\u017cliwi\u0107 wzrost wynagrodze\u0144 pracowniczych i emerytur oraz obni\u017cy\u0107 koszty ponoszone przez pracodawc\u00f3w<\/li>\n\n\n\n<li><a href=\"https:\/\/www.infakt.pl\/ryczalt\/\">Rycza\u0142t<\/a> od przychod\u00f3w ewidencjonowanych, czyli <strong>podatek przychodowy zamiast CIT<\/strong><\/li>\n\n\n\n<li><strong>Kwota wolna <\/strong>od podatku Belki do 100 000 z\u0142 dochodu rocznie<\/li>\n\n\n\n<li>Sk\u0142adka <strong>zdrowotna odliczana<\/strong> od podatku<\/li>\n\n\n\n<li><strong>Reforma administracji skarbowej <\/strong>w kierunku traktowania obywatela nie jako petenta, lecz jako klienta<\/li>\n<\/ul>\n\n\n\n\t\t<div class=\"flex text-highlight-box flex-direction-column br-12 p-24 mt-36 mb-36 border-blue600\">\n\t\t\t<div class=\"heading flex\">\n\t\t\t\t<div class=\"img-box\">\n\t\t\t\t\t<img decoding=\"async\" class=\"icon w-auto m-0\" width=\"24\" height=\"24\" src=\"https:\/\/www.infakt.pl\/blog\/wp-content\/themes\/infakt\/assets\/images\/2020\/message.svg\" alt=\"box-icon\">\n\t\t\t\t<\/div>\n\t\t\t\t<p class=\"title small text-grey text-uppercase font-500 letter-s-1 mb-16\">Opinia eksperta \u2013 G\u0142\u00f3wny Doradca Podatkowy inFakt Piotr Juszczyk<\/p>\n\t\t\t<\/div>\n\t\t\t<p class=\"content base mb-0 mx-xs-0 font-400\">Propozycja likwidacji PIT, a w\u0142a\u015bciwie zerowy PIT to du\u017cy uszczerbek w bud\u017cecie. Je\u015bli obejmie wszystkich, czyli pracownik\u00f3w i przedsi\u0119biorc\u00f3w, mo\u017ce przekroczy\u0107 100 mld z\u0142. Propozycja w mojej ocenie nie da si\u0119 tego zrealizowa\u0107. Dodatkowo propozycja stoi w sprzeczno\u015bci z odliczeniem sk\u0142adki zdrowotnej od podatku. Brak PIT spowoduje, \u017ce nie b\u0119dzie od czego odliczy\u0107 tej sk\u0142adki.<br \/>\nKolejny punkt programu r\u00f3wnie\u017c przeczy ca\u0142kowitej likwidacji podatku dochodowego, poniewa\u017c wspomina o podatku od zysk\u00f3w. Partia proponuje jednak wprowadzenie kwoty wolnej od podatku Belki 100 000 z\u0142, kt\u00f3ra mog\u0142aby przynie\u015b\u0107 do 19 000 z\u0142 zysku rocznie. W mojej ocenie propozycje ruchu bezpartyjnych s\u0105 ciekawe, aczkolwiek ma\u0142o realne do zrealizowania.<\/p>\n\t\t<\/div>\n\n\t\n\n\n\n<h2 class=\"wp-block-heading\"><strong>Przedsi\u0119biorczo\u015b\u0107<\/strong>: Od przedsi\u0119biorc\u00f3w dla przedsi\u0119biorc\u00f3w<\/h2>\n\n\n\n<p>Ruch Bezpartyjnych Samorz\u0105dowc\u00f3w sk\u0142ada si\u0119 mi\u0119dzy innymi z przedsi\u0119biorc\u00f3w. Jest to grupa, kt\u00f3ra ogl\u0105da jasne i ciemne strony prowadzenia dzia\u0142alno\u015bci w Polsce z bliska. Oto co chc\u0105 zaproponowa\u0107 w nadchodz\u0105cych wyborach przedsi\u0119biorczym Polakom.<\/p>\n\n\n\n<ul class=\"wp-block-list\">\n<li><strong>Dobrowolny ZUS<\/strong> dla przedsi\u0119biorc\u00f3w<\/li>\n\n\n\n<li><strong>Likwidacja obowi\u0105zku<\/strong> op\u0142acania sk\u0142adki zdrowotnej przy jednoosobowej dzia\u0142alno\u015bci gospodarczej jako drugim \u017ar\u00f3dle dochodu<\/li>\n\n\n\n<li>Zwi\u0119kszenie <strong>limitu przychodu z dzia\u0142alno\u015bci nierejestrowanej<\/strong> do 100% minimalnego wynagrodzenia<\/li>\n\n\n\n<li>Odpowiedzialno\u015b\u0107 <strong>dyscyplinarna i maj\u0105tkowa<\/strong> urz\u0119dnik\u00f3w w przypadku naruszenia przepis\u00f3w<\/li>\n\n\n\n<li><strong>Ograniczenie <\/strong>biurokracji, zb\u0119dnych regulacji i raport\u00f3w<\/li>\n\n\n\n<li>Przypisanie <strong>opiekuna <\/strong>do ka\u017cdego podatnika<\/li>\n\n\n\n<li>Zakaz nak\u0142adania przez ustawodawc\u0119 <strong>nowych obowi\u0105zk\u00f3w biurokratycznych<\/strong> na mikroprzedsi\u0119biorc\u00f3w (i redukcja obecnie istniej\u0105cych)<\/li>\n\n\n\n<li>Nowe obowi\u0105zki dla przedsi\u0119biorc\u00f3w w prawie gospodarczym z minimum <strong>p\u00f3\u0142rocznym wyprzedzeniem<\/strong><\/li>\n\n\n\n<li>Mo\u017cliwo\u015b\u0107 rozliczania si\u0119 <strong>rycza\u0142tem od przychod\u00f3w <\/strong>bez ogranicze\u0144 wraz z dostosowaniem stawek do mo\u017cliwo\u015bci w poszczeg\u00f3lnych bran\u017cach<\/li>\n\n\n\n<li>Zniesienie zawieszenia biegu terminu zobowi\u0105zania na skutek wszcz\u0119cia <strong>post\u0119powania karno-skarbowego<\/strong><\/li>\n\n\n\n<li>Ograniczenie <strong>tymczasowych aresztowa\u0144 <\/strong>przy podejrzeniu pope\u0142nienia przest\u0119pstwa gospodarczego<\/li>\n\n\n\n<li>Powo\u0142anie <strong>Powszechnego Samorz\u0105du Gospodarczego<\/strong><\/li>\n\n\n\n<li>Rozw\u00f3j systemu <strong>finansowania M\u015aP<\/strong><\/li>\n<\/ul>\n\n\n\n\t\t<div class=\"flex text-highlight-box flex-direction-column br-12 p-24 mt-36 mb-36 border-blue600\">\n\t\t\t<div class=\"heading flex\">\n\t\t\t\t<div class=\"img-box\">\n\t\t\t\t\t<img decoding=\"async\" class=\"icon w-auto m-0\" width=\"24\" height=\"24\" src=\"https:\/\/www.infakt.pl\/blog\/wp-content\/themes\/infakt\/assets\/images\/2020\/message.svg\" alt=\"box-icon\">\n\t\t\t\t<\/div>\n\t\t\t\t<p class=\"title small text-grey text-uppercase font-500 letter-s-1 mb-16\">Opinia eksperta \u2013 G\u0142\u00f3wny Doradca Podatkowy inFakt Piotr Juszczyk<\/p>\n\t\t\t<\/div>\n\t\t\t<p class=\"content base mb-0 mx-xs-0 font-400\">Propozycja wprowadzenia dobrowolnego ZUS dla przedsi\u0119biorc\u00f3w bardzo ucieszy t\u0119 grup\u0119 wyborc\u00f3w. Dzi\u015b jednoosobowe dzia\u0142alno\u015bci gospodarcze p\u0142ac\u0105 sk\u0142adki ZUS na poziomie 1 400 z\u0142 miesi\u0119cznie. Do tego dochodzi jeszcze sk\u0142adka zdrowotna. Maj\u0105c to na uwadze, Bezpartyjni Samorz\u0105dowcy chc\u0105 dodatkowo likwidacji obowi\u0105zku op\u0142acania podw\u00f3jnej sk\u0142adki zdrowotnej. Zmiany te znacz\u0105co wp\u0142yn\u0119\u0142oby na bud\u017cet, przy czym sprzyja\u0142yby przedsi\u0119biorczo\u015bci w Polsce. Bezpartyjni zdecydowanie w swoim programie stawiaj\u0105 na przedsi\u0119biorc\u00f3w.<\/p>\n\t\t<\/div>\n\n\t\n\n\n\n<h2 class=\"wp-block-heading\"><strong>Rynek pracy:<\/strong> Rodzina przede wszystkim<\/h2>\n\n\n\n<p>Wsparcie dla rodzin, skupienie na zwi\u0119kszeniu atrakcyjno\u015bci pa\u0144stwa na arenie mi\u0119dzynarodowej, czy opieka nad seniorami\u2026 to tylko kilka punkt\u00f3w z zaprezentowanego programu wyborczego, kt\u00f3re mog\u0105 wp\u0142yn\u0105\u0107 na rynek pracy po wyborach.<\/p>\n\n\n\n<ul class=\"wp-block-list\">\n<li>Wprowadzenie <strong>elastycznego systemu pracy<\/strong> dla pracuj\u0105cych rodzic\u00f3w<\/li>\n\n\n\n<li>Uruchomienie program\u00f3w <strong>wsparcia finansowego<\/strong> dla rodzin, kt\u00f3re zatrudniaj\u0105 m.in. dziadk\u00f3w\/senior\u00f3w jako opiekun\u00f3w dzieci<\/li>\n\n\n\n<li>Programy finansowania opieki nad dzie\u0107mi, takie jak zasi\u0142ki opieku\u0144cze lub <strong>opieka nad dzie\u0107mi w miejscu pracy<\/strong><\/li>\n\n\n\n<li><strong>Subwencje <\/strong>dla firm, kt\u00f3re zatrudniaj\u0105 pracownik\u00f3w z dzie\u0107mi<\/li>\n\n\n\n<li>Stworzenie specjalnych plac\u00f3wek dla dzieci, w kt\u00f3rych<strong> opiek\u0119 nad dzie\u0107mi sprawowa\u0107 b\u0119d\u0105 dziadkowie<\/strong>\/seniorzy<\/li>\n\n\n\n<li><strong>Wzmocnienie <\/strong>roli ojca jako opiekuna poprzez wprowadzenie modelu szwedzkiego, w kt\u00f3rym ojcowie maj\u0105 prawo do 10 tygodni urlopu tacierzy\u0144skiego, kt\u00f3ry mo\u017ce by\u0107 wykorzystany do uzupe\u0142nienia urlopu macierzy\u0144skiego matki<\/li>\n\n\n\n<li>Reaktywowanie \u201e<strong>przedszkola w pracy<\/strong>\u201d<\/li>\n\n\n\n<li>Zmniejszenie obci\u0105\u017cenia m\u0142odych rodzic\u00f3w <strong>opiek\u0105 nad seniorami<\/strong><\/li>\n\n\n\n<li>Dzia\u0142ania maj\u0105ce na celu<strong> zach\u0119t\u0119 do powrotu do kraju<\/strong>\n<ul class=\"wp-block-list\">\n<li>Poprawa sytuacji na rynku pracy<\/li>\n\n\n\n<li>Poprawa warunk\u00f3w mieszkaniowych<\/li>\n\n\n\n<li>Poprawa opieki zdrowotnej<\/li>\n\n\n\n<li>Wspieranie rodzin z dzie\u0107mi<\/li>\n\n\n\n<li>Wspieranie kultury, j\u0119zyka i edukacji<\/li>\n\n\n\n<li>U\u0142atwienie procesu powrotu<\/li>\n<\/ul>\n<\/li>\n\n\n\n<li>U\u0142atwienie funkcjonowania <strong>obcokrajowcom <\/strong>w Polsce\n<ul class=\"wp-block-list\">\n<li>Poprawa warunk\u00f3w j\u0119zykowych<\/li>\n\n\n\n<li>U\u0142atwienie procedur biurokratycznych<\/li>\n\n\n\n<li>Wsparcie w integracji<\/li>\n\n\n\n<li>Wiedza o spo\u0142ecze\u0144stwie (WOS) dla obcokrajowc\u00f3w<\/li>\n\n\n\n<li>Poradnia podatkowo-ksi\u0119gowa<\/li>\n\n\n\n<li>Wsparcie w znalezieniu pracy<\/li>\n\n\n\n<li>Wprowadzanie na rynek pracy<\/li>\n\n\n\n<li>Wsparcie w zakwaterowaniu<\/li>\n\n\n\n<li>Zmniejszenie ryzyka pracodawcy zwi\u0105zanego z zatrudnianiem obcokrajowc\u00f3w<\/li>\n<\/ul>\n<\/li>\n\n\n\n<li>Dzia\u0142ania maj\u0105ce na celu <strong>zach\u0119t\u0119 do pozostania w kraju<\/strong>\n<ul class=\"wp-block-list\">\n<li>Stabilny rynek pracy i atrakcyjne warunki<\/li>\n\n\n\n<li>Wsparcie dla przedsi\u0119biorczo\u015bci<\/li>\n\n\n\n<li>Poprawa sytuacji na rynku mieszkaniowym&nbsp;<\/li>\n\n\n\n<li>Wsparcie dla edukacji i nauki&nbsp;<\/li>\n\n\n\n<li>Konieczno\u015b\u0107 odpracowania studi\u00f3w<\/li>\n\n\n\n<li>Polityka otwarto\u015bci i tolerancji<\/li>\n\n\n\n<li>Reforma systemu ubezpiecze\u0144 spo\u0142ecznych<\/li>\n<\/ul>\n<\/li>\n<\/ul>\n\n\n\n\t\t<div class=\"flex text-highlight-box flex-direction-column br-12 p-24 mt-36 mb-36 border-blue600\">\n\t\t\t<div class=\"heading flex\">\n\t\t\t\t<div class=\"img-box\">\n\t\t\t\t\t<img decoding=\"async\" class=\"icon w-auto m-0\" width=\"24\" height=\"24\" src=\"https:\/\/www.infakt.pl\/blog\/wp-content\/themes\/infakt\/assets\/images\/2020\/message.svg\" alt=\"box-icon\">\n\t\t\t\t<\/div>\n\t\t\t\t<p class=\"title small text-grey text-uppercase font-500 letter-s-1 mb-16\">Opinia eksperta \u2013 G\u0142\u00f3wny Doradca Podatkowy inFakt Piotr Juszczyk<\/p>\n\t\t\t<\/div>\n\t\t\t<p class=\"content base mb-0 mx-xs-0 font-400\">W obszarze rynku pracy wida\u0107, \u017ce bezpartyjni mocno stawiaj\u0105 na rodzin\u0119. \u015awiadcz\u0105 o tym propozycja elastycznego czasu pracy, opieka nad dzie\u0107mi czy nawet subwencje dla firm, kt\u00f3re zatrudniaj\u0105 pracownik\u00f3w z dzie\u0107mi, a tak\u017ce same przedszkola w miejscach pracy. Ruch chcia\u0142by te\u017c podj\u0105\u0107 dzia\u0142ania zach\u0119caj\u0105ce Polak\u00f3w do powrotu do kraju. W programie znajdziemy te\u017c propozycje maj\u0105ce na celu u\u0142atwienie obcokrajowcom funkcjonowanie w Polsce. Wpisuje si\u0119 to w ide\u0119 przyjaznego pa\u0144stwa.<\/p>\n\t\t<\/div>\n\n\t\n\n\n\n<h2 class=\"wp-block-heading\"><strong>ZUS i \u015bwiadczenia socjalne:<\/strong> Wi\u0119ksza dobrowolno\u015b\u0107 i cofni\u0119cie ustale\u0144 Polskiego \u0141adu<\/h2>\n\n\n\n<p>Jakie plany maj\u0105 Bezpartyjni Samorz\u0105dowcy wzgl\u0119dem ZUS? Oto ich propozycje.<\/p>\n\n\n\n<ul class=\"wp-block-list\">\n<li>Zwi\u0119kszenie limitu rocznego wp\u0142at na <strong>IKE i IKZE<\/strong>&nbsp;<\/li>\n\n\n\n<li><strong>Preferencje podatkowe<\/strong> dla trzeciego filaru emerytalnego, je\u015bli nie uda si\u0119 zlikwidowa\u0107 podatku PIT albo wprowadzi\u0107 kwoty wolnej od podatku Belki<\/li>\n\n\n\n<li>Stworzenie <strong>Pa\u0144stwowego Banku Emerytur i Rent <\/strong>(PBEiR) w miejsce ZUS<\/li>\n\n\n\n<li><strong>Ujednolicona danina<\/strong> i pob\u00f3r sk\u0142adek na ubezpieczenie spo\u0142eczne i zdrowotne przez Zak\u0142ad Ubezpiecze\u0144 Spo\u0142ecznych<\/li>\n\n\n\n<li><strong>Zmiana poboru sk\u0142adki<\/strong> zdrowotnej przedsi\u0119biorcy, polegaj\u0105c\u0105 na \u015bcis\u0142ym powi\u0105zaniu podstawy sk\u0142adki zdrowotnej z jednym z parametr\u00f3w podatkowych<\/li>\n\n\n\n<li>Uproszczenie sposobu <strong>ustalania wysoko\u015bci sk\u0142adki <\/strong>zdrowotnej przedsi\u0119biorcy<\/li>\n\n\n\n<li><strong>U\u0142atwienie weryfikacji<\/strong> prawid\u0142owo\u015bci naliczonej i zap\u0142aconej sk\u0142adki poprzez wymian\u0119 informacji pomi\u0119dzy ZUS a Krajow\u0105 Administracj\u0105 Skarbow\u0105 (KAS)<\/li>\n\n\n\n<li>Rezygnacja z wprowadzenia <strong>odr\u0119bnej ewidencji finansowej<\/strong> na potrzeby sk\u0142adki zdrowotnej<\/li>\n\n\n\n<li><strong>Zmniejszenie koszt\u00f3w<\/strong> poboru sk\u0142adki zdrowotnej po stronie ZUS<\/li>\n\n\n\n<li><strong>Podzia\u0142 sk\u0142adki<\/strong> (75% sk\u0142adki na finansowanie \u015bwiadcze\u0144 na rzecz ubezpieczonego i 25% na rzecz pozosta\u0142ych \u015bwiadcze\u0144)<\/li>\n\n\n\n<li>Przy wykupie prywatnych us\u0142ug leczniczych <strong>mo\u017cliwo\u015b\u0107 odliczenia w podatkach<\/strong> tzw. limit\u00f3w kwot z jednoczesnym zachowaniem prawa do publicznej s\u0142u\u017cby zdrowia<\/li>\n\n\n\n<li><strong>Bezp\u0142atna komunikacja<\/strong> miejska i regionalna<\/li>\n<\/ul>\n\n\n\n\t\t<div class=\"flex text-highlight-box flex-direction-column br-12 p-24 mt-36 mb-36 border-blue600\">\n\t\t\t<div class=\"heading flex\">\n\t\t\t\t<div class=\"img-box\">\n\t\t\t\t\t<img decoding=\"async\" class=\"icon w-auto m-0\" width=\"24\" height=\"24\" src=\"https:\/\/www.infakt.pl\/blog\/wp-content\/themes\/infakt\/assets\/images\/2020\/message.svg\" alt=\"box-icon\">\n\t\t\t\t<\/div>\n\t\t\t\t<p class=\"title small text-grey text-uppercase font-500 letter-s-1 mb-16\">Opinia eksperta \u2013 G\u0142\u00f3wny Doradca Podatkowy inFakt Piotr Juszczyk<\/p>\n\t\t\t<\/div>\n\t\t\t<p class=\"content base mb-0 mx-xs-0 font-400\">Wida\u0107 te\u017c, \u017ce partia patrzy realnie na to, co mo\u017cna zrobi\u0107. Z jednej strony m\u00f3wi o likwidacji PIT, ale wskazuje te\u017c na niemo\u017cliwo\u015b\u0107 wprowadzenia takiego rozwi\u0105zania. W zwi\u0105zku z tym proponuj\u0105 preferencje podatkowe w miejsca zerowego PIT. Wprowadzenie odlicze\u0144 od podatku z pewno\u015bci\u0105 jest dobrym rozwi\u0105zaniem i alternatyw\u0105 dla program\u00f3w socjalnych. Przy obecnym bezrobociu nie mamy problemu z prac\u0105. Zach\u0119t\u0105 do zarabiania mog\u0142yby by\u0107 te\u017c odpowiednie preferencje. Wida\u0107 te\u017c mocna ingerencje w ZUS. W mojej ocenie rozwi\u0105zania bezpartyjnych s\u0105 przyjazne, ale nie wszystkie s\u0105 mo\u017cliwe do zrealizowania. Komitet prezentuje plan w swoim odczuciu idealny, ale podaje te\u017c alternatywy \u2013 to dobry znak. Przedsi\u0119biorcom nale\u017cy u\u0142atwia\u0107 prowadzenie biznesu w Polsce i taki te\u017c proponuj\u0105 program.<\/p>\n\t\t<\/div>\n\n\t\n\n\n\n<h2 class=\"wp-block-heading\">Bezpartyjni Samorz\u0105dowcy: Przedsi\u0119biorcy przedsi\u0119biorcom<\/h2>\n\n\n\n<p>Program wyborczy Bezpartyjnych Samorz\u0105dowc\u00f3w wyra\u017anie by\u0142 pisany lub konsultowany z my\u015bl\u0105 o osobach prowadz\u0105cych biznesy w Polsce. Wiele rozwi\u0105za\u0144 jest niemal skrojonych pod t\u0119 grup\u0119 obywateli. Ruch mocno skupia si\u0119 na zagadnieniach zwi\u0105zanych z przedsi\u0119biorczo\u015bci\u0105 i rynkiem pracy. Kilka&nbsp; propozycji, zw\u0142aszcza tych dotycz\u0105cych podatk\u00f3w, jest \u015bmia\u0142ych i niesie ryzyko, \u017ce nie b\u0119d\u0105 mo\u017cliwe do zrealizowania. Bezpartyjni przygotowali si\u0119 na tak\u0105 mo\u017cliwo\u015b\u0107 i cz\u0119sto przedstawiaj\u0105 rozwi\u0105zania alternatywne. To pozytywny znak, kt\u00f3ry sugeruje, \u017ce tworz\u0105cy program mieli \u015bwiadomo\u015b\u0107 ogranicze\u0144 i przygotowali si\u0119 na r\u00f3\u017cne scenariusze dzia\u0142a\u0144.<\/p>\n","protected":false},"excerpt":{"rendered":"<p>Obok polityk\u00f3w z r\u00f3\u017cnych partii, do wybor\u00f3w staj\u0105 r\u00f3wnie\u017c Bezpartyjni Samorz\u0105dowcy. Ten ruch polityczny skupia samorz\u0105dowc\u00f3w i przedsi\u0119biorc\u00f3w. W oficjalnych&hellip;<\/p>\n","protected":false},"author":123,"featured_media":72090,"comment_status":"open","ping_status":"open","sticky":false,"template":"","format":"standard","meta":{"_acf_changed":false,"footnotes":""},"categories":[2052,2674],"tags":[],"class_list":["post-72083","post","type-post","status-publish","format-standard","has-post-thumbnail","hentry","category-aktualnosci","category-infakt-check"],"acf":[],"yoast_head":"<!-- This site is optimized with the Yoast SEO plugin v27.4 - https:\/\/yoast.com\/product\/yoast-seo-wordpress\/ -->\n<title>Bezpartyjni Samorz\u0105dowcy: Uwolnienie przedsi\u0119biorczo\u015bci [Wybory 2023 \u2013 inFakt Check] - blog inFakt<\/title>\n<meta name=\"robots\" content=\"index, follow, max-snippet:-1, max-image-preview:large, max-video-preview:-1\" \/>\n<link rel=\"canonical\" href=\"https:\/\/www.infakt.pl\/blog\/wybory-2023-bezpartyjni\/\" \/>\n<meta property=\"og:locale\" content=\"pl_PL\" \/>\n<meta property=\"og:type\" content=\"article\" \/>\n<meta property=\"og:title\" content=\"Bezpartyjni Samorz\u0105dowcy: Uwolnienie przedsi\u0119biorczo\u015bci [Wybory 2023 \u2013 inFakt Check] - blog inFakt\" \/>\n<meta property=\"og:description\" content=\"Obok polityk\u00f3w z r\u00f3\u017cnych partii, do wybor\u00f3w staj\u0105 r\u00f3wnie\u017c Bezpartyjni Samorz\u0105dowcy. Ten ruch polityczny skupia samorz\u0105dowc\u00f3w i przedsi\u0119biorc\u00f3w. W oficjalnych&hellip;\" \/>\n<meta property=\"og:url\" content=\"https:\/\/www.infakt.pl\/blog\/wybory-2023-bezpartyjni\/\" \/>\n<meta property=\"og:site_name\" content=\"Infakt Blog\" \/>\n<meta property=\"article:published_time\" content=\"2023-10-05T09:46:10+00:00\" \/>\n<meta property=\"article:modified_time\" content=\"2024-01-17T07:28:24+00:00\" \/>\n<meta property=\"og:image\" content=\"https:\/\/www.infakt.pl\/blog\/wp-content\/uploads\/2023\/10\/infakt-check-wybory-2023-bezpartyjni.png\" \/>\n\t<meta property=\"og:image:width\" content=\"1280\" \/>\n\t<meta property=\"og:image:height\" content=\"720\" \/>\n\t<meta property=\"og:image:type\" content=\"image\/png\" \/>\n<meta name=\"author\" content=\"Katarzyna Leszkiewicz\" \/>\n<meta name=\"twitter:card\" content=\"summary_large_image\" \/>\n<meta name=\"twitter:label1\" content=\"Napisane przez\" \/>\n\t<meta name=\"twitter:data1\" content=\"Katarzyna Leszkiewicz\" \/>\n\t<meta name=\"twitter:label2\" content=\"Szacowany czas czytania\" \/>\n\t<meta name=\"twitter:data2\" content=\"7 minut\" \/>\n<script type=\"application\/ld+json\" class=\"yoast-schema-graph\">{\"@context\":\"https:\\\/\\\/schema.org\",\"@graph\":[{\"@type\":\"Article\",\"@id\":\"https:\\\/\\\/www.infakt.pl\\\/blog\\\/wybory-2023-bezpartyjni\\\/#article\",\"isPartOf\":{\"@id\":\"https:\\\/\\\/www.infakt.pl\\\/blog\\\/wybory-2023-bezpartyjni\\\/\"},\"author\":{\"name\":\"Katarzyna Leszkiewicz\",\"@id\":\"https:\\\/\\\/www.infakt.pl\\\/blog\\\/#\\\/schema\\\/person\\\/1243ea92ec9379093154975c8e0704c3\"},\"headline\":\"Bezpartyjni Samorz\u0105dowcy: Uwolnienie przedsi\u0119biorczo\u015bci [Wybory 2023 \u2013 inFakt Check]\",\"datePublished\":\"2023-10-05T09:46:10+00:00\",\"dateModified\":\"2024-01-17T07:28:24+00:00\",\"mainEntityOfPage\":{\"@id\":\"https:\\\/\\\/www.infakt.pl\\\/blog\\\/wybory-2023-bezpartyjni\\\/\"},\"wordCount\":1495,\"commentCount\":0,\"image\":{\"@id\":\"https:\\\/\\\/www.infakt.pl\\\/blog\\\/wybory-2023-bezpartyjni\\\/#primaryimage\"},\"thumbnailUrl\":\"https:\\\/\\\/www.infakt.pl\\\/blog\\\/wp-content\\\/uploads\\\/2023\\\/10\\\/infakt-check-wybory-2023-bezpartyjni.png\",\"articleSection\":[\"Aktualno\u015bci\",\"inFakt Check\"],\"inLanguage\":\"pl-PL\",\"potentialAction\":[{\"@type\":\"CommentAction\",\"name\":\"Comment\",\"target\":[\"https:\\\/\\\/www.infakt.pl\\\/blog\\\/wybory-2023-bezpartyjni\\\/#respond\"]}]},{\"@type\":\"WebPage\",\"@id\":\"https:\\\/\\\/www.infakt.pl\\\/blog\\\/wybory-2023-bezpartyjni\\\/\",\"url\":\"https:\\\/\\\/www.infakt.pl\\\/blog\\\/wybory-2023-bezpartyjni\\\/\",\"name\":\"Bezpartyjni Samorz\u0105dowcy: Uwolnienie przedsi\u0119biorczo\u015bci [Wybory 2023 \u2013 inFakt Check] - blog inFakt\",\"isPartOf\":{\"@id\":\"https:\\\/\\\/www.infakt.pl\\\/blog\\\/#website\"},\"primaryImageOfPage\":{\"@id\":\"https:\\\/\\\/www.infakt.pl\\\/blog\\\/wybory-2023-bezpartyjni\\\/#primaryimage\"},\"image\":{\"@id\":\"https:\\\/\\\/www.infakt.pl\\\/blog\\\/wybory-2023-bezpartyjni\\\/#primaryimage\"},\"thumbnailUrl\":\"https:\\\/\\\/www.infakt.pl\\\/blog\\\/wp-content\\\/uploads\\\/2023\\\/10\\\/infakt-check-wybory-2023-bezpartyjni.png\",\"datePublished\":\"2023-10-05T09:46:10+00:00\",\"dateModified\":\"2024-01-17T07:28:24+00:00\",\"author\":{\"@id\":\"https:\\\/\\\/www.infakt.pl\\\/blog\\\/#\\\/schema\\\/person\\\/1243ea92ec9379093154975c8e0704c3\"},\"breadcrumb\":{\"@id\":\"https:\\\/\\\/www.infakt.pl\\\/blog\\\/wybory-2023-bezpartyjni\\\/#breadcrumb\"},\"inLanguage\":\"pl-PL\",\"potentialAction\":[{\"@type\":\"ReadAction\",\"target\":[\"https:\\\/\\\/www.infakt.pl\\\/blog\\\/wybory-2023-bezpartyjni\\\/\"]}]},{\"@type\":\"ImageObject\",\"inLanguage\":\"pl-PL\",\"@id\":\"https:\\\/\\\/www.infakt.pl\\\/blog\\\/wybory-2023-bezpartyjni\\\/#primaryimage\",\"url\":\"https:\\\/\\\/www.infakt.pl\\\/blog\\\/wp-content\\\/uploads\\\/2023\\\/10\\\/infakt-check-wybory-2023-bezpartyjni.png\",\"contentUrl\":\"https:\\\/\\\/www.infakt.pl\\\/blog\\\/wp-content\\\/uploads\\\/2023\\\/10\\\/infakt-check-wybory-2023-bezpartyjni.png\",\"width\":1280,\"height\":720},{\"@type\":\"BreadcrumbList\",\"@id\":\"https:\\\/\\\/www.infakt.pl\\\/blog\\\/wybory-2023-bezpartyjni\\\/#breadcrumb\",\"itemListElement\":[{\"@type\":\"ListItem\",\"position\":1,\"name\":\"Blog\",\"item\":\"https:\\\/\\\/www.infakt.pl\\\/blog\\\/\"},{\"@type\":\"ListItem\",\"position\":2,\"name\":\"inFakt Check\",\"item\":\"https:\\\/\\\/www.infakt.pl\\\/blog\\\/kategoria\\\/infakt-check\\\/\"},{\"@type\":\"ListItem\",\"position\":3,\"name\":\"Bezpartyjni Samorz\u0105dowcy: Uwolnienie przedsi\u0119biorczo\u015bci [Wybory 2023 \u2013 in&hellip;\"}]},{\"@type\":\"WebSite\",\"@id\":\"https:\\\/\\\/www.infakt.pl\\\/blog\\\/#website\",\"url\":\"https:\\\/\\\/www.infakt.pl\\\/blog\\\/\",\"name\":\"Infakt Blog\",\"description\":\"\",\"potentialAction\":[{\"@type\":\"SearchAction\",\"target\":{\"@type\":\"EntryPoint\",\"urlTemplate\":\"https:\\\/\\\/www.infakt.pl\\\/blog\\\/?s={search_term_string}\"},\"query-input\":{\"@type\":\"PropertyValueSpecification\",\"valueRequired\":true,\"valueName\":\"search_term_string\"}}],\"inLanguage\":\"pl-PL\"},{\"@type\":\"Person\",\"@id\":\"https:\\\/\\\/www.infakt.pl\\\/blog\\\/#\\\/schema\\\/person\\\/1243ea92ec9379093154975c8e0704c3\",\"name\":\"Katarzyna Leszkiewicz\",\"image\":{\"@type\":\"ImageObject\",\"inLanguage\":\"pl-PL\",\"@id\":\"https:\\\/\\\/secure.gravatar.com\\\/avatar\\\/d0f44acca15e20a44df8dc2b0cedc7128c4526fa83aa621114447cbddaaa13d4?s=96&d=mm&r=g\",\"url\":\"https:\\\/\\\/secure.gravatar.com\\\/avatar\\\/d0f44acca15e20a44df8dc2b0cedc7128c4526fa83aa621114447cbddaaa13d4?s=96&d=mm&r=g\",\"contentUrl\":\"https:\\\/\\\/secure.gravatar.com\\\/avatar\\\/d0f44acca15e20a44df8dc2b0cedc7128c4526fa83aa621114447cbddaaa13d4?s=96&d=mm&r=g\",\"caption\":\"Katarzyna Leszkiewicz\"},\"description\":\"Jestem odpowiedzialna za prowadzenie medi\u00f3w spo\u0142eczno\u015bciowych inFaktu. W komunikacji skupiam si\u0119 na warto\u015bci danej Przedsi\u0119biorcom oraz edukacji dotycz\u0105cej najwa\u017cniejszych zagadnie\u0144. Prywatnie jestem fank\u0105 koncert\u00f3w i podr\u00f3\u017cowania.\",\"url\":\"https:\\\/\\\/www.infakt.pl\\\/blog\\\/author\\\/katarzyna-leszkiewicz\\\/\"}]}<\/script>\n<!-- \/ Yoast SEO plugin. -->","yoast_head_json":{"title":"Bezpartyjni Samorz\u0105dowcy: Uwolnienie przedsi\u0119biorczo\u015bci [Wybory 2023 \u2013 inFakt Check] - blog inFakt","robots":{"index":"index","follow":"follow","max-snippet":"max-snippet:-1","max-image-preview":"max-image-preview:large","max-video-preview":"max-video-preview:-1"},"canonical":"https:\/\/www.infakt.pl\/blog\/wybory-2023-bezpartyjni\/","og_locale":"pl_PL","og_type":"article","og_title":"Bezpartyjni Samorz\u0105dowcy: Uwolnienie przedsi\u0119biorczo\u015bci [Wybory 2023 \u2013 inFakt Check] - blog inFakt","og_description":"Obok polityk\u00f3w z r\u00f3\u017cnych partii, do wybor\u00f3w staj\u0105 r\u00f3wnie\u017c Bezpartyjni Samorz\u0105dowcy. Ten ruch polityczny skupia samorz\u0105dowc\u00f3w i przedsi\u0119biorc\u00f3w. W oficjalnych&hellip;","og_url":"https:\/\/www.infakt.pl\/blog\/wybory-2023-bezpartyjni\/","og_site_name":"Infakt Blog","article_published_time":"2023-10-05T09:46:10+00:00","article_modified_time":"2024-01-17T07:28:24+00:00","og_image":[{"width":1280,"height":720,"url":"https:\/\/www.infakt.pl\/blog\/wp-content\/uploads\/2023\/10\/infakt-check-wybory-2023-bezpartyjni.png","type":"image\/png"}],"author":"Katarzyna Leszkiewicz","twitter_card":"summary_large_image","twitter_misc":{"Napisane przez":"Katarzyna Leszkiewicz","Szacowany czas czytania":"7 minut"},"schema":{"@context":"https:\/\/schema.org","@graph":[{"@type":"Article","@id":"https:\/\/www.infakt.pl\/blog\/wybory-2023-bezpartyjni\/#article","isPartOf":{"@id":"https:\/\/www.infakt.pl\/blog\/wybory-2023-bezpartyjni\/"},"author":{"name":"Katarzyna Leszkiewicz","@id":"https:\/\/www.infakt.pl\/blog\/#\/schema\/person\/1243ea92ec9379093154975c8e0704c3"},"headline":"Bezpartyjni Samorz\u0105dowcy: Uwolnienie przedsi\u0119biorczo\u015bci [Wybory 2023 \u2013 inFakt Check]","datePublished":"2023-10-05T09:46:10+00:00","dateModified":"2024-01-17T07:28:24+00:00","mainEntityOfPage":{"@id":"https:\/\/www.infakt.pl\/blog\/wybory-2023-bezpartyjni\/"},"wordCount":1495,"commentCount":0,"image":{"@id":"https:\/\/www.infakt.pl\/blog\/wybory-2023-bezpartyjni\/#primaryimage"},"thumbnailUrl":"https:\/\/www.infakt.pl\/blog\/wp-content\/uploads\/2023\/10\/infakt-check-wybory-2023-bezpartyjni.png","articleSection":["Aktualno\u015bci","inFakt Check"],"inLanguage":"pl-PL","potentialAction":[{"@type":"CommentAction","name":"Comment","target":["https:\/\/www.infakt.pl\/blog\/wybory-2023-bezpartyjni\/#respond"]}]},{"@type":"WebPage","@id":"https:\/\/www.infakt.pl\/blog\/wybory-2023-bezpartyjni\/","url":"https:\/\/www.infakt.pl\/blog\/wybory-2023-bezpartyjni\/","name":"Bezpartyjni Samorz\u0105dowcy: Uwolnienie przedsi\u0119biorczo\u015bci [Wybory 2023 \u2013 inFakt Check] - blog inFakt","isPartOf":{"@id":"https:\/\/www.infakt.pl\/blog\/#website"},"primaryImageOfPage":{"@id":"https:\/\/www.infakt.pl\/blog\/wybory-2023-bezpartyjni\/#primaryimage"},"image":{"@id":"https:\/\/www.infakt.pl\/blog\/wybory-2023-bezpartyjni\/#primaryimage"},"thumbnailUrl":"https:\/\/www.infakt.pl\/blog\/wp-content\/uploads\/2023\/10\/infakt-check-wybory-2023-bezpartyjni.png","datePublished":"2023-10-05T09:46:10+00:00","dateModified":"2024-01-17T07:28:24+00:00","author":{"@id":"https:\/\/www.infakt.pl\/blog\/#\/schema\/person\/1243ea92ec9379093154975c8e0704c3"},"breadcrumb":{"@id":"https:\/\/www.infakt.pl\/blog\/wybory-2023-bezpartyjni\/#breadcrumb"},"inLanguage":"pl-PL","potentialAction":[{"@type":"ReadAction","target":["https:\/\/www.infakt.pl\/blog\/wybory-2023-bezpartyjni\/"]}]},{"@type":"ImageObject","inLanguage":"pl-PL","@id":"https:\/\/www.infakt.pl\/blog\/wybory-2023-bezpartyjni\/#primaryimage","url":"https:\/\/www.infakt.pl\/blog\/wp-content\/uploads\/2023\/10\/infakt-check-wybory-2023-bezpartyjni.png","contentUrl":"https:\/\/www.infakt.pl\/blog\/wp-content\/uploads\/2023\/10\/infakt-check-wybory-2023-bezpartyjni.png","width":1280,"height":720},{"@type":"BreadcrumbList","@id":"https:\/\/www.infakt.pl\/blog\/wybory-2023-bezpartyjni\/#breadcrumb","itemListElement":[{"@type":"ListItem","position":1,"name":"Blog","item":"https:\/\/www.infakt.pl\/blog\/"},{"@type":"ListItem","position":2,"name":"inFakt Check","item":"https:\/\/www.infakt.pl\/blog\/kategoria\/infakt-check\/"},{"@type":"ListItem","position":3,"name":"Bezpartyjni Samorz\u0105dowcy: Uwolnienie przedsi\u0119biorczo\u015bci [Wybory 2023 \u2013 in&hellip;"}]},{"@type":"WebSite","@id":"https:\/\/www.infakt.pl\/blog\/#website","url":"https:\/\/www.infakt.pl\/blog\/","name":"Infakt Blog","description":"","potentialAction":[{"@type":"SearchAction","target":{"@type":"EntryPoint","urlTemplate":"https:\/\/www.infakt.pl\/blog\/?s={search_term_string}"},"query-input":{"@type":"PropertyValueSpecification","valueRequired":true,"valueName":"search_term_string"}}],"inLanguage":"pl-PL"},{"@type":"Person","@id":"https:\/\/www.infakt.pl\/blog\/#\/schema\/person\/1243ea92ec9379093154975c8e0704c3","name":"Katarzyna Leszkiewicz","image":{"@type":"ImageObject","inLanguage":"pl-PL","@id":"https:\/\/secure.gravatar.com\/avatar\/d0f44acca15e20a44df8dc2b0cedc7128c4526fa83aa621114447cbddaaa13d4?s=96&d=mm&r=g","url":"https:\/\/secure.gravatar.com\/avatar\/d0f44acca15e20a44df8dc2b0cedc7128c4526fa83aa621114447cbddaaa13d4?s=96&d=mm&r=g","contentUrl":"https:\/\/secure.gravatar.com\/avatar\/d0f44acca15e20a44df8dc2b0cedc7128c4526fa83aa621114447cbddaaa13d4?s=96&d=mm&r=g","caption":"Katarzyna Leszkiewicz"},"description":"Jestem odpowiedzialna za prowadzenie medi\u00f3w spo\u0142eczno\u015bciowych inFaktu. W komunikacji skupiam si\u0119 na warto\u015bci danej Przedsi\u0119biorcom oraz edukacji dotycz\u0105cej najwa\u017cniejszych zagadnie\u0144. Prywatnie jestem fank\u0105 koncert\u00f3w i podr\u00f3\u017cowania.","url":"https:\/\/www.infakt.pl\/blog\/author\/katarzyna-leszkiewicz\/"}]}},"_links":{"self":[{"href":"https:\/\/www.infakt.pl\/blog\/wp-json\/wp\/v2\/posts\/72083","targetHints":{"allow":["GET"]}}],"collection":[{"href":"https:\/\/www.infakt.pl\/blog\/wp-json\/wp\/v2\/posts"}],"about":[{"href":"https:\/\/www.infakt.pl\/blog\/wp-json\/wp\/v2\/types\/post"}],"author":[{"embeddable":true,"href":"https:\/\/www.infakt.pl\/blog\/wp-json\/wp\/v2\/users\/123"}],"replies":[{"embeddable":true,"href":"https:\/\/www.infakt.pl\/blog\/wp-json\/wp\/v2\/comments?post=72083"}],"version-history":[{"count":5,"href":"https:\/\/www.infakt.pl\/blog\/wp-json\/wp\/v2\/posts\/72083\/revisions"}],"predecessor-version":[{"id":73429,"href":"https:\/\/www.infakt.pl\/blog\/wp-json\/wp\/v2\/posts\/72083\/revisions\/73429"}],"wp:featuredmedia":[{"embeddable":true,"href":"https:\/\/www.infakt.pl\/blog\/wp-json\/wp\/v2\/media\/72090"}],"wp:attachment":[{"href":"https:\/\/www.infakt.pl\/blog\/wp-json\/wp\/v2\/media?parent=72083"}],"wp:term":[{"taxonomy":"category","embeddable":true,"href":"https:\/\/www.infakt.pl\/blog\/wp-json\/wp\/v2\/categories?post=72083"},{"taxonomy":"post_tag","embeddable":true,"href":"https:\/\/www.infakt.pl\/blog\/wp-json\/wp\/v2\/tags?post=72083"}],"curies":[{"name":"wp","href":"https:\/\/api.w.org\/{rel}","templated":true}]}}