{"id":70930,"date":"2023-06-09T08:10:13","date_gmt":"2023-06-09T06:10:13","guid":{"rendered":"https:\/\/www.infakt.pl\/blog\/?p=70930"},"modified":"2023-06-09T08:10:18","modified_gmt":"2023-06-09T06:10:18","slug":"dzien-ksiegowych-2023-w-infakcie","status":"publish","type":"post","link":"https:\/\/www.infakt.pl\/blog\/dzien-ksiegowych-2023-w-infakcie\/","title":{"rendered":"Dzie\u0144 Ksi\u0119gowych 2023 w inFakcie"},"content":{"rendered":"\n<p>Dzie\u0144 Ksi\u0119gowych to dla nas jeden z wa\u017cniejszych dni w roku. Nie od dzi\u015b wiadomo, \u017ce <em>inFakt nie by\u0142by inFaktem, gdyby nie nasi Ksi\u0119gowi<\/em>. Z tej okazji ju\u017c kolejny rok z rz\u0119du zaprosili\u015bmy wsp\u00f3\u0142pracuj\u0105ce z nami osoby na spotkanie. By\u0142y warsztaty, szkolenia i networking.<\/p>\n\n\n\n<p>W tym roku \u015bwi\u0119towali\u015bmy od 1 do 2 czerwca i by\u0142 to bardzo intensywny czas. Opr\u00f3cz cz\u0119\u015bci merytorycznej wa\u017cna by\u0142a dla nas te\u017c integracja zespo\u0142u.&nbsp;<\/p>\n\n\n\n<h2 class=\"wp-block-heading\">Budowanie inFaktycznej spo\u0142eczno\u015bci<\/h2>\n\n\n\n<p>Nasi Ksi\u0119gowi na co dzie\u0144 pracuj\u0105 zdalnie z r\u00f3\u017cnych miejsc w Polsce. Dzi\u0119ki m.in. naszej spo\u0142eczno\u015bci na Facebooku maj\u0105 ze sob\u0105 \u015bcis\u0142y, codzienny kontakt. Bardzo zale\u017cy nam, by mieli okazj\u0119 poznawa\u0107 si\u0119 i utrzymywa\u0107 dobre relacje r\u00f3wnie\u017c na \u017cywo. To g\u0142\u00f3wny cel naszego corocznego spotkania.<\/p>\n\n\n\n<figure class=\"wp-block-image size-large\"><img decoding=\"async\" loading=\"lazy\" width=\"1024\" height=\"682\"  src=\"https:\/\/www.infakt.pl\/blog\/wp-content\/uploads\/2023\/06\/image-1024x682.png\" alt=\"\" class=\"wp-image-70929\" srcset=\"https:\/\/www.infakt.pl\/blog\/wp-content\/uploads\/2023\/06\/image-1024x682.png 1024w, https:\/\/www.infakt.pl\/blog\/wp-content\/uploads\/2023\/06\/image-300x200.png 300w, https:\/\/www.infakt.pl\/blog\/wp-content\/uploads\/2023\/06\/image-1520x1013.png 1520w, https:\/\/www.infakt.pl\/blog\/wp-content\/uploads\/2023\/06\/image-1280x853.png 1280w, https:\/\/www.infakt.pl\/blog\/wp-content\/uploads\/2023\/06\/image-760x506.png 760w, https:\/\/www.infakt.pl\/blog\/wp-content\/uploads\/2023\/06\/image-610x406.png 610w, https:\/\/www.infakt.pl\/blog\/wp-content\/uploads\/2023\/06\/image-380x253.png 380w, https:\/\/www.infakt.pl\/blog\/wp-content\/uploads\/2023\/06\/image.png 1600w\" sizes=\"auto, (max-width: 1024px) 100vw, 1024px\" \/><\/figure>\n\n\n\n<p>Integracyjne warsztaty barma\u0144skie, wsp\u00f3lne posi\u0142ki, zabawa taneczna i przede wszystkim wiele rozm\u00f3w. Cieszymy si\u0119, \u017ce mieli\u015bmy okazj\u0119 spotka\u0107 si\u0119 i sp\u0119dzi\u0107 razem troch\u0119 czasu. Do zobaczenia nied\u0142ugo!<\/p>\n\n\n\n<figure class=\"wp-block-image size-large\"><img decoding=\"async\" loading=\"lazy\" width=\"1024\" height=\"683\"  src=\"https:\/\/www.infakt.pl\/blog\/wp-content\/uploads\/2023\/06\/INFAKT__H4A2011_230601_059_W-1024x683.jpg\" alt=\"\" class=\"wp-image-70932\" srcset=\"https:\/\/www.infakt.pl\/blog\/wp-content\/uploads\/2023\/06\/INFAKT__H4A2011_230601_059_W-1024x683.jpg 1024w, https:\/\/www.infakt.pl\/blog\/wp-content\/uploads\/2023\/06\/INFAKT__H4A2011_230601_059_W-300x200.jpg 300w, https:\/\/www.infakt.pl\/blog\/wp-content\/uploads\/2023\/06\/INFAKT__H4A2011_230601_059_W-1520x1013.jpg 1520w, https:\/\/www.infakt.pl\/blog\/wp-content\/uploads\/2023\/06\/INFAKT__H4A2011_230601_059_W-1280x853.jpg 1280w, https:\/\/www.infakt.pl\/blog\/wp-content\/uploads\/2023\/06\/INFAKT__H4A2011_230601_059_W-760x507.jpg 760w, https:\/\/www.infakt.pl\/blog\/wp-content\/uploads\/2023\/06\/INFAKT__H4A2011_230601_059_W-610x407.jpg 610w, https:\/\/www.infakt.pl\/blog\/wp-content\/uploads\/2023\/06\/INFAKT__H4A2011_230601_059_W-380x253.jpg 380w, https:\/\/www.infakt.pl\/blog\/wp-content\/uploads\/2023\/06\/INFAKT__H4A2011_230601_059_W-196x131.jpg 196w, https:\/\/www.infakt.pl\/blog\/wp-content\/uploads\/2023\/06\/INFAKT__H4A2011_230601_059_W-980x653.jpg 980w\" sizes=\"auto, (max-width: 1024px) 100vw, 1024px\" \/><\/figure>\n\n\n\n<h2 class=\"wp-block-heading\">Wr\u0119czenie statuetek \u2013 inFakt\u00f3w&nbsp;<\/h2>\n\n\n\n<p>To specjalne wyr\u00f3\u017cnienia dla naszych Ksi\u0119gowych, kt\u00f3rzy w tym roku wykazali si\u0119 najwi\u0119kszym zaanga\u017cowaniem. Statuetki pow\u0119drowa\u0142y do os\u00f3b, kt\u00f3re nie tylko wzorowo dzia\u0142aj\u0105 na rzecz swoich klient\u00f3w. Przede wszystkim te\u017c aktywnie udzielaj\u0105 si\u0119 w naszej spo\u0142eczno\u015bci \u2013 szeroko dziel\u0105 si\u0119 wiedz\u0105, prowadz\u0105 szkolenia, wspieraj\u0105 innych Ksi\u0119gowych i pomagaj\u0105 rozwi\u0105zywa\u0107 problemy.&nbsp;<\/p>\n\n\n\n<p>Zorganizowali\u015bmy tak\u017ce quiz z wiedzy ksi\u0119gowej, w kt\u00f3rym sprawdzili\u015bmy wiedz\u0119 z r\u00f3\u017cnych trudnych zagadnie\u0144. Zwyci\u0119\u017cy\u0142a Joanna Dziarska, do kt\u00f3rej pow\u0119drowa\u0142a statuetka specjalna inFakt 2023. Gratulujemy!<\/p>\n\n\n\n<figure class=\"wp-block-image size-large\"><img decoding=\"async\" loading=\"lazy\" width=\"1024\" height=\"683\"  src=\"https:\/\/www.infakt.pl\/blog\/wp-content\/uploads\/2023\/06\/INFAKT__KA10243_230601_079_W-1024x683.jpg\" alt=\"\" class=\"wp-image-70934\" srcset=\"https:\/\/www.infakt.pl\/blog\/wp-content\/uploads\/2023\/06\/INFAKT__KA10243_230601_079_W-1024x683.jpg 1024w, https:\/\/www.infakt.pl\/blog\/wp-content\/uploads\/2023\/06\/INFAKT__KA10243_230601_079_W-300x200.jpg 300w, https:\/\/www.infakt.pl\/blog\/wp-content\/uploads\/2023\/06\/INFAKT__KA10243_230601_079_W-1520x1013.jpg 1520w, https:\/\/www.infakt.pl\/blog\/wp-content\/uploads\/2023\/06\/INFAKT__KA10243_230601_079_W-1280x853.jpg 1280w, https:\/\/www.infakt.pl\/blog\/wp-content\/uploads\/2023\/06\/INFAKT__KA10243_230601_079_W-760x507.jpg 760w, https:\/\/www.infakt.pl\/blog\/wp-content\/uploads\/2023\/06\/INFAKT__KA10243_230601_079_W-610x407.jpg 610w, https:\/\/www.infakt.pl\/blog\/wp-content\/uploads\/2023\/06\/INFAKT__KA10243_230601_079_W-380x253.jpg 380w, https:\/\/www.infakt.pl\/blog\/wp-content\/uploads\/2023\/06\/INFAKT__KA10243_230601_079_W-196x131.jpg 196w, https:\/\/www.infakt.pl\/blog\/wp-content\/uploads\/2023\/06\/INFAKT__KA10243_230601_079_W-980x653.jpg 980w, https:\/\/www.infakt.pl\/blog\/wp-content\/uploads\/2023\/06\/INFAKT__KA10243_230601_079_W-500x333.jpg 500w, https:\/\/www.infakt.pl\/blog\/wp-content\/uploads\/2023\/06\/INFAKT__KA10243_230601_079_W-250x167.jpg 250w\" sizes=\"auto, (max-width: 1024px) 100vw, 1024px\" \/><\/figure>\n\n\n\n<h2 class=\"wp-block-heading\">Warsztaty wspieraj\u0105ce rozw\u00f3j osobisty<\/h2>\n\n\n\n<p>Nasz Chief People Officer Dominik Juszczyk poprowadzi\u0142 warsztat pt. &#8222;Jak radzi\u0107 sobie, gdy nie wiadomo, w co w\u0142o\u017cy\u0107 r\u0119ce \u2013 narz\u0119dzia i sposoby dzia\u0142ania&#8221;. Porozmawiali\u015bmy o produktywno\u015bci i efektywnym zarz\u0105dzaniu czasem. Otrzymali\u015bmy praktyczne wskaz\u00f3wki i narz\u0119dzia, kt\u00f3re pomagaj\u0105 w codziennej pracy.<\/p>\n\n\n\n<figure class=\"wp-block-image size-large\"><img decoding=\"async\" loading=\"lazy\" width=\"1024\" height=\"683\"  src=\"https:\/\/www.infakt.pl\/blog\/wp-content\/uploads\/2023\/06\/INFAKT__H4A3975_230602_123_W-1024x683.jpg\" alt=\"\" class=\"wp-image-70935\" srcset=\"https:\/\/www.infakt.pl\/blog\/wp-content\/uploads\/2023\/06\/INFAKT__H4A3975_230602_123_W-1024x683.jpg 1024w, https:\/\/www.infakt.pl\/blog\/wp-content\/uploads\/2023\/06\/INFAKT__H4A3975_230602_123_W-300x200.jpg 300w, https:\/\/www.infakt.pl\/blog\/wp-content\/uploads\/2023\/06\/INFAKT__H4A3975_230602_123_W-1520x1013.jpg 1520w, https:\/\/www.infakt.pl\/blog\/wp-content\/uploads\/2023\/06\/INFAKT__H4A3975_230602_123_W-1280x853.jpg 1280w, https:\/\/www.infakt.pl\/blog\/wp-content\/uploads\/2023\/06\/INFAKT__H4A3975_230602_123_W-760x507.jpg 760w, https:\/\/www.infakt.pl\/blog\/wp-content\/uploads\/2023\/06\/INFAKT__H4A3975_230602_123_W-610x407.jpg 610w, https:\/\/www.infakt.pl\/blog\/wp-content\/uploads\/2023\/06\/INFAKT__H4A3975_230602_123_W-380x253.jpg 380w, https:\/\/www.infakt.pl\/blog\/wp-content\/uploads\/2023\/06\/INFAKT__H4A3975_230602_123_W-196x131.jpg 196w, https:\/\/www.infakt.pl\/blog\/wp-content\/uploads\/2023\/06\/INFAKT__H4A3975_230602_123_W-980x653.jpg 980w, https:\/\/www.infakt.pl\/blog\/wp-content\/uploads\/2023\/06\/INFAKT__H4A3975_230602_123_W-500x333.jpg 500w, https:\/\/www.infakt.pl\/blog\/wp-content\/uploads\/2023\/06\/INFAKT__H4A3975_230602_123_W-250x167.jpg 250w\" sizes=\"auto, (max-width: 1024px) 100vw, 1024px\" \/><\/figure>\n\n\n\n<h2 class=\"wp-block-heading\">Szkolenia i wyk\u0142ady merytoryczne<\/h2>\n\n\n\n<p>Ksi\u0119gowi inFakt ch\u0119tnie dziel\u0105 si\u0119 swoj\u0105 wiedz\u0105 z innymi. Tym razem mieli\u015bmy okazj\u0119 wys\u0142ucha\u0107 dw\u00f3ch \u015bwietnych szkole\u0144:<\/p>\n\n\n\n<ul class=\"wp-block-list\">\n<li>Jacek P\u0105czek opowiada\u0142 o kadrach i p\u0142acach,<\/li>\n\n\n\n<li>Bartosz G\u00f3rski poprowadzi\u0142 szkolenie z metod kasowej, memoria\u0142owej i sprzeda\u017cy mieszanej.<\/li>\n<\/ul>\n\n\n\n<p>Z kolei Hubert Nod\u017cak TechLead w inFakcie przybli\u017cy\u0142 nam, jakie zagro\u017cenia czekaj\u0105 w internecie i jak si\u0119 przed nimi broni\u0107. Dzi\u0119kujemy za ogromn\u0105 dawk\u0119 przydatnej wiedzy.<\/p>\n\n\n\n<h2 class=\"wp-block-heading\">Konsultacje z doradc\u0105 podatkowym&nbsp;<\/h2>\n\n\n\n<p>Przez ca\u0142y ten czas nasz G\u0142\u00f3wny Doradca Podatkowy Piotr Juszczyk by\u0142 dost\u0119pny dla Ksi\u0119gowych, kt\u00f3rzy chcieli wymieni\u0107 do\u015bwiadczenia, om\u00f3wi\u0107 bie\u017c\u0105ce problemy i w\u0105tpliwo\u015bci podatkowo-ksi\u0119gowe.&nbsp;<\/p>\n\n\n\n<figure class=\"wp-block-image size-large\"><img decoding=\"async\" loading=\"lazy\" width=\"1024\" height=\"683\"  src=\"https:\/\/www.infakt.pl\/blog\/wp-content\/uploads\/2023\/06\/INFAKT__KA19629_230601_005_W-1024x683.jpg\" alt=\"\" class=\"wp-image-70936\" srcset=\"https:\/\/www.infakt.pl\/blog\/wp-content\/uploads\/2023\/06\/INFAKT__KA19629_230601_005_W-1024x683.jpg 1024w, https:\/\/www.infakt.pl\/blog\/wp-content\/uploads\/2023\/06\/INFAKT__KA19629_230601_005_W-300x200.jpg 300w, https:\/\/www.infakt.pl\/blog\/wp-content\/uploads\/2023\/06\/INFAKT__KA19629_230601_005_W-1520x1013.jpg 1520w, https:\/\/www.infakt.pl\/blog\/wp-content\/uploads\/2023\/06\/INFAKT__KA19629_230601_005_W-1280x853.jpg 1280w, https:\/\/www.infakt.pl\/blog\/wp-content\/uploads\/2023\/06\/INFAKT__KA19629_230601_005_W-760x507.jpg 760w, https:\/\/www.infakt.pl\/blog\/wp-content\/uploads\/2023\/06\/INFAKT__KA19629_230601_005_W-610x407.jpg 610w, https:\/\/www.infakt.pl\/blog\/wp-content\/uploads\/2023\/06\/INFAKT__KA19629_230601_005_W-380x253.jpg 380w, https:\/\/www.infakt.pl\/blog\/wp-content\/uploads\/2023\/06\/INFAKT__KA19629_230601_005_W-196x131.jpg 196w, https:\/\/www.infakt.pl\/blog\/wp-content\/uploads\/2023\/06\/INFAKT__KA19629_230601_005_W-980x653.jpg 980w, https:\/\/www.infakt.pl\/blog\/wp-content\/uploads\/2023\/06\/INFAKT__KA19629_230601_005_W-500x333.jpg 500w, https:\/\/www.infakt.pl\/blog\/wp-content\/uploads\/2023\/06\/INFAKT__KA19629_230601_005_W-250x167.jpg 250w\" sizes=\"auto, (max-width: 1024px) 100vw, 1024px\" \/><\/figure>\n\n\n\n<p>Wszystkim obecnym serdecznie dzi\u0119kujemy za wsp\u00f3lnie sp\u0119dzony czas. Do zobaczenia za rok!<\/p>\n\n\n\n<p>Chcesz do\u0142\u0105czy\u0107 do grona inFaktycznych Ksi\u0119gowych i wsp\u00f3lnie z nami \u015bwi\u0119towa\u0107 za rok? Sprawd\u017a nasze oferty wsp\u00f3\u0142pracy i <a href=\"https:\/\/www.infakt.pl\/zostan-ksiegowym-infaktu\/\" target=\"_blank\" rel=\"noreferrer noopener\">zosta\u0144 Ksi\u0119gowym(-\u0105) inFaktu<\/a>.<\/p>\n","protected":false},"excerpt":{"rendered":"<p>Dzie\u0144 Ksi\u0119gowych to dla nas jeden z wa\u017cniejszych dni w roku. Nie od dzi\u015b wiadomo, \u017ce inFakt nie by\u0142by inFaktem, gdyby nie nasi Ksi\u0119gowi. Z tej okazji ju\u017c kolejny rok z&hellip;<\/p>\n","protected":false},"author":120,"featured_media":70933,"comment_status":"open","ping_status":"open","sticky":false,"template":"","format":"standard","meta":{"_acf_changed":false,"footnotes":""},"categories":[2052],"tags":[],"class_list":["post-70930","post","type-post","status-publish","format-standard","has-post-thumbnail","hentry","category-aktualnosci"],"acf":[],"yoast_head":"<!-- This site is optimized with the Yoast SEO plugin v27.4 - https:\/\/yoast.com\/product\/yoast-seo-wordpress\/ -->\n<title>Dzie\u0144 Ksi\u0119gowych 2023 w inFakcie - blog inFakt<\/title>\n<meta name=\"robots\" content=\"index, follow, max-snippet:-1, max-image-preview:large, max-video-preview:-1\" \/>\n<link rel=\"canonical\" href=\"https:\/\/www.infakt.pl\/blog\/dzien-ksiegowych-2023-w-infakcie\/\" \/>\n<meta property=\"og:locale\" content=\"pl_PL\" \/>\n<meta property=\"og:type\" content=\"article\" \/>\n<meta property=\"og:title\" content=\"Dzie\u0144 Ksi\u0119gowych 2023 w inFakcie - blog inFakt\" \/>\n<meta property=\"og:description\" content=\"Dzie\u0144 Ksi\u0119gowych to dla nas jeden z wa\u017cniejszych dni w roku. Nie od dzi\u015b wiadomo, \u017ce inFakt nie by\u0142by inFaktem, gdyby nie nasi Ksi\u0119gowi. Z tej okazji ju\u017c kolejny rok z&hellip;\" \/>\n<meta property=\"og:url\" content=\"https:\/\/www.infakt.pl\/blog\/dzien-ksiegowych-2023-w-infakcie\/\" \/>\n<meta property=\"og:site_name\" content=\"Infakt Blog\" \/>\n<meta property=\"article:published_time\" content=\"2023-06-09T06:10:13+00:00\" \/>\n<meta property=\"article:modified_time\" content=\"2023-06-09T06:10:18+00:00\" \/>\n<meta property=\"og:image\" content=\"https:\/\/www.infakt.pl\/blog\/wp-content\/uploads\/2023\/06\/INFAKT__H4A1565_230601_038_W-1.jpg\" \/>\n\t<meta property=\"og:image:width\" content=\"2400\" \/>\n\t<meta property=\"og:image:height\" content=\"1600\" \/>\n\t<meta property=\"og:image:type\" content=\"image\/jpeg\" \/>\n<meta name=\"author\" content=\"Dorota Mglej\" \/>\n<meta name=\"twitter:card\" content=\"summary_large_image\" \/>\n<meta name=\"twitter:label1\" content=\"Napisane przez\" \/>\n\t<meta name=\"twitter:data1\" content=\"Dorota Mglej\" \/>\n\t<meta name=\"twitter:label2\" content=\"Szacowany czas czytania\" \/>\n\t<meta name=\"twitter:data2\" content=\"3 minuty\" \/>\n<script type=\"application\/ld+json\" class=\"yoast-schema-graph\">{\"@context\":\"https:\\\/\\\/schema.org\",\"@graph\":[{\"@type\":\"Article\",\"@id\":\"https:\\\/\\\/www.infakt.pl\\\/blog\\\/dzien-ksiegowych-2023-w-infakcie\\\/#article\",\"isPartOf\":{\"@id\":\"https:\\\/\\\/www.infakt.pl\\\/blog\\\/dzien-ksiegowych-2023-w-infakcie\\\/\"},\"author\":{\"name\":\"Dorota Mglej\",\"@id\":\"https:\\\/\\\/www.infakt.pl\\\/blog\\\/#\\\/schema\\\/person\\\/cae88b01b344458e4675016d42d236a8\"},\"headline\":\"Dzie\u0144 Ksi\u0119gowych 2023 w inFakcie\",\"datePublished\":\"2023-06-09T06:10:13+00:00\",\"dateModified\":\"2023-06-09T06:10:18+00:00\",\"mainEntityOfPage\":{\"@id\":\"https:\\\/\\\/www.infakt.pl\\\/blog\\\/dzien-ksiegowych-2023-w-infakcie\\\/\"},\"wordCount\":511,\"commentCount\":0,\"image\":{\"@id\":\"https:\\\/\\\/www.infakt.pl\\\/blog\\\/dzien-ksiegowych-2023-w-infakcie\\\/#primaryimage\"},\"thumbnailUrl\":\"https:\\\/\\\/www.infakt.pl\\\/blog\\\/wp-content\\\/uploads\\\/2023\\\/06\\\/INFAKT__H4A1565_230601_038_W-1.jpg\",\"articleSection\":[\"Aktualno\u015bci\"],\"inLanguage\":\"pl-PL\",\"potentialAction\":[{\"@type\":\"CommentAction\",\"name\":\"Comment\",\"target\":[\"https:\\\/\\\/www.infakt.pl\\\/blog\\\/dzien-ksiegowych-2023-w-infakcie\\\/#respond\"]}]},{\"@type\":\"WebPage\",\"@id\":\"https:\\\/\\\/www.infakt.pl\\\/blog\\\/dzien-ksiegowych-2023-w-infakcie\\\/\",\"url\":\"https:\\\/\\\/www.infakt.pl\\\/blog\\\/dzien-ksiegowych-2023-w-infakcie\\\/\",\"name\":\"Dzie\u0144 Ksi\u0119gowych 2023 w inFakcie - blog inFakt\",\"isPartOf\":{\"@id\":\"https:\\\/\\\/www.infakt.pl\\\/blog\\\/#website\"},\"primaryImageOfPage\":{\"@id\":\"https:\\\/\\\/www.infakt.pl\\\/blog\\\/dzien-ksiegowych-2023-w-infakcie\\\/#primaryimage\"},\"image\":{\"@id\":\"https:\\\/\\\/www.infakt.pl\\\/blog\\\/dzien-ksiegowych-2023-w-infakcie\\\/#primaryimage\"},\"thumbnailUrl\":\"https:\\\/\\\/www.infakt.pl\\\/blog\\\/wp-content\\\/uploads\\\/2023\\\/06\\\/INFAKT__H4A1565_230601_038_W-1.jpg\",\"datePublished\":\"2023-06-09T06:10:13+00:00\",\"dateModified\":\"2023-06-09T06:10:18+00:00\",\"author\":{\"@id\":\"https:\\\/\\\/www.infakt.pl\\\/blog\\\/#\\\/schema\\\/person\\\/cae88b01b344458e4675016d42d236a8\"},\"breadcrumb\":{\"@id\":\"https:\\\/\\\/www.infakt.pl\\\/blog\\\/dzien-ksiegowych-2023-w-infakcie\\\/#breadcrumb\"},\"inLanguage\":\"pl-PL\",\"potentialAction\":[{\"@type\":\"ReadAction\",\"target\":[\"https:\\\/\\\/www.infakt.pl\\\/blog\\\/dzien-ksiegowych-2023-w-infakcie\\\/\"]}]},{\"@type\":\"ImageObject\",\"inLanguage\":\"pl-PL\",\"@id\":\"https:\\\/\\\/www.infakt.pl\\\/blog\\\/dzien-ksiegowych-2023-w-infakcie\\\/#primaryimage\",\"url\":\"https:\\\/\\\/www.infakt.pl\\\/blog\\\/wp-content\\\/uploads\\\/2023\\\/06\\\/INFAKT__H4A1565_230601_038_W-1.jpg\",\"contentUrl\":\"https:\\\/\\\/www.infakt.pl\\\/blog\\\/wp-content\\\/uploads\\\/2023\\\/06\\\/INFAKT__H4A1565_230601_038_W-1.jpg\",\"width\":2400,\"height\":1600,\"caption\":\"Dzie\u0144 ksi\u0119gowych 2023 w inFakcie\"},{\"@type\":\"BreadcrumbList\",\"@id\":\"https:\\\/\\\/www.infakt.pl\\\/blog\\\/dzien-ksiegowych-2023-w-infakcie\\\/#breadcrumb\",\"itemListElement\":[{\"@type\":\"ListItem\",\"position\":1,\"name\":\"Blog\",\"item\":\"https:\\\/\\\/www.infakt.pl\\\/blog\\\/\"},{\"@type\":\"ListItem\",\"position\":2,\"name\":\"Aktualno\u015bci\",\"item\":\"https:\\\/\\\/www.infakt.pl\\\/blog\\\/kategoria\\\/aktualnosci\\\/\"},{\"@type\":\"ListItem\",\"position\":3,\"name\":\"Dzie\u0144 Ksi\u0119gowych 2023 w inFakcie\"}]},{\"@type\":\"WebSite\",\"@id\":\"https:\\\/\\\/www.infakt.pl\\\/blog\\\/#website\",\"url\":\"https:\\\/\\\/www.infakt.pl\\\/blog\\\/\",\"name\":\"Infakt Blog\",\"description\":\"\",\"potentialAction\":[{\"@type\":\"SearchAction\",\"target\":{\"@type\":\"EntryPoint\",\"urlTemplate\":\"https:\\\/\\\/www.infakt.pl\\\/blog\\\/?s={search_term_string}\"},\"query-input\":{\"@type\":\"PropertyValueSpecification\",\"valueRequired\":true,\"valueName\":\"search_term_string\"}}],\"inLanguage\":\"pl-PL\"},{\"@type\":\"Person\",\"@id\":\"https:\\\/\\\/www.infakt.pl\\\/blog\\\/#\\\/schema\\\/person\\\/cae88b01b344458e4675016d42d236a8\",\"name\":\"Dorota Mglej\",\"image\":{\"@type\":\"ImageObject\",\"inLanguage\":\"pl-PL\",\"@id\":\"https:\\\/\\\/secure.gravatar.com\\\/avatar\\\/192353a4561a8ff5f38a1dd3f6b0f8b8177fa2d2bda268a19991fe46145e7587?s=96&d=mm&r=g\",\"url\":\"https:\\\/\\\/secure.gravatar.com\\\/avatar\\\/192353a4561a8ff5f38a1dd3f6b0f8b8177fa2d2bda268a19991fe46145e7587?s=96&d=mm&r=g\",\"contentUrl\":\"https:\\\/\\\/secure.gravatar.com\\\/avatar\\\/192353a4561a8ff5f38a1dd3f6b0f8b8177fa2d2bda268a19991fe46145e7587?s=96&d=mm&r=g\",\"caption\":\"Dorota Mglej\"},\"description\":\"Absolwentka studi\u00f3w ekonomicznych, zainteresowana biznesem i finansami. W inFakcie odpowiadam za content. Dostarczam Przedsi\u0119biorcom i Ksi\u0119gowym tre\u015bci, kt\u00f3re pomagaj\u0105 prowadzi\u0107 firm\u0119. Prywatnie mi\u0142o\u015bniczka g\u00f3r, podr\u00f3\u017cy i ksi\u0105\u017cek.\",\"url\":\"https:\\\/\\\/www.infakt.pl\\\/blog\\\/author\\\/dorota-mglej\\\/\"}]}<\/script>\n<!-- \/ Yoast SEO plugin. -->","yoast_head_json":{"title":"Dzie\u0144 Ksi\u0119gowych 2023 w inFakcie - blog inFakt","robots":{"index":"index","follow":"follow","max-snippet":"max-snippet:-1","max-image-preview":"max-image-preview:large","max-video-preview":"max-video-preview:-1"},"canonical":"https:\/\/www.infakt.pl\/blog\/dzien-ksiegowych-2023-w-infakcie\/","og_locale":"pl_PL","og_type":"article","og_title":"Dzie\u0144 Ksi\u0119gowych 2023 w inFakcie - blog inFakt","og_description":"Dzie\u0144 Ksi\u0119gowych to dla nas jeden z wa\u017cniejszych dni w roku. Nie od dzi\u015b wiadomo, \u017ce inFakt nie by\u0142by inFaktem, gdyby nie nasi Ksi\u0119gowi. Z tej okazji ju\u017c kolejny rok z&hellip;","og_url":"https:\/\/www.infakt.pl\/blog\/dzien-ksiegowych-2023-w-infakcie\/","og_site_name":"Infakt Blog","article_published_time":"2023-06-09T06:10:13+00:00","article_modified_time":"2023-06-09T06:10:18+00:00","og_image":[{"width":2400,"height":1600,"url":"https:\/\/www.infakt.pl\/blog\/wp-content\/uploads\/2023\/06\/INFAKT__H4A1565_230601_038_W-1.jpg","type":"image\/jpeg"}],"author":"Dorota Mglej","twitter_card":"summary_large_image","twitter_misc":{"Napisane przez":"Dorota Mglej","Szacowany czas czytania":"3 minuty"},"schema":{"@context":"https:\/\/schema.org","@graph":[{"@type":"Article","@id":"https:\/\/www.infakt.pl\/blog\/dzien-ksiegowych-2023-w-infakcie\/#article","isPartOf":{"@id":"https:\/\/www.infakt.pl\/blog\/dzien-ksiegowych-2023-w-infakcie\/"},"author":{"name":"Dorota Mglej","@id":"https:\/\/www.infakt.pl\/blog\/#\/schema\/person\/cae88b01b344458e4675016d42d236a8"},"headline":"Dzie\u0144 Ksi\u0119gowych 2023 w inFakcie","datePublished":"2023-06-09T06:10:13+00:00","dateModified":"2023-06-09T06:10:18+00:00","mainEntityOfPage":{"@id":"https:\/\/www.infakt.pl\/blog\/dzien-ksiegowych-2023-w-infakcie\/"},"wordCount":511,"commentCount":0,"image":{"@id":"https:\/\/www.infakt.pl\/blog\/dzien-ksiegowych-2023-w-infakcie\/#primaryimage"},"thumbnailUrl":"https:\/\/www.infakt.pl\/blog\/wp-content\/uploads\/2023\/06\/INFAKT__H4A1565_230601_038_W-1.jpg","articleSection":["Aktualno\u015bci"],"inLanguage":"pl-PL","potentialAction":[{"@type":"CommentAction","name":"Comment","target":["https:\/\/www.infakt.pl\/blog\/dzien-ksiegowych-2023-w-infakcie\/#respond"]}]},{"@type":"WebPage","@id":"https:\/\/www.infakt.pl\/blog\/dzien-ksiegowych-2023-w-infakcie\/","url":"https:\/\/www.infakt.pl\/blog\/dzien-ksiegowych-2023-w-infakcie\/","name":"Dzie\u0144 Ksi\u0119gowych 2023 w inFakcie - blog inFakt","isPartOf":{"@id":"https:\/\/www.infakt.pl\/blog\/#website"},"primaryImageOfPage":{"@id":"https:\/\/www.infakt.pl\/blog\/dzien-ksiegowych-2023-w-infakcie\/#primaryimage"},"image":{"@id":"https:\/\/www.infakt.pl\/blog\/dzien-ksiegowych-2023-w-infakcie\/#primaryimage"},"thumbnailUrl":"https:\/\/www.infakt.pl\/blog\/wp-content\/uploads\/2023\/06\/INFAKT__H4A1565_230601_038_W-1.jpg","datePublished":"2023-06-09T06:10:13+00:00","dateModified":"2023-06-09T06:10:18+00:00","author":{"@id":"https:\/\/www.infakt.pl\/blog\/#\/schema\/person\/cae88b01b344458e4675016d42d236a8"},"breadcrumb":{"@id":"https:\/\/www.infakt.pl\/blog\/dzien-ksiegowych-2023-w-infakcie\/#breadcrumb"},"inLanguage":"pl-PL","potentialAction":[{"@type":"ReadAction","target":["https:\/\/www.infakt.pl\/blog\/dzien-ksiegowych-2023-w-infakcie\/"]}]},{"@type":"ImageObject","inLanguage":"pl-PL","@id":"https:\/\/www.infakt.pl\/blog\/dzien-ksiegowych-2023-w-infakcie\/#primaryimage","url":"https:\/\/www.infakt.pl\/blog\/wp-content\/uploads\/2023\/06\/INFAKT__H4A1565_230601_038_W-1.jpg","contentUrl":"https:\/\/www.infakt.pl\/blog\/wp-content\/uploads\/2023\/06\/INFAKT__H4A1565_230601_038_W-1.jpg","width":2400,"height":1600,"caption":"Dzie\u0144 ksi\u0119gowych 2023 w inFakcie"},{"@type":"BreadcrumbList","@id":"https:\/\/www.infakt.pl\/blog\/dzien-ksiegowych-2023-w-infakcie\/#breadcrumb","itemListElement":[{"@type":"ListItem","position":1,"name":"Blog","item":"https:\/\/www.infakt.pl\/blog\/"},{"@type":"ListItem","position":2,"name":"Aktualno\u015bci","item":"https:\/\/www.infakt.pl\/blog\/kategoria\/aktualnosci\/"},{"@type":"ListItem","position":3,"name":"Dzie\u0144 Ksi\u0119gowych 2023 w inFakcie"}]},{"@type":"WebSite","@id":"https:\/\/www.infakt.pl\/blog\/#website","url":"https:\/\/www.infakt.pl\/blog\/","name":"Infakt Blog","description":"","potentialAction":[{"@type":"SearchAction","target":{"@type":"EntryPoint","urlTemplate":"https:\/\/www.infakt.pl\/blog\/?s={search_term_string}"},"query-input":{"@type":"PropertyValueSpecification","valueRequired":true,"valueName":"search_term_string"}}],"inLanguage":"pl-PL"},{"@type":"Person","@id":"https:\/\/www.infakt.pl\/blog\/#\/schema\/person\/cae88b01b344458e4675016d42d236a8","name":"Dorota Mglej","image":{"@type":"ImageObject","inLanguage":"pl-PL","@id":"https:\/\/secure.gravatar.com\/avatar\/192353a4561a8ff5f38a1dd3f6b0f8b8177fa2d2bda268a19991fe46145e7587?s=96&d=mm&r=g","url":"https:\/\/secure.gravatar.com\/avatar\/192353a4561a8ff5f38a1dd3f6b0f8b8177fa2d2bda268a19991fe46145e7587?s=96&d=mm&r=g","contentUrl":"https:\/\/secure.gravatar.com\/avatar\/192353a4561a8ff5f38a1dd3f6b0f8b8177fa2d2bda268a19991fe46145e7587?s=96&d=mm&r=g","caption":"Dorota Mglej"},"description":"Absolwentka studi\u00f3w ekonomicznych, zainteresowana biznesem i finansami. W inFakcie odpowiadam za content. Dostarczam Przedsi\u0119biorcom i Ksi\u0119gowym tre\u015bci, kt\u00f3re pomagaj\u0105 prowadzi\u0107 firm\u0119. Prywatnie mi\u0142o\u015bniczka g\u00f3r, podr\u00f3\u017cy i ksi\u0105\u017cek.","url":"https:\/\/www.infakt.pl\/blog\/author\/dorota-mglej\/"}]}},"_links":{"self":[{"href":"https:\/\/www.infakt.pl\/blog\/wp-json\/wp\/v2\/posts\/70930","targetHints":{"allow":["GET"]}}],"collection":[{"href":"https:\/\/www.infakt.pl\/blog\/wp-json\/wp\/v2\/posts"}],"about":[{"href":"https:\/\/www.infakt.pl\/blog\/wp-json\/wp\/v2\/types\/post"}],"author":[{"embeddable":true,"href":"https:\/\/www.infakt.pl\/blog\/wp-json\/wp\/v2\/users\/120"}],"replies":[{"embeddable":true,"href":"https:\/\/www.infakt.pl\/blog\/wp-json\/wp\/v2\/comments?post=70930"}],"version-history":[{"count":6,"href":"https:\/\/www.infakt.pl\/blog\/wp-json\/wp\/v2\/posts\/70930\/revisions"}],"predecessor-version":[{"id":70943,"href":"https:\/\/www.infakt.pl\/blog\/wp-json\/wp\/v2\/posts\/70930\/revisions\/70943"}],"wp:featuredmedia":[{"embeddable":true,"href":"https:\/\/www.infakt.pl\/blog\/wp-json\/wp\/v2\/media\/70933"}],"wp:attachment":[{"href":"https:\/\/www.infakt.pl\/blog\/wp-json\/wp\/v2\/media?parent=70930"}],"wp:term":[{"taxonomy":"category","embeddable":true,"href":"https:\/\/www.infakt.pl\/blog\/wp-json\/wp\/v2\/categories?post=70930"},{"taxonomy":"post_tag","embeddable":true,"href":"https:\/\/www.infakt.pl\/blog\/wp-json\/wp\/v2\/tags?post=70930"}],"curies":[{"name":"wp","href":"https:\/\/api.w.org\/{rel}","templated":true}]}}