{"id":55322,"date":"2022-12-15T08:38:00","date_gmt":"2022-12-15T07:38:00","guid":{"rendered":"https:\/\/www.infakt.pl\/blog\/?p=55322"},"modified":"2024-09-23T09:39:28","modified_gmt":"2024-09-23T07:39:28","slug":"rozliczenie-roczne-skladki-zdrowotnej-na-ryczalcie-za-2022-r-sprawdz-czy-nie-czeka-cie-doplata","status":"publish","type":"post","link":"https:\/\/www.infakt.pl\/blog\/rozliczenie-roczne-skladki-zdrowotnej-na-ryczalcie-za-2022-r-sprawdz-czy-nie-czeka-cie-doplata\/","title":{"rendered":"Rozliczenie roczne sk\u0142adki zdrowotnej na rycza\u0142cie za 2022 r. Sprawd\u017a, czy nie czeka Ci\u0119 dop\u0142ata"},"content":{"rendered":"\n<p>Zbli\u017ca si\u0119 koniec roku, w kt\u00f3rym to pierwszy raz rozliczali\u015bmy sk\u0142adk\u0119 zdrowotn\u0105 na nowych zasadach. Szczeg\u00f3ln\u0105 uwag\u0119 na rozliczenie roczne sk\u0142adki powinni zwr\u00f3ci\u0107 rycza\u0142towcy.&nbsp;<\/p>\n\n\n\n<h2 class=\"wp-block-heading\" id=\"skladka-zdrowotna-na-ryczalcie-w-2022-r\">Sk\u0142adka zdrowotna na rycza\u0142cie w 2022 r.<\/h2>\n\n\n\n<p>Przedsi\u0119biorcy rozliczaj\u0105cy si\u0119 na zasadzie <a href=\"https:\/\/www.infakt.pl\/ryczalt\/\">rycza\u0142tu<\/a> ewidencjonowanego p\u0142ac\u0105 sk\u0142adk\u0119 zdrowotn\u0105 r\u00f3wnie\u017c w spos\u00f3b zrycza\u0142towany. Obecnie mamy trzy stawki, zr\u00f3\u017cnicowane w zale\u017cno\u015bci od osi\u0105ganych rocznych przychod\u00f3w. W 2022 r. sk\u0142adka miesi\u0119czna wynosi odpowiednio:<\/p>\n\n\n\n<ul class=\"wp-block-list\">\n<li>do 60 000 z\u0142 przychodu \u2013 335,94 z\u0142 miesi\u0119cznie;<\/li>\n\n\n\n<li>pomi\u0119dzy 60 000 z\u0142 a 300 000 z\u0142 \u2013 559,89 z\u0142;<\/li>\n\n\n\n<li>powy\u017cej 300 000 z\u0142 \u2013 1007,81 z\u0142.&nbsp;<\/li>\n<\/ul>\n\n\n\n<p>Sk\u0142adk\u0119 zdrowotn\u0105 w trakcie roku mo\u017cna op\u0142aca\u0107 na dwa sposoby:<\/p>\n\n\n\n<ul class=\"wp-block-list\">\n<li><strong>jedn\u0105 warto\u015b\u0107 przez ca\u0142y rok<\/strong> \u2013 na podstawie przychodu z poprzedniego roku \u2013 dotyczy przedsi\u0119biorc\u00f3w, kt\u00f3rzy w poprzednim roku prowadzili dzia\u0142alno\u015b\u0107 przez ca\u0142e 12 miesi\u0119cy;<\/li>\n\n\n\n<li><strong>progresywnie<\/strong> \u2013 czyli \u201cna bie\u017c\u0105co\u201d w zale\u017cno\u015bci od opisanych wy\u017cej prog\u00f3w przychodowych \u2013 do 60 000 z\u0142 p\u0142acisz 335,94 z\u0142 miesi\u0119cznie, w momencie przekroczenia tego limitu stawka odpowiednio wzrasta.<\/li>\n<\/ul>\n\n\n\n<h3 class=\"wp-block-heading\" id=\"roczna-skladka-zdrowotna\">Roczna sk\u0142adka zdrowotna<\/h3>\n\n\n\n<p>Niestety suma zap\u0142aconych w trakcie roku sk\u0142adek zdrowotnych nie zawsze jest ostateczna i trzeba dodatkowo j\u0105 sprawdzi\u0107. Je\u015bli rozliczasz si\u0119 na zasadach rycza\u0142tu, musisz:<\/p>\n\n\n\n<ul class=\"wp-block-list\">\n<li>zweryfikowa\u0107 ostateczn\u0105 warto\u015b\u0107 swojego przychodu za dany rok \u2013 okre\u015bla ona, jaka sk\u0142adka Ci\u0119 obowi\u0105zuje;<\/li>\n\n\n\n<li>obliczy\u0107 warto\u015b\u0107 rocznej sk\u0142adki zdrowotnej.<\/li>\n<\/ul>\n\n\n\n\n\n<p><strong>Roczna sk\u0142adka zdrowotna na rycza\u0142cie dla przedsi\u0119biorcy, kt\u00f3ry prowadzi\u0142 dzia\u0142alno\u015b\u0107 przez ca\u0142e 12 miesi\u0119cy<\/strong>, wynosi \u2013 zale\u017cnie od rocznego przychodu:<\/p>\n\n\n\n<ul class=\"wp-block-list\">\n<li>do&nbsp;60 tys. z\u0142 przychodu \u2013 (9% x 44 791,44 z\u0142) \u2013&nbsp;<strong>4 031,23 z\u0142<\/strong>;<\/li>\n\n\n\n<li>mi\u0119dzy 60 tys. z\u0142 a 300 tys. z\u0142 \u2013 (9% x 74 652,48 z\u0142) \u2013<strong>&nbsp;6 718,72 z\u0142<\/strong>;<\/li>\n\n\n\n<li>powy\u017cej 300 tys. z\u0142 \u2013 (9% x 134 374,44 z\u0142 z\u0142) \u2013&nbsp;<strong>12 093,70 z\u0142<\/strong>.<\/li>\n<\/ul>\n\n\n\n<p>Podane w nawiasach warto\u015bci to kwoty odpowiadaj\u0105ce rocznym podstawom wymiaru sk\u0142adki dla poszczeg\u00f3lnych prog\u00f3w przychodu.<\/p>\n\n\n\n<p><em><strong>Przyk\u0142ad.<\/strong><\/em><\/p>\n\n\n\n<p>Pani Anna op\u0142aca\u0142a<a href=\"https:\/\/www.infakt.pl\/kalkulatory\/kalkulator-skladki-zdrowotnej\/\" target=\"_blank\" rel=\"noreferrer noopener\"> sk\u0142adk\u0119 zdrowotn\u0105<\/a> zgodnie z osi\u0105ganym przychodem w trakcie roku. Na pocz\u0105tku roku osi\u0105ga\u0142a niewielki przych\u00f3d, dopiero w maju przekroczy\u0142a 60 000 z\u0142. A wi\u0119c za okres stycze\u0144-kwiecie\u0144 p\u0142aci\u0142a sk\u0142adk\u0119 w wysoko\u015bci 335,94 z\u0142 w ka\u017cdym z tych 4 miesi\u0119cy. Do ko\u0144ca roku jej przych\u00f3d nie przekroczy\u0142 300 000 z\u0142, a wi\u0119c sk\u0142adka za pozosta\u0142e 8 miesi\u0119cy wynosi\u0142a 559,89 z\u0142. W ci\u0105gu roku op\u0142aci\u0142a sk\u0142adk\u0119 zdrowotn\u0105 \u0142\u0105cznie w wysoko\u015bci 5822,88 z\u0142. Jednak ostatecznie okaza\u0142o si\u0119, \u017ce finalny roczny przych\u00f3d pani Anny znalaz\u0142 si\u0119 na poziomie drugiego progu, a wi\u0119c sk\u0142adka roczna wyniesie: 6718,72 z\u0142. W konsekwencji w rozliczeniu rocznym pani Anna b\u0119dzie musia\u0142a dop\u0142aci\u0107 do ZUS r\u00f3\u017cnic\u0119 tj. 895,84 z\u0142.\u00a0<\/p>\n\n\n\n<p>Podobny przypadek mo\u017ce wyst\u0105pi\u0107 u przedsi\u0119biorcy, kt\u00f3ry np. prowadzi\u0142 dzia\u0142alno\u015b\u0107 gospodarcz\u0105 w 2021 r. przez ca\u0142e 12 miesi\u0119cy i jego przych\u00f3d nie przekroczy\u0142 60 000 z\u0142. W zwi\u0105zku z tym na 2022 r. wybra\u0142 op\u0142acanie sk\u0142adki zdrowotnej w jednakowej kwocie co miesi\u0105c, w\u0142a\u015bnie na podstawie przychodu z zesz\u0142ego roku. W 2022 r. zap\u0142aci \u0142\u0105cznie sk\u0142adki 4031,28 z\u0142. Jednak na koniec roku mo\u017ce si\u0119 okaza\u0107, \u017ce przedsi\u0119biorca osi\u0105gn\u0105\u0142 przych\u00f3d przekraczaj\u0105cy 60 000 z\u0142 i ni\u017cszy od 300 000 z\u0142. W konsekwencji jego sk\u0142adka roczna wyniesie 6718,72 z\u0142, a wi\u0119c b\u0119dzie musia\u0142 do 20 maja 2023 r. dop\u0142aci\u0107 2687,44 z\u0142.&nbsp;<\/p>\n\n\n\t\t<div class=\"design-2020\">\n\t\t\t<div class=\"form-box type-box subtitle-small show-label \">\n\t\t\t\t\t\t\t\t<div class=\"form-box-inner\">\n\t\t\t\t\t\t\t\t\t<div class=\"header-section  \">\n\n\t\t\t\t\t\t\t\t\t\t\t\t\t<p class=\"title  \">\n\t\t\t\t\t\t\t\t\t\t\t\t\t\t\t\t\t<span class=\"inherit\">Zle\u0107 ksi\u0119gowo\u015b\u0107 swojej firmy<\/span>\n\t\t\t\t\t\t\t\t\t\t\t\t\t\t\t\t\t\t\t\t\t\t\t<\/p>\n\t\t\t\t\t\t\t\t\t\t\t\t\t\t\t\t\t\t\t<p class=\"subtitle text-grey\">Przetestuj za darmo aplikacj\u0119 inFakt.<\/p>\n\t\t\t\t\t\t\t\t\t\t\t\t\t\t\t\t\t<\/div>\n\t\t\t\t\n\t\t\t\t<form action=\"https:\/\/app.infakt.pl\/app\/rejestracja\"  class=\"x-user-registration-form  type-2  \" data-prefix=\"f1\" data-ga-form-kind=\"form_in_content_form_1_2\" data-lpignore=\"true\" accept-charset=\"UTF-8\" method=\"post\" novalidate=\"novalidate\" autocomplete=\"nope\" >\n\t\t\t\t\t<fieldset>\n\t\t\t\t\t\t\t\t\t\t\t\t\t<div class=\"field field__group\" data-type=\"email-password\">\n\t\t\t\t\t\t\t\t<div class=\"row x-form-field\">\n\t\t\t\t\t\t\t\t\t<input autocomplete=\"new-email\" required class=\"x-email-field\" id=\"f1-registration_form_email\" name=\"registration_form[email]\" placeholder=\"Adres e-mail\" type=\"text\" \/>\n\t\t\t\t\t\t\t\t<\/div>\n\t\t\t\t\t\t\t\t<div class=\"row x-form-field row--password\">\n\t\t\t\t\t\t\t\t\t<input autocomplete=\"new-password\" required class=\"x-password-field password-field\" id=\"f1-registration_form_password\" name=\"registration_form[password]\" placeholder=\"Zdefiniuj swoje has\u0142o\" type=\"password\" aria-autocomplete=\"list\" \/>\n\t\t\t\t\t\t\t\t\t<!-- pass strength widget -->\n\t\t\t\t\t\t\t\t\t<div class=\"password-quality-tooltip\">\n\t\t\t\t\t\t\t\t\t\t<strong>Has\u0142o musi zawiera\u0107:<\/strong>\n\t\t\t\t\t\t\t\t\t\t<ul class=\"password-checklist x-password-checklist\">\n\t\t\t\t\t\t\t\t\t\t\t<li>8 znak\u00f3w lub wi\u0119cej<\/li>\n\t\t\t\t\t\t\t\t\t\t\t<li>Ma\u0142e i wielkie litery<\/li>\n\t\t\t\t\t\t\t\t\t\t\t<li>Przynajmniej jedn\u0105 cyfr\u0119<\/li>\n\t\t\t\t\t\t\t\t\t\t<\/ul>\n\t\t\t\t\t\t\t\t\t\t<small class=\"password-strength-tip\">Dla bezpiecze\u0144stwa stw\u00f3rz mocne has\u0142o, kt\u00f3rego nie u\u017cywasz na innych\n\t\t\t\t\t\t\t\t\t\t\tstronach.<\/small>\n\t\t\t\t\t\t\t\t\t<\/div>\n\t\t\t\t\t\t\t\t<\/div>\n\t\t\t\t\t\t\t<\/div>\n\n\t\t\t\t\t\t\t<div class=\"field--terms checkbox\">\n\t\t\t\t\t\t\t\t<input id=\"f1-registration_form_agree_privacy_and_processing_data\" name=\"registration_form[agree_privacy_and_processing_data]\" type=\"hidden\" value=\"true\" \/>\n\t\t\t\t\t\t\t\t<input name=\"registration_form[agree]\" type=\"hidden\" value=\"0\" \/>\n\t\t\t\t\t\t\t\t<input required id=\"f1-agree_privacy_offer\" name=\"registration_form[agree]\" type=\"checkbox\" value=\"1\" \/>\n\t\t\t\t\t\t\t\t<label for=\"f1-agree_privacy_offer\">Zapozna\u0142em\/am si\u0119 z <a\n\t\t\t\t\t\t\t\thref=\"\/regulamin\/\">regulaminem<\/a> i akceptuj\u0119 go.<\/label>\n\t\t\t\t\t\t\t<\/div>\n\n\t\t\t\t\t\t\t<div class=\"field--terms checkbox\">\n\t\t\t\t\t\t\t\t<input name=\"registration_form[agree_marketing]\" type=\"hidden\" value=\"0\" \/>\n\t\t\t\t\t\t\t\t<input required id=\"f1-agree_marketing_offer\" name=\"registration_form[agree_marketing]\" type=\"checkbox\" value=\"1\" \/>\n\t\t\t\t\t\t\t\t<label for=\"f1-agree_marketing_offer\">Wyra\u017cam zgod\u0119 na otrzymywanie od inFakt informacji o ofercie sp\u00f3\u0142ki oraz wiadomo\u015bci dotycz\u0105cych prowadzenia dzia\u0142alno\u015bci gospodarczej <span class=\"text-more hide\"> na wskazany wy\u017cej adres email lub poprzez kontakt telefoniczny, w tym SMS na numer telefonu podany w toku zak\u0142adania konta. Zgod\u0119 mo\u017cna wycofa\u0107 w ka\u017cdej chwili, wysy\u0142aj\u0105c email na adres <a href=\"mailto:info@infakt.pl\">info@infakt.pl<\/a>. <\/span><a class=\"x-agree-more-2\" href=\"#\">Wi\u0119cej<\/a><\/label>\n\t\t\t\t\t\t\t<\/div>\n\n\t\t\t\t\t\t\t<input id=\"f1-registration_form_source\" name=\"registration_form[source]\" type=\"hidden\" value=\"offer\">\n\t\t\t\t\t\t\t\t\t\t\t\t\t\t<input id=\"f1-product_declaration_offer\" name=\"registration_form[product_declaration]\"\ttype=\"hidden\" value=\"zdg\" \/>\n\t\t\t\t\t\t\t<input id=\"f1-landing_page_target_offer\" name=\"registration_form[landing_page_target]\" type=\"hidden\" value=\"\/app\/zamawianie_obr\/nowa_firma\">\n\n\n\t\t\t\t\t\t\t<button class=\"button long x-event-button x-form-button\" data-kind=\"not_registered_zdg_bottom_button\" name=\"action\" value=\"submit\" type=\"submit\"\n\t\t\t\t\t\t\t\t\t\t\t\t\t\t\t\t\t\t\t\t\t\t\t\t\t\t\t\t>Za\u0142\u00f3\u017c darmowe konto<\/button>\n\n\t\t\t\t\t\t\t\t\t\t\t\t\t\t<div class=\"google-register-wrapper\">\n\t\t\t\t\t\t\t\t<div class=\"separator-or\">lub<\/div>\n\t\t\t\t\t\t\t\t<a href=\"https:\/\/konto.infakt.pl\/auth\/google_oauth2\" class=\"button google-register\" data-category=\"Formularz\" data-action=\"Produkty - Aplikacja\" data-label=\"Rejestracja\">\n\t\t\t\t\t\t\t\t\t<svg class=\"google-icon\" viewBox=\"0 0 24 24\" width=\"20\" height=\"20\">\n\t\t\t\t\t\t\t\t\t\t<path fill=\"#4285F4\" d=\"M22.56 12.25c0-.78-.07-1.53-.2-2.25H12v4.26h5.92c-.26 1.37-1.04 2.53-2.21 3.31v2.77h3.57c2.08-1.92 3.28-4.74 3.28-8.09z\"><\/path>\n\t\t\t\t\t\t\t\t\t\t<path fill=\"#34A853\" d=\"M12 23c2.97 0 5.46-.98 7.28-2.66l-3.57-2.77c-.98.66-2.23 1.06-3.71 1.06-2.86 0-5.29-1.93-6.16-4.53H2.18v2.84C3.99 20.53 7.7 23 12 23z\"><\/path>\n\t\t\t\t\t\t\t\t\t\t<path fill=\"#FBBC05\" d=\"M5.84 14.09c-.22-.66-.35-1.36-.35-2.09s.13-1.43.35-2.09V7.07H2.18C1.43 8.55 1 10.22 1 12s.43 3.45 1.18 4.93l2.85-2.22.81-.62z\"><\/path>\n\t\t\t\t\t\t\t\t\t\t<path fill=\"#EA4335\" d=\"M12 5.38c1.62 0 3.06.56 4.21 1.64l3.15-3.15C17.45 2.09 14.97 1 12 1 7.7 1 3.99 3.47 2.18 7.07l3.66 2.84c.87-2.6 3.3-4.53 6.16-4.53z\"><\/path>\n\t\t\t\t\t\t\t\t\t<\/svg>\n\t\t\t\t\t\t\t\t\tRejestracja z kontem Google\t\t\t\t\t\t\t\t<\/a>\n\t\t\t\t\t\t\t<\/div>\n\t\t\t\t\t\t\t\n\t\t\t\t\t\t\t<div class=\"field--terms additional-info\">\n\t\t\t\t\t\t\t\t<label>\n\t\t\t\t\t\t\t\t\t<span class=\"data-admin-info\">Administratorem danych osobowych jest inFakt Sp. z o.o. <span\n\t\t\t\t\t\t\t\t\tclass=\"text-more hide\">z siedzib\u0105 w Krakowie, ul. Szlak 49, 31-153 Krak\u00f3w. Twoje dane b\u0119d\u0105 przetwarzane w celu \u015bwiadczenia us\u0142ugi udost\u0119pnienia programu do ksi\u0119gowo\u015bci, w celu wykonania obowi\u0105zk\u00f3w na\u0142o\u017conych na Administratora przepisami prawa, a tak\u017ce \u2013 je\u015bli wyrazi\u0142e\u015b\/a\u015b zgod\u0119 na kontakt marketingowy \u2013 do przekazywania informacji handlowej. Wi\u0119cej informacji na temat przetwarzania Twoich danych znajdziesz w <a href=\"\/polityka-prywatnosci\/\">Polityce Prywatno\u015bci<\/a>. <\/span><a class=\"x-agree-more-2\" href=\"#\">Wi\u0119cej<\/a><\/span>\n\t\t\t\t\t\t\t\t<\/label>\n\t\t\t\t\t\t\t<\/div>\n            \t\t\t\t\t\t\t\t\t\t\t\t\t<div class=\"bottom-more-box\">\n\t\t\t\t\t\t\t\t<a href=\"https:\/\/www.infakt.pl\/\" class=\"small\">Dowiedz si\u0119 wi\u0119cej o us\u0142udze<\/a>\n\t\t\t\t\t\t\t<\/div>\n\t\t\t\t\t\t\n                                    \n\t\t\t\t\t<\/fieldset>\n\t\t\t\t<\/form>\n\t\t\t<\/div>\n\t\t<\/div>\n\t<\/div>\n\n\t\t\n\n\n\n<h2 class=\"wp-block-heading\" id=\"przeanalizuj-swoje-przychody-do-konca-roku\">Przeanalizuj swoje przychody do ko\u0144ca roku&nbsp;<\/h2>\n\n\n\n<p>Je\u015bli rozliczasz si\u0119 na zasadach rycza\u0142tu, grudzie\u0144 to najlepszy moment, by zweryfikowa\u0107 sw\u00f3j przych\u00f3d. <strong>Przekroczenie progu przychodowego nawet o 1 grosz powoduje zap\u0142at\u0119 wy\u017cszej sk\u0142adki zdrowotnej za ca\u0142y rok<\/strong>.&nbsp;<\/p>\n\n\n\n<p>Wyobra\u017amy sobie sytuacj\u0119, \u017ce przych\u00f3d na koniec roku wynosi 60 100 z\u0142. W takim przypadku przekroczenie o 100 z\u0142 przychodu powoduje, \u017ce zap\u0142acisz <strong>sk\u0142adk\u0119 zdrowotn\u0105 w stosunku rocznym wy\u017csz\u0105 o 2687,49 z\u0142<\/strong>.&nbsp;<\/p>\n\n\n\n<p>Natomiast r\u00f3\u017cnica w wysoko\u015bci rocznej <strong>sk\u0142adki zdrowotnej pomi\u0119dzy 2 a 3 progiem wynosi ju\u017c 5374,98 <\/strong>z\u0142.&nbsp;<\/p>\n\n\n\n<p>Dlatego, je\u015bli zbli\u017casz si\u0119 do przekroczenia progu pod koniec roku, warto skalkulowa\u0107, czy op\u0142aca Ci si\u0119 osi\u0105gn\u0105\u0107 ten przych\u00f3d. Mo\u017ce on <em>de facto<\/em> okaza\u0107 si\u0119 strat\u0105. Strat\u0105, bo kwota zap\u0142aconej sk\u0142adki zdrowotnej b\u0119dzie wy\u017csza, ni\u017c osi\u0105gni\u0119ty przych\u00f3d.&nbsp;&nbsp;<\/p>\n\n\n\n<p>Co mo\u017cesz zrobi\u0107 w takim przypadku? Jednym z rozwi\u0105za\u0144 jest rezygnacja z planowanego zlecenia i np. wzi\u0119cie urlopu. Jednak nie zawsze jest to mo\u017cliwe \u2013 by\u0107 mo\u017ce wi\u0105\u017ce Ci\u0119 umowa i termin jej wykonania.&nbsp;<\/p>\n\n\n\n<h2 class=\"wp-block-heading\" id=\"rozwaz-zaplate-zus-jeszcze-w-grudniu\">Rozwa\u017c zap\u0142at\u0119 ZUS jeszcze w grudniu<\/h2>\n\n\n\n<p>Przedsi\u0119biorcy rozliczaj\u0105cy si\u0119 na rycza\u0142cie p\u0142ac\u0105 podatek od przychod\u00f3w i tak te\u017c jest wyliczana sk\u0142adka zdrowotna. Od przychodu mo\u017cemy odliczy\u0107 zap\u0142acone sk\u0142adki na ubezpieczenie spo\u0142eczne.&nbsp;<\/p>\n\n\n\n<p>W zwi\u0105zku z tym, je\u015bli przyk\u0142adowo Tw\u00f3j przych\u00f3d po bie\u017c\u0105cych odliczeniach op\u0142aconych sk\u0142adek okaza\u0142by si\u0119 nieznacznie wy\u017cszy od danego progu, warto rozwa\u017cy\u0107 <strong>zap\u0142at\u0119 ZUS za grudzie\u0144 jeszcze w grudniu, a nie ju\u017c w styczniu<\/strong>.&nbsp;<\/p>\n\n\n\n<p><em><strong>Przyk\u0142ad.&nbsp;<\/strong><\/em><\/p>\n\n\n\n<p>Pan Artur po odj\u0119ciu zap\u0142aconych do tej pory sk\u0142adek ZUS osi\u0105ga przych\u00f3d w wysoko\u015bci 301 000 z\u0142. Sk\u0142adki na ubezpieczenie spo\u0142eczne za grudzie\u0144, kt\u00f3re obecnie wraz z ubezpieczeniem chorobowym wynosz\u0105 1124,23 z\u0142, decyduje si\u0119 zap\u0142aci\u0107 jeszcze w grudniu. Op\u0142acenie sk\u0142adek ZUS w grudniu obni\u017cy jego przych\u00f3d o warto\u015b\u0107 zap\u0142aconych sk\u0142adek. A wi\u0119c przych\u00f3d roczny dla obliczenia sk\u0142adki zdrowotnej wyniesie 299 875,77 z\u0142 \u2013 pan Artur pozostaje w drugim progu. Dzi\u0119ki temu oszcz\u0119dzi 5374,98 z\u0142, bo nie przekroczy trzeciego progu.<\/p>\n\n\n\n<p>Oczywi\u015bcie takie rozwi\u0105zanie nie zawsze pozwala na pozostanie w danym progu. Sprawdzi si\u0119 w sytuacji, <strong>gdy przekroczenie limitu przychodu jest niewielkie i odliczenie sk\u0142adek ZUS pozwoli obni\u017cy\u0107 przych\u00f3d na tyle, by \u201cwr\u00f3ci\u0107\u201d do ni\u017cszego progu<\/strong>.&nbsp;&nbsp;<\/p>\n","protected":false},"excerpt":{"rendered":"<p>Zbli\u017ca si\u0119 koniec roku, w kt\u00f3rym to pierwszy raz rozliczali\u015bmy sk\u0142adk\u0119 zdrowotn\u0105 na nowych zasadach. Szczeg\u00f3ln\u0105 uwag\u0119 na rozliczenie roczne sk\u0142adki powinni zwr\u00f3ci\u0107&hellip;<\/p>\n","protected":false},"author":89,"featured_media":55325,"comment_status":"open","ping_status":"open","sticky":false,"template":"","format":"standard","meta":{"_acf_changed":false,"footnotes":""},"categories":[2052],"tags":[],"class_list":["post-55322","post","type-post","status-publish","format-standard","has-post-thumbnail","hentry","category-aktualnosci"],"acf":[],"yoast_head":"<!-- This site is optimized with the Yoast SEO plugin v27.4 - https:\/\/yoast.com\/product\/yoast-seo-wordpress\/ -->\n<title>Rozliczenie roczne sk\u0142adki zdrowotnej na rycza\u0142cie za 2022 r. Sprawd\u017a, czy nie czeka Ci\u0119 dop\u0142ata - blog inFakt<\/title>\n<meta name=\"description\" content=\"Szczeg\u00f3ln\u0105 uwag\u0119 na rozliczenie roczne sk\u0142adki zdrowotnej powinny zwr\u00f3ci\u0107 osoby rozliczaj\u0105ce si\u0119 na zasadach rycza\u0142tu.\u00a0\" \/>\n<meta name=\"robots\" content=\"index, follow, max-snippet:-1, max-image-preview:large, max-video-preview:-1\" \/>\n<link rel=\"canonical\" href=\"https:\/\/www.infakt.pl\/blog\/rozliczenie-roczne-skladki-zdrowotnej-na-ryczalcie-za-2022-r-sprawdz-czy-nie-czeka-cie-doplata\/\" \/>\n<meta property=\"og:locale\" content=\"pl_PL\" \/>\n<meta property=\"og:type\" content=\"article\" \/>\n<meta property=\"og:title\" content=\"Rozliczenie roczne sk\u0142adki zdrowotnej na rycza\u0142cie za 2022 r. Sprawd\u017a, czy nie czeka Ci\u0119 dop\u0142ata - blog inFakt\" \/>\n<meta property=\"og:description\" content=\"Szczeg\u00f3ln\u0105 uwag\u0119 na rozliczenie roczne sk\u0142adki zdrowotnej powinny zwr\u00f3ci\u0107 osoby rozliczaj\u0105ce si\u0119 na zasadach rycza\u0142tu.\u00a0\" \/>\n<meta property=\"og:url\" content=\"https:\/\/www.infakt.pl\/blog\/rozliczenie-roczne-skladki-zdrowotnej-na-ryczalcie-za-2022-r-sprawdz-czy-nie-czeka-cie-doplata\/\" \/>\n<meta property=\"og:site_name\" content=\"Infakt Blog\" \/>\n<meta property=\"article:published_time\" content=\"2022-12-15T07:38:00+00:00\" \/>\n<meta property=\"article:modified_time\" content=\"2024-09-23T07:39:28+00:00\" \/>\n<meta property=\"og:image\" content=\"https:\/\/www.infakt.pl\/blog\/wp-content\/uploads\/2022\/12\/ryczalt-a-skladka-zdrowotna-w-2022-1.png\" \/>\n\t<meta property=\"og:image:width\" content=\"1280\" \/>\n\t<meta property=\"og:image:height\" content=\"720\" \/>\n\t<meta property=\"og:image:type\" content=\"image\/png\" \/>\n<meta name=\"author\" content=\"Piotr Juszczyk\" \/>\n<meta name=\"twitter:card\" content=\"summary_large_image\" \/>\n<meta name=\"twitter:title\" content=\"Rozliczenie roczne sk\u0142adki zdrowotnej na rycza\u0142cie za 2022 r. Sprawd\u017a, czy nie czeka Ci\u0119 dop\u0142ata - blog inFakt\" \/>\n<meta name=\"twitter:creator\" content=\"@juszczyk__piotr\" \/>\n<meta name=\"twitter:label1\" content=\"Napisane przez\" \/>\n\t<meta name=\"twitter:data1\" content=\"Piotr Juszczyk\" \/>\n\t<meta name=\"twitter:label2\" content=\"Szacowany czas czytania\" \/>\n\t<meta name=\"twitter:data2\" content=\"5 minut\" \/>\n<script type=\"application\/ld+json\" class=\"yoast-schema-graph\">{\"@context\":\"https:\\\/\\\/schema.org\",\"@graph\":[{\"@type\":\"Article\",\"@id\":\"https:\\\/\\\/www.infakt.pl\\\/blog\\\/rozliczenie-roczne-skladki-zdrowotnej-na-ryczalcie-za-2022-r-sprawdz-czy-nie-czeka-cie-doplata\\\/#article\",\"isPartOf\":{\"@id\":\"https:\\\/\\\/www.infakt.pl\\\/blog\\\/rozliczenie-roczne-skladki-zdrowotnej-na-ryczalcie-za-2022-r-sprawdz-czy-nie-czeka-cie-doplata\\\/\"},\"author\":{\"name\":\"Piotr Juszczyk\",\"@id\":\"https:\\\/\\\/www.infakt.pl\\\/blog\\\/#\\\/schema\\\/person\\\/70b9a0ac88885d2fe730f249b9f22ada\"},\"headline\":\"Rozliczenie roczne sk\u0142adki zdrowotnej na rycza\u0142cie za 2022 r. Sprawd\u017a, czy nie czeka Ci\u0119 dop\u0142ata\",\"datePublished\":\"2022-12-15T07:38:00+00:00\",\"dateModified\":\"2024-09-23T07:39:28+00:00\",\"mainEntityOfPage\":{\"@id\":\"https:\\\/\\\/www.infakt.pl\\\/blog\\\/rozliczenie-roczne-skladki-zdrowotnej-na-ryczalcie-za-2022-r-sprawdz-czy-nie-czeka-cie-doplata\\\/\"},\"wordCount\":1034,\"commentCount\":0,\"image\":{\"@id\":\"https:\\\/\\\/www.infakt.pl\\\/blog\\\/rozliczenie-roczne-skladki-zdrowotnej-na-ryczalcie-za-2022-r-sprawdz-czy-nie-czeka-cie-doplata\\\/#primaryimage\"},\"thumbnailUrl\":\"https:\\\/\\\/www.infakt.pl\\\/blog\\\/wp-content\\\/uploads\\\/2022\\\/12\\\/ryczalt-a-skladka-zdrowotna-w-2022-1.png\",\"articleSection\":[\"Aktualno\u015bci\"],\"inLanguage\":\"pl-PL\",\"potentialAction\":[{\"@type\":\"CommentAction\",\"name\":\"Comment\",\"target\":[\"https:\\\/\\\/www.infakt.pl\\\/blog\\\/rozliczenie-roczne-skladki-zdrowotnej-na-ryczalcie-za-2022-r-sprawdz-czy-nie-czeka-cie-doplata\\\/#respond\"]}]},{\"@type\":\"WebPage\",\"@id\":\"https:\\\/\\\/www.infakt.pl\\\/blog\\\/rozliczenie-roczne-skladki-zdrowotnej-na-ryczalcie-za-2022-r-sprawdz-czy-nie-czeka-cie-doplata\\\/\",\"url\":\"https:\\\/\\\/www.infakt.pl\\\/blog\\\/rozliczenie-roczne-skladki-zdrowotnej-na-ryczalcie-za-2022-r-sprawdz-czy-nie-czeka-cie-doplata\\\/\",\"name\":\"Rozliczenie roczne sk\u0142adki zdrowotnej na rycza\u0142cie za 2022 r. Sprawd\u017a, czy nie czeka Ci\u0119 dop\u0142ata - blog inFakt\",\"isPartOf\":{\"@id\":\"https:\\\/\\\/www.infakt.pl\\\/blog\\\/#website\"},\"primaryImageOfPage\":{\"@id\":\"https:\\\/\\\/www.infakt.pl\\\/blog\\\/rozliczenie-roczne-skladki-zdrowotnej-na-ryczalcie-za-2022-r-sprawdz-czy-nie-czeka-cie-doplata\\\/#primaryimage\"},\"image\":{\"@id\":\"https:\\\/\\\/www.infakt.pl\\\/blog\\\/rozliczenie-roczne-skladki-zdrowotnej-na-ryczalcie-za-2022-r-sprawdz-czy-nie-czeka-cie-doplata\\\/#primaryimage\"},\"thumbnailUrl\":\"https:\\\/\\\/www.infakt.pl\\\/blog\\\/wp-content\\\/uploads\\\/2022\\\/12\\\/ryczalt-a-skladka-zdrowotna-w-2022-1.png\",\"datePublished\":\"2022-12-15T07:38:00+00:00\",\"dateModified\":\"2024-09-23T07:39:28+00:00\",\"author\":{\"@id\":\"https:\\\/\\\/www.infakt.pl\\\/blog\\\/#\\\/schema\\\/person\\\/70b9a0ac88885d2fe730f249b9f22ada\"},\"description\":\"Szczeg\u00f3ln\u0105 uwag\u0119 na rozliczenie roczne sk\u0142adki zdrowotnej powinny zwr\u00f3ci\u0107 osoby rozliczaj\u0105ce si\u0119 na zasadach rycza\u0142tu.\u00a0\",\"breadcrumb\":{\"@id\":\"https:\\\/\\\/www.infakt.pl\\\/blog\\\/rozliczenie-roczne-skladki-zdrowotnej-na-ryczalcie-za-2022-r-sprawdz-czy-nie-czeka-cie-doplata\\\/#breadcrumb\"},\"inLanguage\":\"pl-PL\",\"potentialAction\":[{\"@type\":\"ReadAction\",\"target\":[\"https:\\\/\\\/www.infakt.pl\\\/blog\\\/rozliczenie-roczne-skladki-zdrowotnej-na-ryczalcie-za-2022-r-sprawdz-czy-nie-czeka-cie-doplata\\\/\"]}]},{\"@type\":\"ImageObject\",\"inLanguage\":\"pl-PL\",\"@id\":\"https:\\\/\\\/www.infakt.pl\\\/blog\\\/rozliczenie-roczne-skladki-zdrowotnej-na-ryczalcie-za-2022-r-sprawdz-czy-nie-czeka-cie-doplata\\\/#primaryimage\",\"url\":\"https:\\\/\\\/www.infakt.pl\\\/blog\\\/wp-content\\\/uploads\\\/2022\\\/12\\\/ryczalt-a-skladka-zdrowotna-w-2022-1.png\",\"contentUrl\":\"https:\\\/\\\/www.infakt.pl\\\/blog\\\/wp-content\\\/uploads\\\/2022\\\/12\\\/ryczalt-a-skladka-zdrowotna-w-2022-1.png\",\"width\":1280,\"height\":720,\"caption\":\"Rozliczenie roczne sk\u0142adki zdrowotnej na rycza\u0142cie\"},{\"@type\":\"BreadcrumbList\",\"@id\":\"https:\\\/\\\/www.infakt.pl\\\/blog\\\/rozliczenie-roczne-skladki-zdrowotnej-na-ryczalcie-za-2022-r-sprawdz-czy-nie-czeka-cie-doplata\\\/#breadcrumb\",\"itemListElement\":[{\"@type\":\"ListItem\",\"position\":1,\"name\":\"Blog\",\"item\":\"https:\\\/\\\/www.infakt.pl\\\/blog\\\/\"},{\"@type\":\"ListItem\",\"position\":2,\"name\":\"Aktualno\u015bci\",\"item\":\"https:\\\/\\\/www.infakt.pl\\\/blog\\\/kategoria\\\/aktualnosci\\\/\"},{\"@type\":\"ListItem\",\"position\":3,\"name\":\"Rozliczenie roczne sk\u0142adki zdrowotnej na rycza\u0142cie za 2022 r. Sprawd\u017a, cz&hellip;\"}]},{\"@type\":\"WebSite\",\"@id\":\"https:\\\/\\\/www.infakt.pl\\\/blog\\\/#website\",\"url\":\"https:\\\/\\\/www.infakt.pl\\\/blog\\\/\",\"name\":\"Infakt Blog\",\"description\":\"\",\"potentialAction\":[{\"@type\":\"SearchAction\",\"target\":{\"@type\":\"EntryPoint\",\"urlTemplate\":\"https:\\\/\\\/www.infakt.pl\\\/blog\\\/?s={search_term_string}\"},\"query-input\":{\"@type\":\"PropertyValueSpecification\",\"valueRequired\":true,\"valueName\":\"search_term_string\"}}],\"inLanguage\":\"pl-PL\"},{\"@type\":\"Person\",\"@id\":\"https:\\\/\\\/www.infakt.pl\\\/blog\\\/#\\\/schema\\\/person\\\/70b9a0ac88885d2fe730f249b9f22ada\",\"name\":\"Piotr Juszczyk\",\"image\":{\"@type\":\"ImageObject\",\"inLanguage\":\"pl-PL\",\"@id\":\"https:\\\/\\\/secure.gravatar.com\\\/avatar\\\/fad4e104f19c065e24950ba53bab96743f114e8d9da12472516fc9e042f22b7e?s=96&d=mm&r=g\",\"url\":\"https:\\\/\\\/secure.gravatar.com\\\/avatar\\\/fad4e104f19c065e24950ba53bab96743f114e8d9da12472516fc9e042f22b7e?s=96&d=mm&r=g\",\"contentUrl\":\"https:\\\/\\\/secure.gravatar.com\\\/avatar\\\/fad4e104f19c065e24950ba53bab96743f114e8d9da12472516fc9e042f22b7e?s=96&d=mm&r=g\",\"caption\":\"Piotr Juszczyk\"},\"description\":\"Jestem g\u0142\u00f3wnym doradc\u0105 podatkowym w inFakcie (nr wpisu 13142). Odpowiadam za PR i komunikacj\u0119. Pomagam przedsi\u0119biorcom. Prywatnie jestem m\u0119\u017cem i ojcem uwielbiaj\u0105cym wszelkie aktywno\u015bci i podr\u00f3\u017cowanie.\",\"sameAs\":[\"https:\\\/\\\/www.linkedin.com\\\/in\\\/piotr-juszczyk-91a7a3172\\\/\",\"https:\\\/\\\/x.com\\\/juszczyk__piotr\"],\"url\":\"https:\\\/\\\/www.infakt.pl\\\/blog\\\/author\\\/piotr-juszczyk\\\/\"}]}<\/script>\n<!-- \/ Yoast SEO plugin. -->","yoast_head_json":{"title":"Rozliczenie roczne sk\u0142adki zdrowotnej na rycza\u0142cie za 2022 r. Sprawd\u017a, czy nie czeka Ci\u0119 dop\u0142ata - blog inFakt","description":"Szczeg\u00f3ln\u0105 uwag\u0119 na rozliczenie roczne sk\u0142adki zdrowotnej powinny zwr\u00f3ci\u0107 osoby rozliczaj\u0105ce si\u0119 na zasadach rycza\u0142tu.\u00a0","robots":{"index":"index","follow":"follow","max-snippet":"max-snippet:-1","max-image-preview":"max-image-preview:large","max-video-preview":"max-video-preview:-1"},"canonical":"https:\/\/www.infakt.pl\/blog\/rozliczenie-roczne-skladki-zdrowotnej-na-ryczalcie-za-2022-r-sprawdz-czy-nie-czeka-cie-doplata\/","og_locale":"pl_PL","og_type":"article","og_title":"Rozliczenie roczne sk\u0142adki zdrowotnej na rycza\u0142cie za 2022 r. Sprawd\u017a, czy nie czeka Ci\u0119 dop\u0142ata - blog inFakt","og_description":"Szczeg\u00f3ln\u0105 uwag\u0119 na rozliczenie roczne sk\u0142adki zdrowotnej powinny zwr\u00f3ci\u0107 osoby rozliczaj\u0105ce si\u0119 na zasadach rycza\u0142tu.\u00a0","og_url":"https:\/\/www.infakt.pl\/blog\/rozliczenie-roczne-skladki-zdrowotnej-na-ryczalcie-za-2022-r-sprawdz-czy-nie-czeka-cie-doplata\/","og_site_name":"Infakt Blog","article_published_time":"2022-12-15T07:38:00+00:00","article_modified_time":"2024-09-23T07:39:28+00:00","og_image":[{"width":1280,"height":720,"url":"https:\/\/www.infakt.pl\/blog\/wp-content\/uploads\/2022\/12\/ryczalt-a-skladka-zdrowotna-w-2022-1.png","type":"image\/png"}],"author":"Piotr Juszczyk","twitter_card":"summary_large_image","twitter_title":"Rozliczenie roczne sk\u0142adki zdrowotnej na rycza\u0142cie za 2022 r. Sprawd\u017a, czy nie czeka Ci\u0119 dop\u0142ata - blog inFakt","twitter_creator":"@juszczyk__piotr","twitter_misc":{"Napisane przez":"Piotr Juszczyk","Szacowany czas czytania":"5 minut"},"schema":{"@context":"https:\/\/schema.org","@graph":[{"@type":"Article","@id":"https:\/\/www.infakt.pl\/blog\/rozliczenie-roczne-skladki-zdrowotnej-na-ryczalcie-za-2022-r-sprawdz-czy-nie-czeka-cie-doplata\/#article","isPartOf":{"@id":"https:\/\/www.infakt.pl\/blog\/rozliczenie-roczne-skladki-zdrowotnej-na-ryczalcie-za-2022-r-sprawdz-czy-nie-czeka-cie-doplata\/"},"author":{"name":"Piotr Juszczyk","@id":"https:\/\/www.infakt.pl\/blog\/#\/schema\/person\/70b9a0ac88885d2fe730f249b9f22ada"},"headline":"Rozliczenie roczne sk\u0142adki zdrowotnej na rycza\u0142cie za 2022 r. Sprawd\u017a, czy nie czeka Ci\u0119 dop\u0142ata","datePublished":"2022-12-15T07:38:00+00:00","dateModified":"2024-09-23T07:39:28+00:00","mainEntityOfPage":{"@id":"https:\/\/www.infakt.pl\/blog\/rozliczenie-roczne-skladki-zdrowotnej-na-ryczalcie-za-2022-r-sprawdz-czy-nie-czeka-cie-doplata\/"},"wordCount":1034,"commentCount":0,"image":{"@id":"https:\/\/www.infakt.pl\/blog\/rozliczenie-roczne-skladki-zdrowotnej-na-ryczalcie-za-2022-r-sprawdz-czy-nie-czeka-cie-doplata\/#primaryimage"},"thumbnailUrl":"https:\/\/www.infakt.pl\/blog\/wp-content\/uploads\/2022\/12\/ryczalt-a-skladka-zdrowotna-w-2022-1.png","articleSection":["Aktualno\u015bci"],"inLanguage":"pl-PL","potentialAction":[{"@type":"CommentAction","name":"Comment","target":["https:\/\/www.infakt.pl\/blog\/rozliczenie-roczne-skladki-zdrowotnej-na-ryczalcie-za-2022-r-sprawdz-czy-nie-czeka-cie-doplata\/#respond"]}]},{"@type":"WebPage","@id":"https:\/\/www.infakt.pl\/blog\/rozliczenie-roczne-skladki-zdrowotnej-na-ryczalcie-za-2022-r-sprawdz-czy-nie-czeka-cie-doplata\/","url":"https:\/\/www.infakt.pl\/blog\/rozliczenie-roczne-skladki-zdrowotnej-na-ryczalcie-za-2022-r-sprawdz-czy-nie-czeka-cie-doplata\/","name":"Rozliczenie roczne sk\u0142adki zdrowotnej na rycza\u0142cie za 2022 r. Sprawd\u017a, czy nie czeka Ci\u0119 dop\u0142ata - blog inFakt","isPartOf":{"@id":"https:\/\/www.infakt.pl\/blog\/#website"},"primaryImageOfPage":{"@id":"https:\/\/www.infakt.pl\/blog\/rozliczenie-roczne-skladki-zdrowotnej-na-ryczalcie-za-2022-r-sprawdz-czy-nie-czeka-cie-doplata\/#primaryimage"},"image":{"@id":"https:\/\/www.infakt.pl\/blog\/rozliczenie-roczne-skladki-zdrowotnej-na-ryczalcie-za-2022-r-sprawdz-czy-nie-czeka-cie-doplata\/#primaryimage"},"thumbnailUrl":"https:\/\/www.infakt.pl\/blog\/wp-content\/uploads\/2022\/12\/ryczalt-a-skladka-zdrowotna-w-2022-1.png","datePublished":"2022-12-15T07:38:00+00:00","dateModified":"2024-09-23T07:39:28+00:00","author":{"@id":"https:\/\/www.infakt.pl\/blog\/#\/schema\/person\/70b9a0ac88885d2fe730f249b9f22ada"},"description":"Szczeg\u00f3ln\u0105 uwag\u0119 na rozliczenie roczne sk\u0142adki zdrowotnej powinny zwr\u00f3ci\u0107 osoby rozliczaj\u0105ce si\u0119 na zasadach rycza\u0142tu.\u00a0","breadcrumb":{"@id":"https:\/\/www.infakt.pl\/blog\/rozliczenie-roczne-skladki-zdrowotnej-na-ryczalcie-za-2022-r-sprawdz-czy-nie-czeka-cie-doplata\/#breadcrumb"},"inLanguage":"pl-PL","potentialAction":[{"@type":"ReadAction","target":["https:\/\/www.infakt.pl\/blog\/rozliczenie-roczne-skladki-zdrowotnej-na-ryczalcie-za-2022-r-sprawdz-czy-nie-czeka-cie-doplata\/"]}]},{"@type":"ImageObject","inLanguage":"pl-PL","@id":"https:\/\/www.infakt.pl\/blog\/rozliczenie-roczne-skladki-zdrowotnej-na-ryczalcie-za-2022-r-sprawdz-czy-nie-czeka-cie-doplata\/#primaryimage","url":"https:\/\/www.infakt.pl\/blog\/wp-content\/uploads\/2022\/12\/ryczalt-a-skladka-zdrowotna-w-2022-1.png","contentUrl":"https:\/\/www.infakt.pl\/blog\/wp-content\/uploads\/2022\/12\/ryczalt-a-skladka-zdrowotna-w-2022-1.png","width":1280,"height":720,"caption":"Rozliczenie roczne sk\u0142adki zdrowotnej na rycza\u0142cie"},{"@type":"BreadcrumbList","@id":"https:\/\/www.infakt.pl\/blog\/rozliczenie-roczne-skladki-zdrowotnej-na-ryczalcie-za-2022-r-sprawdz-czy-nie-czeka-cie-doplata\/#breadcrumb","itemListElement":[{"@type":"ListItem","position":1,"name":"Blog","item":"https:\/\/www.infakt.pl\/blog\/"},{"@type":"ListItem","position":2,"name":"Aktualno\u015bci","item":"https:\/\/www.infakt.pl\/blog\/kategoria\/aktualnosci\/"},{"@type":"ListItem","position":3,"name":"Rozliczenie roczne sk\u0142adki zdrowotnej na rycza\u0142cie za 2022 r. Sprawd\u017a, cz&hellip;"}]},{"@type":"WebSite","@id":"https:\/\/www.infakt.pl\/blog\/#website","url":"https:\/\/www.infakt.pl\/blog\/","name":"Infakt Blog","description":"","potentialAction":[{"@type":"SearchAction","target":{"@type":"EntryPoint","urlTemplate":"https:\/\/www.infakt.pl\/blog\/?s={search_term_string}"},"query-input":{"@type":"PropertyValueSpecification","valueRequired":true,"valueName":"search_term_string"}}],"inLanguage":"pl-PL"},{"@type":"Person","@id":"https:\/\/www.infakt.pl\/blog\/#\/schema\/person\/70b9a0ac88885d2fe730f249b9f22ada","name":"Piotr Juszczyk","image":{"@type":"ImageObject","inLanguage":"pl-PL","@id":"https:\/\/secure.gravatar.com\/avatar\/fad4e104f19c065e24950ba53bab96743f114e8d9da12472516fc9e042f22b7e?s=96&d=mm&r=g","url":"https:\/\/secure.gravatar.com\/avatar\/fad4e104f19c065e24950ba53bab96743f114e8d9da12472516fc9e042f22b7e?s=96&d=mm&r=g","contentUrl":"https:\/\/secure.gravatar.com\/avatar\/fad4e104f19c065e24950ba53bab96743f114e8d9da12472516fc9e042f22b7e?s=96&d=mm&r=g","caption":"Piotr Juszczyk"},"description":"Jestem g\u0142\u00f3wnym doradc\u0105 podatkowym w inFakcie (nr wpisu 13142). Odpowiadam za PR i komunikacj\u0119. Pomagam przedsi\u0119biorcom. Prywatnie jestem m\u0119\u017cem i ojcem uwielbiaj\u0105cym wszelkie aktywno\u015bci i podr\u00f3\u017cowanie.","sameAs":["https:\/\/www.linkedin.com\/in\/piotr-juszczyk-91a7a3172\/","https:\/\/x.com\/juszczyk__piotr"],"url":"https:\/\/www.infakt.pl\/blog\/author\/piotr-juszczyk\/"}]}},"_links":{"self":[{"href":"https:\/\/www.infakt.pl\/blog\/wp-json\/wp\/v2\/posts\/55322","targetHints":{"allow":["GET"]}}],"collection":[{"href":"https:\/\/www.infakt.pl\/blog\/wp-json\/wp\/v2\/posts"}],"about":[{"href":"https:\/\/www.infakt.pl\/blog\/wp-json\/wp\/v2\/types\/post"}],"author":[{"embeddable":true,"href":"https:\/\/www.infakt.pl\/blog\/wp-json\/wp\/v2\/users\/89"}],"replies":[{"embeddable":true,"href":"https:\/\/www.infakt.pl\/blog\/wp-json\/wp\/v2\/comments?post=55322"}],"version-history":[{"count":20,"href":"https:\/\/www.infakt.pl\/blog\/wp-json\/wp\/v2\/posts\/55322\/revisions"}],"predecessor-version":[{"id":76074,"href":"https:\/\/www.infakt.pl\/blog\/wp-json\/wp\/v2\/posts\/55322\/revisions\/76074"}],"wp:featuredmedia":[{"embeddable":true,"href":"https:\/\/www.infakt.pl\/blog\/wp-json\/wp\/v2\/media\/55325"}],"wp:attachment":[{"href":"https:\/\/www.infakt.pl\/blog\/wp-json\/wp\/v2\/media?parent=55322"}],"wp:term":[{"taxonomy":"category","embeddable":true,"href":"https:\/\/www.infakt.pl\/blog\/wp-json\/wp\/v2\/categories?post=55322"},{"taxonomy":"post_tag","embeddable":true,"href":"https:\/\/www.infakt.pl\/blog\/wp-json\/wp\/v2\/tags?post=55322"}],"curies":[{"name":"wp","href":"https:\/\/api.w.org\/{rel}","templated":true}]}}