{"id":55085,"date":"2022-11-15T09:16:00","date_gmt":"2022-11-15T08:16:00","guid":{"rendered":"https:\/\/www.infakt.pl\/blog\/?p=55085"},"modified":"2022-11-15T09:23:04","modified_gmt":"2022-11-15T08:23:04","slug":"wrzesien-miesiacem-zawieszen-dzialalnosci-sezonowej-analiza-infaktu","status":"publish","type":"post","link":"https:\/\/www.infakt.pl\/blog\/wrzesien-miesiacem-zawieszen-dzialalnosci-sezonowej-analiza-infaktu\/","title":{"rendered":"Wrzesie\u0144 miesi\u0105cem zawiesze\u0144 dzia\u0142alno\u015bci sezonowej. Analiza inFaktu"},"content":{"rendered":"\n<p>We wrze\u015bniu bie\u017c\u0105cego roku zanotowali\u015bmy znaczny wzrost zawieszania dzia\u0142alno\u015bci gospodarczych w Polsce. Czy to oznacza, \u017ce kryzys zaczyna dotyka\u0107 firmy? Zbadali\u015bmy sytuacj\u0119 i z naszych analiz wynika, \u017ce ten znacz\u0105cy wzrost spowodowany jest sezonowo\u015bci\u0105, wyst\u0119puj\u0105c\u0105 co roku.<\/p>\n\n\n\n<h2 class=\"wp-block-heading\" id=\"w-jakich-branzach-najwiecej-zawieszen-dzialalnosci\">W jakich bran\u017cach najwi\u0119cej zawiesze\u0144 dzia\u0142alno\u015bci?<\/h2>\n\n\n\n<p>W pierwszym kroku przeanalizowali\u015bmy, w jakich bran\u017cach najcz\u0119\u015bciej przedsi\u0119biorcy zawieszali swoj\u0105 dzia\u0142alno\u015b\u0107 we wrze\u015bniu 2022 roku. Znacz\u0105cy wzrost<strong> liczby zawieszonych firm zaobserwowali\u015bmy w bran\u017cy hotelarskiej i gastronomicznej<\/strong>.&nbsp;<\/p>\n\n\n\n<p>Kolejnym krokiem, kt\u00f3ry wykona\u0142 nasz zesp\u00f3\u0142 analityczny, by\u0142a weryfikacja sytuacji w analogicznych okresach w latach&nbsp;2021 i 2020. <strong>Analiza sytuacji w latach ubieg\u0142ych wykaza\u0142a, \u017ce wyniki by\u0142y zbli\u017cone do tych z bie\u017c\u0105cego roku<\/strong>. W powy\u017cszych bran\u017cach odnotowali\u015bmy skok w liczbie zawieszonych dzia\u0142alno\u015bci w\u0142a\u015bnie we wrze\u015bniu.&nbsp;<\/p>\n\n\n\n\n\t\t<div class=\"flex text-highlight-box flex-direction-column br-12 p-24 mt-36 mb-36 bg-yellow-highlight\">\n\t\t\t<div class=\"heading flex\">\n\t\t\t\t<div class=\"img-box\">\n\t\t\t\t\t<img decoding=\"async\" class=\"icon w-auto m-0\" width=\"24\" height=\"24\" src=\"https:\/\/www.infakt.pl\/blog\/wp-content\/themes\/infakt\/assets\/images\/2020\/good-to-know-bulb.svg\" alt=\"box-icon\">\n\t\t\t\t<\/div>\n\t\t\t\t<p class=\"title small text-grey text-uppercase font-500 letter-s-1 mb-16\">Wa\u017cne<\/p>\n\t\t\t<\/div>\n\t\t\t<p class=\"content base mb-0 mx-xs-0 \">W zwi\u0105zku z tym stwierdzili\u015bmy, \u017ce obserwowany znaczny wzrost liczby zawieszonych firm&nbsp; we wrze\u015bniu 2022 roku w bran\u017cach zwi\u0105zanych z zakwaterowaniem i wy\u017cywieniem jest&nbsp; efektem sezonowo\u015bci.<\/p>\n\t\t<\/div>\n\n\t\n\n\n\n<p>Tez\u0119 t\u0119 potwierdza r\u00f3wnie\u017c <strong>geograficzne rozmieszczenie zawieszonych dzia\u0142alno\u015bci <\/strong>w tych dw\u00f3ch bran\u017cach. G\u0142\u00f3wnie s\u0105 to miejscowo\u015bci nadmorskie, co obrazuj\u0105 poni\u017csze grafiki.<\/p>\n\n\n\n<figure class=\"wp-block-image size-large\"><img decoding=\"async\" loading=\"lazy\" width=\"1024\" height=\"878\"  src=\"https:\/\/www.infakt.pl\/blog\/wp-content\/uploads\/2022\/11\/zawieszenia-dzialalnosci-rozmieszczenie-geograficzna1-1024x878.png\" alt=\"\" class=\"wp-image-55086\" srcset=\"https:\/\/www.infakt.pl\/blog\/wp-content\/uploads\/2022\/11\/zawieszenia-dzialalnosci-rozmieszczenie-geograficzna1-1024x878.png 1024w, https:\/\/www.infakt.pl\/blog\/wp-content\/uploads\/2022\/11\/zawieszenia-dzialalnosci-rozmieszczenie-geograficzna1-300x257.png 300w, https:\/\/www.infakt.pl\/blog\/wp-content\/uploads\/2022\/11\/zawieszenia-dzialalnosci-rozmieszczenie-geograficzna1-1280x1097.png 1280w, https:\/\/www.infakt.pl\/blog\/wp-content\/uploads\/2022\/11\/zawieszenia-dzialalnosci-rozmieszczenie-geograficzna1-760x651.png 760w, https:\/\/www.infakt.pl\/blog\/wp-content\/uploads\/2022\/11\/zawieszenia-dzialalnosci-rozmieszczenie-geograficzna1-610x523.png 610w, https:\/\/www.infakt.pl\/blog\/wp-content\/uploads\/2022\/11\/zawieszenia-dzialalnosci-rozmieszczenie-geograficzna1-380x326.png 380w, https:\/\/www.infakt.pl\/blog\/wp-content\/uploads\/2022\/11\/zawieszenia-dzialalnosci-rozmieszczenie-geograficzna1-196x168.png 196w, https:\/\/www.infakt.pl\/blog\/wp-content\/uploads\/2022\/11\/zawieszenia-dzialalnosci-rozmieszczenie-geograficzna1-980x840.png 980w, https:\/\/www.infakt.pl\/blog\/wp-content\/uploads\/2022\/11\/zawieszenia-dzialalnosci-rozmieszczenie-geograficzna1-500x429.png 500w, https:\/\/www.infakt.pl\/blog\/wp-content\/uploads\/2022\/11\/zawieszenia-dzialalnosci-rozmieszczenie-geograficzna1-250x214.png 250w, https:\/\/www.infakt.pl\/blog\/wp-content\/uploads\/2022\/11\/zawieszenia-dzialalnosci-rozmieszczenie-geograficzna1.png 1393w\" sizes=\"auto, (max-width: 1024px) 100vw, 1024px\" \/><\/figure>\n\n\n\n<figure class=\"wp-block-image size-large\"><img decoding=\"async\" loading=\"lazy\" width=\"1024\" height=\"878\"  src=\"https:\/\/www.infakt.pl\/blog\/wp-content\/uploads\/2022\/11\/zawieszenia-dzialalnosci-rozmieszczenie-geograficzna2-1024x878.png\" alt=\"\" class=\"wp-image-55087\" srcset=\"https:\/\/www.infakt.pl\/blog\/wp-content\/uploads\/2022\/11\/zawieszenia-dzialalnosci-rozmieszczenie-geograficzna2-1024x878.png 1024w, https:\/\/www.infakt.pl\/blog\/wp-content\/uploads\/2022\/11\/zawieszenia-dzialalnosci-rozmieszczenie-geograficzna2-300x257.png 300w, https:\/\/www.infakt.pl\/blog\/wp-content\/uploads\/2022\/11\/zawieszenia-dzialalnosci-rozmieszczenie-geograficzna2-1280x1097.png 1280w, https:\/\/www.infakt.pl\/blog\/wp-content\/uploads\/2022\/11\/zawieszenia-dzialalnosci-rozmieszczenie-geograficzna2-760x651.png 760w, https:\/\/www.infakt.pl\/blog\/wp-content\/uploads\/2022\/11\/zawieszenia-dzialalnosci-rozmieszczenie-geograficzna2-610x523.png 610w, https:\/\/www.infakt.pl\/blog\/wp-content\/uploads\/2022\/11\/zawieszenia-dzialalnosci-rozmieszczenie-geograficzna2-380x326.png 380w, https:\/\/www.infakt.pl\/blog\/wp-content\/uploads\/2022\/11\/zawieszenia-dzialalnosci-rozmieszczenie-geograficzna2-196x168.png 196w, https:\/\/www.infakt.pl\/blog\/wp-content\/uploads\/2022\/11\/zawieszenia-dzialalnosci-rozmieszczenie-geograficzna2-980x840.png 980w, https:\/\/www.infakt.pl\/blog\/wp-content\/uploads\/2022\/11\/zawieszenia-dzialalnosci-rozmieszczenie-geograficzna2-500x429.png 500w, https:\/\/www.infakt.pl\/blog\/wp-content\/uploads\/2022\/11\/zawieszenia-dzialalnosci-rozmieszczenie-geograficzna2-250x214.png 250w, https:\/\/www.infakt.pl\/blog\/wp-content\/uploads\/2022\/11\/zawieszenia-dzialalnosci-rozmieszczenie-geograficzna2.png 1393w\" sizes=\"auto, (max-width: 1024px) 100vw, 1024px\" \/><\/figure>\n\n\n\n<h2 class=\"wp-block-heading\" id=\"zbyt-wczesnie-na-jednoznaczne-wnioski-dotyczace-kryzysu\">Zbyt wcze\u015bnie na jednoznaczne wnioski dotycz\u0105ce kryzysu<\/h2>\n\n\n\n<p>Oczywi\u015bcie niepokoi liczba zamykanych i zawieszanych dzia\u0142alno\u015bci gospodarczych. By\u0107 mo\u017ce gdyby nie obecny kryzys, zawiesze\u0144 by\u0142oby mniej. S\u0105 to jednak tylko przypuszczenia i <strong>ci\u0119\u017cko na ten moment jednoznacznie stwierdzi\u0107, czy bie\u017c\u0105ca sytuacja gospodarcza wp\u0142yn\u0119\u0142a na t\u0119 liczb\u0119<\/strong>. Jak wspomnieli\u015bmy wcze\u015bniej, rokrocznie we wrze\u015bniu obserwujemy podobn\u0105 sytuacj\u0119.<\/p>\n\n\n\n<p>W zwi\u0105zku z tym <strong>z ocen\u0105, czy faktycznie mamy czas masowych zawiesze\u0144 dzia\u0142alno\u015bci gospodarczych spowodowanych kryzysem, nale\u017cy poczeka\u0107 na kolejne miesi\u0105ce<\/strong>. Z pewno\u015bci\u0105 b\u0119dziemy przygl\u0105da\u0107 si\u0119 tendencjom.&nbsp;<\/p>\n\n\n\n<p>Warto zaznaczy\u0107 te\u017c, \u017ce&nbsp;opr\u00f3cz znacznego wzrostu liczby zawieszanych dzia\u0142alno\u015bci w bran\u017cach gastronomicznych i zakwaterowaniu, <strong>we wrze\u015bniu 2022 roku obserwujemy jednocze\u015bnie&nbsp; wznowienia dzia\u0142alno\u015bci gospodarczych<\/strong> \u2013 w bran\u017cach takich jak np. szkolnictwo.&nbsp;<\/p>\n\n\n\n<h2 class=\"wp-block-heading\" id=\"warto-obserwowac-tendencje-w-kolejnych-miesiacach\">Warto obserwowa\u0107 tendencj\u0119 w kolejnych miesi\u0105cach<\/h2>\n\n\n\n<p>W pa\u017adzierniku i listopadzie bie\u017c\u0105cego roku obserwujemy ju\u017c spadek liczby zawieszanych dzia\u0142alno\u015bci gospodarczych. Niemniej jednak nale\u017cy obserwowa\u0107, czy tendencja ta zn\u00f3w nie powr\u00f3ci \u2013 tym razem ju\u017c nie z racji sezonowo\u015bci.&nbsp;<\/p>\n\n\n\n<p>Niew\u0105tpliwie <strong>tegoroczna zima b\u0119dzie szczeg\u00f3lnym okresem dla przedsi\u0119biorc\u00f3w.<\/strong> Obecnie wiele firm zaczyna walczy\u0107 z podwy\u017ckami m.in. gazu czy te\u017c pr\u0105du. Mo\u017ce to powodowa\u0107, \u017ce przy ma\u0142ej rentowno\u015bci albo stratach w\u0142a\u015bciciele firm mog\u0105 si\u0119 zdecydowa\u0107 na zamkni\u0119cie biznesu lub czasowe zawieszenie.&nbsp;<\/p>\n\n\n\n<p>Z drugiej strony ca\u0142y czas <strong>obserwujemy jednak wzrost wznowie\u0144 dzia\u0142alno\u015bci gospodarczej wzgl\u0119dem zawieszanych dzia\u0142alno\u015bci<\/strong>. Liczby zawiesze\u0144 i wznowie\u0144 s\u0105&nbsp; obecnie podobne&nbsp;do analogicznych okres\u00f3w lat ubieg\u0142ych.&nbsp;<\/p>\n\n\n\n\n\t\t<div class=\"flex text-highlight-box flex-direction-column br-12 p-24 mt-36 mb-36 bg-yellow-highlight\">\n\t\t\t<div class=\"heading flex\">\n\t\t\t\t<div class=\"img-box\">\n\t\t\t\t\t<img decoding=\"async\" class=\"icon w-auto m-0\" width=\"24\" height=\"24\" src=\"https:\/\/www.infakt.pl\/blog\/wp-content\/themes\/infakt\/assets\/images\/2020\/good-to-know-bulb.svg\" alt=\"box-icon\">\n\t\t\t\t<\/div>\n\t\t\t\t<p class=\"title small text-grey text-uppercase font-500 letter-s-1 mb-16\">Wa\u017cne<\/p>\n\t\t\t<\/div>\n\t\t\t<p class=\"content base mb-0 mx-xs-0 \">Wed\u0142ug GUS w III kwartale 2022 roku odnotowano 93 970 rejestracji przedsi\u0119biorstw, tj. o 10,3% wi\u0119cej ni\u017c w analogicznym okresie ubieg\u0142ego roku oraz 69 upad\u0142o\u015bci, tj. o 12,7% mniej ni\u017c w III kwartale 2021 roku.<\/p>\n\t\t<\/div>\n\n\t\n\n\n\n<h2 class=\"wp-block-heading\" id=\"podsumowanie\">Podsumowanie<\/h2>\n\n\n\n<p>Analizuj\u0105c przytoczone wy\u017cej dane, wstrzyma\u0142bym si\u0119 z ostateczn\u0105 ocen\u0105 wp\u0142ywu kryzysu na dzia\u0142ania przedsi\u0119biorc\u00f3w i liczb\u0119 firm w Polsce. Na ten moment&nbsp;mog\u0119 stwierdzi\u0107, \u017ce <strong>pojawiaj\u0105ce si\u0119 w mediach informacje o lawinowym zamykaniu dzia\u0142alno\u015bci gospodarczych w naszym kraju s\u0105 przesadzone<\/strong>.<\/p>\n","protected":false},"excerpt":{"rendered":"<p>We wrze\u015bniu bie\u017c\u0105cego roku zanotowali\u015bmy znaczny wzrost zawieszania dzia\u0142alno\u015bci gospodarczych w Polsce. Czy to oznacza, \u017ce kryzys zaczyna dotyka\u0107 firmy? Zbadali\u015bmy&hellip;<\/p>\n","protected":false},"author":89,"featured_media":55088,"comment_status":"open","ping_status":"open","sticky":false,"template":"","format":"standard","meta":{"_acf_changed":false,"footnotes":""},"categories":[2052],"tags":[],"class_list":["post-55085","post","type-post","status-publish","format-standard","has-post-thumbnail","hentry","category-aktualnosci"],"acf":[],"yoast_head":"<!-- This site is optimized with the Yoast SEO plugin v27.4 - https:\/\/yoast.com\/product\/yoast-seo-wordpress\/ -->\n<title>Wrzesie\u0144 miesi\u0105cem zawiesze\u0144 dzia\u0142alno\u015bci sezonowej. Analiza - blog inFakt<\/title>\n<meta name=\"description\" content=\"We wrze\u015bniu bie\u017c\u0105cego roku zanotowali\u015bmy znaczny wzrost zawieszania dzia\u0142alno\u015bci gospodarczych\u00a0 w Polsce. Czy to oznacza, \u017ce kryzys zaczyna dotyka\u0107 firmy?\" \/>\n<meta name=\"robots\" content=\"index, follow, max-snippet:-1, max-image-preview:large, max-video-preview:-1\" \/>\n<link rel=\"canonical\" href=\"https:\/\/www.infakt.pl\/blog\/wrzesien-miesiacem-zawieszen-dzialalnosci-sezonowej-analiza-infaktu\/\" \/>\n<meta property=\"og:locale\" content=\"pl_PL\" \/>\n<meta property=\"og:type\" content=\"article\" \/>\n<meta property=\"og:title\" content=\"Wrzesie\u0144 miesi\u0105cem zawiesze\u0144 dzia\u0142alno\u015bci sezonowej. Analiza - blog inFakt\" \/>\n<meta property=\"og:description\" content=\"We wrze\u015bniu bie\u017c\u0105cego roku zanotowali\u015bmy znaczny wzrost zawieszania dzia\u0142alno\u015bci gospodarczych\u00a0 w Polsce. Czy to oznacza, \u017ce kryzys zaczyna dotyka\u0107 firmy?\" \/>\n<meta property=\"og:url\" content=\"https:\/\/www.infakt.pl\/blog\/wrzesien-miesiacem-zawieszen-dzialalnosci-sezonowej-analiza-infaktu\/\" \/>\n<meta property=\"og:site_name\" content=\"Infakt Blog\" \/>\n<meta property=\"article:published_time\" content=\"2022-11-15T08:16:00+00:00\" \/>\n<meta property=\"article:modified_time\" content=\"2022-11-15T08:23:04+00:00\" \/>\n<meta property=\"og:image\" content=\"https:\/\/www.infakt.pl\/blog\/wp-content\/uploads\/2022\/11\/zawieszenie-dzialalnos\u0301ci-gospodarczej.png\" \/>\n\t<meta property=\"og:image:width\" content=\"1280\" \/>\n\t<meta property=\"og:image:height\" content=\"720\" \/>\n\t<meta property=\"og:image:type\" content=\"image\/png\" \/>\n<meta name=\"author\" content=\"Piotr Juszczyk\" \/>\n<meta name=\"twitter:card\" content=\"summary_large_image\" \/>\n<meta name=\"twitter:creator\" content=\"@juszczyk__piotr\" \/>\n<meta name=\"twitter:label1\" content=\"Napisane przez\" \/>\n\t<meta name=\"twitter:data1\" content=\"Piotr Juszczyk\" \/>\n\t<meta name=\"twitter:label2\" content=\"Szacowany czas czytania\" \/>\n\t<meta name=\"twitter:data2\" content=\"4 minuty\" \/>\n<script type=\"application\/ld+json\" class=\"yoast-schema-graph\">{\"@context\":\"https:\\\/\\\/schema.org\",\"@graph\":[{\"@type\":\"Article\",\"@id\":\"https:\\\/\\\/www.infakt.pl\\\/blog\\\/wrzesien-miesiacem-zawieszen-dzialalnosci-sezonowej-analiza-infaktu\\\/#article\",\"isPartOf\":{\"@id\":\"https:\\\/\\\/www.infakt.pl\\\/blog\\\/wrzesien-miesiacem-zawieszen-dzialalnosci-sezonowej-analiza-infaktu\\\/\"},\"author\":{\"name\":\"Piotr Juszczyk\",\"@id\":\"https:\\\/\\\/www.infakt.pl\\\/blog\\\/#\\\/schema\\\/person\\\/70b9a0ac88885d2fe730f249b9f22ada\"},\"headline\":\"Wrzesie\u0144 miesi\u0105cem zawiesze\u0144 dzia\u0142alno\u015bci sezonowej. Analiza inFaktu\",\"datePublished\":\"2022-11-15T08:16:00+00:00\",\"dateModified\":\"2022-11-15T08:23:04+00:00\",\"mainEntityOfPage\":{\"@id\":\"https:\\\/\\\/www.infakt.pl\\\/blog\\\/wrzesien-miesiacem-zawieszen-dzialalnosci-sezonowej-analiza-infaktu\\\/\"},\"wordCount\":614,\"commentCount\":0,\"image\":{\"@id\":\"https:\\\/\\\/www.infakt.pl\\\/blog\\\/wrzesien-miesiacem-zawieszen-dzialalnosci-sezonowej-analiza-infaktu\\\/#primaryimage\"},\"thumbnailUrl\":\"https:\\\/\\\/www.infakt.pl\\\/blog\\\/wp-content\\\/uploads\\\/2022\\\/11\\\/zawieszenie-dzialalnos\u0301ci-gospodarczej.png\",\"articleSection\":[\"Aktualno\u015bci\"],\"inLanguage\":\"pl-PL\",\"potentialAction\":[{\"@type\":\"CommentAction\",\"name\":\"Comment\",\"target\":[\"https:\\\/\\\/www.infakt.pl\\\/blog\\\/wrzesien-miesiacem-zawieszen-dzialalnosci-sezonowej-analiza-infaktu\\\/#respond\"]}]},{\"@type\":\"WebPage\",\"@id\":\"https:\\\/\\\/www.infakt.pl\\\/blog\\\/wrzesien-miesiacem-zawieszen-dzialalnosci-sezonowej-analiza-infaktu\\\/\",\"url\":\"https:\\\/\\\/www.infakt.pl\\\/blog\\\/wrzesien-miesiacem-zawieszen-dzialalnosci-sezonowej-analiza-infaktu\\\/\",\"name\":\"Wrzesie\u0144 miesi\u0105cem zawiesze\u0144 dzia\u0142alno\u015bci sezonowej. Analiza - blog inFakt\",\"isPartOf\":{\"@id\":\"https:\\\/\\\/www.infakt.pl\\\/blog\\\/#website\"},\"primaryImageOfPage\":{\"@id\":\"https:\\\/\\\/www.infakt.pl\\\/blog\\\/wrzesien-miesiacem-zawieszen-dzialalnosci-sezonowej-analiza-infaktu\\\/#primaryimage\"},\"image\":{\"@id\":\"https:\\\/\\\/www.infakt.pl\\\/blog\\\/wrzesien-miesiacem-zawieszen-dzialalnosci-sezonowej-analiza-infaktu\\\/#primaryimage\"},\"thumbnailUrl\":\"https:\\\/\\\/www.infakt.pl\\\/blog\\\/wp-content\\\/uploads\\\/2022\\\/11\\\/zawieszenie-dzialalnos\u0301ci-gospodarczej.png\",\"datePublished\":\"2022-11-15T08:16:00+00:00\",\"dateModified\":\"2022-11-15T08:23:04+00:00\",\"author\":{\"@id\":\"https:\\\/\\\/www.infakt.pl\\\/blog\\\/#\\\/schema\\\/person\\\/70b9a0ac88885d2fe730f249b9f22ada\"},\"description\":\"We wrze\u015bniu bie\u017c\u0105cego roku zanotowali\u015bmy znaczny wzrost zawieszania dzia\u0142alno\u015bci gospodarczych\u00a0 w Polsce. Czy to oznacza, \u017ce kryzys zaczyna dotyka\u0107 firmy?\",\"breadcrumb\":{\"@id\":\"https:\\\/\\\/www.infakt.pl\\\/blog\\\/wrzesien-miesiacem-zawieszen-dzialalnosci-sezonowej-analiza-infaktu\\\/#breadcrumb\"},\"inLanguage\":\"pl-PL\",\"potentialAction\":[{\"@type\":\"ReadAction\",\"target\":[\"https:\\\/\\\/www.infakt.pl\\\/blog\\\/wrzesien-miesiacem-zawieszen-dzialalnosci-sezonowej-analiza-infaktu\\\/\"]}]},{\"@type\":\"ImageObject\",\"inLanguage\":\"pl-PL\",\"@id\":\"https:\\\/\\\/www.infakt.pl\\\/blog\\\/wrzesien-miesiacem-zawieszen-dzialalnosci-sezonowej-analiza-infaktu\\\/#primaryimage\",\"url\":\"https:\\\/\\\/www.infakt.pl\\\/blog\\\/wp-content\\\/uploads\\\/2022\\\/11\\\/zawieszenie-dzialalnos\u0301ci-gospodarczej.png\",\"contentUrl\":\"https:\\\/\\\/www.infakt.pl\\\/blog\\\/wp-content\\\/uploads\\\/2022\\\/11\\\/zawieszenie-dzialalnos\u0301ci-gospodarczej.png\",\"width\":1280,\"height\":720,\"caption\":\"Wzrost zawiesze\u0144 dzia\u0142alno\u015bci\"},{\"@type\":\"BreadcrumbList\",\"@id\":\"https:\\\/\\\/www.infakt.pl\\\/blog\\\/wrzesien-miesiacem-zawieszen-dzialalnosci-sezonowej-analiza-infaktu\\\/#breadcrumb\",\"itemListElement\":[{\"@type\":\"ListItem\",\"position\":1,\"name\":\"Blog\",\"item\":\"https:\\\/\\\/www.infakt.pl\\\/blog\\\/\"},{\"@type\":\"ListItem\",\"position\":2,\"name\":\"Aktualno\u015bci\",\"item\":\"https:\\\/\\\/www.infakt.pl\\\/blog\\\/kategoria\\\/aktualnosci\\\/\"},{\"@type\":\"ListItem\",\"position\":3,\"name\":\"Wrzesie\u0144 miesi\u0105cem zawiesze\u0144 dzia\u0142alno\u015bci sezonowej. Analiza inFaktu\"}]},{\"@type\":\"WebSite\",\"@id\":\"https:\\\/\\\/www.infakt.pl\\\/blog\\\/#website\",\"url\":\"https:\\\/\\\/www.infakt.pl\\\/blog\\\/\",\"name\":\"Infakt Blog\",\"description\":\"\",\"potentialAction\":[{\"@type\":\"SearchAction\",\"target\":{\"@type\":\"EntryPoint\",\"urlTemplate\":\"https:\\\/\\\/www.infakt.pl\\\/blog\\\/?s={search_term_string}\"},\"query-input\":{\"@type\":\"PropertyValueSpecification\",\"valueRequired\":true,\"valueName\":\"search_term_string\"}}],\"inLanguage\":\"pl-PL\"},{\"@type\":\"Person\",\"@id\":\"https:\\\/\\\/www.infakt.pl\\\/blog\\\/#\\\/schema\\\/person\\\/70b9a0ac88885d2fe730f249b9f22ada\",\"name\":\"Piotr Juszczyk\",\"image\":{\"@type\":\"ImageObject\",\"inLanguage\":\"pl-PL\",\"@id\":\"https:\\\/\\\/secure.gravatar.com\\\/avatar\\\/fad4e104f19c065e24950ba53bab96743f114e8d9da12472516fc9e042f22b7e?s=96&d=mm&r=g\",\"url\":\"https:\\\/\\\/secure.gravatar.com\\\/avatar\\\/fad4e104f19c065e24950ba53bab96743f114e8d9da12472516fc9e042f22b7e?s=96&d=mm&r=g\",\"contentUrl\":\"https:\\\/\\\/secure.gravatar.com\\\/avatar\\\/fad4e104f19c065e24950ba53bab96743f114e8d9da12472516fc9e042f22b7e?s=96&d=mm&r=g\",\"caption\":\"Piotr Juszczyk\"},\"description\":\"Jestem g\u0142\u00f3wnym doradc\u0105 podatkowym w inFakcie (nr wpisu 13142). Odpowiadam za PR i komunikacj\u0119. Pomagam przedsi\u0119biorcom. Prywatnie jestem m\u0119\u017cem i ojcem uwielbiaj\u0105cym wszelkie aktywno\u015bci i podr\u00f3\u017cowanie.\",\"sameAs\":[\"https:\\\/\\\/www.linkedin.com\\\/in\\\/piotr-juszczyk-91a7a3172\\\/\",\"https:\\\/\\\/x.com\\\/juszczyk__piotr\"],\"url\":\"https:\\\/\\\/www.infakt.pl\\\/blog\\\/author\\\/piotr-juszczyk\\\/\"}]}<\/script>\n<!-- \/ Yoast SEO plugin. -->","yoast_head_json":{"title":"Wrzesie\u0144 miesi\u0105cem zawiesze\u0144 dzia\u0142alno\u015bci sezonowej. Analiza - blog inFakt","description":"We wrze\u015bniu bie\u017c\u0105cego roku zanotowali\u015bmy znaczny wzrost zawieszania dzia\u0142alno\u015bci gospodarczych\u00a0 w Polsce. Czy to oznacza, \u017ce kryzys zaczyna dotyka\u0107 firmy?","robots":{"index":"index","follow":"follow","max-snippet":"max-snippet:-1","max-image-preview":"max-image-preview:large","max-video-preview":"max-video-preview:-1"},"canonical":"https:\/\/www.infakt.pl\/blog\/wrzesien-miesiacem-zawieszen-dzialalnosci-sezonowej-analiza-infaktu\/","og_locale":"pl_PL","og_type":"article","og_title":"Wrzesie\u0144 miesi\u0105cem zawiesze\u0144 dzia\u0142alno\u015bci sezonowej. Analiza - blog inFakt","og_description":"We wrze\u015bniu bie\u017c\u0105cego roku zanotowali\u015bmy znaczny wzrost zawieszania dzia\u0142alno\u015bci gospodarczych\u00a0 w Polsce. Czy to oznacza, \u017ce kryzys zaczyna dotyka\u0107 firmy?","og_url":"https:\/\/www.infakt.pl\/blog\/wrzesien-miesiacem-zawieszen-dzialalnosci-sezonowej-analiza-infaktu\/","og_site_name":"Infakt Blog","article_published_time":"2022-11-15T08:16:00+00:00","article_modified_time":"2022-11-15T08:23:04+00:00","og_image":[{"width":1280,"height":720,"url":"https:\/\/www.infakt.pl\/blog\/wp-content\/uploads\/2022\/11\/zawieszenie-dzialalnos\u0301ci-gospodarczej.png","type":"image\/png"}],"author":"Piotr Juszczyk","twitter_card":"summary_large_image","twitter_creator":"@juszczyk__piotr","twitter_misc":{"Napisane przez":"Piotr Juszczyk","Szacowany czas czytania":"4 minuty"},"schema":{"@context":"https:\/\/schema.org","@graph":[{"@type":"Article","@id":"https:\/\/www.infakt.pl\/blog\/wrzesien-miesiacem-zawieszen-dzialalnosci-sezonowej-analiza-infaktu\/#article","isPartOf":{"@id":"https:\/\/www.infakt.pl\/blog\/wrzesien-miesiacem-zawieszen-dzialalnosci-sezonowej-analiza-infaktu\/"},"author":{"name":"Piotr Juszczyk","@id":"https:\/\/www.infakt.pl\/blog\/#\/schema\/person\/70b9a0ac88885d2fe730f249b9f22ada"},"headline":"Wrzesie\u0144 miesi\u0105cem zawiesze\u0144 dzia\u0142alno\u015bci sezonowej. Analiza inFaktu","datePublished":"2022-11-15T08:16:00+00:00","dateModified":"2022-11-15T08:23:04+00:00","mainEntityOfPage":{"@id":"https:\/\/www.infakt.pl\/blog\/wrzesien-miesiacem-zawieszen-dzialalnosci-sezonowej-analiza-infaktu\/"},"wordCount":614,"commentCount":0,"image":{"@id":"https:\/\/www.infakt.pl\/blog\/wrzesien-miesiacem-zawieszen-dzialalnosci-sezonowej-analiza-infaktu\/#primaryimage"},"thumbnailUrl":"https:\/\/www.infakt.pl\/blog\/wp-content\/uploads\/2022\/11\/zawieszenie-dzialalnos\u0301ci-gospodarczej.png","articleSection":["Aktualno\u015bci"],"inLanguage":"pl-PL","potentialAction":[{"@type":"CommentAction","name":"Comment","target":["https:\/\/www.infakt.pl\/blog\/wrzesien-miesiacem-zawieszen-dzialalnosci-sezonowej-analiza-infaktu\/#respond"]}]},{"@type":"WebPage","@id":"https:\/\/www.infakt.pl\/blog\/wrzesien-miesiacem-zawieszen-dzialalnosci-sezonowej-analiza-infaktu\/","url":"https:\/\/www.infakt.pl\/blog\/wrzesien-miesiacem-zawieszen-dzialalnosci-sezonowej-analiza-infaktu\/","name":"Wrzesie\u0144 miesi\u0105cem zawiesze\u0144 dzia\u0142alno\u015bci sezonowej. Analiza - blog inFakt","isPartOf":{"@id":"https:\/\/www.infakt.pl\/blog\/#website"},"primaryImageOfPage":{"@id":"https:\/\/www.infakt.pl\/blog\/wrzesien-miesiacem-zawieszen-dzialalnosci-sezonowej-analiza-infaktu\/#primaryimage"},"image":{"@id":"https:\/\/www.infakt.pl\/blog\/wrzesien-miesiacem-zawieszen-dzialalnosci-sezonowej-analiza-infaktu\/#primaryimage"},"thumbnailUrl":"https:\/\/www.infakt.pl\/blog\/wp-content\/uploads\/2022\/11\/zawieszenie-dzialalnos\u0301ci-gospodarczej.png","datePublished":"2022-11-15T08:16:00+00:00","dateModified":"2022-11-15T08:23:04+00:00","author":{"@id":"https:\/\/www.infakt.pl\/blog\/#\/schema\/person\/70b9a0ac88885d2fe730f249b9f22ada"},"description":"We wrze\u015bniu bie\u017c\u0105cego roku zanotowali\u015bmy znaczny wzrost zawieszania dzia\u0142alno\u015bci gospodarczych\u00a0 w Polsce. Czy to oznacza, \u017ce kryzys zaczyna dotyka\u0107 firmy?","breadcrumb":{"@id":"https:\/\/www.infakt.pl\/blog\/wrzesien-miesiacem-zawieszen-dzialalnosci-sezonowej-analiza-infaktu\/#breadcrumb"},"inLanguage":"pl-PL","potentialAction":[{"@type":"ReadAction","target":["https:\/\/www.infakt.pl\/blog\/wrzesien-miesiacem-zawieszen-dzialalnosci-sezonowej-analiza-infaktu\/"]}]},{"@type":"ImageObject","inLanguage":"pl-PL","@id":"https:\/\/www.infakt.pl\/blog\/wrzesien-miesiacem-zawieszen-dzialalnosci-sezonowej-analiza-infaktu\/#primaryimage","url":"https:\/\/www.infakt.pl\/blog\/wp-content\/uploads\/2022\/11\/zawieszenie-dzialalnos\u0301ci-gospodarczej.png","contentUrl":"https:\/\/www.infakt.pl\/blog\/wp-content\/uploads\/2022\/11\/zawieszenie-dzialalnos\u0301ci-gospodarczej.png","width":1280,"height":720,"caption":"Wzrost zawiesze\u0144 dzia\u0142alno\u015bci"},{"@type":"BreadcrumbList","@id":"https:\/\/www.infakt.pl\/blog\/wrzesien-miesiacem-zawieszen-dzialalnosci-sezonowej-analiza-infaktu\/#breadcrumb","itemListElement":[{"@type":"ListItem","position":1,"name":"Blog","item":"https:\/\/www.infakt.pl\/blog\/"},{"@type":"ListItem","position":2,"name":"Aktualno\u015bci","item":"https:\/\/www.infakt.pl\/blog\/kategoria\/aktualnosci\/"},{"@type":"ListItem","position":3,"name":"Wrzesie\u0144 miesi\u0105cem zawiesze\u0144 dzia\u0142alno\u015bci sezonowej. Analiza inFaktu"}]},{"@type":"WebSite","@id":"https:\/\/www.infakt.pl\/blog\/#website","url":"https:\/\/www.infakt.pl\/blog\/","name":"Infakt Blog","description":"","potentialAction":[{"@type":"SearchAction","target":{"@type":"EntryPoint","urlTemplate":"https:\/\/www.infakt.pl\/blog\/?s={search_term_string}"},"query-input":{"@type":"PropertyValueSpecification","valueRequired":true,"valueName":"search_term_string"}}],"inLanguage":"pl-PL"},{"@type":"Person","@id":"https:\/\/www.infakt.pl\/blog\/#\/schema\/person\/70b9a0ac88885d2fe730f249b9f22ada","name":"Piotr Juszczyk","image":{"@type":"ImageObject","inLanguage":"pl-PL","@id":"https:\/\/secure.gravatar.com\/avatar\/fad4e104f19c065e24950ba53bab96743f114e8d9da12472516fc9e042f22b7e?s=96&d=mm&r=g","url":"https:\/\/secure.gravatar.com\/avatar\/fad4e104f19c065e24950ba53bab96743f114e8d9da12472516fc9e042f22b7e?s=96&d=mm&r=g","contentUrl":"https:\/\/secure.gravatar.com\/avatar\/fad4e104f19c065e24950ba53bab96743f114e8d9da12472516fc9e042f22b7e?s=96&d=mm&r=g","caption":"Piotr Juszczyk"},"description":"Jestem g\u0142\u00f3wnym doradc\u0105 podatkowym w inFakcie (nr wpisu 13142). Odpowiadam za PR i komunikacj\u0119. Pomagam przedsi\u0119biorcom. Prywatnie jestem m\u0119\u017cem i ojcem uwielbiaj\u0105cym wszelkie aktywno\u015bci i podr\u00f3\u017cowanie.","sameAs":["https:\/\/www.linkedin.com\/in\/piotr-juszczyk-91a7a3172\/","https:\/\/x.com\/juszczyk__piotr"],"url":"https:\/\/www.infakt.pl\/blog\/author\/piotr-juszczyk\/"}]}},"_links":{"self":[{"href":"https:\/\/www.infakt.pl\/blog\/wp-json\/wp\/v2\/posts\/55085","targetHints":{"allow":["GET"]}}],"collection":[{"href":"https:\/\/www.infakt.pl\/blog\/wp-json\/wp\/v2\/posts"}],"about":[{"href":"https:\/\/www.infakt.pl\/blog\/wp-json\/wp\/v2\/types\/post"}],"author":[{"embeddable":true,"href":"https:\/\/www.infakt.pl\/blog\/wp-json\/wp\/v2\/users\/89"}],"replies":[{"embeddable":true,"href":"https:\/\/www.infakt.pl\/blog\/wp-json\/wp\/v2\/comments?post=55085"}],"version-history":[{"count":5,"href":"https:\/\/www.infakt.pl\/blog\/wp-json\/wp\/v2\/posts\/55085\/revisions"}],"predecessor-version":[{"id":55093,"href":"https:\/\/www.infakt.pl\/blog\/wp-json\/wp\/v2\/posts\/55085\/revisions\/55093"}],"wp:featuredmedia":[{"embeddable":true,"href":"https:\/\/www.infakt.pl\/blog\/wp-json\/wp\/v2\/media\/55088"}],"wp:attachment":[{"href":"https:\/\/www.infakt.pl\/blog\/wp-json\/wp\/v2\/media?parent=55085"}],"wp:term":[{"taxonomy":"category","embeddable":true,"href":"https:\/\/www.infakt.pl\/blog\/wp-json\/wp\/v2\/categories?post=55085"},{"taxonomy":"post_tag","embeddable":true,"href":"https:\/\/www.infakt.pl\/blog\/wp-json\/wp\/v2\/tags?post=55085"}],"curies":[{"name":"wp","href":"https:\/\/api.w.org\/{rel}","templated":true}]}}