{"id":53280,"date":"2022-07-20T08:18:00","date_gmt":"2022-07-20T06:18:00","guid":{"rendered":"https:\/\/www.infakt.pl\/blog\/?p=53280"},"modified":"2022-07-20T09:50:58","modified_gmt":"2022-07-20T07:50:58","slug":"nowelizacja-kodeksu-pracy-od-stycznia-2023-zwiekszony-urlop-opiekunczy","status":"publish","type":"post","link":"https:\/\/www.infakt.pl\/blog\/nowelizacja-kodeksu-pracy-od-stycznia-2023-zwiekszony-urlop-opiekunczy\/","title":{"rendered":"Nowelizacja Kodeksu Pracy. Od stycznia 2023 zwi\u0119kszony urlop opieku\u0144czy"},"content":{"rendered":"\n<p><strong>Nowelizacja Kodeksu Pracy ma wej\u015b\u0107 w \u017cycie z pocz\u0105tkiem stycznia 2023. Na jej skutek w przepisach pojawi si\u0119 nowy urlop opieku\u0144czy oraz urlop z powodu dzia\u0142ania si\u0142y wy\u017cszej.<\/strong><\/p>\n\n\n\n<h2 class=\"wp-block-heading\" id=\"urlop-opiekunczy-w-znowelizowanym-kodeksie-pracy\"><strong>Urlop opieku\u0144czy w znowelizowanym Kodeksie pracy<\/strong><\/h2>\n\n\n\n<p><a href=\"https:\/\/www.infakt.pl\/blog\/zmiany-w-kodeksie-pracy-z-jakich-nowych-rodzajow-urlopu-skorzystasz-po-nowelizacji\/\" target=\"_blank\" rel=\"noreferrer noopener\">Urlop<\/a> ten b\u0119dzie przys\u0142ugiwa\u0142 pracownikowi w wymiarze 5 dni w roku. Uzasadnieniem dla jego zastosowania s\u0105 problemy <a href=\"https:\/\/www.infakt.pl\/blog\/koszty-firmowe-okulary-zabiegi-medyczne\/\" target=\"_blank\" rel=\"noreferrer noopener\">medyczne<\/a> najbli\u017cszego cz\u0142onka rodziny, kt\u00f3re uniemo\u017cliwiaj\u0105 wykonywanie obowi\u0105zk\u00f3w zawodowych. Wykorzysta\u0107 go mog\u0105 <strong>osoby, kt\u00f3re podejmuj\u0105 <a href=\"https:\/\/www.infakt.pl\/blog\/urlop-opiekunczy-czym-jest-i-jakie-sa-zasady\/\" target=\"_blank\" rel=\"noreferrer noopener\">opiek\u0119<\/a> nad chorym dzieckiem, rodzicem b\u0105d\u017a ma\u0142\u017conkiem lub osob\u0105 zamieszkuj\u0105c\u0105<\/strong> w jednym gospodarstwie domowym.<\/p>\n\n\n\n<p>Aby otrzyma\u0107 urlop <a href=\"https:\/\/www.infakt.pl\/blog\/zasilek-opiekunczy-od-9-do-29-listopada\/\" target=\"_blank\" rel=\"noreferrer noopener\">opieku\u0144czy<\/a> nale\u017cy z\u0142o\u017cy\u0107 wniosek <strong>maksymalnie trzy dni przed jego rozpocz\u0119ciem<\/strong>. Urlop ten ma charakter bezp\u0142atny, a okres przebywania na nim nie wlicza si\u0119 do <a href=\"https:\/\/www.infakt.pl\/blog\/czy-dzialalnosc-gospodarcza-wlicza-sie-do-stazu-pracy\/\" target=\"_blank\" rel=\"noreferrer noopener\">sta\u017cu pracy<\/a>.&nbsp;<\/p>\n\n\n\n      <div class=\"a-d-box-div c-1\"> <!-- add div to fix display in widget -->\n      <a class=\"a-d-box c-1 \" href=\"\/kalkulatory\/kalkulator-zasilku-chorobowego\/\" target=\"_blank\" rel=\"noreferrer noopener\" data-category=\"Blog\" data-action=\"Sidebar\" data-label=\"getLink\">\n        <div class=\"inner-box\">\n          <div class=\"img-box main\"><img decoding=\"async\" class=\"\" sizes=\"auto, (max-width: 1280px) 100vw,\" loading=\"lazy\" alt=\"\"\n\t\t\t\twidth=\"1280\" height=\"720\" src=\"https:\/\/www.infakt.pl\/blog\/wp-content\/uploads\/2021\/10\/PolskiLad-Kalkulator-Copy-2.png\"\n\t\t\t\tsrcset=\"https:\/\/www.infakt.pl\/blog\/wp-content\/uploads\/2021\/10\/PolskiLad-Kalkulator-Copy-2.png 1x, https:\/\/www.infakt.pl\/blog\/wp-content\/uploads\/2021\/10\/PolskiLad-Kalkulator-Copy-2.png 2x,\"><\/div><span class=\"title\">W\u0142\u0105cz kalkulator zasi\u0142ku chorobowego<\/span><div class=\"btn-box\"><span class=\"button small\">Sprawd\u017a<\/span><\/div>        <\/div>\n      <\/a>\n    <\/div>\n    \n\n\n\n<h2 class=\"wp-block-heading\" id=\"urlop-opiekunczy-niezgodny-z-unijnymi-przepisami\"><strong>Urlop opieku\u0144czy niezgodny z unijnymi przepisami<\/strong><\/h2>\n\n\n\n<p>Wprowadzenie nowego wymiaru urlopu opieku\u0144czego wynika z konieczno\u015bci dostosowania do <a href=\"https:\/\/www.infakt.pl\/blog\/kredyt-unijny-dla-firm-jak-uzyskac-i-na-co-przeznaczyc\/\" target=\"_blank\" rel=\"noreferrer noopener\">unijnych<\/a> przepis\u00f3w. Ale fakt, i\u017c w Polsce urlop ten b\u0119dzie bezp\u0142atny nie jest ju\u017c zgodny z unijn\u0105 dyrektyw\u0105. <strong>Wed\u0142ug prawa wsp\u00f3lnotowego okres ten powinien by\u0107 p\u0142atny przynajmniej w pi\u0119\u0107dziesi\u0119ciu procentach<\/strong>.<\/p>\n\n\n\n<p>Specjali\u015bci prawa pracy nie maj\u0105 zatem w\u0105tpliwo\u015bci, \u017ce pracownicy b\u0119d\u0105 go wykorzystywa\u0107 w ostateczno\u015bci. B\u0119dzie on stosowany w sytuacjach skrajnych po wykorzystaniu pozostaj\u0105cego w mocy 14-dniowego <a href=\"https:\/\/www.infakt.pl\/blog\/urlop-opiekunczy-czym-jest-i-jakie-sa-zasady\/\" target=\"_blank\" rel=\"noreferrer noopener\">zwolnienia<\/a> na opiek\u0119 nad chorym cz\u0142onkiem rodziny.<\/p>\n\n\n\n<figure class=\"wp-block-embed is-type-video is-provider-youtube wp-block-embed-youtube wp-embed-aspect-16-9 wp-has-aspect-ratio\"><div class=\"wp-block-embed__wrapper\">\n<iframe title=\"Zasi\u0142ek macierzy\u0144ski. Czy warto podnie\u015b\u0107\u00a0sk\u0142adki ZUS?\" width=\"500\" height=\"281\" src=\"https:\/\/www.youtube.com\/embed\/yNZkJdKJQE4?feature=oembed\" frameborder=\"0\" allow=\"accelerometer; autoplay; clipboard-write; encrypted-media; gyroscope; picture-in-picture; web-share\" referrerpolicy=\"strict-origin-when-cross-origin\" allowfullscreen><\/iframe>\n<\/div><\/figure>\n\n\n\n<h2 class=\"wp-block-heading\" id=\"urlop-z-powodu-dzialania-sily-wyzszej\"><strong>Urlop z powodu dzia\u0142ania si\u0142y wy\u017cszej<\/strong><\/h2>\n\n\n\n<p>W nowych przepisach pojawi si\u0119 tak\u017ce <a href=\"https:\/\/www.infakt.pl\/blog\/czy-mozna-zrzec-sie-urlopu-macierzynskiego-za-pieniadze\/\" target=\"_blank\" rel=\"noreferrer noopener\">urlop<\/a> przyznawany z racji dzia\u0142ania si\u0142y wy\u017cszej, w pilnych sprawach <a href=\"https:\/\/www.infakt.pl\/blog\/swiadczenia-rodzinne-zeznaniu-rocznym\/\" target=\"_blank\" rel=\"noreferrer noopener\">rodzinnych<\/a> lub spowodowanych <a href=\"https:\/\/www.infakt.pl\/blog\/zasilek-chorobowy-kiedy-wyplaca-go-zus-a-kiedy-placi-pracodawca\/\" target=\"_blank\" rel=\"noreferrer noopener\">chorob\u0105<\/a> lub wypadkiem.<\/p>\n\n\n\n<p>W przypadku tego urlopu <strong>pracownikowi przys\u0142uguj\u0105 2 dni lub 16 godzin wolnego<\/strong>. Na czas tego urlopu pracownikowi przys\u0142uguje po\u0142owa jego standardowego wynagrodzenia.<\/p>\n\n\n\n<p>Nowelizacja przepis\u00f3w prawa pracy wprowadza tak\u017ce szereg innych zmian w urlopach rodzicielskich, o kt\u00f3rych wi\u0119cej mo\u017cesz przeczyta\u0107 <a href=\"https:\/\/www.infakt.pl\/blog\/zmiany-w-kodeksie-pracy-z-jakich-nowych-rodzajow-urlopu-skorzystasz-po-nowelizacji\/\" target=\"_blank\" rel=\"noreferrer noopener\">tutaj<\/a>.<\/p>\n\n\n\n      <div class=\"a-d-box-div c-1\"> <!-- add div to fix display in widget -->\n      <a class=\"a-d-box c-1 \" href=\"\/kalkulatory\/kalkulator-skladki-zdrowotnej\/\" target=\"_blank\" rel=\"noreferrer noopener\" data-category=\"Blog\" data-action=\"Sidebar\" data-label=\"getLink\">\n        <div class=\"inner-box\">\n          <div class=\"img-box main\"><img decoding=\"async\" class=\"\" sizes=\"auto, (max-width: 1280px) 100vw,\" loading=\"lazy\" alt=\"\"\n\t\t\t\twidth=\"1280\" height=\"720\" src=\"https:\/\/www.infakt.pl\/blog\/wp-content\/uploads\/2021\/10\/PolskiLad-Kalkulator-Copy-2.png\"\n\t\t\t\tsrcset=\"https:\/\/www.infakt.pl\/blog\/wp-content\/uploads\/2021\/10\/PolskiLad-Kalkulator-Copy-2.png 1x, https:\/\/www.infakt.pl\/blog\/wp-content\/uploads\/2021\/10\/PolskiLad-Kalkulator-Copy-2.png 2x,\"><\/div><span class=\"title\">W\u0142\u0105cz kalkulator sk\u0142adki zdrowotnej<\/span><div class=\"btn-box\"><span class=\"button small\">Sprawd\u017a<\/span><\/div>        <\/div>\n      <\/a>\n    <\/div>\n    \n","protected":false},"excerpt":{"rendered":"<p>Nowelizacja Kodeksu Pracy ma wej\u015b\u0107 w \u017cycie z pocz\u0105tkiem stycznia 2023. Na jej skutek w przepisach pojawi si\u0119 nowy urlop opieku\u0144czy oraz urlop z powodu dzia\u0142ania si\u0142y&hellip;<\/p>\n","protected":false},"author":100,"featured_media":53538,"comment_status":"open","ping_status":"open","sticky":false,"template":"","format":"standard","meta":{"_acf_changed":false,"footnotes":""},"categories":[2052,2057],"tags":[],"class_list":["post-53280","post","type-post","status-publish","format-standard","has-post-thumbnail","hentry","category-aktualnosci","category-zatrudnienie"],"acf":[],"yoast_head":"<!-- This site is optimized with the Yoast SEO plugin v27.4 - https:\/\/yoast.com\/product\/yoast-seo-wordpress\/ -->\n<title>Nowelizacja Kodeksu Pracy. Nowy urlop opieku\u0144czy ju\u017c od stycznia 2023<\/title>\n<meta name=\"description\" content=\"Nowelizacja Kodeksu Pracy ma wej\u015b\u0107 w \u017cycie z pocz\u0105tkiem stycznia 2023. Na jej skutek w przepisach pojawi si\u0119 nowy urlop opieku\u0144czy.\" \/>\n<meta name=\"robots\" content=\"index, follow, max-snippet:-1, max-image-preview:large, max-video-preview:-1\" \/>\n<link rel=\"canonical\" href=\"https:\/\/www.infakt.pl\/blog\/nowelizacja-kodeksu-pracy-od-stycznia-2023-zwiekszony-urlop-opiekunczy\/\" \/>\n<meta property=\"og:locale\" content=\"pl_PL\" \/>\n<meta property=\"og:type\" content=\"article\" \/>\n<meta property=\"og:title\" content=\"Nowelizacja Kodeksu Pracy. Nowy urlop opieku\u0144czy ju\u017c od stycznia 2023\" \/>\n<meta property=\"og:description\" content=\"Nowelizacja Kodeksu Pracy ma wej\u015b\u0107 w \u017cycie z pocz\u0105tkiem stycznia 2023. Na jej skutek w przepisach pojawi si\u0119 nowy urlop opieku\u0144czy.\" \/>\n<meta property=\"og:url\" content=\"https:\/\/www.infakt.pl\/blog\/nowelizacja-kodeksu-pracy-od-stycznia-2023-zwiekszony-urlop-opiekunczy\/\" \/>\n<meta property=\"og:site_name\" content=\"Infakt Blog\" \/>\n<meta property=\"article:published_time\" content=\"2022-07-20T06:18:00+00:00\" \/>\n<meta property=\"article:modified_time\" content=\"2022-07-20T07:50:58+00:00\" \/>\n<meta property=\"og:image\" content=\"https:\/\/www.infakt.pl\/blog\/wp-content\/uploads\/2022\/07\/zmiany-w-kodeksie-pracy-urlop-rodzicielski.png\" \/>\n\t<meta property=\"og:image:width\" content=\"1280\" \/>\n\t<meta property=\"og:image:height\" content=\"720\" \/>\n\t<meta property=\"og:image:type\" content=\"image\/png\" \/>\n<meta name=\"author\" content=\"Beata Poprawa\" \/>\n<meta name=\"twitter:card\" content=\"summary_large_image\" \/>\n<meta name=\"twitter:title\" content=\"Nowelizacja Kodeksu Pracy. Od stycznia 2023 zwi\u0119kszony urlop opieku\u0144czy\" \/>\n<meta name=\"twitter:image\" content=\"https:\/\/www.infakt.pl\/blog\/wp-content\/uploads\/2022\/07\/zmiany-w-kodeksie-pracy-urlop-rodzicielski.png\" \/>\n<meta name=\"twitter:label1\" content=\"Napisane przez\" \/>\n\t<meta name=\"twitter:data1\" content=\"Beata Poprawa\" \/>\n\t<meta name=\"twitter:label2\" content=\"Szacowany czas czytania\" \/>\n\t<meta name=\"twitter:data2\" content=\"2 minuty\" \/>\n<script type=\"application\/ld+json\" class=\"yoast-schema-graph\">{\"@context\":\"https:\\\/\\\/schema.org\",\"@graph\":[{\"@type\":\"Article\",\"@id\":\"https:\\\/\\\/www.infakt.pl\\\/blog\\\/nowelizacja-kodeksu-pracy-od-stycznia-2023-zwiekszony-urlop-opiekunczy\\\/#article\",\"isPartOf\":{\"@id\":\"https:\\\/\\\/www.infakt.pl\\\/blog\\\/nowelizacja-kodeksu-pracy-od-stycznia-2023-zwiekszony-urlop-opiekunczy\\\/\"},\"author\":{\"name\":\"Beata Poprawa\",\"@id\":\"https:\\\/\\\/www.infakt.pl\\\/blog\\\/#\\\/schema\\\/person\\\/f3d1981e29d944d699176d986601c03e\"},\"headline\":\"Nowelizacja Kodeksu Pracy. Od stycznia 2023 zwi\u0119kszony urlop opieku\u0144czy\",\"datePublished\":\"2022-07-20T06:18:00+00:00\",\"dateModified\":\"2022-07-20T07:50:58+00:00\",\"mainEntityOfPage\":{\"@id\":\"https:\\\/\\\/www.infakt.pl\\\/blog\\\/nowelizacja-kodeksu-pracy-od-stycznia-2023-zwiekszony-urlop-opiekunczy\\\/\"},\"wordCount\":337,\"commentCount\":0,\"image\":{\"@id\":\"https:\\\/\\\/www.infakt.pl\\\/blog\\\/nowelizacja-kodeksu-pracy-od-stycznia-2023-zwiekszony-urlop-opiekunczy\\\/#primaryimage\"},\"thumbnailUrl\":\"https:\\\/\\\/www.infakt.pl\\\/blog\\\/wp-content\\\/uploads\\\/2022\\\/07\\\/zmiany-w-kodeksie-pracy-urlop-rodzicielski.png\",\"articleSection\":[\"Aktualno\u015bci\",\"Zatrudnienie\"],\"inLanguage\":\"pl-PL\",\"potentialAction\":[{\"@type\":\"CommentAction\",\"name\":\"Comment\",\"target\":[\"https:\\\/\\\/www.infakt.pl\\\/blog\\\/nowelizacja-kodeksu-pracy-od-stycznia-2023-zwiekszony-urlop-opiekunczy\\\/#respond\"]}]},{\"@type\":\"WebPage\",\"@id\":\"https:\\\/\\\/www.infakt.pl\\\/blog\\\/nowelizacja-kodeksu-pracy-od-stycznia-2023-zwiekszony-urlop-opiekunczy\\\/\",\"url\":\"https:\\\/\\\/www.infakt.pl\\\/blog\\\/nowelizacja-kodeksu-pracy-od-stycznia-2023-zwiekszony-urlop-opiekunczy\\\/\",\"name\":\"Nowelizacja Kodeksu Pracy. Nowy urlop opieku\u0144czy ju\u017c od stycznia 2023\",\"isPartOf\":{\"@id\":\"https:\\\/\\\/www.infakt.pl\\\/blog\\\/#website\"},\"primaryImageOfPage\":{\"@id\":\"https:\\\/\\\/www.infakt.pl\\\/blog\\\/nowelizacja-kodeksu-pracy-od-stycznia-2023-zwiekszony-urlop-opiekunczy\\\/#primaryimage\"},\"image\":{\"@id\":\"https:\\\/\\\/www.infakt.pl\\\/blog\\\/nowelizacja-kodeksu-pracy-od-stycznia-2023-zwiekszony-urlop-opiekunczy\\\/#primaryimage\"},\"thumbnailUrl\":\"https:\\\/\\\/www.infakt.pl\\\/blog\\\/wp-content\\\/uploads\\\/2022\\\/07\\\/zmiany-w-kodeksie-pracy-urlop-rodzicielski.png\",\"datePublished\":\"2022-07-20T06:18:00+00:00\",\"dateModified\":\"2022-07-20T07:50:58+00:00\",\"author\":{\"@id\":\"https:\\\/\\\/www.infakt.pl\\\/blog\\\/#\\\/schema\\\/person\\\/f3d1981e29d944d699176d986601c03e\"},\"description\":\"Nowelizacja Kodeksu Pracy ma wej\u015b\u0107 w \u017cycie z pocz\u0105tkiem stycznia 2023. Na jej skutek w przepisach pojawi si\u0119 nowy urlop opieku\u0144czy.\",\"breadcrumb\":{\"@id\":\"https:\\\/\\\/www.infakt.pl\\\/blog\\\/nowelizacja-kodeksu-pracy-od-stycznia-2023-zwiekszony-urlop-opiekunczy\\\/#breadcrumb\"},\"inLanguage\":\"pl-PL\",\"potentialAction\":[{\"@type\":\"ReadAction\",\"target\":[\"https:\\\/\\\/www.infakt.pl\\\/blog\\\/nowelizacja-kodeksu-pracy-od-stycznia-2023-zwiekszony-urlop-opiekunczy\\\/\"]}]},{\"@type\":\"ImageObject\",\"inLanguage\":\"pl-PL\",\"@id\":\"https:\\\/\\\/www.infakt.pl\\\/blog\\\/nowelizacja-kodeksu-pracy-od-stycznia-2023-zwiekszony-urlop-opiekunczy\\\/#primaryimage\",\"url\":\"https:\\\/\\\/www.infakt.pl\\\/blog\\\/wp-content\\\/uploads\\\/2022\\\/07\\\/zmiany-w-kodeksie-pracy-urlop-rodzicielski.png\",\"contentUrl\":\"https:\\\/\\\/www.infakt.pl\\\/blog\\\/wp-content\\\/uploads\\\/2022\\\/07\\\/zmiany-w-kodeksie-pracy-urlop-rodzicielski.png\",\"width\":1280,\"height\":720},{\"@type\":\"BreadcrumbList\",\"@id\":\"https:\\\/\\\/www.infakt.pl\\\/blog\\\/nowelizacja-kodeksu-pracy-od-stycznia-2023-zwiekszony-urlop-opiekunczy\\\/#breadcrumb\",\"itemListElement\":[{\"@type\":\"ListItem\",\"position\":1,\"name\":\"Blog\",\"item\":\"https:\\\/\\\/www.infakt.pl\\\/blog\\\/\"},{\"@type\":\"ListItem\",\"position\":2,\"name\":\"Aktualno\u015bci\",\"item\":\"https:\\\/\\\/www.infakt.pl\\\/blog\\\/kategoria\\\/aktualnosci\\\/\"},{\"@type\":\"ListItem\",\"position\":3,\"name\":\"Nowelizacja Kodeksu Pracy. Od stycznia 2023 zwi\u0119kszony urlop opieku\u0144czy\"}]},{\"@type\":\"WebSite\",\"@id\":\"https:\\\/\\\/www.infakt.pl\\\/blog\\\/#website\",\"url\":\"https:\\\/\\\/www.infakt.pl\\\/blog\\\/\",\"name\":\"Infakt Blog\",\"description\":\"\",\"potentialAction\":[{\"@type\":\"SearchAction\",\"target\":{\"@type\":\"EntryPoint\",\"urlTemplate\":\"https:\\\/\\\/www.infakt.pl\\\/blog\\\/?s={search_term_string}\"},\"query-input\":{\"@type\":\"PropertyValueSpecification\",\"valueRequired\":true,\"valueName\":\"search_term_string\"}}],\"inLanguage\":\"pl-PL\"},{\"@type\":\"Person\",\"@id\":\"https:\\\/\\\/www.infakt.pl\\\/blog\\\/#\\\/schema\\\/person\\\/f3d1981e29d944d699176d986601c03e\",\"name\":\"Beata Poprawa\",\"image\":{\"@type\":\"ImageObject\",\"inLanguage\":\"pl-PL\",\"@id\":\"https:\\\/\\\/secure.gravatar.com\\\/avatar\\\/943105d93c647f5e7a86c0bd4ec06e97d8b97dd38b2a14d2a99d52d8c7f397ea?s=96&d=mm&r=g\",\"url\":\"https:\\\/\\\/secure.gravatar.com\\\/avatar\\\/943105d93c647f5e7a86c0bd4ec06e97d8b97dd38b2a14d2a99d52d8c7f397ea?s=96&d=mm&r=g\",\"contentUrl\":\"https:\\\/\\\/secure.gravatar.com\\\/avatar\\\/943105d93c647f5e7a86c0bd4ec06e97d8b97dd38b2a14d2a99d52d8c7f397ea?s=96&d=mm&r=g\",\"caption\":\"Beata Poprawa\"},\"description\":\"Dziennikarka, autorka tekst\u00f3w o tematyce z zakresu: podatk\u00f3w, prawa pracy, biznesu i fintechu. Specjalistka ds. promocji, copywriterka, social media manager. Ponadto filmoznawczyni, koordynatorka projekt\u00f3w zwi\u0105zanych z kultur\u0105. Prywatnie entuzjastka kina i seriali.\",\"url\":\"https:\\\/\\\/www.infakt.pl\\\/blog\\\/author\\\/beata-poprawa\\\/\"}]}<\/script>\n<!-- \/ Yoast SEO plugin. -->","yoast_head_json":{"title":"Nowelizacja Kodeksu Pracy. Nowy urlop opieku\u0144czy ju\u017c od stycznia 2023","description":"Nowelizacja Kodeksu Pracy ma wej\u015b\u0107 w \u017cycie z pocz\u0105tkiem stycznia 2023. Na jej skutek w przepisach pojawi si\u0119 nowy urlop opieku\u0144czy.","robots":{"index":"index","follow":"follow","max-snippet":"max-snippet:-1","max-image-preview":"max-image-preview:large","max-video-preview":"max-video-preview:-1"},"canonical":"https:\/\/www.infakt.pl\/blog\/nowelizacja-kodeksu-pracy-od-stycznia-2023-zwiekszony-urlop-opiekunczy\/","og_locale":"pl_PL","og_type":"article","og_title":"Nowelizacja Kodeksu Pracy. Nowy urlop opieku\u0144czy ju\u017c od stycznia 2023","og_description":"Nowelizacja Kodeksu Pracy ma wej\u015b\u0107 w \u017cycie z pocz\u0105tkiem stycznia 2023. Na jej skutek w przepisach pojawi si\u0119 nowy urlop opieku\u0144czy.","og_url":"https:\/\/www.infakt.pl\/blog\/nowelizacja-kodeksu-pracy-od-stycznia-2023-zwiekszony-urlop-opiekunczy\/","og_site_name":"Infakt Blog","article_published_time":"2022-07-20T06:18:00+00:00","article_modified_time":"2022-07-20T07:50:58+00:00","og_image":[{"width":1280,"height":720,"url":"https:\/\/www.infakt.pl\/blog\/wp-content\/uploads\/2022\/07\/zmiany-w-kodeksie-pracy-urlop-rodzicielski.png","type":"image\/png"}],"author":"Beata Poprawa","twitter_card":"summary_large_image","twitter_title":"Nowelizacja Kodeksu Pracy. Od stycznia 2023 zwi\u0119kszony urlop opieku\u0144czy","twitter_image":"https:\/\/www.infakt.pl\/blog\/wp-content\/uploads\/2022\/07\/zmiany-w-kodeksie-pracy-urlop-rodzicielski.png","twitter_misc":{"Napisane przez":"Beata Poprawa","Szacowany czas czytania":"2 minuty"},"schema":{"@context":"https:\/\/schema.org","@graph":[{"@type":"Article","@id":"https:\/\/www.infakt.pl\/blog\/nowelizacja-kodeksu-pracy-od-stycznia-2023-zwiekszony-urlop-opiekunczy\/#article","isPartOf":{"@id":"https:\/\/www.infakt.pl\/blog\/nowelizacja-kodeksu-pracy-od-stycznia-2023-zwiekszony-urlop-opiekunczy\/"},"author":{"name":"Beata Poprawa","@id":"https:\/\/www.infakt.pl\/blog\/#\/schema\/person\/f3d1981e29d944d699176d986601c03e"},"headline":"Nowelizacja Kodeksu Pracy. Od stycznia 2023 zwi\u0119kszony urlop opieku\u0144czy","datePublished":"2022-07-20T06:18:00+00:00","dateModified":"2022-07-20T07:50:58+00:00","mainEntityOfPage":{"@id":"https:\/\/www.infakt.pl\/blog\/nowelizacja-kodeksu-pracy-od-stycznia-2023-zwiekszony-urlop-opiekunczy\/"},"wordCount":337,"commentCount":0,"image":{"@id":"https:\/\/www.infakt.pl\/blog\/nowelizacja-kodeksu-pracy-od-stycznia-2023-zwiekszony-urlop-opiekunczy\/#primaryimage"},"thumbnailUrl":"https:\/\/www.infakt.pl\/blog\/wp-content\/uploads\/2022\/07\/zmiany-w-kodeksie-pracy-urlop-rodzicielski.png","articleSection":["Aktualno\u015bci","Zatrudnienie"],"inLanguage":"pl-PL","potentialAction":[{"@type":"CommentAction","name":"Comment","target":["https:\/\/www.infakt.pl\/blog\/nowelizacja-kodeksu-pracy-od-stycznia-2023-zwiekszony-urlop-opiekunczy\/#respond"]}]},{"@type":"WebPage","@id":"https:\/\/www.infakt.pl\/blog\/nowelizacja-kodeksu-pracy-od-stycznia-2023-zwiekszony-urlop-opiekunczy\/","url":"https:\/\/www.infakt.pl\/blog\/nowelizacja-kodeksu-pracy-od-stycznia-2023-zwiekszony-urlop-opiekunczy\/","name":"Nowelizacja Kodeksu Pracy. Nowy urlop opieku\u0144czy ju\u017c od stycznia 2023","isPartOf":{"@id":"https:\/\/www.infakt.pl\/blog\/#website"},"primaryImageOfPage":{"@id":"https:\/\/www.infakt.pl\/blog\/nowelizacja-kodeksu-pracy-od-stycznia-2023-zwiekszony-urlop-opiekunczy\/#primaryimage"},"image":{"@id":"https:\/\/www.infakt.pl\/blog\/nowelizacja-kodeksu-pracy-od-stycznia-2023-zwiekszony-urlop-opiekunczy\/#primaryimage"},"thumbnailUrl":"https:\/\/www.infakt.pl\/blog\/wp-content\/uploads\/2022\/07\/zmiany-w-kodeksie-pracy-urlop-rodzicielski.png","datePublished":"2022-07-20T06:18:00+00:00","dateModified":"2022-07-20T07:50:58+00:00","author":{"@id":"https:\/\/www.infakt.pl\/blog\/#\/schema\/person\/f3d1981e29d944d699176d986601c03e"},"description":"Nowelizacja Kodeksu Pracy ma wej\u015b\u0107 w \u017cycie z pocz\u0105tkiem stycznia 2023. Na jej skutek w przepisach pojawi si\u0119 nowy urlop opieku\u0144czy.","breadcrumb":{"@id":"https:\/\/www.infakt.pl\/blog\/nowelizacja-kodeksu-pracy-od-stycznia-2023-zwiekszony-urlop-opiekunczy\/#breadcrumb"},"inLanguage":"pl-PL","potentialAction":[{"@type":"ReadAction","target":["https:\/\/www.infakt.pl\/blog\/nowelizacja-kodeksu-pracy-od-stycznia-2023-zwiekszony-urlop-opiekunczy\/"]}]},{"@type":"ImageObject","inLanguage":"pl-PL","@id":"https:\/\/www.infakt.pl\/blog\/nowelizacja-kodeksu-pracy-od-stycznia-2023-zwiekszony-urlop-opiekunczy\/#primaryimage","url":"https:\/\/www.infakt.pl\/blog\/wp-content\/uploads\/2022\/07\/zmiany-w-kodeksie-pracy-urlop-rodzicielski.png","contentUrl":"https:\/\/www.infakt.pl\/blog\/wp-content\/uploads\/2022\/07\/zmiany-w-kodeksie-pracy-urlop-rodzicielski.png","width":1280,"height":720},{"@type":"BreadcrumbList","@id":"https:\/\/www.infakt.pl\/blog\/nowelizacja-kodeksu-pracy-od-stycznia-2023-zwiekszony-urlop-opiekunczy\/#breadcrumb","itemListElement":[{"@type":"ListItem","position":1,"name":"Blog","item":"https:\/\/www.infakt.pl\/blog\/"},{"@type":"ListItem","position":2,"name":"Aktualno\u015bci","item":"https:\/\/www.infakt.pl\/blog\/kategoria\/aktualnosci\/"},{"@type":"ListItem","position":3,"name":"Nowelizacja Kodeksu Pracy. Od stycznia 2023 zwi\u0119kszony urlop opieku\u0144czy"}]},{"@type":"WebSite","@id":"https:\/\/www.infakt.pl\/blog\/#website","url":"https:\/\/www.infakt.pl\/blog\/","name":"Infakt Blog","description":"","potentialAction":[{"@type":"SearchAction","target":{"@type":"EntryPoint","urlTemplate":"https:\/\/www.infakt.pl\/blog\/?s={search_term_string}"},"query-input":{"@type":"PropertyValueSpecification","valueRequired":true,"valueName":"search_term_string"}}],"inLanguage":"pl-PL"},{"@type":"Person","@id":"https:\/\/www.infakt.pl\/blog\/#\/schema\/person\/f3d1981e29d944d699176d986601c03e","name":"Beata Poprawa","image":{"@type":"ImageObject","inLanguage":"pl-PL","@id":"https:\/\/secure.gravatar.com\/avatar\/943105d93c647f5e7a86c0bd4ec06e97d8b97dd38b2a14d2a99d52d8c7f397ea?s=96&d=mm&r=g","url":"https:\/\/secure.gravatar.com\/avatar\/943105d93c647f5e7a86c0bd4ec06e97d8b97dd38b2a14d2a99d52d8c7f397ea?s=96&d=mm&r=g","contentUrl":"https:\/\/secure.gravatar.com\/avatar\/943105d93c647f5e7a86c0bd4ec06e97d8b97dd38b2a14d2a99d52d8c7f397ea?s=96&d=mm&r=g","caption":"Beata Poprawa"},"description":"Dziennikarka, autorka tekst\u00f3w o tematyce z zakresu: podatk\u00f3w, prawa pracy, biznesu i fintechu. Specjalistka ds. promocji, copywriterka, social media manager. Ponadto filmoznawczyni, koordynatorka projekt\u00f3w zwi\u0105zanych z kultur\u0105. Prywatnie entuzjastka kina i seriali.","url":"https:\/\/www.infakt.pl\/blog\/author\/beata-poprawa\/"}]}},"_links":{"self":[{"href":"https:\/\/www.infakt.pl\/blog\/wp-json\/wp\/v2\/posts\/53280","targetHints":{"allow":["GET"]}}],"collection":[{"href":"https:\/\/www.infakt.pl\/blog\/wp-json\/wp\/v2\/posts"}],"about":[{"href":"https:\/\/www.infakt.pl\/blog\/wp-json\/wp\/v2\/types\/post"}],"author":[{"embeddable":true,"href":"https:\/\/www.infakt.pl\/blog\/wp-json\/wp\/v2\/users\/100"}],"replies":[{"embeddable":true,"href":"https:\/\/www.infakt.pl\/blog\/wp-json\/wp\/v2\/comments?post=53280"}],"version-history":[{"count":9,"href":"https:\/\/www.infakt.pl\/blog\/wp-json\/wp\/v2\/posts\/53280\/revisions"}],"predecessor-version":[{"id":53535,"href":"https:\/\/www.infakt.pl\/blog\/wp-json\/wp\/v2\/posts\/53280\/revisions\/53535"}],"wp:featuredmedia":[{"embeddable":true,"href":"https:\/\/www.infakt.pl\/blog\/wp-json\/wp\/v2\/media\/53538"}],"wp:attachment":[{"href":"https:\/\/www.infakt.pl\/blog\/wp-json\/wp\/v2\/media?parent=53280"}],"wp:term":[{"taxonomy":"category","embeddable":true,"href":"https:\/\/www.infakt.pl\/blog\/wp-json\/wp\/v2\/categories?post=53280"},{"taxonomy":"post_tag","embeddable":true,"href":"https:\/\/www.infakt.pl\/blog\/wp-json\/wp\/v2\/tags?post=53280"}],"curies":[{"name":"wp","href":"https:\/\/api.w.org\/{rel}","templated":true}]}}