{"id":52588,"date":"2022-04-10T14:15:00","date_gmt":"2022-04-10T12:15:00","guid":{"rendered":"https:\/\/www.infakt.pl\/blog\/?p=52588"},"modified":"2024-06-21T15:58:04","modified_gmt":"2024-06-21T13:58:04","slug":"ewidencja-przebiegu-pojazdu-dla-celow-podatku-vat-kilometrowka","status":"publish","type":"post","link":"https:\/\/www.infakt.pl\/blog\/ewidencja-przebiegu-pojazdu-dla-celow-podatku-vat-kilometrowka\/","title":{"rendered":"Ewidencja przebiegu pojazdu dla cel\u00f3w podatku VAT &#8211; kilometr\u00f3wka"},"content":{"rendered":"      <div class=\"a-d-box pdf \">\n      <div class=\"wrapper py-0\">\n        <div class=\"row type-2\">\n          <div class=\"inner-box flex-align-center col-10 col-sm-12 mx-auto flex-direction-column\">\n            <div class=\"img-box main\"><img decoding=\"async\" class=\"\" sizes=\"auto, (max-width: 1280px) 100vw,\" loading=\"lazy\" alt=\"\"\n\t\t\t\twidth=\"180\" height=\"260\" src=\"https:\/\/www.infakt.pl\/blog\/wp-content\/uploads\/2022\/04\/ulga-na-powrot.jpg\"\n\t\t\t\tsrcset=\"https:\/\/www.infakt.pl\/blog\/wp-content\/uploads\/2022\/04\/ulga-na-powrot.jpg 1x, https:\/\/www.infakt.pl\/blog\/wp-content\/uploads\/2022\/04\/ulga-na-powrot.jpg 2x,\"><\/div><div class=\"bottom-box text-center\"><div class=\"desc flex flex-direction-column\"><span class=\"title\">Ewidencja przebiegu pojazdu firmowego<\/span><span class=\"subtitle\">Pobierz formularz za darmo w formacie PDF<\/span><\/div><div class=\"btn-box\"><a class=\"button\" href=\"https:\/\/www.infakt.pl\/blog\/wp-content\/uploads\/2022\/05\/Kilometro\u0301wka-dla-celo\u0301w-podatku-VAT-wzo\u0301r.pdf\"target=\"_blank\" rel=\"noreferrer noopener\"data-category=\"Blog\"data-action=\"Pasek pod menu\"data-label=\"getLink\">Pobierz formularz<\/a><\/div><\/div>          <\/div>\n        <\/div>\n      <\/div>\n    <\/div>\n    \n\n\n\n<p><strong>Przedsi\u0119biorca, kt\u00f3ry w swojej dzia\u0142alno\u015bci&nbsp;wykorzystuje pojazd w systemie firmowym, czyli pojazd wykorzystywany jest tylko i wy\u0142\u0105cznie na potrzeby zwi\u0105zane z prowadzon\u0105 dzia\u0142alno\u015bci\u0105 to w\u00f3wczas mo\u017ce dokona\u0107&nbsp;odliczenia 100% warto\u015bci podatku VAT&nbsp;od wydatk\u00f3w zwi\u0105zanych z zakupem paliwa oraz wydatk\u00f3w zwi\u0105zanych z zakupem cz\u0119\u015bci i akcesori\u00f3w do pojazdu.<\/strong><\/p>\n\n\n\n<h2 class=\"wp-block-heading\" id=\"kiedy-nalezy-prowadzic-ewidencje\"><strong>Kiedy nale\u017cy prowadzi\u0107 ewidencj\u0119?<\/strong><\/h2>\n\n\n\n<p>Podatnik musi dope\u0142ni\u0107 pewnych formalno\u015bci, kt\u00f3re pozwol\u0105 mu na odliczenie&nbsp;100% warto\u015bci podatku VAT. Do procedur tych zaliczamy:<\/p>\n\n\n\n<ul class=\"wp-block-list\">\n<li>dokonanie zg\u0142oszenia pojazdu na formularzu VAT-26 do w\u0142a\u015bciwego urz\u0119du skarbowego,<\/li>\n\n\n\n<li>prowadzenie ewidencji przebiegu pojazdu, czyli tzw. kilometr\u00f3wki do VAT,<\/li>\n\n\n\n<li>wprowadzenie wewn\u0105trz przedsi\u0119biorstwa regulaminu u\u017cytkowania pojazdu w firmie.<\/li>\n<\/ul>\n\n\n\n<h2 class=\"wp-block-heading\" id=\"jak-wypelnic-dokument\"><strong>Jak wype\u0142ni\u0107 dokument?<\/strong><\/h2>\n\n\n\n<p>W ewidencji tej podajemy dat\u0119 wyjazdu, przebieg trasy oraz cel wyjazdu, liczb\u0119 przejechanych kilometr\u00f3w. W przypadku, gdy pojazd zostaje udost\u0119pniony innej osobie, np. pracownikowi to w\u00f3wczas konieczne jest podanie imienia i nazwiska osoby, kt\u00f3rej pojazd zosta\u0142 udost\u0119pniony oraz&nbsp;stan licznika na dzie\u0144 udost\u0119pnienia i zwrotu pojazdu. Na samym ko\u0144cu podpis sk\u0142ada podatnik.<\/p>\n\n\n\n<h2 class=\"wp-block-heading\" id=\"formularze-do-pobrania-infakt\"><strong>Formularze do pobrania &#8211; inFakt<\/strong><\/h2>\n\n\n\n<p>Je\u015bli szukasz gotowych wniosk\u00f3w i o\u015bwiadcze\u0144, skorzystaj z <strong><a href=\"https:\/\/www.infakt.pl\/blog\/kategoria\/formularze\/\">darmowych formularzy do pobrania<\/a><\/strong> inFakt.<\/p>\n","protected":false},"excerpt":{"rendered":"<p>Ewidencja przebiegu pojazdu firmowegoPobierz formularz za darmo w formacie PDFPobierz formularz Przedsi\u0119biorca, kt\u00f3ry w swojej dzia\u0142alno\u015bci\u00a0wykorzystuje pojazd w systemie&hellip;<\/p>\n","protected":false},"author":116,"featured_media":49100,"comment_status":"open","ping_status":"open","sticky":false,"template":"","format":"standard","meta":{"_acf_changed":false,"footnotes":""},"categories":[2395,2053],"tags":[],"class_list":["post-52588","post","type-post","status-publish","format-standard","has-post-thumbnail","hentry","category-podatek-vat","category-formularze"],"acf":[],"yoast_head":"<!-- This site is optimized with the Yoast SEO plugin v27.4 - https:\/\/yoast.com\/product\/yoast-seo-wordpress\/ -->\n<title>Ewidencja przebiegu pojazdu dla cel\u00f3w podatku VAT - darmowe formularze inFakt.pl<\/title>\n<meta name=\"description\" content=\"Kiedy przedsi\u0119biorca mo\u017ce dokona\u0107\u00a0odliczenia 100% warto\u015bci podatku VAT? Pobierz darmowy formularz &quot;kilometr\u00f3wki&quot; z wyja\u015bnieniem.\" \/>\n<meta name=\"robots\" content=\"index, follow, max-snippet:-1, max-image-preview:large, max-video-preview:-1\" \/>\n<link rel=\"canonical\" href=\"https:\/\/www.infakt.pl\/blog\/ewidencja-przebiegu-pojazdu-dla-celow-podatku-vat-kilometrowka\/\" \/>\n<meta property=\"og:locale\" content=\"pl_PL\" \/>\n<meta property=\"og:type\" content=\"article\" \/>\n<meta property=\"og:title\" content=\"Ewidencja przebiegu pojazdu dla cel\u00f3w podatku VAT - darmowe formularze inFakt.pl\" \/>\n<meta property=\"og:description\" content=\"Kiedy przedsi\u0119biorca mo\u017ce dokona\u0107\u00a0odliczenia 100% warto\u015bci podatku VAT? Pobierz darmowy formularz &quot;kilometr\u00f3wki&quot; z wyja\u015bnieniem.\" \/>\n<meta property=\"og:url\" content=\"https:\/\/www.infakt.pl\/blog\/ewidencja-przebiegu-pojazdu-dla-celow-podatku-vat-kilometrowka\/\" \/>\n<meta property=\"og:site_name\" content=\"Infakt Blog\" \/>\n<meta property=\"article:published_time\" content=\"2022-04-10T12:15:00+00:00\" \/>\n<meta property=\"article:modified_time\" content=\"2024-06-21T13:58:04+00:00\" \/>\n<meta property=\"og:image\" content=\"https:\/\/www.infakt.pl\/blog\/wp-content\/uploads\/2022\/04\/wspolne-opodatkowanie-dochodow-z-malzonkiem@2x.jpg\" \/>\n\t<meta property=\"og:image:width\" content=\"180\" \/>\n\t<meta property=\"og:image:height\" content=\"260\" \/>\n\t<meta property=\"og:image:type\" content=\"image\/jpeg\" \/>\n<meta name=\"author\" content=\"inFakt\" \/>\n<meta name=\"twitter:card\" content=\"summary_large_image\" \/>\n<meta name=\"twitter:label1\" content=\"Napisane przez\" \/>\n\t<meta name=\"twitter:data1\" content=\"inFakt\" \/>\n\t<meta name=\"twitter:label2\" content=\"Szacowany czas czytania\" \/>\n\t<meta name=\"twitter:data2\" content=\"2 minuty\" \/>\n<script type=\"application\/ld+json\" class=\"yoast-schema-graph\">{\"@context\":\"https:\\\/\\\/schema.org\",\"@graph\":[{\"@type\":\"Article\",\"@id\":\"https:\\\/\\\/www.infakt.pl\\\/blog\\\/ewidencja-przebiegu-pojazdu-dla-celow-podatku-vat-kilometrowka\\\/#article\",\"isPartOf\":{\"@id\":\"https:\\\/\\\/www.infakt.pl\\\/blog\\\/ewidencja-przebiegu-pojazdu-dla-celow-podatku-vat-kilometrowka\\\/\"},\"author\":{\"name\":\"inFakt\",\"@id\":\"https:\\\/\\\/www.infakt.pl\\\/blog\\\/#\\\/schema\\\/person\\\/bb6df266337e0b3691d3d0f44351d77f\"},\"headline\":\"Ewidencja przebiegu pojazdu dla cel\u00f3w podatku VAT &#8211; kilometr\u00f3wka\",\"datePublished\":\"2022-04-10T12:15:00+00:00\",\"dateModified\":\"2024-06-21T13:58:04+00:00\",\"mainEntityOfPage\":{\"@id\":\"https:\\\/\\\/www.infakt.pl\\\/blog\\\/ewidencja-przebiegu-pojazdu-dla-celow-podatku-vat-kilometrowka\\\/\"},\"wordCount\":259,\"commentCount\":0,\"image\":{\"@id\":\"https:\\\/\\\/www.infakt.pl\\\/blog\\\/ewidencja-przebiegu-pojazdu-dla-celow-podatku-vat-kilometrowka\\\/#primaryimage\"},\"thumbnailUrl\":\"https:\\\/\\\/www.infakt.pl\\\/blog\\\/wp-content\\\/uploads\\\/2022\\\/04\\\/wspolne-opodatkowanie-dochodow-z-malzonkiem@2x.jpg\",\"articleSection\":[\"Podatek VAT\",\"Formularze\"],\"inLanguage\":\"pl-PL\",\"potentialAction\":[{\"@type\":\"CommentAction\",\"name\":\"Comment\",\"target\":[\"https:\\\/\\\/www.infakt.pl\\\/blog\\\/ewidencja-przebiegu-pojazdu-dla-celow-podatku-vat-kilometrowka\\\/#respond\"]}]},{\"@type\":\"WebPage\",\"@id\":\"https:\\\/\\\/www.infakt.pl\\\/blog\\\/ewidencja-przebiegu-pojazdu-dla-celow-podatku-vat-kilometrowka\\\/\",\"url\":\"https:\\\/\\\/www.infakt.pl\\\/blog\\\/ewidencja-przebiegu-pojazdu-dla-celow-podatku-vat-kilometrowka\\\/\",\"name\":\"Ewidencja przebiegu pojazdu dla cel\u00f3w podatku VAT - darmowe formularze inFakt.pl\",\"isPartOf\":{\"@id\":\"https:\\\/\\\/www.infakt.pl\\\/blog\\\/#website\"},\"primaryImageOfPage\":{\"@id\":\"https:\\\/\\\/www.infakt.pl\\\/blog\\\/ewidencja-przebiegu-pojazdu-dla-celow-podatku-vat-kilometrowka\\\/#primaryimage\"},\"image\":{\"@id\":\"https:\\\/\\\/www.infakt.pl\\\/blog\\\/ewidencja-przebiegu-pojazdu-dla-celow-podatku-vat-kilometrowka\\\/#primaryimage\"},\"thumbnailUrl\":\"https:\\\/\\\/www.infakt.pl\\\/blog\\\/wp-content\\\/uploads\\\/2022\\\/04\\\/wspolne-opodatkowanie-dochodow-z-malzonkiem@2x.jpg\",\"datePublished\":\"2022-04-10T12:15:00+00:00\",\"dateModified\":\"2024-06-21T13:58:04+00:00\",\"author\":{\"@id\":\"https:\\\/\\\/www.infakt.pl\\\/blog\\\/#\\\/schema\\\/person\\\/bb6df266337e0b3691d3d0f44351d77f\"},\"description\":\"Kiedy przedsi\u0119biorca mo\u017ce dokona\u0107\u00a0odliczenia 100% warto\u015bci podatku VAT? Pobierz darmowy formularz \\\"kilometr\u00f3wki\\\" z wyja\u015bnieniem.\",\"breadcrumb\":{\"@id\":\"https:\\\/\\\/www.infakt.pl\\\/blog\\\/ewidencja-przebiegu-pojazdu-dla-celow-podatku-vat-kilometrowka\\\/#breadcrumb\"},\"inLanguage\":\"pl-PL\",\"potentialAction\":[{\"@type\":\"ReadAction\",\"target\":[\"https:\\\/\\\/www.infakt.pl\\\/blog\\\/ewidencja-przebiegu-pojazdu-dla-celow-podatku-vat-kilometrowka\\\/\"]}]},{\"@type\":\"ImageObject\",\"inLanguage\":\"pl-PL\",\"@id\":\"https:\\\/\\\/www.infakt.pl\\\/blog\\\/ewidencja-przebiegu-pojazdu-dla-celow-podatku-vat-kilometrowka\\\/#primaryimage\",\"url\":\"https:\\\/\\\/www.infakt.pl\\\/blog\\\/wp-content\\\/uploads\\\/2022\\\/04\\\/wspolne-opodatkowanie-dochodow-z-malzonkiem@2x.jpg\",\"contentUrl\":\"https:\\\/\\\/www.infakt.pl\\\/blog\\\/wp-content\\\/uploads\\\/2022\\\/04\\\/wspolne-opodatkowanie-dochodow-z-malzonkiem@2x.jpg\",\"width\":180,\"height\":260},{\"@type\":\"BreadcrumbList\",\"@id\":\"https:\\\/\\\/www.infakt.pl\\\/blog\\\/ewidencja-przebiegu-pojazdu-dla-celow-podatku-vat-kilometrowka\\\/#breadcrumb\",\"itemListElement\":[{\"@type\":\"ListItem\",\"position\":1,\"name\":\"Blog\",\"item\":\"https:\\\/\\\/www.infakt.pl\\\/blog\\\/\"},{\"@type\":\"ListItem\",\"position\":2,\"name\":\"Formularze\",\"item\":\"https:\\\/\\\/www.infakt.pl\\\/blog\\\/kategoria\\\/formularze\\\/\"},{\"@type\":\"ListItem\",\"position\":3,\"name\":\"Ewidencja przebiegu pojazdu dla cel\u00f3w podatku VAT &#8211; kilometr\u00f3wka\"}]},{\"@type\":\"WebSite\",\"@id\":\"https:\\\/\\\/www.infakt.pl\\\/blog\\\/#website\",\"url\":\"https:\\\/\\\/www.infakt.pl\\\/blog\\\/\",\"name\":\"Infakt Blog\",\"description\":\"\",\"potentialAction\":[{\"@type\":\"SearchAction\",\"target\":{\"@type\":\"EntryPoint\",\"urlTemplate\":\"https:\\\/\\\/www.infakt.pl\\\/blog\\\/?s={search_term_string}\"},\"query-input\":{\"@type\":\"PropertyValueSpecification\",\"valueRequired\":true,\"valueName\":\"search_term_string\"}}],\"inLanguage\":\"pl-PL\"},{\"@type\":\"Person\",\"@id\":\"https:\\\/\\\/www.infakt.pl\\\/blog\\\/#\\\/schema\\\/person\\\/bb6df266337e0b3691d3d0f44351d77f\",\"name\":\"inFakt\",\"image\":{\"@type\":\"ImageObject\",\"inLanguage\":\"pl-PL\",\"@id\":\"https:\\\/\\\/secure.gravatar.com\\\/avatar\\\/58ad64c460334837d0cd8d9e719ae60a1e9bd4b610ce12af8e7ba835d085bb4f?s=96&d=mm&r=g\",\"url\":\"https:\\\/\\\/secure.gravatar.com\\\/avatar\\\/58ad64c460334837d0cd8d9e719ae60a1e9bd4b610ce12af8e7ba835d085bb4f?s=96&d=mm&r=g\",\"contentUrl\":\"https:\\\/\\\/secure.gravatar.com\\\/avatar\\\/58ad64c460334837d0cd8d9e719ae60a1e9bd4b610ce12af8e7ba835d085bb4f?s=96&d=mm&r=g\",\"caption\":\"inFakt\"},\"url\":\"https:\\\/\\\/www.infakt.pl\\\/blog\\\/author\\\/infakt_blog\\\/\"}]}<\/script>\n<!-- \/ Yoast SEO plugin. -->","yoast_head_json":{"title":"Ewidencja przebiegu pojazdu dla cel\u00f3w podatku VAT - darmowe formularze inFakt.pl","description":"Kiedy przedsi\u0119biorca mo\u017ce dokona\u0107\u00a0odliczenia 100% warto\u015bci podatku VAT? Pobierz darmowy formularz \"kilometr\u00f3wki\" z wyja\u015bnieniem.","robots":{"index":"index","follow":"follow","max-snippet":"max-snippet:-1","max-image-preview":"max-image-preview:large","max-video-preview":"max-video-preview:-1"},"canonical":"https:\/\/www.infakt.pl\/blog\/ewidencja-przebiegu-pojazdu-dla-celow-podatku-vat-kilometrowka\/","og_locale":"pl_PL","og_type":"article","og_title":"Ewidencja przebiegu pojazdu dla cel\u00f3w podatku VAT - darmowe formularze inFakt.pl","og_description":"Kiedy przedsi\u0119biorca mo\u017ce dokona\u0107\u00a0odliczenia 100% warto\u015bci podatku VAT? Pobierz darmowy formularz \"kilometr\u00f3wki\" z wyja\u015bnieniem.","og_url":"https:\/\/www.infakt.pl\/blog\/ewidencja-przebiegu-pojazdu-dla-celow-podatku-vat-kilometrowka\/","og_site_name":"Infakt Blog","article_published_time":"2022-04-10T12:15:00+00:00","article_modified_time":"2024-06-21T13:58:04+00:00","og_image":[{"width":180,"height":260,"url":"https:\/\/www.infakt.pl\/blog\/wp-content\/uploads\/2022\/04\/wspolne-opodatkowanie-dochodow-z-malzonkiem@2x.jpg","type":"image\/jpeg"}],"author":"inFakt","twitter_card":"summary_large_image","twitter_misc":{"Napisane przez":"inFakt","Szacowany czas czytania":"2 minuty"},"schema":{"@context":"https:\/\/schema.org","@graph":[{"@type":"Article","@id":"https:\/\/www.infakt.pl\/blog\/ewidencja-przebiegu-pojazdu-dla-celow-podatku-vat-kilometrowka\/#article","isPartOf":{"@id":"https:\/\/www.infakt.pl\/blog\/ewidencja-przebiegu-pojazdu-dla-celow-podatku-vat-kilometrowka\/"},"author":{"name":"inFakt","@id":"https:\/\/www.infakt.pl\/blog\/#\/schema\/person\/bb6df266337e0b3691d3d0f44351d77f"},"headline":"Ewidencja przebiegu pojazdu dla cel\u00f3w podatku VAT &#8211; kilometr\u00f3wka","datePublished":"2022-04-10T12:15:00+00:00","dateModified":"2024-06-21T13:58:04+00:00","mainEntityOfPage":{"@id":"https:\/\/www.infakt.pl\/blog\/ewidencja-przebiegu-pojazdu-dla-celow-podatku-vat-kilometrowka\/"},"wordCount":259,"commentCount":0,"image":{"@id":"https:\/\/www.infakt.pl\/blog\/ewidencja-przebiegu-pojazdu-dla-celow-podatku-vat-kilometrowka\/#primaryimage"},"thumbnailUrl":"https:\/\/www.infakt.pl\/blog\/wp-content\/uploads\/2022\/04\/wspolne-opodatkowanie-dochodow-z-malzonkiem@2x.jpg","articleSection":["Podatek VAT","Formularze"],"inLanguage":"pl-PL","potentialAction":[{"@type":"CommentAction","name":"Comment","target":["https:\/\/www.infakt.pl\/blog\/ewidencja-przebiegu-pojazdu-dla-celow-podatku-vat-kilometrowka\/#respond"]}]},{"@type":"WebPage","@id":"https:\/\/www.infakt.pl\/blog\/ewidencja-przebiegu-pojazdu-dla-celow-podatku-vat-kilometrowka\/","url":"https:\/\/www.infakt.pl\/blog\/ewidencja-przebiegu-pojazdu-dla-celow-podatku-vat-kilometrowka\/","name":"Ewidencja przebiegu pojazdu dla cel\u00f3w podatku VAT - darmowe formularze inFakt.pl","isPartOf":{"@id":"https:\/\/www.infakt.pl\/blog\/#website"},"primaryImageOfPage":{"@id":"https:\/\/www.infakt.pl\/blog\/ewidencja-przebiegu-pojazdu-dla-celow-podatku-vat-kilometrowka\/#primaryimage"},"image":{"@id":"https:\/\/www.infakt.pl\/blog\/ewidencja-przebiegu-pojazdu-dla-celow-podatku-vat-kilometrowka\/#primaryimage"},"thumbnailUrl":"https:\/\/www.infakt.pl\/blog\/wp-content\/uploads\/2022\/04\/wspolne-opodatkowanie-dochodow-z-malzonkiem@2x.jpg","datePublished":"2022-04-10T12:15:00+00:00","dateModified":"2024-06-21T13:58:04+00:00","author":{"@id":"https:\/\/www.infakt.pl\/blog\/#\/schema\/person\/bb6df266337e0b3691d3d0f44351d77f"},"description":"Kiedy przedsi\u0119biorca mo\u017ce dokona\u0107\u00a0odliczenia 100% warto\u015bci podatku VAT? Pobierz darmowy formularz \"kilometr\u00f3wki\" z wyja\u015bnieniem.","breadcrumb":{"@id":"https:\/\/www.infakt.pl\/blog\/ewidencja-przebiegu-pojazdu-dla-celow-podatku-vat-kilometrowka\/#breadcrumb"},"inLanguage":"pl-PL","potentialAction":[{"@type":"ReadAction","target":["https:\/\/www.infakt.pl\/blog\/ewidencja-przebiegu-pojazdu-dla-celow-podatku-vat-kilometrowka\/"]}]},{"@type":"ImageObject","inLanguage":"pl-PL","@id":"https:\/\/www.infakt.pl\/blog\/ewidencja-przebiegu-pojazdu-dla-celow-podatku-vat-kilometrowka\/#primaryimage","url":"https:\/\/www.infakt.pl\/blog\/wp-content\/uploads\/2022\/04\/wspolne-opodatkowanie-dochodow-z-malzonkiem@2x.jpg","contentUrl":"https:\/\/www.infakt.pl\/blog\/wp-content\/uploads\/2022\/04\/wspolne-opodatkowanie-dochodow-z-malzonkiem@2x.jpg","width":180,"height":260},{"@type":"BreadcrumbList","@id":"https:\/\/www.infakt.pl\/blog\/ewidencja-przebiegu-pojazdu-dla-celow-podatku-vat-kilometrowka\/#breadcrumb","itemListElement":[{"@type":"ListItem","position":1,"name":"Blog","item":"https:\/\/www.infakt.pl\/blog\/"},{"@type":"ListItem","position":2,"name":"Formularze","item":"https:\/\/www.infakt.pl\/blog\/kategoria\/formularze\/"},{"@type":"ListItem","position":3,"name":"Ewidencja przebiegu pojazdu dla cel\u00f3w podatku VAT &#8211; kilometr\u00f3wka"}]},{"@type":"WebSite","@id":"https:\/\/www.infakt.pl\/blog\/#website","url":"https:\/\/www.infakt.pl\/blog\/","name":"Infakt Blog","description":"","potentialAction":[{"@type":"SearchAction","target":{"@type":"EntryPoint","urlTemplate":"https:\/\/www.infakt.pl\/blog\/?s={search_term_string}"},"query-input":{"@type":"PropertyValueSpecification","valueRequired":true,"valueName":"search_term_string"}}],"inLanguage":"pl-PL"},{"@type":"Person","@id":"https:\/\/www.infakt.pl\/blog\/#\/schema\/person\/bb6df266337e0b3691d3d0f44351d77f","name":"inFakt","image":{"@type":"ImageObject","inLanguage":"pl-PL","@id":"https:\/\/secure.gravatar.com\/avatar\/58ad64c460334837d0cd8d9e719ae60a1e9bd4b610ce12af8e7ba835d085bb4f?s=96&d=mm&r=g","url":"https:\/\/secure.gravatar.com\/avatar\/58ad64c460334837d0cd8d9e719ae60a1e9bd4b610ce12af8e7ba835d085bb4f?s=96&d=mm&r=g","contentUrl":"https:\/\/secure.gravatar.com\/avatar\/58ad64c460334837d0cd8d9e719ae60a1e9bd4b610ce12af8e7ba835d085bb4f?s=96&d=mm&r=g","caption":"inFakt"},"url":"https:\/\/www.infakt.pl\/blog\/author\/infakt_blog\/"}]}},"_links":{"self":[{"href":"https:\/\/www.infakt.pl\/blog\/wp-json\/wp\/v2\/posts\/52588","targetHints":{"allow":["GET"]}}],"collection":[{"href":"https:\/\/www.infakt.pl\/blog\/wp-json\/wp\/v2\/posts"}],"about":[{"href":"https:\/\/www.infakt.pl\/blog\/wp-json\/wp\/v2\/types\/post"}],"author":[{"embeddable":true,"href":"https:\/\/www.infakt.pl\/blog\/wp-json\/wp\/v2\/users\/116"}],"replies":[{"embeddable":true,"href":"https:\/\/www.infakt.pl\/blog\/wp-json\/wp\/v2\/comments?post=52588"}],"version-history":[{"count":2,"href":"https:\/\/www.infakt.pl\/blog\/wp-json\/wp\/v2\/posts\/52588\/revisions"}],"predecessor-version":[{"id":75128,"href":"https:\/\/www.infakt.pl\/blog\/wp-json\/wp\/v2\/posts\/52588\/revisions\/75128"}],"wp:featuredmedia":[{"embeddable":true,"href":"https:\/\/www.infakt.pl\/blog\/wp-json\/wp\/v2\/media\/49100"}],"wp:attachment":[{"href":"https:\/\/www.infakt.pl\/blog\/wp-json\/wp\/v2\/media?parent=52588"}],"wp:term":[{"taxonomy":"category","embeddable":true,"href":"https:\/\/www.infakt.pl\/blog\/wp-json\/wp\/v2\/categories?post=52588"},{"taxonomy":"post_tag","embeddable":true,"href":"https:\/\/www.infakt.pl\/blog\/wp-json\/wp\/v2\/tags?post=52588"}],"curies":[{"name":"wp","href":"https:\/\/api.w.org\/{rel}","templated":true}]}}