{"id":49887,"date":"2018-03-23T09:34:45","date_gmt":"2018-03-23T08:34:45","guid":{"rendered":"https:\/\/www.infakt.pl\/blog\/?p=8433"},"modified":"2018-03-23T09:34:45","modified_gmt":"2018-03-23T08:34:45","slug":"skad-sie-wziela-ksiegowosc","status":"publish","type":"post","link":"https:\/\/www.infakt.pl\/blog\/skad-sie-wziela-ksiegowosc\/","title":{"rendered":"Sk\u0105d si\u0119 wzi\u0119\u0142a ksi\u0119gowo\u015b\u0107?"},"content":{"rendered":"<strong>Zasada podw\u00f3jnego zapisu, ksi\u0119gi handlowe, przychody, ewidencja \u015brodk\u00f3w trwa\u0142ych, to poj\u0119cia znane ka\u017cdemu ksi\u0119gowemu, ale czy wiecie sk\u0105d si\u0119 wzi\u0119\u0142a ksi\u0119gowo\u015b\u0107? Jak si\u0119 zmienia\u0142a na przestrzeni wiek\u00f3w? Zapraszam na ma\u0142\u0105 wycieczk\u0119 po historii ksi\u0119gowo\u015bci.<\/strong><!--more-->\n<h2>Ksi\u0119gowo\u015b\u0107 w staro\u017cytno\u015bci<\/h2>\nNasz\u0105 podr\u00f3\u017c musimy rozpocz\u0105\u0107 na terenie staro\u017cytnego\u00a0Egiptu, Babilonii, \u00a0Izraela oraz Rzymu i Grecji.\u00a0To tutaj pojawi\u0142y si\u0119 pierwsze zapisy, kt\u00f3re przez wielu historyk\u00f3w traktowane s\u0105 jako takie, kt\u00f3re da\u0142y pocz\u0105tek ksi\u0119gowo\u015bci.\nZa pierwsze zapisy b\u0119d\u0105ce namiastkami systemu ksi\u0119gowego uwa\u017ca si\u0119 ewidencje maj\u0105tku prowadzone na dworach w\u0142adc\u00f3w. Wiadomo, \u017ce takie ewidencji prowadzone by\u0142y np. na dworach faraona Nermera (Menesa; ok. 3000 p.n.e.) czy te\u017c kr\u00f3la izraelskiego &#8211; \u00a0Salomona (ok. 1000 p.n.e.).\nZe \u017ar\u00f3de\u0142 historycznych wynika, \u017ce w Babilonii zapisy, kt\u00f3re mo\u017cna by\u0142oby okre\u015bla\u0107 mianem ksi\u0119gowych prowadzone by\u0142y w prywatnych domach bankierskich oraz handlowych.\nNatomiast w staro\u017cytnym Rzymie prowadzono \u00a0zapisy dotycz\u0105ce maj\u0105tku miejskiego, maj\u0105tku bankier\u00f3w czy te\u017c kupc\u00f3w i w\u0142a\u015bcicieli wielkich maj\u0105tk\u00f3w ziemskich.\n<h2>Zmiana systemu\u00a0zapisywania liczb<\/h2>\nNiew\u0105tpliwie krokiem milowym w prowadzeniu zapis\u00f3w ksi\u0119gowych by\u0142a zmiana systemu zapisywania liczb z rzymskiego na arabski.\u00a0Ten drugi by\u0142 znacznie mniej skomplikowany i u\u0142atwia\u0142 dokonywanie oblicze\u0144 i zapis\u00f3w ksi\u0119gowych.\n<h2>System wenecki<\/h2>\nDzie\u0142em, kt\u00f3re okre\u015blane jest mianem pierwszego &#8222;podr\u0119cznika&#8221; ksi\u0119gowo\u015bci jest <em>&#8222;Summa de arithmetica, geometria, proportioni et proportionalita&#8221; (Zasady arytmetyki, geometrii, proporcji i proporcjonalno\u015bci)\u00a0<\/em>napisana przez w\u0142oskiego zakonnika oraz matematyka Luca Pacioliego.\n<div class=\"video-container\"><iframe src=\"https:\/\/www.youtube.com\/embed\/GezJGe-0Fcg\" width=\"700\" height=\"394\" frameborder=\"0\" allowfullscreen=\"allowfullscreen\"><\/iframe><\/div>\nPraca ta zosta\u0142a wydana w 1494 r. w Wenecji i swoim zakresem obejmowa\u0142a spos\u00f3b sporz\u0105dzania inwentarza, rachunek zysk\u00f3w i strat oraz bilans. Zasady spisane w tej ksi\u0105\u017cce zosta\u0142y opracowane na podstawie wniosk\u00f3w\u00a0jakie wyci\u0105gn\u0105\u0142\u00a0Pacioli obserwuj\u0105c prac\u0119 kupc\u00f3w weneckich.\nJako ciekawostk\u0119 warto tutaj wspomnie\u0107, \u017ce jego inn\u0105 ksi\u0105\u017ck\u0119 <em>&#8222;De divina proportione&#8221;\u00a0<\/em>wydan\u0105 klika lat p\u00f3\u017aniej i traktuj\u0105c\u0105 o proporcjach matematycznych oraz ich zastosowaniu w geometrii zilustrowa\u0142 Leonardo da Vinci.\nWarto tutaj r\u00f3wnie\u017c wspomnie\u0107 inne nazwisko &#8211;\u00a0Benedetto Cotrugliego, kt\u00f3ry w ksi\u0105\u017cce <em>&#8222;O handlu i kupcu doskona\u0142ym&#8221;\u00a0<\/em>opisa\u0142 zasady prowadzenia ksi\u0105g. Zasady te zosta\u0142y spisane w 1458 r., ale wydane dopiero w 1573 i dlatego to Pacioli, a nie\u00a0Cotrugli uznawany jest za ojca ksi\u0119gowo\u015bci.\n<a href=\"https:\/\/www.infakt.pl\/blog\/wp-content\/uploads\/2018\/03\/historia-ksiegowosci_02.jpg\" rel=\"attachment wp-att-8915\"><img decoding=\"async\" loading=\"lazy\"   class=\"alignnone size-full wp-image-8915\" src=\"https:\/\/www.infakt.pl\/blog\/wp-content\/uploads\/2018\/03\/historia-ksiegowosci_02.jpg\" alt=\"ksi\u0119gowo\u015b\u0107 - historia\" width=\"1280\" height=\"720\" \/><\/a>\n<h2>Obowi\u0105zek prowadzenia ksi\u0105g handlowych<\/h2>\nKolejnym kamieniem milowym w ksi\u0119gowo\u015bci by\u0142 wydany w 1673 roku francuski kodeks handlowy. Zgodnie z jego postanowieniami kupcy mieli obowi\u0105zek prowadzi\u0107 ksi\u0119gi handlowe, a tak\u017ce sporz\u0105dza\u0107 co dwa lata inwentarz. Ksi\u0119gi handlowe oraz dokumenty z nimi zwi\u0105zane mia\u0142y by\u0107 przechowywane przez okres 10 lat.\nW \u015blad za tym kodeksem pojawi\u0142y si\u0119 regulacje w innych pa\u0144stwach. Z up\u0142ywem czasu prowadzone zapisy ksi\u0119gowe by\u0142y udoskonalane oraz rozszerzane. Jednak podstawow\u0105 zasad\u0105 ksi\u0119gowo\u015bci ci\u0105gle pozostaje stworzona w XI w. zasada podw\u00f3jnego zapisu.","protected":false},"excerpt":{"rendered":"","protected":false},"author":109,"featured_media":8915,"comment_status":"open","ping_status":"open","sticky":false,"template":"","format":"standard","meta":{"_acf_changed":false,"footnotes":""},"categories":[2054],"tags":[],"class_list":["post-49887","post","type-post","status-publish","format-standard","has-post-thumbnail","hentry","category-jednoosobowa-dzialalnosc"],"acf":[],"yoast_head":"<!-- This site is optimized with the Yoast SEO plugin v27.4 - https:\/\/yoast.com\/product\/yoast-seo-wordpress\/ -->\n<title>Sk\u0105d si\u0119 wzi\u0119\u0142a ksi\u0119gowo\u015b\u0107? - blog inFakt<\/title>\n<meta name=\"description\" content=\"Czy ka\u017cdy wiecie sk\u0105d si\u0119 wzi\u0119\u0142a ksi\u0119gowo\u015b\u0107? Jak si\u0119 zmienia\u0142a na przestrzeni wiek\u00f3w? Zapraszam na ma\u0142\u0105 wycieczk\u0119 po historii ksi\u0119gowo\u015bci.\" \/>\n<meta name=\"robots\" content=\"index, follow, max-snippet:-1, max-image-preview:large, max-video-preview:-1\" \/>\n<link rel=\"canonical\" href=\"https:\/\/www.infakt.pl\/blog\/skad-sie-wziela-ksiegowosc\/\" \/>\n<meta property=\"og:locale\" content=\"pl_PL\" \/>\n<meta property=\"og:type\" content=\"article\" \/>\n<meta property=\"og:title\" content=\"Sk\u0105d si\u0119 wzi\u0119\u0142a ksi\u0119gowo\u015b\u0107? - blog inFakt\" \/>\n<meta property=\"og:description\" content=\"Czy ka\u017cdy wiecie sk\u0105d si\u0119 wzi\u0119\u0142a ksi\u0119gowo\u015b\u0107? Jak si\u0119 zmienia\u0142a na przestrzeni wiek\u00f3w? Zapraszam na ma\u0142\u0105 wycieczk\u0119 po historii ksi\u0119gowo\u015bci.\" \/>\n<meta property=\"og:url\" content=\"https:\/\/www.infakt.pl\/blog\/skad-sie-wziela-ksiegowosc\/\" \/>\n<meta property=\"og:site_name\" content=\"Infakt Blog\" \/>\n<meta property=\"article:published_time\" content=\"2018-03-23T08:34:45+00:00\" \/>\n<meta property=\"og:image\" content=\"https:\/\/www.infakt.pl\/blog\/wp-content\/uploads\/2022\/04\/OG-image-blog.png\" \/>\n\t<meta property=\"og:image:width\" content=\"1200\" \/>\n\t<meta property=\"og:image:height\" content=\"1200\" \/>\n\t<meta property=\"og:image:type\" content=\"image\/png\" \/>\n<meta name=\"author\" content=\"Magda S\u0142awi\u0144ska-Rzemek\" \/>\n<meta name=\"twitter:card\" content=\"summary_large_image\" \/>\n<meta name=\"twitter:label1\" content=\"Napisane przez\" \/>\n\t<meta name=\"twitter:data1\" content=\"Magda S\u0142awi\u0144ska-Rzemek\" \/>\n\t<meta name=\"twitter:label2\" content=\"Szacowany czas czytania\" \/>\n\t<meta name=\"twitter:data2\" content=\"3 minuty\" \/>\n<script type=\"application\/ld+json\" class=\"yoast-schema-graph\">{\"@context\":\"https:\\\/\\\/schema.org\",\"@graph\":[{\"@type\":\"Article\",\"@id\":\"https:\\\/\\\/www.infakt.pl\\\/blog\\\/skad-sie-wziela-ksiegowosc\\\/#article\",\"isPartOf\":{\"@id\":\"https:\\\/\\\/www.infakt.pl\\\/blog\\\/skad-sie-wziela-ksiegowosc\\\/\"},\"author\":{\"name\":\"Magda S\u0142awi\u0144ska-Rzemek\",\"@id\":\"https:\\\/\\\/www.infakt.pl\\\/blog\\\/#\\\/schema\\\/person\\\/e5ba42ab0127510490e31e1327cd26b9\"},\"headline\":\"Sk\u0105d si\u0119 wzi\u0119\u0142a ksi\u0119gowo\u015b\u0107?\",\"datePublished\":\"2018-03-23T08:34:45+00:00\",\"mainEntityOfPage\":{\"@id\":\"https:\\\/\\\/www.infakt.pl\\\/blog\\\/skad-sie-wziela-ksiegowosc\\\/\"},\"wordCount\":523,\"commentCount\":0,\"image\":{\"@id\":\"https:\\\/\\\/www.infakt.pl\\\/blog\\\/skad-sie-wziela-ksiegowosc\\\/#primaryimage\"},\"thumbnailUrl\":\"\",\"articleSection\":[\"Jednoosobowa dzia\u0142alno\u015b\u0107\"],\"inLanguage\":\"pl-PL\",\"potentialAction\":[{\"@type\":\"CommentAction\",\"name\":\"Comment\",\"target\":[\"https:\\\/\\\/www.infakt.pl\\\/blog\\\/skad-sie-wziela-ksiegowosc\\\/#respond\"]}]},{\"@type\":\"WebPage\",\"@id\":\"https:\\\/\\\/www.infakt.pl\\\/blog\\\/skad-sie-wziela-ksiegowosc\\\/\",\"url\":\"https:\\\/\\\/www.infakt.pl\\\/blog\\\/skad-sie-wziela-ksiegowosc\\\/\",\"name\":\"Sk\u0105d si\u0119 wzi\u0119\u0142a ksi\u0119gowo\u015b\u0107? - blog inFakt\",\"isPartOf\":{\"@id\":\"https:\\\/\\\/www.infakt.pl\\\/blog\\\/#website\"},\"primaryImageOfPage\":{\"@id\":\"https:\\\/\\\/www.infakt.pl\\\/blog\\\/skad-sie-wziela-ksiegowosc\\\/#primaryimage\"},\"image\":{\"@id\":\"https:\\\/\\\/www.infakt.pl\\\/blog\\\/skad-sie-wziela-ksiegowosc\\\/#primaryimage\"},\"thumbnailUrl\":\"\",\"datePublished\":\"2018-03-23T08:34:45+00:00\",\"author\":{\"@id\":\"https:\\\/\\\/www.infakt.pl\\\/blog\\\/#\\\/schema\\\/person\\\/e5ba42ab0127510490e31e1327cd26b9\"},\"description\":\"Czy ka\u017cdy wiecie sk\u0105d si\u0119 wzi\u0119\u0142a ksi\u0119gowo\u015b\u0107? Jak si\u0119 zmienia\u0142a na przestrzeni wiek\u00f3w? Zapraszam na ma\u0142\u0105 wycieczk\u0119 po historii ksi\u0119gowo\u015bci.\",\"breadcrumb\":{\"@id\":\"https:\\\/\\\/www.infakt.pl\\\/blog\\\/skad-sie-wziela-ksiegowosc\\\/#breadcrumb\"},\"inLanguage\":\"pl-PL\",\"potentialAction\":[{\"@type\":\"ReadAction\",\"target\":[\"https:\\\/\\\/www.infakt.pl\\\/blog\\\/skad-sie-wziela-ksiegowosc\\\/\"]}]},{\"@type\":\"ImageObject\",\"inLanguage\":\"pl-PL\",\"@id\":\"https:\\\/\\\/www.infakt.pl\\\/blog\\\/skad-sie-wziela-ksiegowosc\\\/#primaryimage\",\"url\":\"\",\"contentUrl\":\"\"},{\"@type\":\"BreadcrumbList\",\"@id\":\"https:\\\/\\\/www.infakt.pl\\\/blog\\\/skad-sie-wziela-ksiegowosc\\\/#breadcrumb\",\"itemListElement\":[{\"@type\":\"ListItem\",\"position\":1,\"name\":\"Blog\",\"item\":\"https:\\\/\\\/www.infakt.pl\\\/blog\\\/\"},{\"@type\":\"ListItem\",\"position\":2,\"name\":\"Sk\u0105d si\u0119 wzi\u0119\u0142a ksi\u0119gowo\u015b\u0107?\"}]},{\"@type\":\"WebSite\",\"@id\":\"https:\\\/\\\/www.infakt.pl\\\/blog\\\/#website\",\"url\":\"https:\\\/\\\/www.infakt.pl\\\/blog\\\/\",\"name\":\"Infakt Blog\",\"description\":\"\",\"potentialAction\":[{\"@type\":\"SearchAction\",\"target\":{\"@type\":\"EntryPoint\",\"urlTemplate\":\"https:\\\/\\\/www.infakt.pl\\\/blog\\\/?s={search_term_string}\"},\"query-input\":{\"@type\":\"PropertyValueSpecification\",\"valueRequired\":true,\"valueName\":\"search_term_string\"}}],\"inLanguage\":\"pl-PL\"},{\"@type\":\"Person\",\"@id\":\"https:\\\/\\\/www.infakt.pl\\\/blog\\\/#\\\/schema\\\/person\\\/e5ba42ab0127510490e31e1327cd26b9\",\"name\":\"Magda S\u0142awi\u0144ska-Rzemek\",\"image\":{\"@type\":\"ImageObject\",\"inLanguage\":\"pl-PL\",\"@id\":\"https:\\\/\\\/secure.gravatar.com\\\/avatar\\\/d559df2260779a892b878b9c3cafd5c785a62dd50a140a5ef545d9e0c2efa71d?s=96&d=mm&r=g\",\"url\":\"https:\\\/\\\/secure.gravatar.com\\\/avatar\\\/d559df2260779a892b878b9c3cafd5c785a62dd50a140a5ef545d9e0c2efa71d?s=96&d=mm&r=g\",\"contentUrl\":\"https:\\\/\\\/secure.gravatar.com\\\/avatar\\\/d559df2260779a892b878b9c3cafd5c785a62dd50a140a5ef545d9e0c2efa71d?s=96&d=mm&r=g\",\"caption\":\"Magda S\u0142awi\u0144ska-Rzemek\"},\"url\":\"https:\\\/\\\/www.infakt.pl\\\/blog\\\/author\\\/magda-slawinska-rzemek\\\/\"}]}<\/script>\n<!-- \/ Yoast SEO plugin. -->","yoast_head_json":{"title":"Sk\u0105d si\u0119 wzi\u0119\u0142a ksi\u0119gowo\u015b\u0107? - blog inFakt","description":"Czy ka\u017cdy wiecie sk\u0105d si\u0119 wzi\u0119\u0142a ksi\u0119gowo\u015b\u0107? Jak si\u0119 zmienia\u0142a na przestrzeni wiek\u00f3w? Zapraszam na ma\u0142\u0105 wycieczk\u0119 po historii ksi\u0119gowo\u015bci.","robots":{"index":"index","follow":"follow","max-snippet":"max-snippet:-1","max-image-preview":"max-image-preview:large","max-video-preview":"max-video-preview:-1"},"canonical":"https:\/\/www.infakt.pl\/blog\/skad-sie-wziela-ksiegowosc\/","og_locale":"pl_PL","og_type":"article","og_title":"Sk\u0105d si\u0119 wzi\u0119\u0142a ksi\u0119gowo\u015b\u0107? - blog inFakt","og_description":"Czy ka\u017cdy wiecie sk\u0105d si\u0119 wzi\u0119\u0142a ksi\u0119gowo\u015b\u0107? Jak si\u0119 zmienia\u0142a na przestrzeni wiek\u00f3w? Zapraszam na ma\u0142\u0105 wycieczk\u0119 po historii ksi\u0119gowo\u015bci.","og_url":"https:\/\/www.infakt.pl\/blog\/skad-sie-wziela-ksiegowosc\/","og_site_name":"Infakt Blog","article_published_time":"2018-03-23T08:34:45+00:00","og_image":[{"width":1200,"height":1200,"url":"https:\/\/www.infakt.pl\/blog\/wp-content\/uploads\/2022\/04\/OG-image-blog.png","type":"image\/png"}],"author":"Magda S\u0142awi\u0144ska-Rzemek","twitter_card":"summary_large_image","twitter_misc":{"Napisane przez":"Magda S\u0142awi\u0144ska-Rzemek","Szacowany czas czytania":"3 minuty"},"schema":{"@context":"https:\/\/schema.org","@graph":[{"@type":"Article","@id":"https:\/\/www.infakt.pl\/blog\/skad-sie-wziela-ksiegowosc\/#article","isPartOf":{"@id":"https:\/\/www.infakt.pl\/blog\/skad-sie-wziela-ksiegowosc\/"},"author":{"name":"Magda S\u0142awi\u0144ska-Rzemek","@id":"https:\/\/www.infakt.pl\/blog\/#\/schema\/person\/e5ba42ab0127510490e31e1327cd26b9"},"headline":"Sk\u0105d si\u0119 wzi\u0119\u0142a ksi\u0119gowo\u015b\u0107?","datePublished":"2018-03-23T08:34:45+00:00","mainEntityOfPage":{"@id":"https:\/\/www.infakt.pl\/blog\/skad-sie-wziela-ksiegowosc\/"},"wordCount":523,"commentCount":0,"image":{"@id":"https:\/\/www.infakt.pl\/blog\/skad-sie-wziela-ksiegowosc\/#primaryimage"},"thumbnailUrl":"","articleSection":["Jednoosobowa dzia\u0142alno\u015b\u0107"],"inLanguage":"pl-PL","potentialAction":[{"@type":"CommentAction","name":"Comment","target":["https:\/\/www.infakt.pl\/blog\/skad-sie-wziela-ksiegowosc\/#respond"]}]},{"@type":"WebPage","@id":"https:\/\/www.infakt.pl\/blog\/skad-sie-wziela-ksiegowosc\/","url":"https:\/\/www.infakt.pl\/blog\/skad-sie-wziela-ksiegowosc\/","name":"Sk\u0105d si\u0119 wzi\u0119\u0142a ksi\u0119gowo\u015b\u0107? - blog inFakt","isPartOf":{"@id":"https:\/\/www.infakt.pl\/blog\/#website"},"primaryImageOfPage":{"@id":"https:\/\/www.infakt.pl\/blog\/skad-sie-wziela-ksiegowosc\/#primaryimage"},"image":{"@id":"https:\/\/www.infakt.pl\/blog\/skad-sie-wziela-ksiegowosc\/#primaryimage"},"thumbnailUrl":"","datePublished":"2018-03-23T08:34:45+00:00","author":{"@id":"https:\/\/www.infakt.pl\/blog\/#\/schema\/person\/e5ba42ab0127510490e31e1327cd26b9"},"description":"Czy ka\u017cdy wiecie sk\u0105d si\u0119 wzi\u0119\u0142a ksi\u0119gowo\u015b\u0107? Jak si\u0119 zmienia\u0142a na przestrzeni wiek\u00f3w? Zapraszam na ma\u0142\u0105 wycieczk\u0119 po historii ksi\u0119gowo\u015bci.","breadcrumb":{"@id":"https:\/\/www.infakt.pl\/blog\/skad-sie-wziela-ksiegowosc\/#breadcrumb"},"inLanguage":"pl-PL","potentialAction":[{"@type":"ReadAction","target":["https:\/\/www.infakt.pl\/blog\/skad-sie-wziela-ksiegowosc\/"]}]},{"@type":"ImageObject","inLanguage":"pl-PL","@id":"https:\/\/www.infakt.pl\/blog\/skad-sie-wziela-ksiegowosc\/#primaryimage","url":"","contentUrl":""},{"@type":"BreadcrumbList","@id":"https:\/\/www.infakt.pl\/blog\/skad-sie-wziela-ksiegowosc\/#breadcrumb","itemListElement":[{"@type":"ListItem","position":1,"name":"Blog","item":"https:\/\/www.infakt.pl\/blog\/"},{"@type":"ListItem","position":2,"name":"Sk\u0105d si\u0119 wzi\u0119\u0142a ksi\u0119gowo\u015b\u0107?"}]},{"@type":"WebSite","@id":"https:\/\/www.infakt.pl\/blog\/#website","url":"https:\/\/www.infakt.pl\/blog\/","name":"Infakt Blog","description":"","potentialAction":[{"@type":"SearchAction","target":{"@type":"EntryPoint","urlTemplate":"https:\/\/www.infakt.pl\/blog\/?s={search_term_string}"},"query-input":{"@type":"PropertyValueSpecification","valueRequired":true,"valueName":"search_term_string"}}],"inLanguage":"pl-PL"},{"@type":"Person","@id":"https:\/\/www.infakt.pl\/blog\/#\/schema\/person\/e5ba42ab0127510490e31e1327cd26b9","name":"Magda S\u0142awi\u0144ska-Rzemek","image":{"@type":"ImageObject","inLanguage":"pl-PL","@id":"https:\/\/secure.gravatar.com\/avatar\/d559df2260779a892b878b9c3cafd5c785a62dd50a140a5ef545d9e0c2efa71d?s=96&d=mm&r=g","url":"https:\/\/secure.gravatar.com\/avatar\/d559df2260779a892b878b9c3cafd5c785a62dd50a140a5ef545d9e0c2efa71d?s=96&d=mm&r=g","contentUrl":"https:\/\/secure.gravatar.com\/avatar\/d559df2260779a892b878b9c3cafd5c785a62dd50a140a5ef545d9e0c2efa71d?s=96&d=mm&r=g","caption":"Magda S\u0142awi\u0144ska-Rzemek"},"url":"https:\/\/www.infakt.pl\/blog\/author\/magda-slawinska-rzemek\/"}]}},"_links":{"self":[{"href":"https:\/\/www.infakt.pl\/blog\/wp-json\/wp\/v2\/posts\/49887","targetHints":{"allow":["GET"]}}],"collection":[{"href":"https:\/\/www.infakt.pl\/blog\/wp-json\/wp\/v2\/posts"}],"about":[{"href":"https:\/\/www.infakt.pl\/blog\/wp-json\/wp\/v2\/types\/post"}],"author":[{"embeddable":true,"href":"https:\/\/www.infakt.pl\/blog\/wp-json\/wp\/v2\/users\/109"}],"replies":[{"embeddable":true,"href":"https:\/\/www.infakt.pl\/blog\/wp-json\/wp\/v2\/comments?post=49887"}],"version-history":[{"count":0,"href":"https:\/\/www.infakt.pl\/blog\/wp-json\/wp\/v2\/posts\/49887\/revisions"}],"wp:featuredmedia":[{"embeddable":true,"href":"https:\/\/www.infakt.pl\/blog\/wp-json\/"}],"wp:attachment":[{"href":"https:\/\/www.infakt.pl\/blog\/wp-json\/wp\/v2\/media?parent=49887"}],"wp:term":[{"taxonomy":"category","embeddable":true,"href":"https:\/\/www.infakt.pl\/blog\/wp-json\/wp\/v2\/categories?post=49887"},{"taxonomy":"post_tag","embeddable":true,"href":"https:\/\/www.infakt.pl\/blog\/wp-json\/wp\/v2\/tags?post=49887"}],"curies":[{"name":"wp","href":"https:\/\/api.w.org\/{rel}","templated":true}]}}