{"id":49428,"date":"2017-02-06T08:20:47","date_gmt":"2017-02-06T07:20:47","guid":{"rendered":"https:\/\/www.infakt.pl\/blog\/?p=3754"},"modified":"2024-10-08T11:43:08","modified_gmt":"2024-10-08T09:43:08","slug":"krajowa-administracja-skarbowa","status":"publish","type":"post","link":"https:\/\/www.infakt.pl\/blog\/krajowa-administracja-skarbowa\/","title":{"rendered":"Krajowa Administracja Skarbowa"},"content":{"rendered":"<p style=\"text-align: left;\">Krajowa Administracja Skarbowa (KAS) to po\u0142\u0105czenie administracji podatkowej, kontroli skarbowej i S\u0142u\u017cby Celnej. Instytucja ta b\u0119dzie obowi\u0105zywa\u0107 od 1 marca 2017.<\/p>\r\n<p style=\"text-align: left;\"><!--more--><\/p>\r\n<p style=\"text-align: left;\">Jednostka ta zosta\u0142a powo\u0142ana na podstawie <a href=\"http:\/\/www.sejm.gov.pl\/sejm8.nsf\/PrzebiegProc.xsp?nr=826\">ustawy z dnia 16 listopada 2016 r. o Krajowej Administracji Skarbowej<\/a>\u00a0i tworzy\u0107 b\u0119dzie nast\u0119puj\u0105ce jednostki organizacyjne:<\/p>\r\n<ul style=\"text-align: left;\">\r\n\t<li style=\"text-align: justify;\">16 izb administracji skarbowej,<\/li>\r\n\t<li style=\"text-align: justify;\">400 urz\u0119d\u00f3w skarbowych,<\/li>\r\n\t<li style=\"text-align: justify;\">16 urz\u0119d\u00f3w celno-skarbowych,<\/li>\r\n\t<li style=\"text-align: justify;\">45 delegatur,<\/li>\r\n\t<li style=\"text-align: justify;\">143 oddzia\u0142y celne<\/li>\r\n<\/ul>\r\n<p style=\"text-align: left;\"><a href=\"https:\/\/www.infakt.pl\/blog\/wp-content\/uploads\/2017\/02\/KAS-teren-1.jpg\" rel=\"attachment wp-att-3771\"><img decoding=\"async\" loading=\"lazy\"   class=\"alignnone size-full wp-image-3771\" src=\"https:\/\/www.infakt.pl\/blog\/wp-content\/uploads\/2017\/02\/KAS-teren-1.jpg\" alt=\"KAS- teren\" width=\"872\" height=\"571\" \/><\/a><\/p>\r\n<p style=\"text-align: left;\">Jak wskazano w akcie prawnym, KAS stanowi\u0107 b\u0119dzie wyspecjalizowan\u0105 administracj\u0119 rz\u0105dow\u0105 wykonuj\u0105c\u0105 zadania z zakresu realizacji dochod\u00f3w z tytu\u0142u podatk\u00f3w, nale\u017cno\u015bci celnych, op\u0142at oraz niepodatkowych nale\u017cno\u015bci bud\u017cetowych, ochrony interes\u00f3w Skarbu Pa\u0144stwa oraz ochrony obszaru celnego Unii Europejskiej, a tak\u017ce zapewniaj\u0105c\u0105 obs\u0142ug\u0119 i wsparcie podatnika i p\u0142atnika w prawid\u0142owym wykonywaniu obowi\u0105zk\u00f3w podatkowych oraz obs\u0142ug\u0119 i wsparcie przedsi\u0119biorcy w prawid\u0142owym wykonywaniu obowi\u0105zk\u00f3w celnych.<\/p>\r\n<p style=\"text-align: left;\">Resort Finans\u00f3w w g\u0142\u00f3wnej mierze, chce skupi\u0107 si\u0119 na :<\/p>\r\n<ul style=\"text-align: left;\">\r\n\t<li style=\"text-align: justify;\">obs\u0142udze du\u017cych podatnik\u00f3w,<\/li>\r\n\t<li style=\"text-align: justify;\">przekazywaniu jednolitych informacji podatkowych i celnych (powstanie og\u00f3lnopolska Krajowa Informacja Skarbowa, kt\u00f3ra zapewni jednolite indywidualne interpretacje przepis\u00f3w prawa podatkowego oraz informacj\u0119 podatkow\u0105 i celn\u0105, dost\u0119pn\u0105 przez telefon 801 055 055 lub 22 330 03 30),<\/li>\r\n\t<li style=\"text-align: justify;\">zapobieganiu przest\u0119pczo\u015bci m.in. wy\u0142udzeniach VAT-u.<\/li>\r\n<\/ul>\r\n<p style=\"text-align: left;\"><strong>W ramach KAS\u00a0bezpo\u015brednia obs\u0142uga podatnik\u00f3w nadal b\u0119dzie odbywa\u0107 si\u0119 w urz\u0119dach skarbowych, kt\u00f3re pozostan\u0105 w dotychczasowej lokalizacji.<\/strong><\/p>\r\n<p style=\"text-align: left;\">Ministerstwo Finans\u00f3w podkre\u015bli\u0142o fakt tego, \u017ce dyrektor izby administracji skarbowej b\u0119dzie organem odwo\u0142awczym w sprawach, kt\u00f3re nale\u017c\u0105 w pierwszej instancji do naczelnik\u00f3w urz\u0119d\u00f3w skarbowych lub naczelnika urz\u0119du celno-skarbowego. Wyj\u0105tek b\u0119d\u0105 stanowi\u0142y decyzje podatkowe wydawane przez naczelnika urz\u0119du celno-skarbowego w nast\u0119pstwie stwierdzenia nieprawid\u0142owo\u015bci w przestrzeganiu przepis\u00f3w prawa podatkowego, w ramach przeprowadzonej kontroli celno-skarbowej. W tym przypadku organem odwo\u0142awczym b\u0119dzie ten sam naczelnik urz\u0119du celno-skarbowego. Natomiast naczelnik urz\u0119du celno-skarbowego przejmie zadania dyrektora urz\u0119du kontroli skarbowej i dyrektora izby celnej. B\u0119dzie odpowiedzialny m.in. za kontrol\u0119 celno-skarbow\u0105, audyt czy prowadzenie walki z przest\u0119pczo\u015bci\u0105 ekonomiczn\u0105.<\/p>\r\n<p style=\"text-align: left;\"><a href=\"https:\/\/www.infakt.pl\/blog\/wp-content\/uploads\/2017\/02\/jednostki.jpg\" rel=\"attachment wp-att-3759\"><img decoding=\"async\" loading=\"lazy\"   class=\"alignnone size-full wp-image-3759\" src=\"https:\/\/www.infakt.pl\/blog\/wp-content\/uploads\/2017\/02\/jednostki.jpg\" alt=\"jednostki\" width=\"726\" height=\"547\" \/><\/a><\/p>\r\n<p style=\"text-align: left;\">Ministerstwo wskazuje na potrzeb\u0119 tej zmiany. Argumentuje j\u0105 tym, \u017ce do tej pory zadania by\u0142y rozproszone i cz\u0119sto powielane przez jednostki. Wyst\u0119powa\u0142y trudno\u015bci w poborze podatk\u00f3w i ce\u0142, co uniemo\u017cliwia\u0142o sp\u00f3jne i skuteczne wykonywanie tych zada\u0144.<\/p>","protected":false},"excerpt":{"rendered":"<p>Krajowa Administracja Skarbowa (KAS) to po\u0142\u0105czenie administracji podatkowej, kontroli skarbowej i S\u0142u\u017cby Celnej. Instytucja ta b\u0119dzie obowi\u0105zywa\u0107 od 1 marca 2017.<\/p>\n","protected":false},"author":53,"featured_media":0,"comment_status":"open","ping_status":"open","sticky":false,"template":"","format":"standard","meta":{"_acf_changed":false,"footnotes":""},"categories":[2054],"tags":[],"class_list":["post-49428","post","type-post","status-publish","format-standard","hentry","category-jednoosobowa-dzialalnosc"],"acf":[],"yoast_head":"<!-- This site is optimized with the Yoast SEO plugin v27.4 - https:\/\/yoast.com\/product\/yoast-seo-wordpress\/ -->\n<title>Krajowa Administracja Skarbowa - czym si\u0119 zajmuje, jak\u0105 ma struktur\u0119?<\/title>\n<meta name=\"robots\" content=\"index, follow, max-snippet:-1, max-image-preview:large, max-video-preview:-1\" \/>\n<link rel=\"canonical\" href=\"https:\/\/www.infakt.pl\/blog\/krajowa-administracja-skarbowa\/\" \/>\n<meta property=\"og:locale\" content=\"pl_PL\" \/>\n<meta property=\"og:type\" content=\"article\" \/>\n<meta property=\"og:title\" content=\"Krajowa Administracja Skarbowa - czym si\u0119 zajmuje, jak\u0105 ma struktur\u0119?\" \/>\n<meta property=\"og:description\" content=\"Krajowa Administracja Skarbowa (KAS) to po\u0142\u0105czenie administracji podatkowej, kontroli skarbowej i S\u0142u\u017cby Celnej. Instytucja ta b\u0119dzie obowi\u0105zywa\u0107 od 1 marca 2017.\" \/>\n<meta property=\"og:url\" content=\"https:\/\/www.infakt.pl\/blog\/krajowa-administracja-skarbowa\/\" \/>\n<meta property=\"og:site_name\" content=\"Infakt Blog\" \/>\n<meta property=\"article:published_time\" content=\"2017-02-06T07:20:47+00:00\" \/>\n<meta property=\"article:modified_time\" content=\"2024-10-08T09:43:08+00:00\" \/>\n<meta property=\"og:image\" content=\"https:\/\/www.infakt.pl\/blog\/wp-content\/uploads\/2017\/02\/KAS-teren-1.jpg\" \/>\n<meta name=\"author\" content=\"Aneta Socha-Jaworska\" \/>\n<meta name=\"twitter:card\" content=\"summary_large_image\" \/>\n<meta name=\"twitter:label1\" content=\"Napisane przez\" \/>\n\t<meta name=\"twitter:data1\" content=\"Aneta Socha-Jaworska\" \/>\n\t<meta name=\"twitter:label2\" content=\"Szacowany czas czytania\" \/>\n\t<meta name=\"twitter:data2\" content=\"2 minuty\" \/>\n<script type=\"application\/ld+json\" class=\"yoast-schema-graph\">{\"@context\":\"https:\\\/\\\/schema.org\",\"@graph\":[{\"@type\":\"Article\",\"@id\":\"https:\\\/\\\/www.infakt.pl\\\/blog\\\/krajowa-administracja-skarbowa\\\/#article\",\"isPartOf\":{\"@id\":\"https:\\\/\\\/www.infakt.pl\\\/blog\\\/krajowa-administracja-skarbowa\\\/\"},\"author\":{\"name\":\"Aneta Socha-Jaworska\",\"@id\":\"https:\\\/\\\/www.infakt.pl\\\/blog\\\/#\\\/schema\\\/person\\\/a9d0bb46d6bacccb2ea6fe6044972be5\"},\"headline\":\"Krajowa Administracja Skarbowa\",\"datePublished\":\"2017-02-06T07:20:47+00:00\",\"dateModified\":\"2024-10-08T09:43:08+00:00\",\"mainEntityOfPage\":{\"@id\":\"https:\\\/\\\/www.infakt.pl\\\/blog\\\/krajowa-administracja-skarbowa\\\/\"},\"wordCount\":399,\"commentCount\":0,\"image\":{\"@id\":\"https:\\\/\\\/www.infakt.pl\\\/blog\\\/krajowa-administracja-skarbowa\\\/#primaryimage\"},\"thumbnailUrl\":\"https:\\\/\\\/www.infakt.pl\\\/blog\\\/wp-content\\\/uploads\\\/2017\\\/02\\\/KAS-teren-1.jpg\",\"articleSection\":[\"Jednoosobowa dzia\u0142alno\u015b\u0107\"],\"inLanguage\":\"pl-PL\",\"potentialAction\":[{\"@type\":\"CommentAction\",\"name\":\"Comment\",\"target\":[\"https:\\\/\\\/www.infakt.pl\\\/blog\\\/krajowa-administracja-skarbowa\\\/#respond\"]}]},{\"@type\":\"WebPage\",\"@id\":\"https:\\\/\\\/www.infakt.pl\\\/blog\\\/krajowa-administracja-skarbowa\\\/\",\"url\":\"https:\\\/\\\/www.infakt.pl\\\/blog\\\/krajowa-administracja-skarbowa\\\/\",\"name\":\"Krajowa Administracja Skarbowa - czym si\u0119 zajmuje, jak\u0105 ma struktur\u0119?\",\"isPartOf\":{\"@id\":\"https:\\\/\\\/www.infakt.pl\\\/blog\\\/#website\"},\"primaryImageOfPage\":{\"@id\":\"https:\\\/\\\/www.infakt.pl\\\/blog\\\/krajowa-administracja-skarbowa\\\/#primaryimage\"},\"image\":{\"@id\":\"https:\\\/\\\/www.infakt.pl\\\/blog\\\/krajowa-administracja-skarbowa\\\/#primaryimage\"},\"thumbnailUrl\":\"https:\\\/\\\/www.infakt.pl\\\/blog\\\/wp-content\\\/uploads\\\/2017\\\/02\\\/KAS-teren-1.jpg\",\"datePublished\":\"2017-02-06T07:20:47+00:00\",\"dateModified\":\"2024-10-08T09:43:08+00:00\",\"author\":{\"@id\":\"https:\\\/\\\/www.infakt.pl\\\/blog\\\/#\\\/schema\\\/person\\\/a9d0bb46d6bacccb2ea6fe6044972be5\"},\"breadcrumb\":{\"@id\":\"https:\\\/\\\/www.infakt.pl\\\/blog\\\/krajowa-administracja-skarbowa\\\/#breadcrumb\"},\"inLanguage\":\"pl-PL\",\"potentialAction\":[{\"@type\":\"ReadAction\",\"target\":[\"https:\\\/\\\/www.infakt.pl\\\/blog\\\/krajowa-administracja-skarbowa\\\/\"]}]},{\"@type\":\"ImageObject\",\"inLanguage\":\"pl-PL\",\"@id\":\"https:\\\/\\\/www.infakt.pl\\\/blog\\\/krajowa-administracja-skarbowa\\\/#primaryimage\",\"url\":\"https:\\\/\\\/www.infakt.pl\\\/blog\\\/wp-content\\\/uploads\\\/2017\\\/02\\\/KAS-teren-1.jpg\",\"contentUrl\":\"https:\\\/\\\/www.infakt.pl\\\/blog\\\/wp-content\\\/uploads\\\/2017\\\/02\\\/KAS-teren-1.jpg\"},{\"@type\":\"BreadcrumbList\",\"@id\":\"https:\\\/\\\/www.infakt.pl\\\/blog\\\/krajowa-administracja-skarbowa\\\/#breadcrumb\",\"itemListElement\":[{\"@type\":\"ListItem\",\"position\":1,\"name\":\"Blog\",\"item\":\"https:\\\/\\\/www.infakt.pl\\\/blog\\\/\"},{\"@type\":\"ListItem\",\"position\":2,\"name\":\"Jednoosobowa dzia\u0142alno\u015b\u0107\",\"item\":\"https:\\\/\\\/www.infakt.pl\\\/blog\\\/kategoria\\\/jednoosobowa-dzialalnosc\\\/\"},{\"@type\":\"ListItem\",\"position\":3,\"name\":\"Krajowa Administracja Skarbowa\"}]},{\"@type\":\"WebSite\",\"@id\":\"https:\\\/\\\/www.infakt.pl\\\/blog\\\/#website\",\"url\":\"https:\\\/\\\/www.infakt.pl\\\/blog\\\/\",\"name\":\"Infakt Blog\",\"description\":\"\",\"potentialAction\":[{\"@type\":\"SearchAction\",\"target\":{\"@type\":\"EntryPoint\",\"urlTemplate\":\"https:\\\/\\\/www.infakt.pl\\\/blog\\\/?s={search_term_string}\"},\"query-input\":{\"@type\":\"PropertyValueSpecification\",\"valueRequired\":true,\"valueName\":\"search_term_string\"}}],\"inLanguage\":\"pl-PL\"},{\"@type\":\"Person\",\"@id\":\"https:\\\/\\\/www.infakt.pl\\\/blog\\\/#\\\/schema\\\/person\\\/a9d0bb46d6bacccb2ea6fe6044972be5\",\"name\":\"Aneta Socha-Jaworska\",\"image\":{\"@type\":\"ImageObject\",\"inLanguage\":\"pl-PL\",\"@id\":\"https:\\\/\\\/secure.gravatar.com\\\/avatar\\\/6c77be06f5b8686cd2183cc63902a5142060ce5d1750f0349bfae2e483b6be40?s=96&d=mm&r=g\",\"url\":\"https:\\\/\\\/secure.gravatar.com\\\/avatar\\\/6c77be06f5b8686cd2183cc63902a5142060ce5d1750f0349bfae2e483b6be40?s=96&d=mm&r=g\",\"contentUrl\":\"https:\\\/\\\/secure.gravatar.com\\\/avatar\\\/6c77be06f5b8686cd2183cc63902a5142060ce5d1750f0349bfae2e483b6be40?s=96&d=mm&r=g\",\"caption\":\"Aneta Socha-Jaworska\"},\"description\":\"Matematyk, kt\u00f3ry zajmuje si\u0119 ksi\u0119gowo\u015bci\u0105 i kadrami. Obecnie rozwiewa w\u0105tpliwo\u015bci ksi\u0119gowych i przedsi\u0119biorc\u00f3w na szkoleniach, webinarach i artyku\u0142ach na blogach inFakt. W przyst\u0119pny spos\u00f3b opisuje trudne przypadki, kt\u00f3re zna z w\u0142asnej praktyki.\",\"url\":\"https:\\\/\\\/www.infakt.pl\\\/blog\\\/author\\\/aneta-socha\\\/\"}]}<\/script>\n<!-- \/ Yoast SEO plugin. -->","yoast_head_json":{"title":"Krajowa Administracja Skarbowa - czym si\u0119 zajmuje, jak\u0105 ma struktur\u0119?","robots":{"index":"index","follow":"follow","max-snippet":"max-snippet:-1","max-image-preview":"max-image-preview:large","max-video-preview":"max-video-preview:-1"},"canonical":"https:\/\/www.infakt.pl\/blog\/krajowa-administracja-skarbowa\/","og_locale":"pl_PL","og_type":"article","og_title":"Krajowa Administracja Skarbowa - czym si\u0119 zajmuje, jak\u0105 ma struktur\u0119?","og_description":"Krajowa Administracja Skarbowa (KAS) to po\u0142\u0105czenie administracji podatkowej, kontroli skarbowej i S\u0142u\u017cby Celnej. Instytucja ta b\u0119dzie obowi\u0105zywa\u0107 od 1 marca 2017.","og_url":"https:\/\/www.infakt.pl\/blog\/krajowa-administracja-skarbowa\/","og_site_name":"Infakt Blog","article_published_time":"2017-02-06T07:20:47+00:00","article_modified_time":"2024-10-08T09:43:08+00:00","og_image":[{"url":"https:\/\/www.infakt.pl\/blog\/wp-content\/uploads\/2017\/02\/KAS-teren-1.jpg","type":"","width":"","height":""}],"author":"Aneta Socha-Jaworska","twitter_card":"summary_large_image","twitter_misc":{"Napisane przez":"Aneta Socha-Jaworska","Szacowany czas czytania":"2 minuty"},"schema":{"@context":"https:\/\/schema.org","@graph":[{"@type":"Article","@id":"https:\/\/www.infakt.pl\/blog\/krajowa-administracja-skarbowa\/#article","isPartOf":{"@id":"https:\/\/www.infakt.pl\/blog\/krajowa-administracja-skarbowa\/"},"author":{"name":"Aneta Socha-Jaworska","@id":"https:\/\/www.infakt.pl\/blog\/#\/schema\/person\/a9d0bb46d6bacccb2ea6fe6044972be5"},"headline":"Krajowa Administracja Skarbowa","datePublished":"2017-02-06T07:20:47+00:00","dateModified":"2024-10-08T09:43:08+00:00","mainEntityOfPage":{"@id":"https:\/\/www.infakt.pl\/blog\/krajowa-administracja-skarbowa\/"},"wordCount":399,"commentCount":0,"image":{"@id":"https:\/\/www.infakt.pl\/blog\/krajowa-administracja-skarbowa\/#primaryimage"},"thumbnailUrl":"https:\/\/www.infakt.pl\/blog\/wp-content\/uploads\/2017\/02\/KAS-teren-1.jpg","articleSection":["Jednoosobowa dzia\u0142alno\u015b\u0107"],"inLanguage":"pl-PL","potentialAction":[{"@type":"CommentAction","name":"Comment","target":["https:\/\/www.infakt.pl\/blog\/krajowa-administracja-skarbowa\/#respond"]}]},{"@type":"WebPage","@id":"https:\/\/www.infakt.pl\/blog\/krajowa-administracja-skarbowa\/","url":"https:\/\/www.infakt.pl\/blog\/krajowa-administracja-skarbowa\/","name":"Krajowa Administracja Skarbowa - czym si\u0119 zajmuje, jak\u0105 ma struktur\u0119?","isPartOf":{"@id":"https:\/\/www.infakt.pl\/blog\/#website"},"primaryImageOfPage":{"@id":"https:\/\/www.infakt.pl\/blog\/krajowa-administracja-skarbowa\/#primaryimage"},"image":{"@id":"https:\/\/www.infakt.pl\/blog\/krajowa-administracja-skarbowa\/#primaryimage"},"thumbnailUrl":"https:\/\/www.infakt.pl\/blog\/wp-content\/uploads\/2017\/02\/KAS-teren-1.jpg","datePublished":"2017-02-06T07:20:47+00:00","dateModified":"2024-10-08T09:43:08+00:00","author":{"@id":"https:\/\/www.infakt.pl\/blog\/#\/schema\/person\/a9d0bb46d6bacccb2ea6fe6044972be5"},"breadcrumb":{"@id":"https:\/\/www.infakt.pl\/blog\/krajowa-administracja-skarbowa\/#breadcrumb"},"inLanguage":"pl-PL","potentialAction":[{"@type":"ReadAction","target":["https:\/\/www.infakt.pl\/blog\/krajowa-administracja-skarbowa\/"]}]},{"@type":"ImageObject","inLanguage":"pl-PL","@id":"https:\/\/www.infakt.pl\/blog\/krajowa-administracja-skarbowa\/#primaryimage","url":"https:\/\/www.infakt.pl\/blog\/wp-content\/uploads\/2017\/02\/KAS-teren-1.jpg","contentUrl":"https:\/\/www.infakt.pl\/blog\/wp-content\/uploads\/2017\/02\/KAS-teren-1.jpg"},{"@type":"BreadcrumbList","@id":"https:\/\/www.infakt.pl\/blog\/krajowa-administracja-skarbowa\/#breadcrumb","itemListElement":[{"@type":"ListItem","position":1,"name":"Blog","item":"https:\/\/www.infakt.pl\/blog\/"},{"@type":"ListItem","position":2,"name":"Jednoosobowa dzia\u0142alno\u015b\u0107","item":"https:\/\/www.infakt.pl\/blog\/kategoria\/jednoosobowa-dzialalnosc\/"},{"@type":"ListItem","position":3,"name":"Krajowa Administracja Skarbowa"}]},{"@type":"WebSite","@id":"https:\/\/www.infakt.pl\/blog\/#website","url":"https:\/\/www.infakt.pl\/blog\/","name":"Infakt Blog","description":"","potentialAction":[{"@type":"SearchAction","target":{"@type":"EntryPoint","urlTemplate":"https:\/\/www.infakt.pl\/blog\/?s={search_term_string}"},"query-input":{"@type":"PropertyValueSpecification","valueRequired":true,"valueName":"search_term_string"}}],"inLanguage":"pl-PL"},{"@type":"Person","@id":"https:\/\/www.infakt.pl\/blog\/#\/schema\/person\/a9d0bb46d6bacccb2ea6fe6044972be5","name":"Aneta Socha-Jaworska","image":{"@type":"ImageObject","inLanguage":"pl-PL","@id":"https:\/\/secure.gravatar.com\/avatar\/6c77be06f5b8686cd2183cc63902a5142060ce5d1750f0349bfae2e483b6be40?s=96&d=mm&r=g","url":"https:\/\/secure.gravatar.com\/avatar\/6c77be06f5b8686cd2183cc63902a5142060ce5d1750f0349bfae2e483b6be40?s=96&d=mm&r=g","contentUrl":"https:\/\/secure.gravatar.com\/avatar\/6c77be06f5b8686cd2183cc63902a5142060ce5d1750f0349bfae2e483b6be40?s=96&d=mm&r=g","caption":"Aneta Socha-Jaworska"},"description":"Matematyk, kt\u00f3ry zajmuje si\u0119 ksi\u0119gowo\u015bci\u0105 i kadrami. Obecnie rozwiewa w\u0105tpliwo\u015bci ksi\u0119gowych i przedsi\u0119biorc\u00f3w na szkoleniach, webinarach i artyku\u0142ach na blogach inFakt. W przyst\u0119pny spos\u00f3b opisuje trudne przypadki, kt\u00f3re zna z w\u0142asnej praktyki.","url":"https:\/\/www.infakt.pl\/blog\/author\/aneta-socha\/"}]}},"_links":{"self":[{"href":"https:\/\/www.infakt.pl\/blog\/wp-json\/wp\/v2\/posts\/49428","targetHints":{"allow":["GET"]}}],"collection":[{"href":"https:\/\/www.infakt.pl\/blog\/wp-json\/wp\/v2\/posts"}],"about":[{"href":"https:\/\/www.infakt.pl\/blog\/wp-json\/wp\/v2\/types\/post"}],"author":[{"embeddable":true,"href":"https:\/\/www.infakt.pl\/blog\/wp-json\/wp\/v2\/users\/53"}],"replies":[{"embeddable":true,"href":"https:\/\/www.infakt.pl\/blog\/wp-json\/wp\/v2\/comments?post=49428"}],"version-history":[{"count":1,"href":"https:\/\/www.infakt.pl\/blog\/wp-json\/wp\/v2\/posts\/49428\/revisions"}],"predecessor-version":[{"id":76522,"href":"https:\/\/www.infakt.pl\/blog\/wp-json\/wp\/v2\/posts\/49428\/revisions\/76522"}],"wp:attachment":[{"href":"https:\/\/www.infakt.pl\/blog\/wp-json\/wp\/v2\/media?parent=49428"}],"wp:term":[{"taxonomy":"category","embeddable":true,"href":"https:\/\/www.infakt.pl\/blog\/wp-json\/wp\/v2\/categories?post=49428"},{"taxonomy":"post_tag","embeddable":true,"href":"https:\/\/www.infakt.pl\/blog\/wp-json\/wp\/v2\/tags?post=49428"}],"curies":[{"name":"wp","href":"https:\/\/api.w.org\/{rel}","templated":true}]}}