{"id":49213,"date":"2022-05-12T17:14:52","date_gmt":"2022-05-12T15:14:52","guid":{"rendered":"https:\/\/www.infakt.pl\/blog\/?p=49213"},"modified":"2025-02-28T11:08:28","modified_gmt":"2025-02-28T10:08:28","slug":"sejm-przeglosowal-ustawe-o-nizszych-podatkach-kiedy-wejdzie-w-zycie","status":"publish","type":"post","link":"https:\/\/www.infakt.pl\/blog\/sejm-przeglosowal-ustawe-o-nizszych-podatkach-kiedy-wejdzie-w-zycie\/","title":{"rendered":"Ni\u017csze podatki. Sejm przeg\u0142osowa\u0142 nowelizacj\u0119 Polskiego \u0141adu"},"content":{"rendered":"\n<p>Ni\u017csze podatki &#8211; ustawa promowana takim has\u0142em zosta\u0142a w\u0142a\u015bnie przyj\u0119ta przez Sejm. Jej wprowadzenie oznacza obni\u017cenie stawki podatku dochodowego do 12%, likwidacj\u0119 ulgi dla klasy \u015bredniej i rozliczenie sk\u0142adki zdrowotnej w kosztach dzia\u0142alno\u015bci.<\/p>\n\n\n\n      <div class=\"a-d-box-div c-1\"> <!-- add div to fix display in widget -->\n      <a class=\"a-d-box c-1 \" href=\"\/kalkulatory\/zmiany-podatkowe\/\" target=\"_blank\" rel=\"noreferrer noopener\" data-category=\"Blog\" data-action=\"Sidebar\" data-label=\"getLink\">\n        <div class=\"inner-box\">\n          <div class=\"img-box main\"><img decoding=\"async\" class=\"\" sizes=\"auto, (max-width: 1280px) 100vw,\" loading=\"lazy\" alt=\"\"\n\t\t\t\twidth=\"1280\" height=\"720\" src=\"https:\/\/www.infakt.pl\/blog\/wp-content\/uploads\/2021\/10\/PolskiLad-Kalkulator-Copy-2.png\"\n\t\t\t\tsrcset=\"https:\/\/www.infakt.pl\/blog\/wp-content\/uploads\/2021\/10\/PolskiLad-Kalkulator-Copy-2.png 1x, https:\/\/www.infakt.pl\/blog\/wp-content\/uploads\/2021\/10\/PolskiLad-Kalkulator-Copy-2.png 2x,\"><\/div><span class=\"title\">Kalkulator zmian podatkowych<\/span><div class=\"btn-box\"><span class=\"button small\">Sprawd\u017a<\/span><\/div>        <\/div>\n      <\/a>\n    <\/div>\n    \n\n\n\n<h2 class=\"wp-block-heading\" id=\"12-na-skali\">Ni\u017csze podatki &#8211; 12% na skali podatkowej<\/h2>\n\n\n\n<p>Najwi\u0119cej zmian dotyczy skali podatkowej (czyli opodatkowania na zasadach og\u00f3lnych). Nie zmieni si\u0119 podwy\u017cszony pierwszy pr\u00f3g (120 tys. z\u0142) oraz wy\u017csza kwota wolna od podatku (30 tys. z\u0142). <strong>Podatnicy mog\u0105 natomiast liczy\u0107 na obni\u017cenie podatku z 17% do 12%<\/strong> i przywr\u00f3cenie rozliczenia dla os\u00f3b samotnie wychowuj\u0105cych dzieci. Przeg\u0142osowane zmiany dotycz\u0105 wszystkich, niezale\u017cnie od \u017ar\u00f3d\u0142a przychodu:<\/p>\n\n\n\n<ul class=\"wp-block-list\">\n<li><strong>pracownik\u00f3w<\/strong> zatrudnionych w oparciu o <strong><a href=\"https:\/\/www.infakt.pl\/blog\/umowa-o-prace-o-dzielo-zlecenie-jakie-skladki-zus-nalezy-placic-na-poszczegolne-umowy\/\">umow\u0119 o prac\u0119, umow\u0119 o dzie\u0142o, umow\u0119 zlecenie<\/a><\/strong>, os\u00f3b pobieraj\u0105cych emerytur\u0119, a tak\u017ce wszystkich os\u00f3b korzystaj\u0105cych ze skali podatkowej<\/li>\n\n\n\n<li><strong>przedsi\u0119biorc\u00f3w <\/strong>prowadz\u0105cych dzia\u0142alno\u015b\u0107 gospodarcz\u0105 rozliczaj\u0105cych si\u0119 <strong><a href=\"https:\/\/www.infakt.pl\/blog\/skala-podatkowa-2022-ile-zaplacisz-w-nowej-skali-podatkowej\/\">na zasadach og\u00f3lnych<\/a> <\/strong>(skali podatkowej lub progresji)<\/li>\n<\/ul>\n\n\n\n<p><strong>Nie jest wymagane spe\u0142nienie \u017cadnych dodatkowych<\/strong> <strong>warunk\u00f3w<\/strong>, a zmiany obejm\u0105 wszystkich, korzystaj\u0105cych ze skali podatkowej.<\/p>\n\n\n\n<figure class=\"wp-block-image size-full\"><img decoding=\"async\" loading=\"lazy\" width=\"1024\" height=\"926\"  src=\"https:\/\/www.infakt.pl\/blog\/wp-content\/uploads\/2022\/06\/Tabela-5-skala-podatkowa-1-lipca.png\" alt=\"\" class=\"wp-image-53000\" srcset=\"https:\/\/www.infakt.pl\/blog\/wp-content\/uploads\/2022\/06\/Tabela-5-skala-podatkowa-1-lipca.png 1024w, https:\/\/www.infakt.pl\/blog\/wp-content\/uploads\/2022\/06\/Tabela-5-skala-podatkowa-1-lipca-300x271.png 300w, https:\/\/www.infakt.pl\/blog\/wp-content\/uploads\/2022\/06\/Tabela-5-skala-podatkowa-1-lipca-760x687.png 760w, https:\/\/www.infakt.pl\/blog\/wp-content\/uploads\/2022\/06\/Tabela-5-skala-podatkowa-1-lipca-610x552.png 610w, https:\/\/www.infakt.pl\/blog\/wp-content\/uploads\/2022\/06\/Tabela-5-skala-podatkowa-1-lipca-380x344.png 380w, https:\/\/www.infakt.pl\/blog\/wp-content\/uploads\/2022\/06\/Tabela-5-skala-podatkowa-1-lipca-196x177.png 196w, https:\/\/www.infakt.pl\/blog\/wp-content\/uploads\/2022\/06\/Tabela-5-skala-podatkowa-1-lipca-980x886.png 980w, https:\/\/www.infakt.pl\/blog\/wp-content\/uploads\/2022\/06\/Tabela-5-skala-podatkowa-1-lipca-500x452.png 500w, https:\/\/www.infakt.pl\/blog\/wp-content\/uploads\/2022\/06\/Tabela-5-skala-podatkowa-1-lipca-250x226.png 250w\" sizes=\"auto, (max-width: 1024px) 100vw, 1024px\" \/><\/figure>\n\n\n\n<h3 class=\"wp-block-heading\" id=\"likwidacja-ulgi-dla-klasy-sredniej\">Likwidacja ulgi dla klasy \u015bredniej<\/h3>\n\n\n\n<p>Zlikwidowana zosta\u0142a <a href=\"https:\/\/www.infakt.pl\/blog\/przedsiebiorcy-beda-mieli-problem-z-ulga-dla-klasy-sredniej\/\">ulga dla klasy \u015bredniej, kt\u00f3r\u0105 sam Rz\u0105d okre\u015bli\u0142 jako skomplikowan\u0105<\/a>. Zyskamy dzi\u0119ki temu uproszczenie systemu podatkowego. Zobaczmy to na przyk\u0142adzie:<\/p>\n\n\n\n<p><strong>Podatnicy w pierwszym progu podatkowym, do kwoty dochodu 120 000 z\u0142 zap\u0142ac\u0105 podatek 12% <\/strong>zamiast obecnych 17%. Jednocze\u015bnie kwota wolna od opodatkowania pozostanie na poziomie 30 000 z\u0142. Opodatkowaniu przy pierwszym <a href=\"https:\/\/www.infakt.pl\/progi-podatkowe\/\">progu podatkowym<\/a> podlega zatem 90 000 z\u0142. R\u00f3\u017cnica pomi\u0119dzy 15 300 z\u0142 (90.000 x 17%) a 10 800 z\u0142 (90.000 x 12%) to 4500 z\u0142. Tyle mog\u0142aby wynie\u015b\u0107 maksymalna korzy\u015b\u0107 podatkowa.<\/p>\n\n\n\n\n\t\t<div class=\"flex text-highlight-box flex-direction-column br-12 p-24 mt-36 mb-36 bg-red-highlight\">\n\t\t\t<div class=\"heading flex\">\n\t\t\t\t<div class=\"img-box\">\n\t\t\t\t\t<img decoding=\"async\" class=\"icon w-auto m-0\" width=\"24\" height=\"24\" src=\"https:\/\/www.infakt.pl\/blog\/wp-content\/themes\/infakt\/assets\/images\/2020\/red-warning-circle.svg\" alt=\"box-icon\">\n\t\t\t\t<\/div>\n\t\t\t\t<p class=\"title small text-grey text-uppercase font-500 letter-s-1 mb-16\">Zmiany od 1 lipca<\/p>\n\t\t\t<\/div>\n\t\t\t<p class=\"content base mb-0 mx-xs-0 \">Nowa stawka 12% obowi\u0105zuje za ca\u0142y 2022 r.<\/p>\n\t\t<\/div>\n\n\t\n\n\n\n<p><strong>Wraz z likwidacj\u0105 ulgi dla klasy \u015bredniej, korzy\u015b\u0107 maleje<\/strong>. Przyk\u0142adowo dla dochodu rocznego na poziomie 100 tys. z\u0142, korzy\u015b\u0107 wyniesie zaledwie ok. 500 z\u0142. W okolicach 100 tys. z\u0142 dochodu rocznie, gdzie ulga przyjmuje maksymaln\u0105 warto\u015b\u0107, odczuwalna korzy\u015b\u0107 z obni\u017cenia stawki podatku kosztem likwidacji ulgi b\u0119dzie najmniejsza.<\/p>\n\n\n      <div class=\"a-d-box-div c-1\"> <!-- add div to fix display in widget -->\n      <a class=\"a-d-box c-1 \" href=\"\/kalkulatory\/zmiany-podatkowe\/\" target=\"_blank\" rel=\"noreferrer noopener\" data-category=\"Blog\" data-action=\"Sidebar\" data-label=\"getLink\">\n        <div class=\"inner-box\">\n          <div class=\"img-box main\"><img decoding=\"async\" class=\"\" sizes=\"auto, (max-width: 1280px) 100vw,\" loading=\"lazy\" alt=\"\"\n\t\t\t\twidth=\"1280\" height=\"720\" src=\"https:\/\/www.infakt.pl\/blog\/wp-content\/uploads\/2021\/10\/PolskiLad-Kalkulator-Copy-2.png\"\n\t\t\t\tsrcset=\"https:\/\/www.infakt.pl\/blog\/wp-content\/uploads\/2021\/10\/PolskiLad-Kalkulator-Copy-2.png 1x, https:\/\/www.infakt.pl\/blog\/wp-content\/uploads\/2021\/10\/PolskiLad-Kalkulator-Copy-2.png 2x,\"><\/div><span class=\"title\">Kalkulator zmian podatkowych<\/span><div class=\"btn-box\"><span class=\"button small\">Sprawd\u017a<\/span><\/div>        <\/div>\n      <\/a>\n    <\/div>\n    \n\n\n\n<h2 class=\"wp-block-heading\" id=\"ponowna-zmiana-formy-opodatkowania-w-2022-r\">Ponowna zmiana formy opodatkowania w 2022 r.<\/h2>\n\n\n\n<p>Zmiana przepis\u00f3w pozwoli <a href=\"https:\/\/www.infakt.pl\/blog\/w-2023-r-trzeba-bedzie-ponownie-wybrac-wlasciwa-forme-opodatkowania\/\">ponownie wybra\u0107 form\u0119 opodatkowania<\/a>. <strong>B\u0119dziemy mogli dokona\u0107 zmiany wy\u0142\u0105cznie na skal\u0119 podatkow\u0105<\/strong>. Nie b\u0119dzie mo\u017cna zmieni\u0107 w trakcie roku formy opodatkowania ze skali na podatek liniowy lub rycza\u0142t.<\/p>\n\n\n\n<p><a href=\"https:\/\/www.infakt.pl\/blog\/ponowna-zmiana-formy-opodatkowania-jak-bedzie-wygladala\/\">Zmiany formy opodatkowania <\/a>b\u0119dzie mo\u017cna dokona\u0107 po zako\u0144czeniu roku. <strong>Tylko rycza\u0142towcy dodatkowo zyskaj\u0105 mo\u017cliwo\u015b\u0107 zmiany formy opodatkowania ju\u017c w po\u0142owie roku<\/strong> w terminie pomi\u0119dzy&nbsp;1 lipca a 22 sierpnia. Oznacza to, \u017ce b\u0119d\u0105 mogli&nbsp;przez pierwsz\u0105 po\u0142ow\u0119&nbsp;roku by\u0107 opodatkowani w formie <a href=\"https:\/\/www.infakt.pl\/ryczalt\/\">rycza\u0142tu<\/a>, a&nbsp;drug\u0105 po\u0142ow\u0119 wg skali podatkowej.&nbsp;<\/p>\n\n\n\n<figure class=\"wp-block-embed is-type-video is-provider-youtube wp-block-embed-youtube wp-embed-aspect-16-9 wp-has-aspect-ratio\"><div class=\"wp-block-embed__wrapper\">\n<iframe title=\"Zmiana formy opodatkowania w 2022 roku. Do kiedy mam czas?\" width=\"500\" height=\"281\" src=\"https:\/\/www.youtube.com\/embed\/TnPMlCaKJJU?feature=oembed\" frameborder=\"0\" allow=\"accelerometer; autoplay; clipboard-write; encrypted-media; gyroscope; picture-in-picture; web-share\" referrerpolicy=\"strict-origin-when-cross-origin\" allowfullscreen><\/iframe>\n<\/div><\/figure>\n\n\n\n<h2 class=\"wp-block-heading\" id=\"skladka-zdrowotna\">Co zyskamy na lini\u00f3wce i rycza\u0142cie? Sk\u0142adk\u0119 zdrowotn\u0105 wrzucimy w koszty<\/h2>\n\n\n\n<p>Zapowiedziane zosta\u0142y r\u00f3wnie\u017c preferencyjne zmiany w rozliczaniu sk\u0142adki zdrowotnej na <a href=\"https:\/\/www.infakt.pl\/blog\/czy-bedzie-szansa-na-ponowny-wybor-formy-opodatkowania-mf-bierze-to-pod-uwage\/\">podatku liniowym, rycza\u0142cie i karcie podatkowej<\/a>. Nie dotycz\u0105 one jednak zasad og\u00f3lnych.<\/p>\n\n\n\n<ul class=\"wp-block-list\">\n<li><a href=\"https:\/\/www.infakt.pl\/blog\/podatek-liniowy-2022-ile-zaplacisz-na-liniowce\/\">podatek liniowy <\/a>&#8211; rozliczenie <a href=\"https:\/\/www.infakt.pl\/blog\/skladka-zdrowotna-2022-ile-zaplacisz-od-1-stycznia-i-jak-ja-obliczyc\/\">sk\u0142adki zdrowotnej w kosztach dzia\u0142alno\u015bci<\/a>. <strong>Mo\u017cemy obni\u017cy\u0107 nasz doch\u00f3d do opodatkowania o zap\u0142acone sk\u0142adki zdrowotnej maksymalnie do kwoty 8 700 z\u0142. <\/strong>Przedsi\u0119biorcy na liniowce, kt\u00f3rzy osi\u0105gaj\u0105 doch\u00f3d miesi\u0119czny do 14 795 z\u0142, b\u0119d\u0105 wrzuca\u0107 sk\u0142adk\u0119 zdrowotn\u0105 w koszty, tak jak sk\u0142adki spo\u0142eczne. Korzy\u015b\u0107 podatkowa z takiej zmiany wyniesie do 1 653 z\u0142 rocznie.<\/li>\n\n\n\n<li><a href=\"https:\/\/www.infakt.pl\/blog\/ryczalt-2022-jakie-sa-stawki-skladka-zdrowotna-ile-zaplacisz-w-przyszlym-roku\/\">rycza\u0142t <\/a>&#8211; <strong>obni\u017cymy nasz przych\u00f3d o po\u0142ow\u0119 zap\u0142aconych sk\u0142adek zdrowotnych<\/strong>. Przy najwy\u017cszej wysoko\u015bci sk\u0142adki zdrowotnej na rycza\u0142cie (1 007,81 z\u0142), b\u0119dziemy mogli obni\u017cy\u0107 przych\u00f3d do opodatkowania o 503,91 z\u0142 miesi\u0119cznie. Korzy\u015b\u0107 podatkowa z takiej zmiany to od 60 z\u0142 do 1 028 z\u0142 rocznie.<\/li>\n\n\n\n<li><a href=\"https:\/\/www.infakt.pl\/blog\/zakladanie-dzialalnosci-gospodarczej-4-formy-opodatkowania\/\">karta podatkowa <\/a>&#8211; mo\u017cemy obni\u017cy\u0107 podatek do zap\u0142aty <strong>o 19% z zap\u0142aconych sk\u0142adek zdrowotnych<\/strong>. Miesi\u0119czna wysoko\u015b\u0107 sk\u0142adki zdrowotnej na karcie podatkowej to 270,90 z\u0142. W ci\u0105gu roku jest to 3242,28 z\u0142. Korzy\u015b\u0107 podatkowa wprowadzonej zmiany to 616,03 z\u0142 (19% x 3242,28).<\/li>\n<\/ul>\n\n\n\n      <div class=\"a-d-box-div c-1\"> <!-- add div to fix display in widget -->\n      <a class=\"a-d-box c-1 \" href=\"\/kalkulatory\/zmiany-podatkowe\/\" target=\"_blank\" rel=\"noreferrer noopener\" data-category=\"Blog\" data-action=\"Sidebar\" data-label=\"getLink\">\n        <div class=\"inner-box\">\n          <div class=\"img-box main\"><img decoding=\"async\" class=\"\" sizes=\"auto, (max-width: 1280px) 100vw,\" loading=\"lazy\" alt=\"\"\n\t\t\t\twidth=\"1280\" height=\"720\" src=\"https:\/\/www.infakt.pl\/blog\/wp-content\/uploads\/2021\/10\/PolskiLad-Kalkulator-Copy-2.png\"\n\t\t\t\tsrcset=\"https:\/\/www.infakt.pl\/blog\/wp-content\/uploads\/2021\/10\/PolskiLad-Kalkulator-Copy-2.png 1x, https:\/\/www.infakt.pl\/blog\/wp-content\/uploads\/2021\/10\/PolskiLad-Kalkulator-Copy-2.png 2x,\"><\/div><span class=\"title\">Kalkulator zmian podatkowych<\/span><div class=\"btn-box\"><span class=\"button small\">Sprawd\u017a<\/span><\/div>        <\/div>\n      <\/a>\n    <\/div>\n    \n\n\n\n<figure class=\"wp-block-image size-full\"><img decoding=\"async\" loading=\"lazy\" width=\"1024\" height=\"846\"  src=\"https:\/\/www.infakt.pl\/blog\/wp-content\/uploads\/2022\/06\/Tabela-2-podatek-liniowy-skladka-zdrowotna.png\" alt=\"\" class=\"wp-image-53004\" srcset=\"https:\/\/www.infakt.pl\/blog\/wp-content\/uploads\/2022\/06\/Tabela-2-podatek-liniowy-skladka-zdrowotna.png 1024w, https:\/\/www.infakt.pl\/blog\/wp-content\/uploads\/2022\/06\/Tabela-2-podatek-liniowy-skladka-zdrowotna-300x248.png 300w, https:\/\/www.infakt.pl\/blog\/wp-content\/uploads\/2022\/06\/Tabela-2-podatek-liniowy-skladka-zdrowotna-760x628.png 760w, https:\/\/www.infakt.pl\/blog\/wp-content\/uploads\/2022\/06\/Tabela-2-podatek-liniowy-skladka-zdrowotna-610x504.png 610w, https:\/\/www.infakt.pl\/blog\/wp-content\/uploads\/2022\/06\/Tabela-2-podatek-liniowy-skladka-zdrowotna-380x314.png 380w, https:\/\/www.infakt.pl\/blog\/wp-content\/uploads\/2022\/06\/Tabela-2-podatek-liniowy-skladka-zdrowotna-196x162.png 196w, https:\/\/www.infakt.pl\/blog\/wp-content\/uploads\/2022\/06\/Tabela-2-podatek-liniowy-skladka-zdrowotna-980x810.png 980w, https:\/\/www.infakt.pl\/blog\/wp-content\/uploads\/2022\/06\/Tabela-2-podatek-liniowy-skladka-zdrowotna-500x413.png 500w, https:\/\/www.infakt.pl\/blog\/wp-content\/uploads\/2022\/06\/Tabela-2-podatek-liniowy-skladka-zdrowotna-250x207.png 250w\" sizes=\"auto, (max-width: 1024px) 100vw, 1024px\" \/><\/figure>\n\n\n\n<figure class=\"wp-block-image size-large\"><img decoding=\"async\" loading=\"lazy\" width=\"915\" height=\"1024\"  src=\"https:\/\/www.infakt.pl\/blog\/wp-content\/uploads\/2022\/06\/Tabela-3-ryczalt-skladka-zdrowotna-2-915x1024.png\" alt=\"\" class=\"wp-image-53014\" srcset=\"https:\/\/www.infakt.pl\/blog\/wp-content\/uploads\/2022\/06\/Tabela-3-ryczalt-skladka-zdrowotna-2-915x1024.png 915w, https:\/\/www.infakt.pl\/blog\/wp-content\/uploads\/2022\/06\/Tabela-3-ryczalt-skladka-zdrowotna-2-268x300.png 268w, https:\/\/www.infakt.pl\/blog\/wp-content\/uploads\/2022\/06\/Tabela-3-ryczalt-skladka-zdrowotna-2-760x851.png 760w, https:\/\/www.infakt.pl\/blog\/wp-content\/uploads\/2022\/06\/Tabela-3-ryczalt-skladka-zdrowotna-2-610x683.png 610w, https:\/\/www.infakt.pl\/blog\/wp-content\/uploads\/2022\/06\/Tabela-3-ryczalt-skladka-zdrowotna-2-380x425.png 380w, https:\/\/www.infakt.pl\/blog\/wp-content\/uploads\/2022\/06\/Tabela-3-ryczalt-skladka-zdrowotna-2-196x219.png 196w, https:\/\/www.infakt.pl\/blog\/wp-content\/uploads\/2022\/06\/Tabela-3-ryczalt-skladka-zdrowotna-2-980x1097.png 980w, https:\/\/www.infakt.pl\/blog\/wp-content\/uploads\/2022\/06\/Tabela-3-ryczalt-skladka-zdrowotna-2-500x560.png 500w, https:\/\/www.infakt.pl\/blog\/wp-content\/uploads\/2022\/06\/Tabela-3-ryczalt-skladka-zdrowotna-2-250x280.png 250w, https:\/\/www.infakt.pl\/blog\/wp-content\/uploads\/2022\/06\/Tabela-3-ryczalt-skladka-zdrowotna-2.png 1024w\" sizes=\"auto, (max-width: 915px) 100vw, 915px\" \/><\/figure>\n\n\n\n<h2 class=\"wp-block-heading\" id=\"nizsze-podatki-pozostale-zmiany-w-ustawie\">Ni\u017csze podatki &#8211; pozosta\u0142e zmiany w ustawie <\/h2>\n\n\n\n<ul class=\"wp-block-list\">\n<li>Powr\u00f3t do preferencyjnego <a href=\"https:\/\/www.infakt.pl\/blog\/wroci-mozliwosc-preferencyjnego-rozliczenia-pit-osob-samotnie-wychowujacych-dziecko\/\">rozliczenia dla samotnie wychowuj\u0105cych dzieci<\/a>.<\/li>\n\n\n\n<li><a href=\"https:\/\/www.infakt.pl\/blog\/zloz-oswiadczenie-pit-2-przed-pierwsza-wyplata-zeby-nie-stracic-na-polskim-ladzie\/\">PIT-2<\/a> dla maksymalnie 3 pracodawc\u00f3w. Oznacza to, \u017ce <strong>osoby posiadaj\u0105ce kilka um\u00f3w o prac\u0119 b\u0105d\u017a zlecenie b\u0119d\u0105 mog\u0142y rozlicza\u0107 kwot\u0119 woln\u0105 u wi\u0119cej ni\u017c 1 pracodawcy<\/strong>. 300 z\u0142 przy jednej umowie, 2 razy 150 z\u0142 przy dw\u00f3ch umowach i 3 razy po 100 z\u0142 przy trzech umowach.<\/li>\n\n\n\n<li><a href=\"https:\/\/www.infakt.pl\/blog\/ulga-abolicyjna-zniknie-z-polskiego-ladu\/\">Ulga abolicyjna<\/a> zostanie zlikwidowana.<\/li>\n\n\n\n<li><a href=\"https:\/\/www.infakt.pl\/blog\/rozliczenie-pit-2021-z-infaktem-przewodnik-po-ulgach\/\">Ujednolicenie termin\u00f3w rocznego rozliczenia PIT<\/a> za 2022 rok (formularze: PIT-37, PIT-36, PIT-36S, PIT-28, PIT-28S, PIT-36L, PIT-36LS, <a href=\"https:\/\/www.infakt.pl\/blog\/pit-39-jak-i-do-kiedy-rozliczyc-podatek-od-sprzedazy-nieruchomosci\/\">PIT-39,<\/a> PIT-38). Zeznania te b\u0119dzie trzeba z\u0142o\u017cy\u0107 w terminie od 15 lutego do 30 kwietnia.<\/li>\n<\/ul>\n\n\n\n<h2 class=\"wp-block-heading\" id=\"nizsze-podatki-co-dalej-kiedy-zmiany-wejda-w-zycie\"><strong>Ni\u017csze podatki &#8211; co dalej? Kiedy zmiany wejd\u0105 w \u017cycie?<\/strong><\/h2>\n\n\n\n<p>Teraz ustawa trafi do Senatu, kt\u00f3ry w po\u0142owie 18 i 19 maja ma zaplanowane posiedzenie. Po g\u0142osowaniu wr\u00f3ci z ewentualnymi poprawkami do Sejmu, kt\u00f3ry 26 maja rozpoczyna swoje ostatnie majowe zebranie. Najpewniej jeszcze na tym posiedzeniu Sejm potwierdzi jej kszta\u0142t i prze\u015ble do Kancelarii <a href=\"https:\/\/www.infakt.pl\/blog\/prezydent-podpisal-ustawe-obnizajaca-podatki-co-sie-w-niej-znalazlo\/\" target=\"_blank\" rel=\"noreferrer noopener\">Prezydenta<\/a>, kt\u00f3ry zapowiedzia\u0142, \u017ce podpisze j\u0105 jak najszybciej. Je\u015bli ten scenariusz si\u0119 potwierdzi, <strong>ustawa wejdzie w \u017cycie zgodnie z zapowiedzi\u0105 &#8211; 1 lipca 2022 roku.<\/strong><\/p>\n","protected":false},"excerpt":{"rendered":"<p>Ni\u017csze podatki \u2013 ustawa promowana takim has\u0142em zosta\u0142a w\u0142a\u015bnie przyj\u0119ta przez Sejm. Jej wprowadzenie oznacza obni\u017cenie stawki podatku dochodowego do 12%, likwidacj\u0119 ulgi&hellip;<\/p>\n","protected":false},"author":89,"featured_media":48426,"comment_status":"open","ping_status":"open","sticky":false,"template":"","format":"standard","meta":{"_acf_changed":false,"footnotes":""},"categories":[2101,2056,2493,2099],"tags":[],"class_list":["post-49213","post","type-post","status-publish","format-standard","has-post-thumbnail","hentry","category-podatki-polski-lad","category-regulacje-prawne","category-zmiany-od-1-lipca","category-polski-lad"],"acf":[],"yoast_head":"<!-- This site is optimized with the Yoast SEO plugin v27.4 - https:\/\/yoast.com\/product\/yoast-seo-wordpress\/ -->\n<title>Ni\u017csze podatki - Sejm przyj\u0105\u0142 nowelizacj\u0119 Polskiego \u0141adu - blog inFakt.pl<\/title>\n<meta name=\"description\" content=\"Ni\u017csze podatki - tak\u0105 ustaw\u0119 nowelizuj\u0105c\u0105 Polski \u0141ad przeg\u0142osowa\u0142 Sejm. Zobacz, kiedy i jakie zmiany podatkowe wprowadza ustawa.\" \/>\n<meta name=\"robots\" content=\"index, follow, max-snippet:-1, max-image-preview:large, max-video-preview:-1\" \/>\n<link rel=\"canonical\" href=\"https:\/\/www.infakt.pl\/blog\/sejm-przeglosowal-ustawe-o-nizszych-podatkach-kiedy-wejdzie-w-zycie\/\" \/>\n<meta property=\"og:locale\" content=\"pl_PL\" \/>\n<meta property=\"og:type\" content=\"article\" \/>\n<meta property=\"og:title\" content=\"Ni\u017csze podatki - Sejm przyj\u0105\u0142 nowelizacj\u0119 Polskiego \u0141adu - blog inFakt.pl\" \/>\n<meta property=\"og:description\" content=\"Ni\u017csze podatki - tak\u0105 ustaw\u0119 nowelizuj\u0105c\u0105 Polski \u0141ad przeg\u0142osowa\u0142 Sejm. Zobacz, kiedy i jakie zmiany podatkowe wprowadza ustawa.\" \/>\n<meta property=\"og:url\" content=\"https:\/\/www.infakt.pl\/blog\/sejm-przeglosowal-ustawe-o-nizszych-podatkach-kiedy-wejdzie-w-zycie\/\" \/>\n<meta property=\"og:site_name\" content=\"Infakt Blog\" \/>\n<meta property=\"article:published_time\" content=\"2022-05-12T15:14:52+00:00\" \/>\n<meta property=\"article:modified_time\" content=\"2025-02-28T10:08:28+00:00\" \/>\n<meta property=\"og:image\" content=\"https:\/\/www.infakt.pl\/blog\/wp-content\/uploads\/2022\/03\/pit-1712.png\" \/>\n\t<meta property=\"og:image:width\" content=\"1280\" \/>\n\t<meta property=\"og:image:height\" content=\"720\" \/>\n\t<meta property=\"og:image:type\" content=\"image\/png\" \/>\n<meta name=\"author\" content=\"Piotr Juszczyk\" \/>\n<meta name=\"twitter:card\" content=\"summary_large_image\" \/>\n<meta name=\"twitter:creator\" content=\"@juszczyk__piotr\" \/>\n<meta name=\"twitter:label1\" content=\"Napisane przez\" \/>\n\t<meta name=\"twitter:data1\" content=\"Piotr Juszczyk\" \/>\n\t<meta name=\"twitter:label2\" content=\"Szacowany czas czytania\" \/>\n\t<meta name=\"twitter:data2\" content=\"5 minut\" \/>\n<script type=\"application\/ld+json\" class=\"yoast-schema-graph\">{\"@context\":\"https:\\\/\\\/schema.org\",\"@graph\":[{\"@type\":\"Article\",\"@id\":\"https:\\\/\\\/www.infakt.pl\\\/blog\\\/sejm-przeglosowal-ustawe-o-nizszych-podatkach-kiedy-wejdzie-w-zycie\\\/#article\",\"isPartOf\":{\"@id\":\"https:\\\/\\\/www.infakt.pl\\\/blog\\\/sejm-przeglosowal-ustawe-o-nizszych-podatkach-kiedy-wejdzie-w-zycie\\\/\"},\"author\":{\"name\":\"Piotr Juszczyk\",\"@id\":\"https:\\\/\\\/www.infakt.pl\\\/blog\\\/#\\\/schema\\\/person\\\/70b9a0ac88885d2fe730f249b9f22ada\"},\"headline\":\"Ni\u017csze podatki. Sejm przeg\u0142osowa\u0142 nowelizacj\u0119 Polskiego \u0141adu\",\"datePublished\":\"2022-05-12T15:14:52+00:00\",\"dateModified\":\"2025-02-28T10:08:28+00:00\",\"mainEntityOfPage\":{\"@id\":\"https:\\\/\\\/www.infakt.pl\\\/blog\\\/sejm-przeglosowal-ustawe-o-nizszych-podatkach-kiedy-wejdzie-w-zycie\\\/\"},\"wordCount\":859,\"commentCount\":0,\"image\":{\"@id\":\"https:\\\/\\\/www.infakt.pl\\\/blog\\\/sejm-przeglosowal-ustawe-o-nizszych-podatkach-kiedy-wejdzie-w-zycie\\\/#primaryimage\"},\"thumbnailUrl\":\"https:\\\/\\\/www.infakt.pl\\\/blog\\\/wp-content\\\/uploads\\\/2022\\\/03\\\/pit-1712.png\",\"articleSection\":[\"Podatki\",\"Regulacje prawne\",\"Zmiany od 1 lipca 2022\",\"Polski \u0141ad\"],\"inLanguage\":\"pl-PL\",\"potentialAction\":[{\"@type\":\"CommentAction\",\"name\":\"Comment\",\"target\":[\"https:\\\/\\\/www.infakt.pl\\\/blog\\\/sejm-przeglosowal-ustawe-o-nizszych-podatkach-kiedy-wejdzie-w-zycie\\\/#respond\"]}]},{\"@type\":\"WebPage\",\"@id\":\"https:\\\/\\\/www.infakt.pl\\\/blog\\\/sejm-przeglosowal-ustawe-o-nizszych-podatkach-kiedy-wejdzie-w-zycie\\\/\",\"url\":\"https:\\\/\\\/www.infakt.pl\\\/blog\\\/sejm-przeglosowal-ustawe-o-nizszych-podatkach-kiedy-wejdzie-w-zycie\\\/\",\"name\":\"Ni\u017csze podatki - Sejm przyj\u0105\u0142 nowelizacj\u0119 Polskiego \u0141adu - blog inFakt.pl\",\"isPartOf\":{\"@id\":\"https:\\\/\\\/www.infakt.pl\\\/blog\\\/#website\"},\"primaryImageOfPage\":{\"@id\":\"https:\\\/\\\/www.infakt.pl\\\/blog\\\/sejm-przeglosowal-ustawe-o-nizszych-podatkach-kiedy-wejdzie-w-zycie\\\/#primaryimage\"},\"image\":{\"@id\":\"https:\\\/\\\/www.infakt.pl\\\/blog\\\/sejm-przeglosowal-ustawe-o-nizszych-podatkach-kiedy-wejdzie-w-zycie\\\/#primaryimage\"},\"thumbnailUrl\":\"https:\\\/\\\/www.infakt.pl\\\/blog\\\/wp-content\\\/uploads\\\/2022\\\/03\\\/pit-1712.png\",\"datePublished\":\"2022-05-12T15:14:52+00:00\",\"dateModified\":\"2025-02-28T10:08:28+00:00\",\"author\":{\"@id\":\"https:\\\/\\\/www.infakt.pl\\\/blog\\\/#\\\/schema\\\/person\\\/70b9a0ac88885d2fe730f249b9f22ada\"},\"description\":\"Ni\u017csze podatki - tak\u0105 ustaw\u0119 nowelizuj\u0105c\u0105 Polski \u0141ad przeg\u0142osowa\u0142 Sejm. Zobacz, kiedy i jakie zmiany podatkowe wprowadza ustawa.\",\"breadcrumb\":{\"@id\":\"https:\\\/\\\/www.infakt.pl\\\/blog\\\/sejm-przeglosowal-ustawe-o-nizszych-podatkach-kiedy-wejdzie-w-zycie\\\/#breadcrumb\"},\"inLanguage\":\"pl-PL\",\"potentialAction\":[{\"@type\":\"ReadAction\",\"target\":[\"https:\\\/\\\/www.infakt.pl\\\/blog\\\/sejm-przeglosowal-ustawe-o-nizszych-podatkach-kiedy-wejdzie-w-zycie\\\/\"]}]},{\"@type\":\"ImageObject\",\"inLanguage\":\"pl-PL\",\"@id\":\"https:\\\/\\\/www.infakt.pl\\\/blog\\\/sejm-przeglosowal-ustawe-o-nizszych-podatkach-kiedy-wejdzie-w-zycie\\\/#primaryimage\",\"url\":\"https:\\\/\\\/www.infakt.pl\\\/blog\\\/wp-content\\\/uploads\\\/2022\\\/03\\\/pit-1712.png\",\"contentUrl\":\"https:\\\/\\\/www.infakt.pl\\\/blog\\\/wp-content\\\/uploads\\\/2022\\\/03\\\/pit-1712.png\",\"width\":1280,\"height\":720,\"caption\":\"zmiany podatkowe\"},{\"@type\":\"BreadcrumbList\",\"@id\":\"https:\\\/\\\/www.infakt.pl\\\/blog\\\/sejm-przeglosowal-ustawe-o-nizszych-podatkach-kiedy-wejdzie-w-zycie\\\/#breadcrumb\",\"itemListElement\":[{\"@type\":\"ListItem\",\"position\":1,\"name\":\"Blog\",\"item\":\"https:\\\/\\\/www.infakt.pl\\\/blog\\\/\"},{\"@type\":\"ListItem\",\"position\":2,\"name\":\"Regulacje prawne\",\"item\":\"https:\\\/\\\/www.infakt.pl\\\/blog\\\/kategoria\\\/regulacje-prawne\\\/\"},{\"@type\":\"ListItem\",\"position\":3,\"name\":\"Ni\u017csze podatki. Sejm przeg\u0142osowa\u0142 nowelizacj\u0119 Polskiego \u0141adu\"}]},{\"@type\":\"WebSite\",\"@id\":\"https:\\\/\\\/www.infakt.pl\\\/blog\\\/#website\",\"url\":\"https:\\\/\\\/www.infakt.pl\\\/blog\\\/\",\"name\":\"Infakt Blog\",\"description\":\"\",\"potentialAction\":[{\"@type\":\"SearchAction\",\"target\":{\"@type\":\"EntryPoint\",\"urlTemplate\":\"https:\\\/\\\/www.infakt.pl\\\/blog\\\/?s={search_term_string}\"},\"query-input\":{\"@type\":\"PropertyValueSpecification\",\"valueRequired\":true,\"valueName\":\"search_term_string\"}}],\"inLanguage\":\"pl-PL\"},{\"@type\":\"Person\",\"@id\":\"https:\\\/\\\/www.infakt.pl\\\/blog\\\/#\\\/schema\\\/person\\\/70b9a0ac88885d2fe730f249b9f22ada\",\"name\":\"Piotr Juszczyk\",\"image\":{\"@type\":\"ImageObject\",\"inLanguage\":\"pl-PL\",\"@id\":\"https:\\\/\\\/secure.gravatar.com\\\/avatar\\\/fad4e104f19c065e24950ba53bab96743f114e8d9da12472516fc9e042f22b7e?s=96&d=mm&r=g\",\"url\":\"https:\\\/\\\/secure.gravatar.com\\\/avatar\\\/fad4e104f19c065e24950ba53bab96743f114e8d9da12472516fc9e042f22b7e?s=96&d=mm&r=g\",\"contentUrl\":\"https:\\\/\\\/secure.gravatar.com\\\/avatar\\\/fad4e104f19c065e24950ba53bab96743f114e8d9da12472516fc9e042f22b7e?s=96&d=mm&r=g\",\"caption\":\"Piotr Juszczyk\"},\"description\":\"Jestem g\u0142\u00f3wnym doradc\u0105 podatkowym w inFakcie (nr wpisu 13142). Odpowiadam za PR i komunikacj\u0119. Pomagam przedsi\u0119biorcom. Prywatnie jestem m\u0119\u017cem i ojcem uwielbiaj\u0105cym wszelkie aktywno\u015bci i podr\u00f3\u017cowanie.\",\"sameAs\":[\"https:\\\/\\\/www.linkedin.com\\\/in\\\/piotr-juszczyk-91a7a3172\\\/\",\"https:\\\/\\\/x.com\\\/juszczyk__piotr\"],\"url\":\"https:\\\/\\\/www.infakt.pl\\\/blog\\\/author\\\/piotr-juszczyk\\\/\"}]}<\/script>\n<!-- \/ Yoast SEO plugin. -->","yoast_head_json":{"title":"Ni\u017csze podatki - Sejm przyj\u0105\u0142 nowelizacj\u0119 Polskiego \u0141adu - blog inFakt.pl","description":"Ni\u017csze podatki - tak\u0105 ustaw\u0119 nowelizuj\u0105c\u0105 Polski \u0141ad przeg\u0142osowa\u0142 Sejm. Zobacz, kiedy i jakie zmiany podatkowe wprowadza ustawa.","robots":{"index":"index","follow":"follow","max-snippet":"max-snippet:-1","max-image-preview":"max-image-preview:large","max-video-preview":"max-video-preview:-1"},"canonical":"https:\/\/www.infakt.pl\/blog\/sejm-przeglosowal-ustawe-o-nizszych-podatkach-kiedy-wejdzie-w-zycie\/","og_locale":"pl_PL","og_type":"article","og_title":"Ni\u017csze podatki - Sejm przyj\u0105\u0142 nowelizacj\u0119 Polskiego \u0141adu - blog inFakt.pl","og_description":"Ni\u017csze podatki - tak\u0105 ustaw\u0119 nowelizuj\u0105c\u0105 Polski \u0141ad przeg\u0142osowa\u0142 Sejm. Zobacz, kiedy i jakie zmiany podatkowe wprowadza ustawa.","og_url":"https:\/\/www.infakt.pl\/blog\/sejm-przeglosowal-ustawe-o-nizszych-podatkach-kiedy-wejdzie-w-zycie\/","og_site_name":"Infakt Blog","article_published_time":"2022-05-12T15:14:52+00:00","article_modified_time":"2025-02-28T10:08:28+00:00","og_image":[{"width":1280,"height":720,"url":"https:\/\/www.infakt.pl\/blog\/wp-content\/uploads\/2022\/03\/pit-1712.png","type":"image\/png"}],"author":"Piotr Juszczyk","twitter_card":"summary_large_image","twitter_creator":"@juszczyk__piotr","twitter_misc":{"Napisane przez":"Piotr Juszczyk","Szacowany czas czytania":"5 minut"},"schema":{"@context":"https:\/\/schema.org","@graph":[{"@type":"Article","@id":"https:\/\/www.infakt.pl\/blog\/sejm-przeglosowal-ustawe-o-nizszych-podatkach-kiedy-wejdzie-w-zycie\/#article","isPartOf":{"@id":"https:\/\/www.infakt.pl\/blog\/sejm-przeglosowal-ustawe-o-nizszych-podatkach-kiedy-wejdzie-w-zycie\/"},"author":{"name":"Piotr Juszczyk","@id":"https:\/\/www.infakt.pl\/blog\/#\/schema\/person\/70b9a0ac88885d2fe730f249b9f22ada"},"headline":"Ni\u017csze podatki. Sejm przeg\u0142osowa\u0142 nowelizacj\u0119 Polskiego \u0141adu","datePublished":"2022-05-12T15:14:52+00:00","dateModified":"2025-02-28T10:08:28+00:00","mainEntityOfPage":{"@id":"https:\/\/www.infakt.pl\/blog\/sejm-przeglosowal-ustawe-o-nizszych-podatkach-kiedy-wejdzie-w-zycie\/"},"wordCount":859,"commentCount":0,"image":{"@id":"https:\/\/www.infakt.pl\/blog\/sejm-przeglosowal-ustawe-o-nizszych-podatkach-kiedy-wejdzie-w-zycie\/#primaryimage"},"thumbnailUrl":"https:\/\/www.infakt.pl\/blog\/wp-content\/uploads\/2022\/03\/pit-1712.png","articleSection":["Podatki","Regulacje prawne","Zmiany od 1 lipca 2022","Polski \u0141ad"],"inLanguage":"pl-PL","potentialAction":[{"@type":"CommentAction","name":"Comment","target":["https:\/\/www.infakt.pl\/blog\/sejm-przeglosowal-ustawe-o-nizszych-podatkach-kiedy-wejdzie-w-zycie\/#respond"]}]},{"@type":"WebPage","@id":"https:\/\/www.infakt.pl\/blog\/sejm-przeglosowal-ustawe-o-nizszych-podatkach-kiedy-wejdzie-w-zycie\/","url":"https:\/\/www.infakt.pl\/blog\/sejm-przeglosowal-ustawe-o-nizszych-podatkach-kiedy-wejdzie-w-zycie\/","name":"Ni\u017csze podatki - Sejm przyj\u0105\u0142 nowelizacj\u0119 Polskiego \u0141adu - blog inFakt.pl","isPartOf":{"@id":"https:\/\/www.infakt.pl\/blog\/#website"},"primaryImageOfPage":{"@id":"https:\/\/www.infakt.pl\/blog\/sejm-przeglosowal-ustawe-o-nizszych-podatkach-kiedy-wejdzie-w-zycie\/#primaryimage"},"image":{"@id":"https:\/\/www.infakt.pl\/blog\/sejm-przeglosowal-ustawe-o-nizszych-podatkach-kiedy-wejdzie-w-zycie\/#primaryimage"},"thumbnailUrl":"https:\/\/www.infakt.pl\/blog\/wp-content\/uploads\/2022\/03\/pit-1712.png","datePublished":"2022-05-12T15:14:52+00:00","dateModified":"2025-02-28T10:08:28+00:00","author":{"@id":"https:\/\/www.infakt.pl\/blog\/#\/schema\/person\/70b9a0ac88885d2fe730f249b9f22ada"},"description":"Ni\u017csze podatki - tak\u0105 ustaw\u0119 nowelizuj\u0105c\u0105 Polski \u0141ad przeg\u0142osowa\u0142 Sejm. Zobacz, kiedy i jakie zmiany podatkowe wprowadza ustawa.","breadcrumb":{"@id":"https:\/\/www.infakt.pl\/blog\/sejm-przeglosowal-ustawe-o-nizszych-podatkach-kiedy-wejdzie-w-zycie\/#breadcrumb"},"inLanguage":"pl-PL","potentialAction":[{"@type":"ReadAction","target":["https:\/\/www.infakt.pl\/blog\/sejm-przeglosowal-ustawe-o-nizszych-podatkach-kiedy-wejdzie-w-zycie\/"]}]},{"@type":"ImageObject","inLanguage":"pl-PL","@id":"https:\/\/www.infakt.pl\/blog\/sejm-przeglosowal-ustawe-o-nizszych-podatkach-kiedy-wejdzie-w-zycie\/#primaryimage","url":"https:\/\/www.infakt.pl\/blog\/wp-content\/uploads\/2022\/03\/pit-1712.png","contentUrl":"https:\/\/www.infakt.pl\/blog\/wp-content\/uploads\/2022\/03\/pit-1712.png","width":1280,"height":720,"caption":"zmiany podatkowe"},{"@type":"BreadcrumbList","@id":"https:\/\/www.infakt.pl\/blog\/sejm-przeglosowal-ustawe-o-nizszych-podatkach-kiedy-wejdzie-w-zycie\/#breadcrumb","itemListElement":[{"@type":"ListItem","position":1,"name":"Blog","item":"https:\/\/www.infakt.pl\/blog\/"},{"@type":"ListItem","position":2,"name":"Regulacje prawne","item":"https:\/\/www.infakt.pl\/blog\/kategoria\/regulacje-prawne\/"},{"@type":"ListItem","position":3,"name":"Ni\u017csze podatki. Sejm przeg\u0142osowa\u0142 nowelizacj\u0119 Polskiego \u0141adu"}]},{"@type":"WebSite","@id":"https:\/\/www.infakt.pl\/blog\/#website","url":"https:\/\/www.infakt.pl\/blog\/","name":"Infakt Blog","description":"","potentialAction":[{"@type":"SearchAction","target":{"@type":"EntryPoint","urlTemplate":"https:\/\/www.infakt.pl\/blog\/?s={search_term_string}"},"query-input":{"@type":"PropertyValueSpecification","valueRequired":true,"valueName":"search_term_string"}}],"inLanguage":"pl-PL"},{"@type":"Person","@id":"https:\/\/www.infakt.pl\/blog\/#\/schema\/person\/70b9a0ac88885d2fe730f249b9f22ada","name":"Piotr Juszczyk","image":{"@type":"ImageObject","inLanguage":"pl-PL","@id":"https:\/\/secure.gravatar.com\/avatar\/fad4e104f19c065e24950ba53bab96743f114e8d9da12472516fc9e042f22b7e?s=96&d=mm&r=g","url":"https:\/\/secure.gravatar.com\/avatar\/fad4e104f19c065e24950ba53bab96743f114e8d9da12472516fc9e042f22b7e?s=96&d=mm&r=g","contentUrl":"https:\/\/secure.gravatar.com\/avatar\/fad4e104f19c065e24950ba53bab96743f114e8d9da12472516fc9e042f22b7e?s=96&d=mm&r=g","caption":"Piotr Juszczyk"},"description":"Jestem g\u0142\u00f3wnym doradc\u0105 podatkowym w inFakcie (nr wpisu 13142). Odpowiadam za PR i komunikacj\u0119. Pomagam przedsi\u0119biorcom. Prywatnie jestem m\u0119\u017cem i ojcem uwielbiaj\u0105cym wszelkie aktywno\u015bci i podr\u00f3\u017cowanie.","sameAs":["https:\/\/www.linkedin.com\/in\/piotr-juszczyk-91a7a3172\/","https:\/\/x.com\/juszczyk__piotr"],"url":"https:\/\/www.infakt.pl\/blog\/author\/piotr-juszczyk\/"}]}},"_links":{"self":[{"href":"https:\/\/www.infakt.pl\/blog\/wp-json\/wp\/v2\/posts\/49213","targetHints":{"allow":["GET"]}}],"collection":[{"href":"https:\/\/www.infakt.pl\/blog\/wp-json\/wp\/v2\/posts"}],"about":[{"href":"https:\/\/www.infakt.pl\/blog\/wp-json\/wp\/v2\/types\/post"}],"author":[{"embeddable":true,"href":"https:\/\/www.infakt.pl\/blog\/wp-json\/wp\/v2\/users\/89"}],"replies":[{"embeddable":true,"href":"https:\/\/www.infakt.pl\/blog\/wp-json\/wp\/v2\/comments?post=49213"}],"version-history":[{"count":36,"href":"https:\/\/www.infakt.pl\/blog\/wp-json\/wp\/v2\/posts\/49213\/revisions"}],"predecessor-version":[{"id":78250,"href":"https:\/\/www.infakt.pl\/blog\/wp-json\/wp\/v2\/posts\/49213\/revisions\/78250"}],"wp:featuredmedia":[{"embeddable":true,"href":"https:\/\/www.infakt.pl\/blog\/wp-json\/wp\/v2\/media\/48426"}],"wp:attachment":[{"href":"https:\/\/www.infakt.pl\/blog\/wp-json\/wp\/v2\/media?parent=49213"}],"wp:term":[{"taxonomy":"category","embeddable":true,"href":"https:\/\/www.infakt.pl\/blog\/wp-json\/wp\/v2\/categories?post=49213"},{"taxonomy":"post_tag","embeddable":true,"href":"https:\/\/www.infakt.pl\/blog\/wp-json\/wp\/v2\/tags?post=49213"}],"curies":[{"name":"wp","href":"https:\/\/api.w.org\/{rel}","templated":true}]}}