{"id":46912,"date":"2021-10-04T12:27:41","date_gmt":"2021-10-04T10:27:41","guid":{"rendered":"https:\/\/www.infakt.pl\/blog\/?p=46912"},"modified":"2022-04-01T15:09:55","modified_gmt":"2022-04-01T13:09:55","slug":"nowy-lad-ustawa-sejm-szczegoly","status":"publish","type":"post","link":"https:\/\/www.infakt.pl\/blog\/nowy-lad-ustawa-sejm-szczegoly\/","title":{"rendered":"Zmiany w Polskim \u0141adzie. Poznaj szczeg\u00f3\u0142y ustawy przyj\u0119tej przez sejm"},"content":{"rendered":"\r\n<p><strong>1 pa\u017adziernika sejm przyj\u0105\u0142 ustaw\u0119 podatkow\u0105 o tzw. nowym Polskim \u0141adzie. Trafi ona teraz do senatu. Jakie zmiany zasz\u0142y w stosunku do projektu, kt\u00f3ry zosta\u0142 og\u0142oszony w lipcu?<\/strong><\/p>\r\n\r\n\r\n\r\n<p>Przede wszystkim <strong>ulga dla klasy \u015bredniej <\/strong>zostanie wprowadzona r\u00f3wnie\u017c dla <strong><a href=\"https:\/\/www.infakt.pl\/blog\/polski-lad-kwota-wolna-od-podatku-skladka-zdrowotna\/\">przedsi\u0119biorc\u00f3w rozliczaj\u0105cych si\u0119 na zasadzie skali podatkowej<\/a><\/strong>. Dotychczas z tej ulgi mogli skorzysta\u0107 wy\u0142\u0105cznie podatnicy zatrudnieni na <a href=\"https:\/\/www.infakt.pl\/blog\/umowa-o-prace-i-wlasna-dzialalnosc\/\">umow\u0119 o prac\u0119<\/a> &#8211; dotyczy\u0142o to tylko pracownik\u00f3w. Po zmianach ulga obejmie r\u00f3wnie\u017c <a href=\"https:\/\/www.infakt.pl\/latwe-zakladanie-firmy\/\">jednoosobowe dzia\u0142alno\u015bci gospodarcze<\/a>.\u00a0<\/p>\r\n\r\n\r\n\r\n<h2 class=\"wp-block-heading\"><strong>Zerowy PIT dla nowych grup w Polskim \u0141adzie<\/strong><\/h2>\r\n\r\n\r\n\r\n<p>Wprowadzono tak\u017ce <strong>zerowy PIT dla senior\u00f3w,<\/strong> podobnie jak dotyczy to dzisiaj <a href=\"https:\/\/www.infakt.pl\/blog\/kwota-wolna-od-podatku-ile-wynosi-i-jak-obliczyc-podatek\/\">m\u0142odych do 26. roku \u017cycia<\/a>. Emeryci, kt\u00f3rzy nie zdecyduj\u0105 si\u0119 przej\u015b\u0107 na emerytur\u0119 (przypomnijmy, \u017ce obecnie wiek ten okre\u015blono na 60 lat dla kobiet oraz 65 lat dla m\u0119\u017cczyzn) i pozostan\u0105 dalej aktywni na rynku pracy, <strong>nie zap\u0142ac\u0105 podatku do dochodu w wysoko\u015bci 85 520 z\u0142.\u00a0<\/strong><\/p>\r\n\r\n\r\n\r\n<p>Ustawodawca przewidzia\u0142 r\u00f3wnie\u017c <strong>zerowy PIT dla powracaj\u0105cych z zagranicy<\/strong>. Oznacza to, \u017ce <strong>przez 4 lata<\/strong> po powrocie do Polski nie zap\u0142ac\u0105 oni podatku dochodowego, je\u015bli ich dochody <strong>nie przekrocz\u0105 85 520 z\u0142<\/strong>.\u00a0<\/p>\r\n\r\n\r\n\r\n<h2 class=\"wp-block-heading\"><strong>Zmiany, kt\u00f3re wejd\u0105 w \u017cycie od 1 stycznia 2023 r.<\/strong><\/h2>\r\n\r\n\r\n\r\n<p>Je\u015bli chodzi o<a href=\"https:\/\/www.infakt.pl\/blog\/polski-lad-i-amortyzacja-co-zmienia-ustawa\/\"> zmiany w najmie i amortyzacji nieruchomo\u015bci <\/a>&#8211; brak mo\u017cliwo\u015bci rozliczania si\u0119 w skali podatkowej i <a href=\"https:\/\/www.infakt.pl\/blog\/odpisy-amortyzacyjne-prawo-czy-obowiazek\/\">robienia odpis\u00f3w amortyzacyjnych<\/a> &#8211; ich wprowadzenie przesuni\u0119to<strong> na 1 stycznia 2023 r.<\/strong>\u00a0<\/p>\r\n\r\n\r\n\r\n<p>To samo przesuni\u0119cie w czasie dotyczy wprowadzenia przepis\u00f3w o wyp\u0142atach tzw. <a href=\"https:\/\/www.infakt.pl\/blog\/estonski-cit-co-to-dla-kogo-warunki\/\">ukrytych dywidend<\/a>. Obecnie <a href=\"https:\/\/www.infakt.pl\/blog\/polski-lad-uderza-rowniez-w-spolki-i-wspolnikow-zostana-oskladkowani\/\">prezesi sp\u00f3\u0142ek<\/a>, kt\u00f3rzy wyp\u0142acaj\u0105 sobie dywidendy w inny spos\u00f3b np. poprzez fakturowanie wynajmu nieruchomo\u015bci lub \u015bwiadczenia us\u0142ug na rzecz sp\u00f3\u0142ki, generuj\u0105c ukryte dywidendy, <strong>nie b\u0119d\u0105 ju\u017c mogli ich zalicza\u0107 do koszt\u00f3w<\/strong> od 2023 r.\u00a0<\/p>\r\n\r\n\r\n\r\n<figure class=\"wp-block-embed is-type-video is-provider-youtube wp-block-embed-youtube wp-embed-aspect-16-9 wp-has-aspect-ratio\">\r\n<div class=\"wp-block-embed__wrapper\">https:\/\/www.youtube.com\/watch?v=jZtytCFEo9U<\/div>\r\n<\/figure>\r\n\r\n\r\n\r\n<h2 class=\"wp-block-heading\"><strong>Rodzice samotnie wychowuj\u0105cy dzieci strac\u0105 na zmianach<\/strong><\/h2>\r\n\r\n\r\n\r\n<p>W\u015br\u00f3d istotnych zmian jakie zasz\u0142y w przeg\u0142osowanej ustawie jest tak\u017ce likwidacja <a href=\"https:\/\/www.infakt.pl\/blog\/rozliczenie-jako-osoba-samotnie-wychowujaca-dziecko\/\"><strong>preferencyjnego rozliczania si\u0119 samotnych rodzic\u00f3w <\/strong><\/a>i zast\u0105pienie tej preferencji dodatkow\u0105 ulg\u0105 w wysoko\u015bci 1500 z\u0142.<\/p>\r\n\r\n\r\n\r\n<p>Likwidacja wsp\u00f3lnego rozliczenia samotnych rodzic\u00f3w spowoduje, \u017ce zamiast mo\u017cliwo\u015bci uzyskania wy\u017cszej cz\u0119\u015bci <a href=\"https:\/\/www.infakt.pl\/blog\/kwota-wolna-od-podatku-a-skladka-zdrowotna-przedsiebiorca-zyskuje-i-traci-jednoczesnie\/\">kwoty nieopodatkowanej<\/a> w kwocie 60 tys. z\u0142 (czyli 2 x 30 tys. z\u0142) rodzic dalej b\u0119dzie mia\u0142 indywidualn\u0105 kwot\u0119 woln\u0105 od podatku oraz dodatkow\u0105 ulg\u0119 1500 z\u0142.\u00a0 W mojej ocenie jest to niekorzystna zmiana, gdy\u017c rodzice, kt\u00f3rzy przyk\u0142adowo otrzymuj\u0105 5000 z\u0142 dochodu miesi\u0119cznie i wychowuj\u0105 samotnie jedno dziecko, <strong>strac\u0105 na tej zmianie oko\u0142o 3000 z\u0142 pomimo przyznania ulgi.<\/strong><\/p>\r\n","protected":false},"excerpt":{"rendered":"<p>1 pa\u017adziernika sejm przyj\u0105\u0142 ustaw\u0119 podatkow\u0105 o tzw. nowym Polskim \u0141adzie. Trafi ona teraz do senatu. Jakie zmiany zasz\u0142y w stosunku do projektu, kt\u00f3ry zosta\u0142 og\u0142oszony w&hellip;<\/p>\n","protected":false},"author":89,"featured_media":46913,"comment_status":"open","ping_status":"open","sticky":false,"template":"","format":"standard","meta":{"_acf_changed":false,"footnotes":""},"categories":[2056],"tags":[],"class_list":["post-46912","post","type-post","status-publish","format-standard","has-post-thumbnail","hentry","category-regulacje-prawne"],"acf":[],"yoast_head":"<!-- This site is optimized with the Yoast SEO plugin v27.4 - https:\/\/yoast.com\/product\/yoast-seo-wordpress\/ -->\n<title>Nowy Polski \u0141ad: zmiany w projekcie ustawy - Blog inFakt.pl<\/title>\n<meta name=\"description\" content=\"W miniony pi\u0105tek sejm przeg\u0142osowa\u0142 ustaw\u0119 podatkow\u0105 Nowego Polskiego \u0141adu. Poznaj szczeg\u00f3\u0142y i dowiedz si\u0119, co si\u0119 zmieni.\" \/>\n<meta name=\"robots\" content=\"index, follow, max-snippet:-1, max-image-preview:large, max-video-preview:-1\" \/>\n<link rel=\"canonical\" href=\"https:\/\/www.infakt.pl\/blog\/nowy-lad-ustawa-sejm-szczegoly\/\" \/>\n<meta property=\"og:locale\" content=\"pl_PL\" \/>\n<meta property=\"og:type\" content=\"article\" \/>\n<meta property=\"og:title\" content=\"Nowy Polski \u0141ad: zmiany w projekcie ustawy - Blog inFakt.pl\" \/>\n<meta property=\"og:description\" content=\"W miniony pi\u0105tek sejm przeg\u0142osowa\u0142 ustaw\u0119 podatkow\u0105 Nowego Polskiego \u0141adu. Poznaj szczeg\u00f3\u0142y i dowiedz si\u0119, co si\u0119 zmieni.\" \/>\n<meta property=\"og:url\" content=\"https:\/\/www.infakt.pl\/blog\/nowy-lad-ustawa-sejm-szczegoly\/\" \/>\n<meta property=\"og:site_name\" content=\"Infakt Blog\" \/>\n<meta property=\"article:published_time\" content=\"2021-10-04T10:27:41+00:00\" \/>\n<meta property=\"article:modified_time\" content=\"2022-04-01T13:09:55+00:00\" \/>\n<meta property=\"og:image\" content=\"https:\/\/www.infakt.pl\/blog\/wp-content\/uploads\/2021\/10\/Zmiany-w-Polskim-Ladzie-Poznaj-szczego\u0301ly-ustawy-przyje\u0328tej-przez-sejm.png\" \/>\n\t<meta property=\"og:image:width\" content=\"1280\" \/>\n\t<meta property=\"og:image:height\" content=\"720\" \/>\n\t<meta property=\"og:image:type\" content=\"image\/png\" \/>\n<meta name=\"author\" content=\"Piotr Juszczyk\" \/>\n<meta name=\"twitter:card\" content=\"summary_large_image\" \/>\n<meta name=\"twitter:creator\" content=\"@juszczyk__piotr\" \/>\n<meta name=\"twitter:label1\" content=\"Napisane przez\" \/>\n\t<meta name=\"twitter:data1\" content=\"Piotr Juszczyk\" \/>\n\t<meta name=\"twitter:label2\" content=\"Szacowany czas czytania\" \/>\n\t<meta name=\"twitter:data2\" content=\"2 minuty\" \/>\n<script type=\"application\/ld+json\" class=\"yoast-schema-graph\">{\"@context\":\"https:\\\/\\\/schema.org\",\"@graph\":[{\"@type\":\"Article\",\"@id\":\"https:\\\/\\\/www.infakt.pl\\\/blog\\\/nowy-lad-ustawa-sejm-szczegoly\\\/#article\",\"isPartOf\":{\"@id\":\"https:\\\/\\\/www.infakt.pl\\\/blog\\\/nowy-lad-ustawa-sejm-szczegoly\\\/\"},\"author\":{\"name\":\"Piotr Juszczyk\",\"@id\":\"https:\\\/\\\/www.infakt.pl\\\/blog\\\/#\\\/schema\\\/person\\\/70b9a0ac88885d2fe730f249b9f22ada\"},\"headline\":\"Zmiany w Polskim \u0141adzie. Poznaj szczeg\u00f3\u0142y ustawy przyj\u0119tej przez sejm\",\"datePublished\":\"2021-10-04T10:27:41+00:00\",\"dateModified\":\"2022-04-01T13:09:55+00:00\",\"mainEntityOfPage\":{\"@id\":\"https:\\\/\\\/www.infakt.pl\\\/blog\\\/nowy-lad-ustawa-sejm-szczegoly\\\/\"},\"wordCount\":424,\"commentCount\":0,\"image\":{\"@id\":\"https:\\\/\\\/www.infakt.pl\\\/blog\\\/nowy-lad-ustawa-sejm-szczegoly\\\/#primaryimage\"},\"thumbnailUrl\":\"https:\\\/\\\/www.infakt.pl\\\/blog\\\/wp-content\\\/uploads\\\/2021\\\/10\\\/Zmiany-w-Polskim-Ladzie-Poznaj-szczego\u0301ly-ustawy-przyje\u0328tej-przez-sejm.png\",\"articleSection\":[\"Regulacje prawne\"],\"inLanguage\":\"pl-PL\",\"potentialAction\":[{\"@type\":\"CommentAction\",\"name\":\"Comment\",\"target\":[\"https:\\\/\\\/www.infakt.pl\\\/blog\\\/nowy-lad-ustawa-sejm-szczegoly\\\/#respond\"]}]},{\"@type\":\"WebPage\",\"@id\":\"https:\\\/\\\/www.infakt.pl\\\/blog\\\/nowy-lad-ustawa-sejm-szczegoly\\\/\",\"url\":\"https:\\\/\\\/www.infakt.pl\\\/blog\\\/nowy-lad-ustawa-sejm-szczegoly\\\/\",\"name\":\"Nowy Polski \u0141ad: zmiany w projekcie ustawy - Blog inFakt.pl\",\"isPartOf\":{\"@id\":\"https:\\\/\\\/www.infakt.pl\\\/blog\\\/#website\"},\"primaryImageOfPage\":{\"@id\":\"https:\\\/\\\/www.infakt.pl\\\/blog\\\/nowy-lad-ustawa-sejm-szczegoly\\\/#primaryimage\"},\"image\":{\"@id\":\"https:\\\/\\\/www.infakt.pl\\\/blog\\\/nowy-lad-ustawa-sejm-szczegoly\\\/#primaryimage\"},\"thumbnailUrl\":\"https:\\\/\\\/www.infakt.pl\\\/blog\\\/wp-content\\\/uploads\\\/2021\\\/10\\\/Zmiany-w-Polskim-Ladzie-Poznaj-szczego\u0301ly-ustawy-przyje\u0328tej-przez-sejm.png\",\"datePublished\":\"2021-10-04T10:27:41+00:00\",\"dateModified\":\"2022-04-01T13:09:55+00:00\",\"author\":{\"@id\":\"https:\\\/\\\/www.infakt.pl\\\/blog\\\/#\\\/schema\\\/person\\\/70b9a0ac88885d2fe730f249b9f22ada\"},\"description\":\"W miniony pi\u0105tek sejm przeg\u0142osowa\u0142 ustaw\u0119 podatkow\u0105 Nowego Polskiego \u0141adu. Poznaj szczeg\u00f3\u0142y i dowiedz si\u0119, co si\u0119 zmieni.\",\"breadcrumb\":{\"@id\":\"https:\\\/\\\/www.infakt.pl\\\/blog\\\/nowy-lad-ustawa-sejm-szczegoly\\\/#breadcrumb\"},\"inLanguage\":\"pl-PL\",\"potentialAction\":[{\"@type\":\"ReadAction\",\"target\":[\"https:\\\/\\\/www.infakt.pl\\\/blog\\\/nowy-lad-ustawa-sejm-szczegoly\\\/\"]}]},{\"@type\":\"ImageObject\",\"inLanguage\":\"pl-PL\",\"@id\":\"https:\\\/\\\/www.infakt.pl\\\/blog\\\/nowy-lad-ustawa-sejm-szczegoly\\\/#primaryimage\",\"url\":\"https:\\\/\\\/www.infakt.pl\\\/blog\\\/wp-content\\\/uploads\\\/2021\\\/10\\\/Zmiany-w-Polskim-Ladzie-Poznaj-szczego\u0301ly-ustawy-przyje\u0328tej-przez-sejm.png\",\"contentUrl\":\"https:\\\/\\\/www.infakt.pl\\\/blog\\\/wp-content\\\/uploads\\\/2021\\\/10\\\/Zmiany-w-Polskim-Ladzie-Poznaj-szczego\u0301ly-ustawy-przyje\u0328tej-przez-sejm.png\",\"width\":1280,\"height\":720,\"caption\":\"Polski \u0141ad - podatek dochodowy zaliczki PIT-2\"},{\"@type\":\"BreadcrumbList\",\"@id\":\"https:\\\/\\\/www.infakt.pl\\\/blog\\\/nowy-lad-ustawa-sejm-szczegoly\\\/#breadcrumb\",\"itemListElement\":[{\"@type\":\"ListItem\",\"position\":1,\"name\":\"Blog\",\"item\":\"https:\\\/\\\/www.infakt.pl\\\/blog\\\/\"},{\"@type\":\"ListItem\",\"position\":2,\"name\":\"Regulacje prawne\",\"item\":\"https:\\\/\\\/www.infakt.pl\\\/blog\\\/kategoria\\\/regulacje-prawne\\\/\"},{\"@type\":\"ListItem\",\"position\":3,\"name\":\"Zmiany w Polskim \u0141adzie. Poznaj szczeg\u00f3\u0142y ustawy przyj\u0119tej przez sejm\"}]},{\"@type\":\"WebSite\",\"@id\":\"https:\\\/\\\/www.infakt.pl\\\/blog\\\/#website\",\"url\":\"https:\\\/\\\/www.infakt.pl\\\/blog\\\/\",\"name\":\"Infakt Blog\",\"description\":\"\",\"potentialAction\":[{\"@type\":\"SearchAction\",\"target\":{\"@type\":\"EntryPoint\",\"urlTemplate\":\"https:\\\/\\\/www.infakt.pl\\\/blog\\\/?s={search_term_string}\"},\"query-input\":{\"@type\":\"PropertyValueSpecification\",\"valueRequired\":true,\"valueName\":\"search_term_string\"}}],\"inLanguage\":\"pl-PL\"},{\"@type\":\"Person\",\"@id\":\"https:\\\/\\\/www.infakt.pl\\\/blog\\\/#\\\/schema\\\/person\\\/70b9a0ac88885d2fe730f249b9f22ada\",\"name\":\"Piotr Juszczyk\",\"image\":{\"@type\":\"ImageObject\",\"inLanguage\":\"pl-PL\",\"@id\":\"https:\\\/\\\/secure.gravatar.com\\\/avatar\\\/fad4e104f19c065e24950ba53bab96743f114e8d9da12472516fc9e042f22b7e?s=96&d=mm&r=g\",\"url\":\"https:\\\/\\\/secure.gravatar.com\\\/avatar\\\/fad4e104f19c065e24950ba53bab96743f114e8d9da12472516fc9e042f22b7e?s=96&d=mm&r=g\",\"contentUrl\":\"https:\\\/\\\/secure.gravatar.com\\\/avatar\\\/fad4e104f19c065e24950ba53bab96743f114e8d9da12472516fc9e042f22b7e?s=96&d=mm&r=g\",\"caption\":\"Piotr Juszczyk\"},\"description\":\"Jestem g\u0142\u00f3wnym doradc\u0105 podatkowym w inFakcie (nr wpisu 13142). Odpowiadam za PR i komunikacj\u0119. Pomagam przedsi\u0119biorcom. Prywatnie jestem m\u0119\u017cem i ojcem uwielbiaj\u0105cym wszelkie aktywno\u015bci i podr\u00f3\u017cowanie.\",\"sameAs\":[\"https:\\\/\\\/www.linkedin.com\\\/in\\\/piotr-juszczyk-91a7a3172\\\/\",\"https:\\\/\\\/x.com\\\/juszczyk__piotr\"],\"url\":\"https:\\\/\\\/www.infakt.pl\\\/blog\\\/author\\\/piotr-juszczyk\\\/\"}]}<\/script>\n<!-- \/ Yoast SEO plugin. -->","yoast_head_json":{"title":"Nowy Polski \u0141ad: zmiany w projekcie ustawy - Blog inFakt.pl","description":"W miniony pi\u0105tek sejm przeg\u0142osowa\u0142 ustaw\u0119 podatkow\u0105 Nowego Polskiego \u0141adu. Poznaj szczeg\u00f3\u0142y i dowiedz si\u0119, co si\u0119 zmieni.","robots":{"index":"index","follow":"follow","max-snippet":"max-snippet:-1","max-image-preview":"max-image-preview:large","max-video-preview":"max-video-preview:-1"},"canonical":"https:\/\/www.infakt.pl\/blog\/nowy-lad-ustawa-sejm-szczegoly\/","og_locale":"pl_PL","og_type":"article","og_title":"Nowy Polski \u0141ad: zmiany w projekcie ustawy - Blog inFakt.pl","og_description":"W miniony pi\u0105tek sejm przeg\u0142osowa\u0142 ustaw\u0119 podatkow\u0105 Nowego Polskiego \u0141adu. Poznaj szczeg\u00f3\u0142y i dowiedz si\u0119, co si\u0119 zmieni.","og_url":"https:\/\/www.infakt.pl\/blog\/nowy-lad-ustawa-sejm-szczegoly\/","og_site_name":"Infakt Blog","article_published_time":"2021-10-04T10:27:41+00:00","article_modified_time":"2022-04-01T13:09:55+00:00","og_image":[{"width":1280,"height":720,"url":"https:\/\/www.infakt.pl\/blog\/wp-content\/uploads\/2021\/10\/Zmiany-w-Polskim-Ladzie-Poznaj-szczego\u0301ly-ustawy-przyje\u0328tej-przez-sejm.png","type":"image\/png"}],"author":"Piotr Juszczyk","twitter_card":"summary_large_image","twitter_creator":"@juszczyk__piotr","twitter_misc":{"Napisane przez":"Piotr Juszczyk","Szacowany czas czytania":"2 minuty"},"schema":{"@context":"https:\/\/schema.org","@graph":[{"@type":"Article","@id":"https:\/\/www.infakt.pl\/blog\/nowy-lad-ustawa-sejm-szczegoly\/#article","isPartOf":{"@id":"https:\/\/www.infakt.pl\/blog\/nowy-lad-ustawa-sejm-szczegoly\/"},"author":{"name":"Piotr Juszczyk","@id":"https:\/\/www.infakt.pl\/blog\/#\/schema\/person\/70b9a0ac88885d2fe730f249b9f22ada"},"headline":"Zmiany w Polskim \u0141adzie. Poznaj szczeg\u00f3\u0142y ustawy przyj\u0119tej przez sejm","datePublished":"2021-10-04T10:27:41+00:00","dateModified":"2022-04-01T13:09:55+00:00","mainEntityOfPage":{"@id":"https:\/\/www.infakt.pl\/blog\/nowy-lad-ustawa-sejm-szczegoly\/"},"wordCount":424,"commentCount":0,"image":{"@id":"https:\/\/www.infakt.pl\/blog\/nowy-lad-ustawa-sejm-szczegoly\/#primaryimage"},"thumbnailUrl":"https:\/\/www.infakt.pl\/blog\/wp-content\/uploads\/2021\/10\/Zmiany-w-Polskim-Ladzie-Poznaj-szczego\u0301ly-ustawy-przyje\u0328tej-przez-sejm.png","articleSection":["Regulacje prawne"],"inLanguage":"pl-PL","potentialAction":[{"@type":"CommentAction","name":"Comment","target":["https:\/\/www.infakt.pl\/blog\/nowy-lad-ustawa-sejm-szczegoly\/#respond"]}]},{"@type":"WebPage","@id":"https:\/\/www.infakt.pl\/blog\/nowy-lad-ustawa-sejm-szczegoly\/","url":"https:\/\/www.infakt.pl\/blog\/nowy-lad-ustawa-sejm-szczegoly\/","name":"Nowy Polski \u0141ad: zmiany w projekcie ustawy - Blog inFakt.pl","isPartOf":{"@id":"https:\/\/www.infakt.pl\/blog\/#website"},"primaryImageOfPage":{"@id":"https:\/\/www.infakt.pl\/blog\/nowy-lad-ustawa-sejm-szczegoly\/#primaryimage"},"image":{"@id":"https:\/\/www.infakt.pl\/blog\/nowy-lad-ustawa-sejm-szczegoly\/#primaryimage"},"thumbnailUrl":"https:\/\/www.infakt.pl\/blog\/wp-content\/uploads\/2021\/10\/Zmiany-w-Polskim-Ladzie-Poznaj-szczego\u0301ly-ustawy-przyje\u0328tej-przez-sejm.png","datePublished":"2021-10-04T10:27:41+00:00","dateModified":"2022-04-01T13:09:55+00:00","author":{"@id":"https:\/\/www.infakt.pl\/blog\/#\/schema\/person\/70b9a0ac88885d2fe730f249b9f22ada"},"description":"W miniony pi\u0105tek sejm przeg\u0142osowa\u0142 ustaw\u0119 podatkow\u0105 Nowego Polskiego \u0141adu. Poznaj szczeg\u00f3\u0142y i dowiedz si\u0119, co si\u0119 zmieni.","breadcrumb":{"@id":"https:\/\/www.infakt.pl\/blog\/nowy-lad-ustawa-sejm-szczegoly\/#breadcrumb"},"inLanguage":"pl-PL","potentialAction":[{"@type":"ReadAction","target":["https:\/\/www.infakt.pl\/blog\/nowy-lad-ustawa-sejm-szczegoly\/"]}]},{"@type":"ImageObject","inLanguage":"pl-PL","@id":"https:\/\/www.infakt.pl\/blog\/nowy-lad-ustawa-sejm-szczegoly\/#primaryimage","url":"https:\/\/www.infakt.pl\/blog\/wp-content\/uploads\/2021\/10\/Zmiany-w-Polskim-Ladzie-Poznaj-szczego\u0301ly-ustawy-przyje\u0328tej-przez-sejm.png","contentUrl":"https:\/\/www.infakt.pl\/blog\/wp-content\/uploads\/2021\/10\/Zmiany-w-Polskim-Ladzie-Poznaj-szczego\u0301ly-ustawy-przyje\u0328tej-przez-sejm.png","width":1280,"height":720,"caption":"Polski \u0141ad - podatek dochodowy zaliczki PIT-2"},{"@type":"BreadcrumbList","@id":"https:\/\/www.infakt.pl\/blog\/nowy-lad-ustawa-sejm-szczegoly\/#breadcrumb","itemListElement":[{"@type":"ListItem","position":1,"name":"Blog","item":"https:\/\/www.infakt.pl\/blog\/"},{"@type":"ListItem","position":2,"name":"Regulacje prawne","item":"https:\/\/www.infakt.pl\/blog\/kategoria\/regulacje-prawne\/"},{"@type":"ListItem","position":3,"name":"Zmiany w Polskim \u0141adzie. Poznaj szczeg\u00f3\u0142y ustawy przyj\u0119tej przez sejm"}]},{"@type":"WebSite","@id":"https:\/\/www.infakt.pl\/blog\/#website","url":"https:\/\/www.infakt.pl\/blog\/","name":"Infakt Blog","description":"","potentialAction":[{"@type":"SearchAction","target":{"@type":"EntryPoint","urlTemplate":"https:\/\/www.infakt.pl\/blog\/?s={search_term_string}"},"query-input":{"@type":"PropertyValueSpecification","valueRequired":true,"valueName":"search_term_string"}}],"inLanguage":"pl-PL"},{"@type":"Person","@id":"https:\/\/www.infakt.pl\/blog\/#\/schema\/person\/70b9a0ac88885d2fe730f249b9f22ada","name":"Piotr Juszczyk","image":{"@type":"ImageObject","inLanguage":"pl-PL","@id":"https:\/\/secure.gravatar.com\/avatar\/fad4e104f19c065e24950ba53bab96743f114e8d9da12472516fc9e042f22b7e?s=96&d=mm&r=g","url":"https:\/\/secure.gravatar.com\/avatar\/fad4e104f19c065e24950ba53bab96743f114e8d9da12472516fc9e042f22b7e?s=96&d=mm&r=g","contentUrl":"https:\/\/secure.gravatar.com\/avatar\/fad4e104f19c065e24950ba53bab96743f114e8d9da12472516fc9e042f22b7e?s=96&d=mm&r=g","caption":"Piotr Juszczyk"},"description":"Jestem g\u0142\u00f3wnym doradc\u0105 podatkowym w inFakcie (nr wpisu 13142). Odpowiadam za PR i komunikacj\u0119. Pomagam przedsi\u0119biorcom. Prywatnie jestem m\u0119\u017cem i ojcem uwielbiaj\u0105cym wszelkie aktywno\u015bci i podr\u00f3\u017cowanie.","sameAs":["https:\/\/www.linkedin.com\/in\/piotr-juszczyk-91a7a3172\/","https:\/\/x.com\/juszczyk__piotr"],"url":"https:\/\/www.infakt.pl\/blog\/author\/piotr-juszczyk\/"}]}},"_links":{"self":[{"href":"https:\/\/www.infakt.pl\/blog\/wp-json\/wp\/v2\/posts\/46912","targetHints":{"allow":["GET"]}}],"collection":[{"href":"https:\/\/www.infakt.pl\/blog\/wp-json\/wp\/v2\/posts"}],"about":[{"href":"https:\/\/www.infakt.pl\/blog\/wp-json\/wp\/v2\/types\/post"}],"author":[{"embeddable":true,"href":"https:\/\/www.infakt.pl\/blog\/wp-json\/wp\/v2\/users\/89"}],"replies":[{"embeddable":true,"href":"https:\/\/www.infakt.pl\/blog\/wp-json\/wp\/v2\/comments?post=46912"}],"version-history":[{"count":3,"href":"https:\/\/www.infakt.pl\/blog\/wp-json\/wp\/v2\/posts\/46912\/revisions"}],"predecessor-version":[{"id":48575,"href":"https:\/\/www.infakt.pl\/blog\/wp-json\/wp\/v2\/posts\/46912\/revisions\/48575"}],"wp:featuredmedia":[{"embeddable":true,"href":"https:\/\/www.infakt.pl\/blog\/wp-json\/wp\/v2\/media\/46913"}],"wp:attachment":[{"href":"https:\/\/www.infakt.pl\/blog\/wp-json\/wp\/v2\/media?parent=46912"}],"wp:term":[{"taxonomy":"category","embeddable":true,"href":"https:\/\/www.infakt.pl\/blog\/wp-json\/wp\/v2\/categories?post=46912"},{"taxonomy":"post_tag","embeddable":true,"href":"https:\/\/www.infakt.pl\/blog\/wp-json\/wp\/v2\/tags?post=46912"}],"curies":[{"name":"wp","href":"https:\/\/api.w.org\/{rel}","templated":true}]}}