{"id":42440,"date":"2021-04-16T11:52:35","date_gmt":"2021-04-16T09:52:35","guid":{"rendered":"https:\/\/www.infakt.pl\/blog\/?p=42440"},"modified":"2025-05-16T11:52:48","modified_gmt":"2025-05-16T09:52:48","slug":"umorzenie-subwencji-tarcza-warunki","status":"publish","type":"post","link":"https:\/\/www.infakt.pl\/blog\/umorzenie-subwencji-tarcza-warunki\/","title":{"rendered":"Kt\u00f3re firmy mog\u0105 otrzyma\u0107 pe\u0142ne umorzenie subwencji z tarczy PFR 1.0 i jak je uzyska\u0107?"},"content":{"rendered":"\n<p><strong>Na stronie Polskiego Funduszu Rozwoju pojawi\u0142y si\u0119 szczeg\u00f3\u0142y pe\u0142nego umorzenia subwencji z Tarczy Finansowej 1.0. Zapoznaj si\u0119 ze nimi, by dowiedzie\u0107 si\u0119, czy Ci przys\u0142uguje i jak prawid\u0142owo z\u0142o\u017cy\u0107 wniosek.&nbsp;<\/strong><\/p>\n\n\n\n<h2 class=\"wp-block-heading\" id=\"termin-skladania-wniosku-o-umorzenie-subwencji\"><strong>Termin sk\u0142adania wniosku o umorzenie subwencji<\/strong><\/h2>\n\n\n\n<p>Proces umorzenia zostanie uruchomiony <strong>29 kwietnia 2021 r.<\/strong> &#8211; czyli dok\u0142adnie rok po tym, jak ruszy\u0142a tarcza PFR 1.0. Co wa\u017cne &#8211; ka\u017cdy przedsi\u0119biorca, kt\u00f3ry otrzyma\u0142 wyp\u0142at\u0119 subwencji, na z\u0142o\u017cenie wniosku ma maksymalnie <strong>10 dni roboczych<\/strong>, licz\u0105c od dnia, w kt\u00f3rym up\u0142yn\u0105\u0142 rok od <strong><a href=\"https:\/\/www.infakt.pl\/blog\/kody-pkd-a-umorzenie-subwencji-lista\/\">wyp\u0142aty subwencji<\/a>.<\/strong> Oznacza to, \u017ce je\u015bli pieni\u0105dze otrzyma\u0142e\u015b 29 kwietnia 2020 r. wniosek b\u0119dziesz m\u00f3g\u0142 z\u0142o\u017cy\u0107 tylko do 14 maja 2021.<\/p>\n\n\n\n<p>Wniosek zostanie udost\u0119pniony w ramach <strong>bankowo\u015bci elektronicznej <\/strong>banku, za po\u015brednictwem kt\u00f3rego <strong>zawar\u0142e\u015b umow\u0119 <\/strong>subwencji finansowej.&nbsp;<\/p>\n\n\n\n<p><strong>WA\u017bNE:<\/strong> wniosku nie b\u0119dzie m\u00f3g\u0142 z\u0142o\u017cy\u0107 przedsi\u0119biorca, kt\u00f3ry <strong>nie ma ju\u017c aktywnej relacji z bankiem<\/strong> (nie posiada rachunku bankowego \u015bwiadcz\u0105cego us\u0142ug bankowo\u015bci elektronicznej), poprzez kt\u00f3ry <strong>zawar\u0142 umow\u0119 <\/strong>w ramach tarczy PFR 1.0. Dlatego Polski Fundusz Rozwoju zaleca, aby j\u0105 <strong>odnowi\u0107 <\/strong>nie p\u00f3\u017aniej ni\u017c w ostatnim dniu na z\u0142o\u017cenie o\u015bwiadczenia o rozliczeniu.&nbsp;<\/p>\n\n\n\n<h2 class=\"wp-block-heading\" id=\"kto-moze-zlozyc-wniosek-o-umorzenie\"><strong>Kto mo\u017ce z\u0142o\u017cy\u0107 wniosek o umorzenie?<\/strong><\/h2>\n\n\n\n<p>Proces umorzenia b\u0119dzie mog\u0142a uruchomi\u0107 osoba, kt\u00f3ra <strong>posiada dost\u0119p do bankowo\u015bci elektronicznej <\/strong>konta, z kt\u00f3rego zosta\u0142a zawarta umowa. Mo\u017ce to by\u0107 sam przedsi\u0119biorca (beneficjent) lub osoba dzia\u0142aj\u0105ca <strong>w jego imieniu<\/strong>.&nbsp;<\/p>\n\n\n\n<p>Gdy osoba dzia\u0142aj\u0105ca w imieniu beneficjenta b\u0119dzie reprezentowa\u0107 go na podstawie pe\u0142nomocnictwa, jego przed\u0142o\u017cenie mo\u017ce by\u0107 wymagane w przypadku kontroli ze strony PFR. <strong>Nie jest koniecznie<\/strong> przekazywanie go wraz z o\u015bwiadczeniem o rozliczeniu.<\/p>\n\n\n\n<h2 class=\"wp-block-heading\" id=\"jak-wyglada-proces-umorzenia-krok-po-kroku\"><strong>Jak wygl\u0105da proces umorzenia &#8211; krok po kroku<\/strong><\/h2>\n\n\n\n<ol class=\"wp-block-list\">\n<li>Bank, poprzez kt\u00f3ry podpisa\u0142e\u015b umow\u0119 w ramach tarczy PFR 1.0., udost\u0119pni Ci w ramach bankowo\u015bci elektronicznej <strong>wst\u0119pn\u0105 propozycj\u0119 PFR<\/strong> z informacj\u0105 o wysoko\u015bci subwencji finansowej podlegaj\u0105cej zwrotowi oraz cz\u0119\u015bciowo uzupe\u0142niony formularz o\u015bwiadczenia o rozliczeniu. Reszt\u0119 trzeba b\u0119dzie wprowadzi\u0107 samodzielnie. Wniosek zostanie udost\u0119pniony w Twojej bankowej skrzynce pocztowej najp\u00f3\u017aniej dzie\u0144 przed pierwszym dniem terminu na jego z\u0142o\u017cenie. <strong>Dopiero z pocz\u0105tkiem terminu rozliczenia pojawi si\u0119 mo\u017cliwo\u015b\u0107 jego edycji i wysy\u0142ki.<\/strong><\/li>\n\n\n\n<li>Przeczytaj dok\u0142adnie wniosek oraz zaproponowane przez PFR kwoty umorzenia. Podpisanie go i wysy\u0142ka oznaczaj\u0105, \u017ce <strong>zgadzasz si\u0119 <\/strong>na zaproponowane warunki. <strong>Nie ma od tego odwo\u0142ania<\/strong>, a przyznana kwota b\u0119dzie \u201cbezsporna\u201d &#8211; <strong>nie podlega zakwestionowaniu <\/strong>na p\u00f3\u017aniejszych etapach.<\/li>\n\n\n\n<li>Dane, kt\u00f3re przedsi\u0119biorca b\u0119dzie musia\u0142 uzupe\u0142ni\u0107 sam to: <strong>o\u015bwiadczenie o wysoko\u015bci straty na sprzeda\u017cy<\/strong> (dla ma\u0142ych i \u015brednich przedsi\u0119biorc\u0105); <strong>o\u015bwiadczenie o spadku przychod\u00f3w ze sprzeda\u017cy<\/strong> (dla staraj\u0105cych si\u0119 o umorzenie 100%); innych wymaganych o\u015bwiadcze\u0144 (np. <strong>o odpowiedzialno\u015bci karnej, przeniesieniu rezydencji podatkowej lub przekszta\u0142ceniu<\/strong>). Reszta danych zostanie pobrana z rejestr\u00f3w publicznych takich jak np. <a href=\"https:\/\/www.infakt.pl\/blog\/kategoria\/regulacje-prawne\/\">ZUS<\/a> i KAS.<\/li>\n\n\n\n<li>Teraz nale\u017cy zapozna\u0107 si\u0119 z wnioskiem, aby zweryfikowa\u0107 poprawno\u015b\u0107 danych. Warto r\u00f3wnie\u017c zapisa\u0107 go sobie w wersji cyfrowej lub wydrukowa\u0107.<br><br><strong>WA\u017bNE: PFR zaleca, aby wszelkie rozbie\u017cno\u015bci w danych wyja\u015bni\u0107 w odpowiednich urz\u0119dach jeszcze przed podpisaniem i wysy\u0142k\u0105 wniosku.<\/strong><br><\/li>\n\n\n\n<li>Podpisz i wy\u015blij wniosek za pomoc\u0105 <strong>systemu autoryzacji banku<\/strong>, w kt\u00f3rym posiadasz konto.<\/li>\n\n\n\n<li>PFR zweryfikuje Tw\u00f3j wniosek pod k\u0105tem zawartych w nim danych, por\u00f3wnuj\u0105c je z tymi zawartymi w rejestrach ZUS, Ministerstwa Finans\u00f3w, KAS, KRS, <a href=\"https:\/\/www.infakt.pl\/blog\/co-to-jest-ceidg\/\">CEIDG<\/a>, GUS.<\/li>\n\n\n\n<li>Zostanie podj\u0119ta <strong>jedna z trzech decyzji<\/strong> o umorzeniu subwencji.<\/li>\n<\/ol>\n\n\n\n<h2 class=\"wp-block-heading\" id=\"jakie-decyzje-o-umorzeniu-moze-podjac-pfr\"><strong>Jakie decyzje o umorzeniu mo\u017ce podj\u0105\u0107 PFR?<\/strong><\/h2>\n\n\n\n<h3 class=\"wp-block-heading\" id=\"czesciowe-umorzenie-subwencji-do-75\">Cz\u0119\u015bciowe umorzenie subwencji do 75%*<\/h3>\n\n\n\n<p><strong>Warunki umorzenia dla ma\u0142ych i \u015brednich przedsi\u0119biorstw:<\/strong><\/p>\n\n\n\n<ul class=\"wp-block-list\">\n<li>0% do 25% &#8211; w zale\u017cno\u015bci od utrzymania skali zatrudnienia (zmniejsza si\u0119 proporcjonalnie do redukcji przeprowadzonej w firmie)<\/li>\n\n\n\n<li>25% &#8211; pod warunkiem prowadzenia dzia\u0142alno\u015bci gospodarczej przez 12 miesi\u0119cy od dnia otrzymania subwencji<\/li>\n\n\n\n<li>0% do 25% &#8211; w zale\u017cno\u015bci od wykazanej skumulowanej straty got\u00f3wkowej<\/li>\n<\/ul>\n\n\n\n<p><strong>Warunki umorzenia dla mikrofirm:<\/strong><\/p>\n\n\n\n<ul class=\"wp-block-list\">\n<li>25% &#8211; pod warunkiem prowadzenia dzia\u0142alno\u015bci gospodarczej przez 12 miesi\u0119cy od dnia otrzymania subwencji<\/li>\n\n\n\n<li>0% do 50% &#8211; w zale\u017cno\u015bci od utrzymania skali zatrudnienia (zmniejsza si\u0119 proporcjonalnie do stanu redukcji przeprowadzonej w firmie).<\/li>\n<\/ul>\n\n\n\n<p>*Pozosta\u0142e 25% subwencji <strong>z urz\u0119du podlega zwrotowi.<\/strong><\/p>\n\n\n\n<h3 class=\"wp-block-heading\" id=\"pelne-umorzenie-subwencji-100\">Pe\u0142ne umorzenie subwencji &#8211; 100%<\/h3>\n\n\n\n<p>Dost\u0119pne jest dla przedsi\u0119biorc\u00f3w, kt\u00f3rzy <strong>spe\u0142nili wy\u017cej wymienione warunki<\/strong> dla cz\u0119\u015bciowego umorzenia oraz <strong>przynajmniej jeden <\/strong>kod PKD ich dzia\u0142alno\u015bci znajduje si\u0119 na <a href=\"https:\/\/www.infakt.pl\/blog\/kody-pkd-a-umorzenie-subwencji-lista\/\"><strong>li\u015bcie do\u0142\u0105czonej do rozporz\u0105dzenia<\/strong><\/a>. Nie musi to by\u0107 <strong>przewa\u017caj\u0105cy<\/strong> kod PKD.<\/p>\n\n\n\n<p><strong>S\u0105 to nast\u0119puj\u0105ce kody PKD:<\/strong><\/p>\n\n\n\n<ul class=\"wp-block-list\">\n<li>17.29.Z Produkcja pozosta\u0142ych wyrob\u00f3w z papieru i tektury;<\/li>\n\n\n\n<li>18.12.Z Pozosta\u0142e drukowanie;<\/li>\n\n\n\n<li>18.13.Z Dzia\u0142alno\u015b\u0107 us\u0142ugowa zwi\u0105zana z przygotowywaniem do druku;<\/li>\n\n\n\n<li>18.14.Z Introligatorstwo i podobne us\u0142ugi;<\/li>\n\n\n\n<li>49.39.Z Pozosta\u0142y transport l\u0105dowy pasa\u017cerski, gdzie indziej niesklasyfikowany;<\/li>\n\n\n\n<li>46.42.Z Sprzeda\u017c hurtowa odzie\u017cy i obuwia;<\/li>\n\n\n\n<li>47.71.Z Sprzeda\u017c detaliczna odzie\u017cy prowadzona w wyspecjalizowanych sklepach;<\/li>\n\n\n\n<li>47.72.Z Sprzeda\u017c detaliczna obuwia i wyrob\u00f3w sk\u00f3rzanych prowadzona w wyspecjalizowanych sklepach;<\/li>\n\n\n\n<li>47.76.Z Sprzeda\u017c detaliczna kwiat\u00f3w, ro\u015blin, nasion, nawoz\u00f3w, \u017cywych zwierz\u0105t domowych, karmy dla zwierz\u0105t domowych prowadzona w wyspecjalizowanych sklepach;<\/li>\n\n\n\n<li>47.81.Z Sprzeda\u017c detaliczna \u017cywno\u015bci, napoj\u00f3w i wyrob\u00f3w tytoniowych prowadzona na straganach i targowiskach;<\/li>\n\n\n\n<li>47.82.Z Sprzeda\u017c detaliczna wyrob\u00f3w tekstylnych, odzie\u017cy i obuwia prowadzona na straganach i targowiskach;<\/li>\n\n\n\n<li>47.89.Z Sprzeda\u017c detaliczna pozosta\u0142ych wyrob\u00f3w prowadzona na straganach i targowiskach;<\/li>\n\n\n\n<li>56.21.Z Przygotowywanie i dostarczanie \u017cywno\u015bci dla odbiorc\u00f3w zewn\u0119trznych (katering);<\/li>\n\n\n\n<li>55.10.Z Hotele i podobne obiekty zakwaterowania;<\/li>\n\n\n\n<li>55.20.Z Obiekty noclegowe turystyczne i miejsca kr\u00f3tkotrwa\u0142ego zakwaterowania;<\/li>\n\n\n\n<li>56.10.A Restauracje i inne sta\u0142e plac\u00f3wki gastronomiczne;<\/li>\n\n\n\n<li>56.10.B Ruchome plac\u00f3wki gastronomiczne;<\/li>\n\n\n\n<li>56.29.Z Pozosta\u0142a us\u0142ugowa dzia\u0142alno\u015b\u0107 gastronomiczna;<\/li>\n\n\n\n<li>56.30.Z Przygotowywanie i podawanie napoj\u00f3w;<\/li>\n\n\n\n<li>59.11.Z Dzia\u0142alno\u015b\u0107 zwi\u0105zana z produkcj\u0105 film\u00f3w, nagra\u0144 wideo i program\u00f3w telewizyjnych;<\/li>\n\n\n\n<li>59.12.Z Dzia\u0142alno\u015b\u0107 postprodukcyjna zwi\u0105zana z filmami, nagraniami wideo i programami telewizyjnymi;<\/li>\n\n\n\n<li>59.13.Z Dzia\u0142alno\u015b\u0107 zwi\u0105zana z dystrybucj\u0105 film\u00f3w, nagra\u0144 wideo i program\u00f3w telewizyjnych;<\/li>\n\n\n\n<li>59.14.Z Dzia\u0142alno\u015b\u0107 zwi\u0105zana z projekcj\u0105 film\u00f3w;<\/li>\n\n\n\n<li>59.20.Z Dzia\u0142alno\u015b\u0107 w zakresie nagra\u0144 d\u017awi\u0119kowych i muzycznych;<\/li>\n\n\n\n<li>73.11.Z Dzia\u0142alno\u015b\u0107 agencji reklamowych;<\/li>\n\n\n\n<li>74.20.Z Dzia\u0142alno\u015b\u0107 fotograficzna;<\/li>\n\n\n\n<li>77.21.Z Wypo\u017cyczanie i dzier\u017cawa sprz\u0119tu rekreacyjnego i sportowego;<\/li>\n\n\n\n<li>79.11.A Dzia\u0142alno\u015b\u0107 agent\u00f3w turystycznych;<\/li>\n\n\n\n<li>79.12.Z Dzia\u0142alno\u015b\u0107 organizator\u00f3w turystyki;<\/li>\n\n\n\n<li>79.11.B Dzia\u0142alno\u015b\u0107 po\u015brednik\u00f3w turystycznych;<\/li>\n\n\n\n<li>79.90.A Dzia\u0142alno\u015b\u0107 pilot\u00f3w wycieczek i przewodnik\u00f3w turystycznych;<\/li>\n\n\n\n<li>79.90.B Dzia\u0142alno\u015b\u0107 w zakresie informacji turystycznej;<\/li>\n\n\n\n<li>79.90.C Pozosta\u0142a dzia\u0142alno\u015b\u0107 us\u0142ugowa w zakresie rezerwacji, gdzie indziej niesklasyfikowana;<\/li>\n\n\n\n<li>82.30.Z Dzia\u0142alno\u015b\u0107 zwi\u0105zana z organizacj\u0105 targ\u00f3w, wystaw i kongres\u00f3w;<\/li>\n\n\n\n<li>85.51.Z Pozaszkolne formy edukacji sportowej oraz zaj\u0119\u0107 sportowych i rekreacyjnych;<\/li>\n\n\n\n<li>85.52.Z Pozaszkolne formy edukacji artystycznej;<\/li>\n\n\n\n<li>85.59.A Nauka j\u0119zyk\u00f3w obcych;<\/li>\n\n\n\n<li>85.59.B Pozosta\u0142e pozaszkolne formy edukacji, gdzie indziej niesklasyfikowane;<\/li>\n\n\n\n<li>86.90.A Dzia\u0142alno\u015b\u0107 fizjoterapeutyczna;<\/li>\n\n\n\n<li>86.90.D Dzia\u0142alno\u015b\u0107 paramedyczna;<\/li>\n\n\n\n<li>90.01.Z Dzia\u0142alno\u015b\u0107 zwi\u0105zana z wystawianiem przedstawie\u0144 artystycznych- zesp\u00f3\u0142 muzyczny;<\/li>\n\n\n\n<li>90.02.Z Dzia\u0142alno\u015b\u0107 wspomagaj\u0105ca wystawianie przedstawie\u0144 artystycznych;<\/li>\n\n\n\n<li>90.04.Z Dzia\u0142alno\u015b\u0107 obiekt\u00f3w kulturalnych;<\/li>\n\n\n\n<li>91.02.Z Dzia\u0142alno\u015b\u0107 muze\u00f3w;<\/li>\n\n\n\n<li>93.11.Z Dzia\u0142alno\u015b\u0107 obiekt\u00f3w sportowych;<\/li>\n\n\n\n<li>93.12.Z Dzia\u0142alno\u015b\u0107 klub\u00f3w sportowych;<\/li>\n\n\n\n<li>93.13.Z Dzia\u0142alno\u015b\u0107 obiekt\u00f3w s\u0142u\u017c\u0105cych poprawie kondycji fizycznej;<\/li>\n\n\n\n<li>93.19.Z Pozosta\u0142a dzia\u0142alno\u015b\u0107 zwi\u0105zana ze sportem;<\/li>\n\n\n\n<li>93.21.Z Dzia\u0142alno\u015b\u0107 weso\u0142ych miasteczek i park\u00f3w rozrywki;<\/li>\n\n\n\n<li>93.29.A Dzia\u0142alno\u015b\u0107 pokoj\u00f3w zagadek, dom\u00f3w strachu, miejsc do ta\u0144czenia i w zakresie innych form rozrywki lub rekreacji organizowanych w pomieszczeniach lub w innych miejscach o zamkni\u0119tej przestrzeni;<\/li>\n\n\n\n<li>93.29.B Pozosta\u0142a dzia\u0142alno\u015b\u0107 rozrywkowa i rekreacyjna, gdzie indziej niesklasyfikowana;<\/li>\n\n\n\n<li>93.29.Z Pozosta\u0142a dzia\u0142alno\u015b\u0107 rozrywkowa i rekreacyjna;<\/li>\n\n\n\n<li>96.01.Z Pranie i czyszczenie wyrob\u00f3w w\u0142\u00f3kienniczych i futrzarskich;<\/li>\n\n\n\n<li>96.04.Z Dzia\u0142alno\u015b\u0107 us\u0142ugowa zwi\u0105zana z popraw\u0105 kondycji fizycznej.<\/li>\n<\/ul>\n\n\n\n<h3 class=\"wp-block-heading\" id=\"odmowa-umorzenia-subwencji-zwrot-calosci-do-pfr\">Odmowa umorzenia subwencji &#8211; zwrot ca\u0142o\u015bci do PFR<\/h3>\n\n\n\n<p>Decyzj\u0119 tak\u0105 otrzymaj\u0105 przedsi\u0119biorcy, kt\u00f3rzy <strong>naruszyli warunki otrzymania subwencji<\/strong> (np. w zwi\u0105zku z niecelowym wydaniem pieni\u0119dzy na koszty wy\u0142\u0105czone z finansowania w regulaminie PFR). Od dnia otrzymania decyzji o odmowie umorzenia przedsi\u0119biorca ma <strong>14 dni na zwrot ca\u0142o\u015bci subwencji.&nbsp;<\/strong><\/p>\n\n\n\n<h3 class=\"wp-block-heading\" id=\"decyzja-informujaca-o-zidentyfikowaniu-okolicznosci-ktore-uniemozliwiaja-ustalenie-wysokosci-subwencji-finansowej-podlegajacej-zwrotowi\">Decyzja informuj\u0105ca o zidentyfikowaniu okoliczno\u015bci, kt\u00f3re uniemo\u017cliwiaj\u0105 ustalenie wysoko\u015bci subwencji finansowej podlegaj\u0105cej zwrotowi<\/h3>\n\n\n\n<p>W takim przypadku uruchomione zostanie <strong>post\u0119powanie wyja\u015bniaj\u0105ce<\/strong>, w kt\u00f3rym przedsi\u0119biorca b\u0119dzie m\u00f3g\u0142 z\u0142o\u017cy\u0107 dodatkowe dokumenty i o\u015bwiadczenia. PFR <strong>poinformuje go o powodach<\/strong>, kt\u00f3re uniemo\u017cliwi\u0142y ustalenie wysoko\u015bci zwrotu. Ostateczna decyzja zostanie wydana <strong>do 6 miesi\u0119cy<\/strong> od dnia udost\u0119pnienia pierwotnej decyzji. Okres ten mo\u017ce zosta\u0107 wyd\u0142u\u017cony w szczeg\u00f3lnych przypadkach, o czym beneficjent zostanie powiadomiony.<\/p>\n\n\n\n<p>Komunikacja w post\u0119powaniu wyja\u015bniaj\u0105cym oraz wszelkie zapytania kierowane w tej sprawie do PFR b\u0119dzie mo\u017cna sk\u0142ada\u0107 <strong>za po\u015brednictwem bankowo\u015bci elektronicznej.<\/strong> Czas na \u201codwo\u0142anie si\u0119\u201d wynosi 10 dni od dnia otrzymania decyzji.<\/p>\n\n\n\n<h2 class=\"wp-block-heading\" id=\"kiedy-otrzymam-decyzje-o-umorzeniu-subwencji-lub-odmowie\"><strong>Kiedy otrzymam decyzj\u0119 o umorzeniu subwencji lub odmowie<\/strong>?<\/h2>\n\n\n\n<p>W ci\u0105gu <strong>15 dni roboczych <\/strong>licz\u0105c od ostatniego dnia, w kt\u00f3rym mog\u0142e\u015b z\u0142o\u017cy\u0107 o\u015bwiadczenie.<\/p>\n\n\n\n<h2 class=\"wp-block-heading\" id=\"zwrot-subwencji-w-calosci-w-ratach-do-kiedy\"><strong>Zwrot subwencji &#8211; w ca\u0142o\u015bci, w ratach, do kiedy?<\/strong><\/h2>\n\n\n\n<p>Zwrot subwencji rozpocznie si\u0119 <strong>po up\u0142ywie 13 miesi\u0119cy <\/strong>kalendarzowych licz\u0105c od pierwszego dnia pe\u0142nego miesi\u0105ca kalendarzowego nast\u0119puj\u0105cego po miesi\u0105cu, w kt\u00f3rym wyp\u0142acono przedsi\u0119biorcy subwencj\u0119 finansow\u0105.&nbsp;<\/p>\n\n\n\n<p>Subwencja mo\u017ce zosta\u0107 sp\u0142acona w <strong>nie wi\u0119cej ni\u017c 24 ratach<\/strong> (23 r\u00f3wne raty + rata wyr\u00f3wnuj\u0105ca).<\/p>\n\n\n\n<h2 class=\"wp-block-heading\" id=\"umorzenie-tarczy-pfr-1-0-zaproszenie-na-webinar\"><strong>Umorzenie Tarczy PFR 1.0 &#8211; zaproszenie na webinar<\/strong><\/h2>\n\n\n\n<p>Aby dowiedzie\u0107 si\u0119 wi\u0119cej, <strong><a href=\"https:\/\/www.facebook.com\/events\/2651385651826844\/\">we\u017a udzia\u0142 w naszym webinarze<\/a><\/strong><a href=\"https:\/\/www.facebook.com\/events\/2651385651826844\/\"><strong>.<\/strong><\/a> Podczas transmisji wyja\u015bnimy wszelkie w\u0105tpliwo\u015bci i odpowiemy na pytania przedsi\u0119biorc\u00f3w:<\/p>\n\n\n\n<figure class=\"wp-block-embed is-type-video is-provider-youtube wp-block-embed-youtube wp-embed-aspect-16-9 wp-has-aspect-ratio\"><div class=\"wp-block-embed__wrapper\">\n<iframe title=\"Umorzenie Tarczy PFR 1.0 - jak z\u0142o\u017cy\u0107 wniosek\" width=\"500\" height=\"281\" src=\"https:\/\/www.youtube.com\/embed\/iaJHSogFz6M?feature=oembed\" frameborder=\"0\" allow=\"accelerometer; autoplay; clipboard-write; encrypted-media; gyroscope; picture-in-picture; web-share\" referrerpolicy=\"strict-origin-when-cross-origin\" allowfullscreen><\/iframe>\n<\/div><\/figure>\n\n\n\n<p>Regulamin Tarczy Finansowej PFR ze wszystkimi szczeg\u00f3\u0142ami, kt\u00f3ry obowi\u0105zywa\u0107 b\u0119dzie <strong>od 28 kwietnia 2021 r.<\/strong>, mo\u017cna odnale\u017a\u0107 na stronie <strong><a href=\"https:\/\/pfrsa.pl\/dam\/jcr:bb557973-6cda-43fa-8c33-97ed4c48f40c\/Regulamin_TF_M%C5%9AP_1.0_umorzenia_13042021_final.pdf\">Polskiego Funduszu Rozwoju<\/a>.<\/strong><\/p>\n","protected":false},"excerpt":{"rendered":"<p>Na stronie Polskiego Funduszu Rozwoju pojawi\u0142y si\u0119 szczeg\u00f3\u0142y pe\u0142nego umorzenia subwencji z Tarczy Finansowej 1.0. Zapoznaj si\u0119 ze nimi, by dowiedzie\u0107 si\u0119, czy Ci&hellip;<\/p>\n","protected":false},"author":96,"featured_media":42443,"comment_status":"open","ping_status":"closed","sticky":false,"template":"","format":"standard","meta":{"_acf_changed":false,"footnotes":""},"categories":[2055,2054,1553,2057,2056],"tags":[],"class_list":["post-42440","post","type-post","status-publish","format-standard","has-post-thumbnail","hentry","category-koszty","category-jednoosobowa-dzialalnosc","category-spolki","category-zatrudnienie","category-regulacje-prawne"],"acf":[],"yoast_head":"<!-- This site is optimized with the Yoast SEO plugin v27.4 - https:\/\/yoast.com\/product\/yoast-seo-wordpress\/ -->\n<title>Umorzenie subwencji PFR - jak z\u0142o\u017cy\u0107 wniosek i terminy - Blog inFakt.pl<\/title>\n<meta name=\"description\" content=\"Zobacz, czy przys\u0142uguje Ci pe\u0142ne umorzenie subwencji z tarczy PFR 1.0. Poznaj warunki sk\u0142adania wniosk\u00f3w oraz szczeg\u00f3\u0142y zwrotu.\" \/>\n<meta name=\"robots\" content=\"index, follow, max-snippet:-1, max-image-preview:large, max-video-preview:-1\" \/>\n<link rel=\"canonical\" href=\"https:\/\/www.infakt.pl\/blog\/umorzenie-subwencji-tarcza-warunki\/\" \/>\n<meta property=\"og:locale\" content=\"pl_PL\" \/>\n<meta property=\"og:type\" content=\"article\" \/>\n<meta property=\"og:title\" content=\"Umorzenie subwencji PFR - jak z\u0142o\u017cy\u0107 wniosek i terminy - Blog inFakt.pl\" \/>\n<meta property=\"og:description\" content=\"Zobacz, czy przys\u0142uguje Ci pe\u0142ne umorzenie subwencji z tarczy PFR 1.0. Poznaj warunki sk\u0142adania wniosk\u00f3w oraz szczeg\u00f3\u0142y zwrotu.\" \/>\n<meta property=\"og:url\" content=\"https:\/\/www.infakt.pl\/blog\/umorzenie-subwencji-tarcza-warunki\/\" \/>\n<meta property=\"og:site_name\" content=\"Infakt Blog\" \/>\n<meta property=\"article:published_time\" content=\"2021-04-16T09:52:35+00:00\" \/>\n<meta property=\"article:modified_time\" content=\"2025-05-16T09:52:48+00:00\" \/>\n<meta property=\"og:image\" content=\"https:\/\/www.infakt.pl\/blog\/wp-content\/uploads\/2021\/04\/4ee2f98a-023c-4608-b924-423c6a0ce1cf.png\" \/>\n\t<meta property=\"og:image:width\" content=\"1280\" \/>\n\t<meta property=\"og:image:height\" content=\"720\" \/>\n\t<meta property=\"og:image:type\" content=\"image\/png\" \/>\n<meta name=\"author\" content=\"Szymon \u017by\u015bko\" \/>\n<meta name=\"twitter:card\" content=\"summary_large_image\" \/>\n<meta name=\"twitter:label1\" content=\"Napisane przez\" \/>\n\t<meta name=\"twitter:data1\" content=\"Szymon \u017by\u015bko\" \/>\n\t<meta name=\"twitter:label2\" content=\"Szacowany czas czytania\" \/>\n\t<meta name=\"twitter:data2\" content=\"8 minut\" \/>\n<script type=\"application\/ld+json\" class=\"yoast-schema-graph\">{\"@context\":\"https:\\\/\\\/schema.org\",\"@graph\":[{\"@type\":\"Article\",\"@id\":\"https:\\\/\\\/www.infakt.pl\\\/blog\\\/umorzenie-subwencji-tarcza-warunki\\\/#article\",\"isPartOf\":{\"@id\":\"https:\\\/\\\/www.infakt.pl\\\/blog\\\/umorzenie-subwencji-tarcza-warunki\\\/\"},\"author\":{\"name\":\"Szymon \u017by\u015bko\",\"@id\":\"https:\\\/\\\/www.infakt.pl\\\/blog\\\/#\\\/schema\\\/person\\\/a6118c2b9eae77945f92b442df0351ae\"},\"headline\":\"Kt\u00f3re firmy mog\u0105 otrzyma\u0107 pe\u0142ne umorzenie subwencji z tarczy PFR 1.0 i jak je uzyska\u0107?\",\"datePublished\":\"2021-04-16T09:52:35+00:00\",\"dateModified\":\"2025-05-16T09:52:48+00:00\",\"mainEntityOfPage\":{\"@id\":\"https:\\\/\\\/www.infakt.pl\\\/blog\\\/umorzenie-subwencji-tarcza-warunki\\\/\"},\"wordCount\":1661,\"commentCount\":0,\"image\":{\"@id\":\"https:\\\/\\\/www.infakt.pl\\\/blog\\\/umorzenie-subwencji-tarcza-warunki\\\/#primaryimage\"},\"thumbnailUrl\":\"https:\\\/\\\/www.infakt.pl\\\/blog\\\/wp-content\\\/uploads\\\/2021\\\/04\\\/4ee2f98a-023c-4608-b924-423c6a0ce1cf.png\",\"articleSection\":[\"Koszty\",\"Jednoosobowa dzia\u0142alno\u015b\u0107\",\"Sp\u00f3\u0142ki\",\"Zatrudnienie\",\"Regulacje prawne\"],\"inLanguage\":\"pl-PL\",\"potentialAction\":[{\"@type\":\"CommentAction\",\"name\":\"Comment\",\"target\":[\"https:\\\/\\\/www.infakt.pl\\\/blog\\\/umorzenie-subwencji-tarcza-warunki\\\/#respond\"]}]},{\"@type\":\"WebPage\",\"@id\":\"https:\\\/\\\/www.infakt.pl\\\/blog\\\/umorzenie-subwencji-tarcza-warunki\\\/\",\"url\":\"https:\\\/\\\/www.infakt.pl\\\/blog\\\/umorzenie-subwencji-tarcza-warunki\\\/\",\"name\":\"Umorzenie subwencji PFR - jak z\u0142o\u017cy\u0107 wniosek i terminy - Blog inFakt.pl\",\"isPartOf\":{\"@id\":\"https:\\\/\\\/www.infakt.pl\\\/blog\\\/#website\"},\"primaryImageOfPage\":{\"@id\":\"https:\\\/\\\/www.infakt.pl\\\/blog\\\/umorzenie-subwencji-tarcza-warunki\\\/#primaryimage\"},\"image\":{\"@id\":\"https:\\\/\\\/www.infakt.pl\\\/blog\\\/umorzenie-subwencji-tarcza-warunki\\\/#primaryimage\"},\"thumbnailUrl\":\"https:\\\/\\\/www.infakt.pl\\\/blog\\\/wp-content\\\/uploads\\\/2021\\\/04\\\/4ee2f98a-023c-4608-b924-423c6a0ce1cf.png\",\"datePublished\":\"2021-04-16T09:52:35+00:00\",\"dateModified\":\"2025-05-16T09:52:48+00:00\",\"author\":{\"@id\":\"https:\\\/\\\/www.infakt.pl\\\/blog\\\/#\\\/schema\\\/person\\\/a6118c2b9eae77945f92b442df0351ae\"},\"description\":\"Zobacz, czy przys\u0142uguje Ci pe\u0142ne umorzenie subwencji z tarczy PFR 1.0. Poznaj warunki sk\u0142adania wniosk\u00f3w oraz szczeg\u00f3\u0142y zwrotu.\",\"breadcrumb\":{\"@id\":\"https:\\\/\\\/www.infakt.pl\\\/blog\\\/umorzenie-subwencji-tarcza-warunki\\\/#breadcrumb\"},\"inLanguage\":\"pl-PL\",\"potentialAction\":[{\"@type\":\"ReadAction\",\"target\":[\"https:\\\/\\\/www.infakt.pl\\\/blog\\\/umorzenie-subwencji-tarcza-warunki\\\/\"]}]},{\"@type\":\"ImageObject\",\"inLanguage\":\"pl-PL\",\"@id\":\"https:\\\/\\\/www.infakt.pl\\\/blog\\\/umorzenie-subwencji-tarcza-warunki\\\/#primaryimage\",\"url\":\"https:\\\/\\\/www.infakt.pl\\\/blog\\\/wp-content\\\/uploads\\\/2021\\\/04\\\/4ee2f98a-023c-4608-b924-423c6a0ce1cf.png\",\"contentUrl\":\"https:\\\/\\\/www.infakt.pl\\\/blog\\\/wp-content\\\/uploads\\\/2021\\\/04\\\/4ee2f98a-023c-4608-b924-423c6a0ce1cf.png\",\"width\":1280,\"height\":720,\"caption\":\"tarcza-umorzenie\"},{\"@type\":\"BreadcrumbList\",\"@id\":\"https:\\\/\\\/www.infakt.pl\\\/blog\\\/umorzenie-subwencji-tarcza-warunki\\\/#breadcrumb\",\"itemListElement\":[{\"@type\":\"ListItem\",\"position\":1,\"name\":\"Blog\",\"item\":\"https:\\\/\\\/www.infakt.pl\\\/blog\\\/\"},{\"@type\":\"ListItem\",\"position\":2,\"name\":\"Koszty\",\"item\":\"https:\\\/\\\/www.infakt.pl\\\/blog\\\/kategoria\\\/koszty\\\/\"},{\"@type\":\"ListItem\",\"position\":3,\"name\":\"Kt\u00f3re firmy mog\u0105 otrzyma\u0107 pe\u0142ne umorzenie subwencji z tarczy PFR 1.0 i ja&hellip;\"}]},{\"@type\":\"WebSite\",\"@id\":\"https:\\\/\\\/www.infakt.pl\\\/blog\\\/#website\",\"url\":\"https:\\\/\\\/www.infakt.pl\\\/blog\\\/\",\"name\":\"Infakt Blog\",\"description\":\"\",\"potentialAction\":[{\"@type\":\"SearchAction\",\"target\":{\"@type\":\"EntryPoint\",\"urlTemplate\":\"https:\\\/\\\/www.infakt.pl\\\/blog\\\/?s={search_term_string}\"},\"query-input\":{\"@type\":\"PropertyValueSpecification\",\"valueRequired\":true,\"valueName\":\"search_term_string\"}}],\"inLanguage\":\"pl-PL\"},{\"@type\":\"Person\",\"@id\":\"https:\\\/\\\/www.infakt.pl\\\/blog\\\/#\\\/schema\\\/person\\\/a6118c2b9eae77945f92b442df0351ae\",\"name\":\"Szymon \u017by\u015bko\",\"image\":{\"@type\":\"ImageObject\",\"inLanguage\":\"pl-PL\",\"@id\":\"https:\\\/\\\/secure.gravatar.com\\\/avatar\\\/bb91a988fcd563189b71641022079d854079d63e1deccb2148c24f5a167956a3?s=96&d=mm&r=g\",\"url\":\"https:\\\/\\\/secure.gravatar.com\\\/avatar\\\/bb91a988fcd563189b71641022079d854079d63e1deccb2148c24f5a167956a3?s=96&d=mm&r=g\",\"contentUrl\":\"https:\\\/\\\/secure.gravatar.com\\\/avatar\\\/bb91a988fcd563189b71641022079d854079d63e1deccb2148c24f5a167956a3?s=96&d=mm&r=g\",\"caption\":\"Szymon \u017by\u015bko\"},\"description\":\"Senior Communication Specialist w inFakt. Od 7 lat szcz\u0119\u015bliwy w\u0142a\u015bciciel swojej w\u0142asnej dzia\u0142alno\u015bci.\",\"url\":\"https:\\\/\\\/www.infakt.pl\\\/blog\\\/author\\\/szymon-zysko\\\/\"}]}<\/script>\n<!-- \/ Yoast SEO plugin. -->","yoast_head_json":{"title":"Umorzenie subwencji PFR - jak z\u0142o\u017cy\u0107 wniosek i terminy - Blog inFakt.pl","description":"Zobacz, czy przys\u0142uguje Ci pe\u0142ne umorzenie subwencji z tarczy PFR 1.0. Poznaj warunki sk\u0142adania wniosk\u00f3w oraz szczeg\u00f3\u0142y zwrotu.","robots":{"index":"index","follow":"follow","max-snippet":"max-snippet:-1","max-image-preview":"max-image-preview:large","max-video-preview":"max-video-preview:-1"},"canonical":"https:\/\/www.infakt.pl\/blog\/umorzenie-subwencji-tarcza-warunki\/","og_locale":"pl_PL","og_type":"article","og_title":"Umorzenie subwencji PFR - jak z\u0142o\u017cy\u0107 wniosek i terminy - Blog inFakt.pl","og_description":"Zobacz, czy przys\u0142uguje Ci pe\u0142ne umorzenie subwencji z tarczy PFR 1.0. Poznaj warunki sk\u0142adania wniosk\u00f3w oraz szczeg\u00f3\u0142y zwrotu.","og_url":"https:\/\/www.infakt.pl\/blog\/umorzenie-subwencji-tarcza-warunki\/","og_site_name":"Infakt Blog","article_published_time":"2021-04-16T09:52:35+00:00","article_modified_time":"2025-05-16T09:52:48+00:00","og_image":[{"width":1280,"height":720,"url":"https:\/\/www.infakt.pl\/blog\/wp-content\/uploads\/2021\/04\/4ee2f98a-023c-4608-b924-423c6a0ce1cf.png","type":"image\/png"}],"author":"Szymon \u017by\u015bko","twitter_card":"summary_large_image","twitter_misc":{"Napisane przez":"Szymon \u017by\u015bko","Szacowany czas czytania":"8 minut"},"schema":{"@context":"https:\/\/schema.org","@graph":[{"@type":"Article","@id":"https:\/\/www.infakt.pl\/blog\/umorzenie-subwencji-tarcza-warunki\/#article","isPartOf":{"@id":"https:\/\/www.infakt.pl\/blog\/umorzenie-subwencji-tarcza-warunki\/"},"author":{"name":"Szymon \u017by\u015bko","@id":"https:\/\/www.infakt.pl\/blog\/#\/schema\/person\/a6118c2b9eae77945f92b442df0351ae"},"headline":"Kt\u00f3re firmy mog\u0105 otrzyma\u0107 pe\u0142ne umorzenie subwencji z tarczy PFR 1.0 i jak je uzyska\u0107?","datePublished":"2021-04-16T09:52:35+00:00","dateModified":"2025-05-16T09:52:48+00:00","mainEntityOfPage":{"@id":"https:\/\/www.infakt.pl\/blog\/umorzenie-subwencji-tarcza-warunki\/"},"wordCount":1661,"commentCount":0,"image":{"@id":"https:\/\/www.infakt.pl\/blog\/umorzenie-subwencji-tarcza-warunki\/#primaryimage"},"thumbnailUrl":"https:\/\/www.infakt.pl\/blog\/wp-content\/uploads\/2021\/04\/4ee2f98a-023c-4608-b924-423c6a0ce1cf.png","articleSection":["Koszty","Jednoosobowa dzia\u0142alno\u015b\u0107","Sp\u00f3\u0142ki","Zatrudnienie","Regulacje prawne"],"inLanguage":"pl-PL","potentialAction":[{"@type":"CommentAction","name":"Comment","target":["https:\/\/www.infakt.pl\/blog\/umorzenie-subwencji-tarcza-warunki\/#respond"]}]},{"@type":"WebPage","@id":"https:\/\/www.infakt.pl\/blog\/umorzenie-subwencji-tarcza-warunki\/","url":"https:\/\/www.infakt.pl\/blog\/umorzenie-subwencji-tarcza-warunki\/","name":"Umorzenie subwencji PFR - jak z\u0142o\u017cy\u0107 wniosek i terminy - Blog inFakt.pl","isPartOf":{"@id":"https:\/\/www.infakt.pl\/blog\/#website"},"primaryImageOfPage":{"@id":"https:\/\/www.infakt.pl\/blog\/umorzenie-subwencji-tarcza-warunki\/#primaryimage"},"image":{"@id":"https:\/\/www.infakt.pl\/blog\/umorzenie-subwencji-tarcza-warunki\/#primaryimage"},"thumbnailUrl":"https:\/\/www.infakt.pl\/blog\/wp-content\/uploads\/2021\/04\/4ee2f98a-023c-4608-b924-423c6a0ce1cf.png","datePublished":"2021-04-16T09:52:35+00:00","dateModified":"2025-05-16T09:52:48+00:00","author":{"@id":"https:\/\/www.infakt.pl\/blog\/#\/schema\/person\/a6118c2b9eae77945f92b442df0351ae"},"description":"Zobacz, czy przys\u0142uguje Ci pe\u0142ne umorzenie subwencji z tarczy PFR 1.0. Poznaj warunki sk\u0142adania wniosk\u00f3w oraz szczeg\u00f3\u0142y zwrotu.","breadcrumb":{"@id":"https:\/\/www.infakt.pl\/blog\/umorzenie-subwencji-tarcza-warunki\/#breadcrumb"},"inLanguage":"pl-PL","potentialAction":[{"@type":"ReadAction","target":["https:\/\/www.infakt.pl\/blog\/umorzenie-subwencji-tarcza-warunki\/"]}]},{"@type":"ImageObject","inLanguage":"pl-PL","@id":"https:\/\/www.infakt.pl\/blog\/umorzenie-subwencji-tarcza-warunki\/#primaryimage","url":"https:\/\/www.infakt.pl\/blog\/wp-content\/uploads\/2021\/04\/4ee2f98a-023c-4608-b924-423c6a0ce1cf.png","contentUrl":"https:\/\/www.infakt.pl\/blog\/wp-content\/uploads\/2021\/04\/4ee2f98a-023c-4608-b924-423c6a0ce1cf.png","width":1280,"height":720,"caption":"tarcza-umorzenie"},{"@type":"BreadcrumbList","@id":"https:\/\/www.infakt.pl\/blog\/umorzenie-subwencji-tarcza-warunki\/#breadcrumb","itemListElement":[{"@type":"ListItem","position":1,"name":"Blog","item":"https:\/\/www.infakt.pl\/blog\/"},{"@type":"ListItem","position":2,"name":"Koszty","item":"https:\/\/www.infakt.pl\/blog\/kategoria\/koszty\/"},{"@type":"ListItem","position":3,"name":"Kt\u00f3re firmy mog\u0105 otrzyma\u0107 pe\u0142ne umorzenie subwencji z tarczy PFR 1.0 i ja&hellip;"}]},{"@type":"WebSite","@id":"https:\/\/www.infakt.pl\/blog\/#website","url":"https:\/\/www.infakt.pl\/blog\/","name":"Infakt Blog","description":"","potentialAction":[{"@type":"SearchAction","target":{"@type":"EntryPoint","urlTemplate":"https:\/\/www.infakt.pl\/blog\/?s={search_term_string}"},"query-input":{"@type":"PropertyValueSpecification","valueRequired":true,"valueName":"search_term_string"}}],"inLanguage":"pl-PL"},{"@type":"Person","@id":"https:\/\/www.infakt.pl\/blog\/#\/schema\/person\/a6118c2b9eae77945f92b442df0351ae","name":"Szymon \u017by\u015bko","image":{"@type":"ImageObject","inLanguage":"pl-PL","@id":"https:\/\/secure.gravatar.com\/avatar\/bb91a988fcd563189b71641022079d854079d63e1deccb2148c24f5a167956a3?s=96&d=mm&r=g","url":"https:\/\/secure.gravatar.com\/avatar\/bb91a988fcd563189b71641022079d854079d63e1deccb2148c24f5a167956a3?s=96&d=mm&r=g","contentUrl":"https:\/\/secure.gravatar.com\/avatar\/bb91a988fcd563189b71641022079d854079d63e1deccb2148c24f5a167956a3?s=96&d=mm&r=g","caption":"Szymon \u017by\u015bko"},"description":"Senior Communication Specialist w inFakt. Od 7 lat szcz\u0119\u015bliwy w\u0142a\u015bciciel swojej w\u0142asnej dzia\u0142alno\u015bci.","url":"https:\/\/www.infakt.pl\/blog\/author\/szymon-zysko\/"}]}},"_links":{"self":[{"href":"https:\/\/www.infakt.pl\/blog\/wp-json\/wp\/v2\/posts\/42440","targetHints":{"allow":["GET"]}}],"collection":[{"href":"https:\/\/www.infakt.pl\/blog\/wp-json\/wp\/v2\/posts"}],"about":[{"href":"https:\/\/www.infakt.pl\/blog\/wp-json\/wp\/v2\/types\/post"}],"author":[{"embeddable":true,"href":"https:\/\/www.infakt.pl\/blog\/wp-json\/wp\/v2\/users\/96"}],"replies":[{"embeddable":true,"href":"https:\/\/www.infakt.pl\/blog\/wp-json\/wp\/v2\/comments?post=42440"}],"version-history":[{"count":14,"href":"https:\/\/www.infakt.pl\/blog\/wp-json\/wp\/v2\/posts\/42440\/revisions"}],"predecessor-version":[{"id":79020,"href":"https:\/\/www.infakt.pl\/blog\/wp-json\/wp\/v2\/posts\/42440\/revisions\/79020"}],"wp:featuredmedia":[{"embeddable":true,"href":"https:\/\/www.infakt.pl\/blog\/wp-json\/wp\/v2\/media\/42443"}],"wp:attachment":[{"href":"https:\/\/www.infakt.pl\/blog\/wp-json\/wp\/v2\/media?parent=42440"}],"wp:term":[{"taxonomy":"category","embeddable":true,"href":"https:\/\/www.infakt.pl\/blog\/wp-json\/wp\/v2\/categories?post=42440"},{"taxonomy":"post_tag","embeddable":true,"href":"https:\/\/www.infakt.pl\/blog\/wp-json\/wp\/v2\/tags?post=42440"}],"curies":[{"name":"wp","href":"https:\/\/api.w.org\/{rel}","templated":true}]}}