{"id":41931,"date":"2021-02-19T08:56:28","date_gmt":"2021-02-19T07:56:28","guid":{"rendered":"https:\/\/www.infakt.pl\/blog\/?p=41931"},"modified":"2024-09-23T11:42:07","modified_gmt":"2024-09-23T09:42:07","slug":"slim-vat-2-uproszczenia-vat-od-1-stycznia-2022","status":"publish","type":"post","link":"https:\/\/www.infakt.pl\/blog\/slim-vat-2-uproszczenia-vat-od-1-stycznia-2022\/","title":{"rendered":"Co to jest SLIM VAT 2? Jak skorzystaj\u0105 na nim przedsi\u0119biorcy?"},"content":{"rendered":"\n<p><strong>Wprowadzony 1 stycznia 2021 r. <a href=\"https:\/\/www.infakt.pl\/blog\/slim-vat\/\">pierwszy pakiet SLIM VAT<\/a> wni\u00f3s\u0142 wiele uproszcze\u0144 w rozliczaniu podatku VAT. Przedsi\u0119biorcy, ksi\u0119gowi i doradcy podatkowi byli jednak zgodni, \u017ce zmiany te nie s\u0105 wystarczaj\u0105ce. W odpowiedzi na te potrzeby Ministerstwo Finans\u00f3w opublikowa\u0142o kolejny pakiet uproszcze\u0144, czyli SLIM VAT 2. Prezydent podpisa\u0142 nowelizacj\u0119 zmian. Pakiet ten ma wej\u015b\u0107 w \u017cycie 1 stycznia 2022 r. Co znajduje si\u0119 w pakiecie?<\/strong><\/p>\n\n\n\n<h2 class=\"wp-block-heading\" id=\"prostsze-fakturowanie\"><strong>Prostsze fakturowani<\/strong>e<\/h2>\n\n\n\n<ul class=\"wp-block-list\">\n<li>Brak obowi\u0105zku oznaczania na fakturze VAT, \u017ce jest to <strong>faktura koryguj\u0105ca<\/strong>.<\/li>\n\n\n\n<li>Brak obowi\u0105zku oznaczenia na fakturze <strong>przyczyny korekty<\/strong>.<\/li>\n\n\n\n<li>Brak obowi\u0105zku oznaczenia na fakturze VAT, \u017ce jest to <strong>duplikat<\/strong>.<\/li>\n\n\n\n<li>Mo\u017cliwo\u015b\u0107 wystawienia faktury na <strong>60 dni przed powstaniem obowi\u0105zku<\/strong> podatkowego.<\/li>\n\n\n\n<li>Mo\u017cliwo\u015b\u0107 wystawienia <strong>jednej faktury koryguj\u0105cej<\/strong> dla kilku dostaw lub us\u0142ug z danego okresu.<\/li>\n\n\n\n<li><strong>Ka\u017cdy bilet<\/strong> b\u0119dzie m\u00f3g\u0142 by\u0107 faktur\u0105 (obecnie mog\u0105 tylko te, kt\u00f3rych trasa podr\u00f3\u017cy jest wi\u0119ksza ni\u017c 50 km).<\/li>\n<\/ul>\n\n\n\n<h2 class=\"wp-block-heading\" id=\"srodki-na-rachunku-vat\"><strong>\u015arodki na rachunku VAT<\/strong><\/h2>\n\n\n\n<ul class=\"wp-block-list\">\n<li>Przedsi\u0119biorcy b\u0119d\u0105 mieli mo\u017cliwo\u015b\u0107<strong> przenoszenia \u015brodk\u00f3w zgromadzonych na kontach VAT<\/strong> pomi\u0119dzy r\u00f3\u017cnymi bankami.<\/li>\n\n\n\n<li>Mo\u017cliwo\u015b\u0107 op\u0142acenia <strong><a href=\"https:\/\/www.infakt.pl\/blog\/skladki-krus\/\">sk\u0142adek KRUS<\/a><\/strong> ze \u015brodk\u00f3w na koncie VAT.<\/li>\n\n\n\n<li>Przed\u0142u\u017cenie terminu na skorzystanie z <strong>ulgi na z\u0142e d\u0142ugi z dw\u00f3ch do trzech lat<\/strong> od wystawienia faktury.<\/li>\n<\/ul>\n\n\n\n<h2 class=\"wp-block-heading\" id=\"przyjazne-odliczenie-vat\"><strong>Przyjazne odliczenie VAT<\/strong><\/h2>\n\n\n\n<ul class=\"wp-block-list\">\n<li>Mo\u017cliwo\u015b\u0107 <strong>odliczenia VAT z <\/strong>&#8222;<strong>zapomnianej<\/strong>&#8221; faktury<strong> nie tylko w miesi\u0105cu<\/strong>, kt\u00f3rego ona dotyczy, ale r\u00f3wnie\u017c <strong>w kolejnych 3 miesi\u0105cach<\/strong> (dla rozliczaj\u0105cych si\u0119 miesi\u0119cznie) lub kolejnych dw\u00f3ch kwarta\u0142ach (dla rozliczaj\u0105cych si\u0119&nbsp;kwartalnie)<\/li>\n\n\n\n<li>Termin na z\u0142o\u017cenie <strong><a href=\"https:\/\/www.infakt.pl\/blog\/darmowe-ebooki\/51-pomyslow-na-koszty-firmowe\/\">VAT-26<\/a><\/strong> (do pe\u0142nego odliczenia VAT na zakup samochodu) <strong>do 25 dnia <\/strong>nast\u0119pnego miesi\u0105ca.<\/li>\n<\/ul>\n\n\n\n<h2 class=\"wp-block-heading\" id=\"vat-w-nieruchomosciach\"><strong>VAT w nieruchomo\u015bciach<\/strong><\/h2>\n\n\n\n<p>Pakiet SLIM VAT 2 przewiduje mo\u017cliwo\u015b\u0107 <strong><a href=\"https:\/\/www.infakt.pl\/blog\/faktura-zw-a-przyczyna-zwolnienia-z-vat\/\">rezygnacji ze zwolnienia VAT<\/a><\/strong> dla os\u00f3b, kt\u00f3re zajmuj\u0105 si\u0119 obrotem nieruchomo\u015bci.<\/p>\n\n\n\n<h2 class=\"wp-block-heading\" id=\"komentarz-eksperta\"><strong>Komentarz eksperta<\/strong><\/h2>\n\n\n\n<blockquote class=\"wp-block-quote is-layout-flow wp-block-quote-is-layout-flow\">\n<p>Piotr Juszczyk, doradca podatkowy inFakt<\/p>\n<cite>Proponowane zmiany wydaj\u0105 si\u0119 by\u0107 w wielu przypadkach du\u017cym uproszczeniem np. powr\u00f3t do zasady sprzed zmiany o przepis\u00f3w przy imporcie us\u0142ug pozwoli unika\u0107 odsetek. Podatnicy obecnie gdy wyka\u017c\u0105 import us\u0142ug po 3 miesi\u0105cach od powstania obowi\u0105zku podatkowego, koryguj\u0105 ten okres i wykazuj\u0105 tylko VAT nale\u017cny, a naliczony \u201ena bie\u017c\u0105co\u201d. W zwi\u0105zku z tym wielokrotnie powstawa\u0142 obowi\u0105zek zap\u0142aty podatku VAT wraz z odsetkami. Po zmianie przepis\u00f3w, podatnik b\u0119dzie m\u00f3g\u0142 przy takiej korekcie od razu odliczy\u0107 podatek VAT. W konsekwencji stanie si\u0119 on neutralnym. W mojej ocenie w pakiecie brakuje odniesienia do wyroku TSUE ws. mo\u017cliwo\u015bci skorzystania z ulgi na z\u0142e d\u0142ugi. A tym samym, zniesienie niezgodnych z przepisami unijnymi warunk\u00f3w. Sam pakiet SLIM VAT 2 ma wej\u015b\u0107 w \u017cycie z dniem 1 stycznia 2022 roku. W zwi\u0105zku z powy\u017cszym by\u0107 mo\u017ce ustawodawca tych zmian dokona szybciej za po\u015brednictwem innej ustawy zmieniaj\u0105ce ustaw\u0119 o podatku od towar\u00f3w i us\u0142ug.<\/cite><\/blockquote>\n\n\n\n\n  <div class=\"design2020\">\n    <div class=\"small-banner features-list\">\n      <span class=\"logo\"><\/span>\n      <div class=\"col mb-xs-24\">\n      <p class=\"small mb-0\"><strong>Ksi\u0119gowo\u015b\u0107 online bez wychodzenia z domu<\/strong><\/p>\n                  <ul class=\"features-list mb-0\">\n            <li>Bez papieru<\/li>\n            <li>Bez dojazd\u00f3w do ksi\u0119gowego<\/li>\n            <li>Bez marnowania Twojego czasu<\/li>\n          <\/ul>\n              <\/div>\n      <div class=\"col-button\">\n        <a href=\"https:\/\/www.infakt.pl\/\" id=\"infakt_small_banner_2\" class=\"button small outline-blue\">Sprawd\u017a<\/a>\n      <\/div>\n    <\/div>\n  <\/div>\n\n  \n","protected":false},"excerpt":{"rendered":"<p>Wprowadzony 1 stycznia 2021 r. pierwszy pakiet SLIM VAT wni\u00f3s\u0142 wiele uproszcze\u0144 w rozliczaniu podatku VAT. Przedsi\u0119biorcy, ksi\u0119gowi i doradcy podatkowi byli jednak zgodni,&hellip;<\/p>\n","protected":false},"author":76,"featured_media":45420,"comment_status":"open","ping_status":"closed","sticky":false,"template":"","format":"standard","meta":{"_acf_changed":false,"footnotes":""},"categories":[6,2056],"tags":[],"class_list":["post-41931","post","type-post","status-publish","format-standard","has-post-thumbnail","hentry","category-podatki","category-regulacje-prawne"],"acf":[],"yoast_head":"<!-- This site is optimized with the Yoast SEO plugin v27.4 - https:\/\/yoast.com\/product\/yoast-seo-wordpress\/ -->\n<title>SLIM VAT 2 - od kiedy wchodzi w \u017cycie i co przewiduje? - Blog inFakt.pl<\/title>\n<meta name=\"description\" content=\"SLIM VAT 2 to u\u0142atwienia w fakturowaniu i zmniejszenie formalno\u015bci dotycz\u0105cych rozliczenia VAT. Wejd\u017a i sprawd\u017a, kiedy wchodzi w \u017cycie i co obejmuje.\" \/>\n<meta name=\"robots\" content=\"index, follow, max-snippet:-1, max-image-preview:large, max-video-preview:-1\" \/>\n<link rel=\"canonical\" href=\"https:\/\/www.infakt.pl\/blog\/slim-vat-2-uproszczenia-vat-od-1-stycznia-2022\/\" \/>\n<meta property=\"og:locale\" content=\"pl_PL\" \/>\n<meta property=\"og:type\" content=\"article\" \/>\n<meta property=\"og:title\" content=\"SLIM VAT 2 - od kiedy wchodzi w \u017cycie i co przewiduje? - Blog inFakt.pl\" \/>\n<meta property=\"og:description\" content=\"SLIM VAT 2 to u\u0142atwienia w fakturowaniu i zmniejszenie formalno\u015bci dotycz\u0105cych rozliczenia VAT. Wejd\u017a i sprawd\u017a, kiedy wchodzi w \u017cycie i co obejmuje.\" \/>\n<meta property=\"og:url\" content=\"https:\/\/www.infakt.pl\/blog\/slim-vat-2-uproszczenia-vat-od-1-stycznia-2022\/\" \/>\n<meta property=\"og:site_name\" content=\"Infakt Blog\" \/>\n<meta property=\"article:published_time\" content=\"2021-02-19T07:56:28+00:00\" \/>\n<meta property=\"article:modified_time\" content=\"2024-09-23T09:42:07+00:00\" \/>\n<meta property=\"og:image\" content=\"https:\/\/www.infakt.pl\/blog\/wp-content\/uploads\/2021\/02\/Matryca-VAT-Copy.png\" \/>\n\t<meta property=\"og:image:width\" content=\"1280\" \/>\n\t<meta property=\"og:image:height\" content=\"720\" \/>\n\t<meta property=\"og:image:type\" content=\"image\/png\" \/>\n<meta name=\"author\" content=\"W\u0142odek Markowicz\" \/>\n<meta name=\"twitter:card\" content=\"summary_large_image\" \/>\n<meta name=\"twitter:label1\" content=\"Napisane przez\" \/>\n\t<meta name=\"twitter:data1\" content=\"W\u0142odek Markowicz\" \/>\n\t<meta name=\"twitter:label2\" content=\"Szacowany czas czytania\" \/>\n\t<meta name=\"twitter:data2\" content=\"3 minuty\" \/>\n<script type=\"application\/ld+json\" class=\"yoast-schema-graph\">{\"@context\":\"https:\\\/\\\/schema.org\",\"@graph\":[{\"@type\":\"Article\",\"@id\":\"https:\\\/\\\/www.infakt.pl\\\/blog\\\/slim-vat-2-uproszczenia-vat-od-1-stycznia-2022\\\/#article\",\"isPartOf\":{\"@id\":\"https:\\\/\\\/www.infakt.pl\\\/blog\\\/slim-vat-2-uproszczenia-vat-od-1-stycznia-2022\\\/\"},\"author\":{\"name\":\"W\u0142odek Markowicz\",\"@id\":\"https:\\\/\\\/www.infakt.pl\\\/blog\\\/#\\\/schema\\\/person\\\/dbfc6670ec43004d8dc2cca18bc5f14c\"},\"headline\":\"Co to jest SLIM VAT 2? Jak skorzystaj\u0105 na nim przedsi\u0119biorcy?\",\"datePublished\":\"2021-02-19T07:56:28+00:00\",\"dateModified\":\"2024-09-23T09:42:07+00:00\",\"mainEntityOfPage\":{\"@id\":\"https:\\\/\\\/www.infakt.pl\\\/blog\\\/slim-vat-2-uproszczenia-vat-od-1-stycznia-2022\\\/\"},\"wordCount\":508,\"commentCount\":0,\"image\":{\"@id\":\"https:\\\/\\\/www.infakt.pl\\\/blog\\\/slim-vat-2-uproszczenia-vat-od-1-stycznia-2022\\\/#primaryimage\"},\"thumbnailUrl\":\"https:\\\/\\\/www.infakt.pl\\\/blog\\\/wp-content\\\/uploads\\\/2021\\\/02\\\/Matryca-VAT-Copy.png\",\"articleSection\":[\"Podatki\",\"Regulacje prawne\"],\"inLanguage\":\"pl-PL\",\"potentialAction\":[{\"@type\":\"CommentAction\",\"name\":\"Comment\",\"target\":[\"https:\\\/\\\/www.infakt.pl\\\/blog\\\/slim-vat-2-uproszczenia-vat-od-1-stycznia-2022\\\/#respond\"]}]},{\"@type\":\"WebPage\",\"@id\":\"https:\\\/\\\/www.infakt.pl\\\/blog\\\/slim-vat-2-uproszczenia-vat-od-1-stycznia-2022\\\/\",\"url\":\"https:\\\/\\\/www.infakt.pl\\\/blog\\\/slim-vat-2-uproszczenia-vat-od-1-stycznia-2022\\\/\",\"name\":\"SLIM VAT 2 - od kiedy wchodzi w \u017cycie i co przewiduje? - Blog inFakt.pl\",\"isPartOf\":{\"@id\":\"https:\\\/\\\/www.infakt.pl\\\/blog\\\/#website\"},\"primaryImageOfPage\":{\"@id\":\"https:\\\/\\\/www.infakt.pl\\\/blog\\\/slim-vat-2-uproszczenia-vat-od-1-stycznia-2022\\\/#primaryimage\"},\"image\":{\"@id\":\"https:\\\/\\\/www.infakt.pl\\\/blog\\\/slim-vat-2-uproszczenia-vat-od-1-stycznia-2022\\\/#primaryimage\"},\"thumbnailUrl\":\"https:\\\/\\\/www.infakt.pl\\\/blog\\\/wp-content\\\/uploads\\\/2021\\\/02\\\/Matryca-VAT-Copy.png\",\"datePublished\":\"2021-02-19T07:56:28+00:00\",\"dateModified\":\"2024-09-23T09:42:07+00:00\",\"author\":{\"@id\":\"https:\\\/\\\/www.infakt.pl\\\/blog\\\/#\\\/schema\\\/person\\\/dbfc6670ec43004d8dc2cca18bc5f14c\"},\"description\":\"SLIM VAT 2 to u\u0142atwienia w fakturowaniu i zmniejszenie formalno\u015bci dotycz\u0105cych rozliczenia VAT. Wejd\u017a i sprawd\u017a, kiedy wchodzi w \u017cycie i co obejmuje.\",\"breadcrumb\":{\"@id\":\"https:\\\/\\\/www.infakt.pl\\\/blog\\\/slim-vat-2-uproszczenia-vat-od-1-stycznia-2022\\\/#breadcrumb\"},\"inLanguage\":\"pl-PL\",\"potentialAction\":[{\"@type\":\"ReadAction\",\"target\":[\"https:\\\/\\\/www.infakt.pl\\\/blog\\\/slim-vat-2-uproszczenia-vat-od-1-stycznia-2022\\\/\"]}]},{\"@type\":\"ImageObject\",\"inLanguage\":\"pl-PL\",\"@id\":\"https:\\\/\\\/www.infakt.pl\\\/blog\\\/slim-vat-2-uproszczenia-vat-od-1-stycznia-2022\\\/#primaryimage\",\"url\":\"https:\\\/\\\/www.infakt.pl\\\/blog\\\/wp-content\\\/uploads\\\/2021\\\/02\\\/Matryca-VAT-Copy.png\",\"contentUrl\":\"https:\\\/\\\/www.infakt.pl\\\/blog\\\/wp-content\\\/uploads\\\/2021\\\/02\\\/Matryca-VAT-Copy.png\",\"width\":1280,\"height\":720,\"caption\":\"Czym jest VAT SLIM 2 i kiedy wejdzie w \u017cycie?\"},{\"@type\":\"BreadcrumbList\",\"@id\":\"https:\\\/\\\/www.infakt.pl\\\/blog\\\/slim-vat-2-uproszczenia-vat-od-1-stycznia-2022\\\/#breadcrumb\",\"itemListElement\":[{\"@type\":\"ListItem\",\"position\":1,\"name\":\"Blog\",\"item\":\"https:\\\/\\\/www.infakt.pl\\\/blog\\\/\"},{\"@type\":\"ListItem\",\"position\":2,\"name\":\"Podatki\",\"item\":\"https:\\\/\\\/www.infakt.pl\\\/blog\\\/kategoria\\\/podatki\\\/\"},{\"@type\":\"ListItem\",\"position\":3,\"name\":\"Co to jest SLIM VAT 2? Jak skorzystaj\u0105 na nim przedsi\u0119biorcy?\"}]},{\"@type\":\"WebSite\",\"@id\":\"https:\\\/\\\/www.infakt.pl\\\/blog\\\/#website\",\"url\":\"https:\\\/\\\/www.infakt.pl\\\/blog\\\/\",\"name\":\"Infakt Blog\",\"description\":\"\",\"potentialAction\":[{\"@type\":\"SearchAction\",\"target\":{\"@type\":\"EntryPoint\",\"urlTemplate\":\"https:\\\/\\\/www.infakt.pl\\\/blog\\\/?s={search_term_string}\"},\"query-input\":{\"@type\":\"PropertyValueSpecification\",\"valueRequired\":true,\"valueName\":\"search_term_string\"}}],\"inLanguage\":\"pl-PL\"},{\"@type\":\"Person\",\"@id\":\"https:\\\/\\\/www.infakt.pl\\\/blog\\\/#\\\/schema\\\/person\\\/dbfc6670ec43004d8dc2cca18bc5f14c\",\"name\":\"W\u0142odek Markowicz\",\"image\":{\"@type\":\"ImageObject\",\"inLanguage\":\"pl-PL\",\"@id\":\"https:\\\/\\\/secure.gravatar.com\\\/avatar\\\/2225e9c25f07a618660866172dfe3053a301e04222831659d1c90c5424a5f00e?s=96&d=mm&r=g\",\"url\":\"https:\\\/\\\/secure.gravatar.com\\\/avatar\\\/2225e9c25f07a618660866172dfe3053a301e04222831659d1c90c5424a5f00e?s=96&d=mm&r=g\",\"contentUrl\":\"https:\\\/\\\/secure.gravatar.com\\\/avatar\\\/2225e9c25f07a618660866172dfe3053a301e04222831659d1c90c5424a5f00e?s=96&d=mm&r=g\",\"caption\":\"W\u0142odek Markowicz\"},\"description\":\"Swoj\u0105 przygod\u0119 z inFaktem rozpocz\u0105\u0142 w 2014 roku jako... klient. Od 2018 roku zwi\u0105zany z firm\u0105 zawodowo \u2013 zaczyna\u0142 w Dziale Obs\u0142ugi Klienta, nast\u0119pnie kierowa\u0142 marketingiem i produktem. Dzi\u015b wiceprezes inFaktu, wyznacza strategiczny kierunek rozwoju firmy. Prywatnie m\u0105\u017c i ojciec dw\u00f3jki dzieci.\",\"url\":\"https:\\\/\\\/www.infakt.pl\\\/blog\\\/author\\\/wlodek-markowicz\\\/\"}]}<\/script>\n<!-- \/ Yoast SEO plugin. -->","yoast_head_json":{"title":"SLIM VAT 2 - od kiedy wchodzi w \u017cycie i co przewiduje? - Blog inFakt.pl","description":"SLIM VAT 2 to u\u0142atwienia w fakturowaniu i zmniejszenie formalno\u015bci dotycz\u0105cych rozliczenia VAT. Wejd\u017a i sprawd\u017a, kiedy wchodzi w \u017cycie i co obejmuje.","robots":{"index":"index","follow":"follow","max-snippet":"max-snippet:-1","max-image-preview":"max-image-preview:large","max-video-preview":"max-video-preview:-1"},"canonical":"https:\/\/www.infakt.pl\/blog\/slim-vat-2-uproszczenia-vat-od-1-stycznia-2022\/","og_locale":"pl_PL","og_type":"article","og_title":"SLIM VAT 2 - od kiedy wchodzi w \u017cycie i co przewiduje? - Blog inFakt.pl","og_description":"SLIM VAT 2 to u\u0142atwienia w fakturowaniu i zmniejszenie formalno\u015bci dotycz\u0105cych rozliczenia VAT. Wejd\u017a i sprawd\u017a, kiedy wchodzi w \u017cycie i co obejmuje.","og_url":"https:\/\/www.infakt.pl\/blog\/slim-vat-2-uproszczenia-vat-od-1-stycznia-2022\/","og_site_name":"Infakt Blog","article_published_time":"2021-02-19T07:56:28+00:00","article_modified_time":"2024-09-23T09:42:07+00:00","og_image":[{"width":1280,"height":720,"url":"https:\/\/www.infakt.pl\/blog\/wp-content\/uploads\/2021\/02\/Matryca-VAT-Copy.png","type":"image\/png"}],"author":"W\u0142odek Markowicz","twitter_card":"summary_large_image","twitter_misc":{"Napisane przez":"W\u0142odek Markowicz","Szacowany czas czytania":"3 minuty"},"schema":{"@context":"https:\/\/schema.org","@graph":[{"@type":"Article","@id":"https:\/\/www.infakt.pl\/blog\/slim-vat-2-uproszczenia-vat-od-1-stycznia-2022\/#article","isPartOf":{"@id":"https:\/\/www.infakt.pl\/blog\/slim-vat-2-uproszczenia-vat-od-1-stycznia-2022\/"},"author":{"name":"W\u0142odek Markowicz","@id":"https:\/\/www.infakt.pl\/blog\/#\/schema\/person\/dbfc6670ec43004d8dc2cca18bc5f14c"},"headline":"Co to jest SLIM VAT 2? Jak skorzystaj\u0105 na nim przedsi\u0119biorcy?","datePublished":"2021-02-19T07:56:28+00:00","dateModified":"2024-09-23T09:42:07+00:00","mainEntityOfPage":{"@id":"https:\/\/www.infakt.pl\/blog\/slim-vat-2-uproszczenia-vat-od-1-stycznia-2022\/"},"wordCount":508,"commentCount":0,"image":{"@id":"https:\/\/www.infakt.pl\/blog\/slim-vat-2-uproszczenia-vat-od-1-stycznia-2022\/#primaryimage"},"thumbnailUrl":"https:\/\/www.infakt.pl\/blog\/wp-content\/uploads\/2021\/02\/Matryca-VAT-Copy.png","articleSection":["Podatki","Regulacje prawne"],"inLanguage":"pl-PL","potentialAction":[{"@type":"CommentAction","name":"Comment","target":["https:\/\/www.infakt.pl\/blog\/slim-vat-2-uproszczenia-vat-od-1-stycznia-2022\/#respond"]}]},{"@type":"WebPage","@id":"https:\/\/www.infakt.pl\/blog\/slim-vat-2-uproszczenia-vat-od-1-stycznia-2022\/","url":"https:\/\/www.infakt.pl\/blog\/slim-vat-2-uproszczenia-vat-od-1-stycznia-2022\/","name":"SLIM VAT 2 - od kiedy wchodzi w \u017cycie i co przewiduje? - Blog inFakt.pl","isPartOf":{"@id":"https:\/\/www.infakt.pl\/blog\/#website"},"primaryImageOfPage":{"@id":"https:\/\/www.infakt.pl\/blog\/slim-vat-2-uproszczenia-vat-od-1-stycznia-2022\/#primaryimage"},"image":{"@id":"https:\/\/www.infakt.pl\/blog\/slim-vat-2-uproszczenia-vat-od-1-stycznia-2022\/#primaryimage"},"thumbnailUrl":"https:\/\/www.infakt.pl\/blog\/wp-content\/uploads\/2021\/02\/Matryca-VAT-Copy.png","datePublished":"2021-02-19T07:56:28+00:00","dateModified":"2024-09-23T09:42:07+00:00","author":{"@id":"https:\/\/www.infakt.pl\/blog\/#\/schema\/person\/dbfc6670ec43004d8dc2cca18bc5f14c"},"description":"SLIM VAT 2 to u\u0142atwienia w fakturowaniu i zmniejszenie formalno\u015bci dotycz\u0105cych rozliczenia VAT. Wejd\u017a i sprawd\u017a, kiedy wchodzi w \u017cycie i co obejmuje.","breadcrumb":{"@id":"https:\/\/www.infakt.pl\/blog\/slim-vat-2-uproszczenia-vat-od-1-stycznia-2022\/#breadcrumb"},"inLanguage":"pl-PL","potentialAction":[{"@type":"ReadAction","target":["https:\/\/www.infakt.pl\/blog\/slim-vat-2-uproszczenia-vat-od-1-stycznia-2022\/"]}]},{"@type":"ImageObject","inLanguage":"pl-PL","@id":"https:\/\/www.infakt.pl\/blog\/slim-vat-2-uproszczenia-vat-od-1-stycznia-2022\/#primaryimage","url":"https:\/\/www.infakt.pl\/blog\/wp-content\/uploads\/2021\/02\/Matryca-VAT-Copy.png","contentUrl":"https:\/\/www.infakt.pl\/blog\/wp-content\/uploads\/2021\/02\/Matryca-VAT-Copy.png","width":1280,"height":720,"caption":"Czym jest VAT SLIM 2 i kiedy wejdzie w \u017cycie?"},{"@type":"BreadcrumbList","@id":"https:\/\/www.infakt.pl\/blog\/slim-vat-2-uproszczenia-vat-od-1-stycznia-2022\/#breadcrumb","itemListElement":[{"@type":"ListItem","position":1,"name":"Blog","item":"https:\/\/www.infakt.pl\/blog\/"},{"@type":"ListItem","position":2,"name":"Podatki","item":"https:\/\/www.infakt.pl\/blog\/kategoria\/podatki\/"},{"@type":"ListItem","position":3,"name":"Co to jest SLIM VAT 2? Jak skorzystaj\u0105 na nim przedsi\u0119biorcy?"}]},{"@type":"WebSite","@id":"https:\/\/www.infakt.pl\/blog\/#website","url":"https:\/\/www.infakt.pl\/blog\/","name":"Infakt Blog","description":"","potentialAction":[{"@type":"SearchAction","target":{"@type":"EntryPoint","urlTemplate":"https:\/\/www.infakt.pl\/blog\/?s={search_term_string}"},"query-input":{"@type":"PropertyValueSpecification","valueRequired":true,"valueName":"search_term_string"}}],"inLanguage":"pl-PL"},{"@type":"Person","@id":"https:\/\/www.infakt.pl\/blog\/#\/schema\/person\/dbfc6670ec43004d8dc2cca18bc5f14c","name":"W\u0142odek Markowicz","image":{"@type":"ImageObject","inLanguage":"pl-PL","@id":"https:\/\/secure.gravatar.com\/avatar\/2225e9c25f07a618660866172dfe3053a301e04222831659d1c90c5424a5f00e?s=96&d=mm&r=g","url":"https:\/\/secure.gravatar.com\/avatar\/2225e9c25f07a618660866172dfe3053a301e04222831659d1c90c5424a5f00e?s=96&d=mm&r=g","contentUrl":"https:\/\/secure.gravatar.com\/avatar\/2225e9c25f07a618660866172dfe3053a301e04222831659d1c90c5424a5f00e?s=96&d=mm&r=g","caption":"W\u0142odek Markowicz"},"description":"Swoj\u0105 przygod\u0119 z inFaktem rozpocz\u0105\u0142 w 2014 roku jako... klient. Od 2018 roku zwi\u0105zany z firm\u0105 zawodowo \u2013 zaczyna\u0142 w Dziale Obs\u0142ugi Klienta, nast\u0119pnie kierowa\u0142 marketingiem i produktem. Dzi\u015b wiceprezes inFaktu, wyznacza strategiczny kierunek rozwoju firmy. Prywatnie m\u0105\u017c i ojciec dw\u00f3jki dzieci.","url":"https:\/\/www.infakt.pl\/blog\/author\/wlodek-markowicz\/"}]}},"_links":{"self":[{"href":"https:\/\/www.infakt.pl\/blog\/wp-json\/wp\/v2\/posts\/41931","targetHints":{"allow":["GET"]}}],"collection":[{"href":"https:\/\/www.infakt.pl\/blog\/wp-json\/wp\/v2\/posts"}],"about":[{"href":"https:\/\/www.infakt.pl\/blog\/wp-json\/wp\/v2\/types\/post"}],"author":[{"embeddable":true,"href":"https:\/\/www.infakt.pl\/blog\/wp-json\/wp\/v2\/users\/76"}],"replies":[{"embeddable":true,"href":"https:\/\/www.infakt.pl\/blog\/wp-json\/wp\/v2\/comments?post=41931"}],"version-history":[{"count":13,"href":"https:\/\/www.infakt.pl\/blog\/wp-json\/wp\/v2\/posts\/41931\/revisions"}],"predecessor-version":[{"id":76161,"href":"https:\/\/www.infakt.pl\/blog\/wp-json\/wp\/v2\/posts\/41931\/revisions\/76161"}],"wp:featuredmedia":[{"embeddable":true,"href":"https:\/\/www.infakt.pl\/blog\/wp-json\/wp\/v2\/media\/45420"}],"wp:attachment":[{"href":"https:\/\/www.infakt.pl\/blog\/wp-json\/wp\/v2\/media?parent=41931"}],"wp:term":[{"taxonomy":"category","embeddable":true,"href":"https:\/\/www.infakt.pl\/blog\/wp-json\/wp\/v2\/categories?post=41931"},{"taxonomy":"post_tag","embeddable":true,"href":"https:\/\/www.infakt.pl\/blog\/wp-json\/wp\/v2\/tags?post=41931"}],"curies":[{"name":"wp","href":"https:\/\/api.w.org\/{rel}","templated":true}]}}