{"id":41323,"date":"2020-11-04T09:48:15","date_gmt":"2020-11-04T08:48:15","guid":{"rendered":"https:\/\/www.infakt.pl\/blog\/?p=41323"},"modified":"2021-09-13T19:00:40","modified_gmt":"2021-09-13T17:00:40","slug":"nowosci-w-infakcie-gtu-na-wydruku-faktury-i-nowe-role","status":"publish","type":"post","link":"https:\/\/www.infakt.pl\/blog\/nowosci-w-infakcie-gtu-na-wydruku-faktury-i-nowe-role\/","title":{"rendered":"Nowo\u015bci w inFakcie. GTU na wydruku faktury i nowe role"},"content":{"rendered":"\n<p>Nie zwalniamy tempa. Uwa\u017cnie przygl\u0105damy si\u0119 rownie\u017c Waszym sugestiom i stale dodajemy nowe funkcje do aplikacji. Zobaczcie, co uda\u0142o nam si\u0119 wprowadzi\u0107 w ostatnim czasie.<\/p>\n\n\n\n<h2 class=\"wp-block-heading\" id=\"gtu\"><strong>Kody GTU na wydruku faktury<\/strong><\/h2>\n\n\n\n<figure class=\"wp-block-image\"><img decoding=\"async\" loading=\"lazy\" width=\"600\" height=\"337\"  src=\"https:\/\/www.infakt.pl\/blog\/wp-content\/uploads\/2020\/11\/ezgif.com-optimize-11.gif\" alt=\"\" width=\"100%\" style=\"border: 1px solid #E1E5E9;\" class=\"wp-image-40942\"><\/figure>\n\n\n\n<p>Aby w\u0142\u0105czy\u0107 wy\u015bwietlanie kod\u00f3w GTU na wydruku faktury, przejd\u017a do Ustawie\u0144 -&gt; Faktury -&gt; Og\u00f3lne -&gt; Edytuj ustawienia og\u00f3lne -&gt; Kliknij &#8222;Tak&#8221; przy pozycji &#8222;GTU na wydruku faktury&#8221;. Je\u015bli chcesz, mo\u017cesz r\u00f3wnie\u017c w\u0142\u0105czy\u0107 wy\u015bwietlanie oznacze\u0144 transakcji.<\/p>\n\n\n\n<h2 class=\"wp-block-heading\" id=\"ewidencja\"><strong>Ewidencja obrotu<\/strong><\/h2>\n\n\n\n<figure class=\"wp-block-image\"><img decoding=\"async\" loading=\"lazy\" width=\"600\" height=\"337\"  src=\"https:\/\/www.infakt.pl\/blog\/wp-content\/uploads\/2020\/11\/ewidencja.gif\" alt=\"\" width=\"100%\" style=\"border: 1px solid #E1E5E9;\" class=\"wp-image-41342\"><\/figure>\n\n\n\n<p>Generuj raporty CSV o swojej ewidencji obrot\u00f3w razem z kodami GTU i oznaczeniami transakcji.<\/p>\n\n\n\n<h2 class=\"wp-block-heading\" id=\"role\"><strong>Nowe role dla wsp\u00f3\u0142pracownik\u00f3w<\/strong><\/h2>\n\n\n\n<figure class=\"wp-block-image\"><img decoding=\"async\" loading=\"lazy\" width=\"600\" height=\"337\"  src=\"https:\/\/www.infakt.pl\/blog\/wp-content\/uploads\/2020\/11\/wspolpracownicy1.gif\" alt=\"\" width=\"100%\" style=\"border: 1px solid #E1E5E9;\" class=\"wp-image-41332\"><\/figure>\n\n\n\n<p>W\u0142\u0105czamy wi\u0119cej mo\u017cliwo\u015bci przypisania dost\u0119pu do konta. Zmienili\u015bmy r\u00f3wnie\u017c nazwy r\u00f3l, aby u\u0142atwi\u0107 Wam wyb\u00f3r. Ka\u017cda rola posiada kr\u00f3tki i przejrzysty opis dozwolonych i niedozwolonych operacji na koncie.<\/p>\n\n\n\n<p>W ka\u017cdej chwili mo\u017cesz anulowa\u0107 wys\u0142ane zaproszenie do konta. Aby to zrobi\u0107, kliknij &#8222;Usu\u0144&#8221; na li\u015bcie zaproszonych os\u00f3b.<\/p>\n\n\n\n<h2 class=\"wp-block-heading\" id=\"jpk\"><strong>Wysy\u0142anie i op\u0142acanie JPK_V7<\/strong><\/h2>\n\n\n\n<figure class=\"wp-block-image\"><img decoding=\"async\" loading=\"lazy\" width=\"600\" height=\"337\"  src=\"https:\/\/www.infakt.pl\/blog\/wp-content\/uploads\/2020\/11\/oplacaj-jpk.gif\" alt=\"\" width=\"100%\" style=\"border: 1px solid #E1E5E9;\" class=\"wp-image-41333\"><\/figure>\n\n\n\n<p>Listopad jest pierwszym miesi\u0105cem wysy\u0142ki i op\u0142acenia nowego pliku JPK. W inFakcie mo\u017cesz ju\u017c pobiera\u0107, wysy\u0142a\u0107 i op\u0142aca\u0107 JPK_V7 bezpo\u015brednio z aplikacji.<\/p>\n\n\n\n<h2 class=\"wp-block-heading\" id=\"apka\"><strong>Aktualizacja aplikacji iOS i Android<\/strong><\/h2>\n\n\n\n<p>Poprawili\u015bmy stabilno\u015b\u0107 aplikacji, usun\u0119li\u015bmy b\u0142\u0119dy i dodali\u015bmy pe\u0142n\u0105 obs\u0142ug\u0119 JPK_V7 wraz z kodami GTU i oznaczeniami transakcji.<\/p>\n\n\n\n<h2 class=\"wp-block-heading\" id=\"kasa\"><strong>Ulga na kas\u0119 fiskaln\u0105<\/strong><\/h2>\n\n\n\n<figure class=\"wp-block-image\"><img decoding=\"async\" loading=\"lazy\" width=\"600\" height=\"337\"  src=\"https:\/\/www.infakt.pl\/blog\/wp-content\/uploads\/2020\/11\/ulga-na-kase.gif\" alt=\"\" width=\"100%\" style=\"border: 1px solid #E1E5E9;\" class=\"wp-image-41334\"><\/figure>\n\n\n\n<p>Umo\u017cliwili\u015bmy poprawne rozliczenie ulgi na zakup kasy fiskalnej. Przedsi\u0119biorcy mog\u0105 uzyska\u0107 zwrot w wysoko\u015bci 90% ceny zakupu kasy, ale nie wi\u0119cej ni\u017c 700 z\u0142. Zobacz <a href=\"https:\/\/pomoc.infakt.pl\/hc\/pl\/articles\/360016950080-Jak-wprowadzi\u0107-ulg\u0119-na-zakup-kasy-fiskalnej-w-aplikacji-\">jak wprowadzi\u0107 ulg\u0119 w aplikacji<\/a>.<\/p>\n\n\n\n<div style=\"height:35px\" aria-hidden=\"true\" class=\"wp-block-spacer\"><\/div>\n","protected":false},"excerpt":{"rendered":"<p>Nie zwalniamy tempa. Uwa\u017cnie przygl\u0105damy si\u0119 rownie\u017c Waszym sugestiom i stale dodajemy nowe funkcje do aplikacji. Zobaczcie, co uda\u0142o nam si\u0119 wprowadzi\u0107 w ostatnim czasie.<\/p>\n","protected":false},"author":76,"featured_media":41349,"comment_status":"open","ping_status":"closed","sticky":false,"template":"","format":"standard","meta":{"_acf_changed":false,"footnotes":""},"categories":[2052],"tags":[],"class_list":["post-41323","post","type-post","status-publish","format-standard","has-post-thumbnail","hentry","category-aktualnosci"],"acf":[],"yoast_head":"<!-- This site is optimized with the Yoast SEO plugin v27.4 - https:\/\/yoast.com\/product\/yoast-seo-wordpress\/ -->\n<title>Nowo\u015bci w inFakcie. GTU na wydruku faktury i nowe role - blog inFakt<\/title>\n<meta name=\"robots\" content=\"index, follow, max-snippet:-1, max-image-preview:large, max-video-preview:-1\" \/>\n<link rel=\"canonical\" href=\"https:\/\/www.infakt.pl\/blog\/nowosci-w-infakcie-gtu-na-wydruku-faktury-i-nowe-role\/\" \/>\n<meta property=\"og:locale\" content=\"pl_PL\" \/>\n<meta property=\"og:type\" content=\"article\" \/>\n<meta property=\"og:title\" content=\"Nowo\u015bci w inFakcie. GTU na wydruku faktury i nowe role - blog inFakt\" \/>\n<meta property=\"og:description\" content=\"Nie zwalniamy tempa. Uwa\u017cnie przygl\u0105damy si\u0119 rownie\u017c Waszym sugestiom i stale dodajemy nowe funkcje do aplikacji. Zobaczcie, co uda\u0142o nam si\u0119 wprowadzi\u0107 w ostatnim czasie.\" \/>\n<meta property=\"og:url\" content=\"https:\/\/www.infakt.pl\/blog\/nowosci-w-infakcie-gtu-na-wydruku-faktury-i-nowe-role\/\" \/>\n<meta property=\"og:site_name\" content=\"Infakt Blog\" \/>\n<meta property=\"article:published_time\" content=\"2020-11-04T08:48:15+00:00\" \/>\n<meta property=\"article:modified_time\" content=\"2021-09-13T17:00:40+00:00\" \/>\n<meta property=\"og:image\" content=\"https:\/\/www.infakt.pl\/blog\/wp-content\/uploads\/2020\/11\/nowosci.png\" \/>\n\t<meta property=\"og:image:width\" content=\"1280\" \/>\n\t<meta property=\"og:image:height\" content=\"720\" \/>\n\t<meta property=\"og:image:type\" content=\"image\/png\" \/>\n<meta name=\"author\" content=\"W\u0142odek Markowicz\" \/>\n<meta name=\"twitter:card\" content=\"summary_large_image\" \/>\n<meta name=\"twitter:label1\" content=\"Napisane przez\" \/>\n\t<meta name=\"twitter:data1\" content=\"W\u0142odek Markowicz\" \/>\n\t<meta name=\"twitter:label2\" content=\"Szacowany czas czytania\" \/>\n\t<meta name=\"twitter:data2\" content=\"1 minuta\" \/>\n<script type=\"application\/ld+json\" class=\"yoast-schema-graph\">{\"@context\":\"https:\\\/\\\/schema.org\",\"@graph\":[{\"@type\":\"Article\",\"@id\":\"https:\\\/\\\/www.infakt.pl\\\/blog\\\/nowosci-w-infakcie-gtu-na-wydruku-faktury-i-nowe-role\\\/#article\",\"isPartOf\":{\"@id\":\"https:\\\/\\\/www.infakt.pl\\\/blog\\\/nowosci-w-infakcie-gtu-na-wydruku-faktury-i-nowe-role\\\/\"},\"author\":{\"name\":\"W\u0142odek Markowicz\",\"@id\":\"https:\\\/\\\/www.infakt.pl\\\/blog\\\/#\\\/schema\\\/person\\\/dbfc6670ec43004d8dc2cca18bc5f14c\"},\"headline\":\"Nowo\u015bci w inFakcie. GTU na wydruku faktury i nowe role\",\"datePublished\":\"2020-11-04T08:48:15+00:00\",\"dateModified\":\"2021-09-13T17:00:40+00:00\",\"mainEntityOfPage\":{\"@id\":\"https:\\\/\\\/www.infakt.pl\\\/blog\\\/nowosci-w-infakcie-gtu-na-wydruku-faktury-i-nowe-role\\\/\"},\"wordCount\":284,\"commentCount\":0,\"image\":{\"@id\":\"https:\\\/\\\/www.infakt.pl\\\/blog\\\/nowosci-w-infakcie-gtu-na-wydruku-faktury-i-nowe-role\\\/#primaryimage\"},\"thumbnailUrl\":\"https:\\\/\\\/www.infakt.pl\\\/blog\\\/wp-content\\\/uploads\\\/2020\\\/11\\\/nowosci.png\",\"articleSection\":[\"Aktualno\u015bci\"],\"inLanguage\":\"pl-PL\",\"potentialAction\":[{\"@type\":\"CommentAction\",\"name\":\"Comment\",\"target\":[\"https:\\\/\\\/www.infakt.pl\\\/blog\\\/nowosci-w-infakcie-gtu-na-wydruku-faktury-i-nowe-role\\\/#respond\"]}]},{\"@type\":\"WebPage\",\"@id\":\"https:\\\/\\\/www.infakt.pl\\\/blog\\\/nowosci-w-infakcie-gtu-na-wydruku-faktury-i-nowe-role\\\/\",\"url\":\"https:\\\/\\\/www.infakt.pl\\\/blog\\\/nowosci-w-infakcie-gtu-na-wydruku-faktury-i-nowe-role\\\/\",\"name\":\"Nowo\u015bci w inFakcie. GTU na wydruku faktury i nowe role - blog inFakt\",\"isPartOf\":{\"@id\":\"https:\\\/\\\/www.infakt.pl\\\/blog\\\/#website\"},\"primaryImageOfPage\":{\"@id\":\"https:\\\/\\\/www.infakt.pl\\\/blog\\\/nowosci-w-infakcie-gtu-na-wydruku-faktury-i-nowe-role\\\/#primaryimage\"},\"image\":{\"@id\":\"https:\\\/\\\/www.infakt.pl\\\/blog\\\/nowosci-w-infakcie-gtu-na-wydruku-faktury-i-nowe-role\\\/#primaryimage\"},\"thumbnailUrl\":\"https:\\\/\\\/www.infakt.pl\\\/blog\\\/wp-content\\\/uploads\\\/2020\\\/11\\\/nowosci.png\",\"datePublished\":\"2020-11-04T08:48:15+00:00\",\"dateModified\":\"2021-09-13T17:00:40+00:00\",\"author\":{\"@id\":\"https:\\\/\\\/www.infakt.pl\\\/blog\\\/#\\\/schema\\\/person\\\/dbfc6670ec43004d8dc2cca18bc5f14c\"},\"breadcrumb\":{\"@id\":\"https:\\\/\\\/www.infakt.pl\\\/blog\\\/nowosci-w-infakcie-gtu-na-wydruku-faktury-i-nowe-role\\\/#breadcrumb\"},\"inLanguage\":\"pl-PL\",\"potentialAction\":[{\"@type\":\"ReadAction\",\"target\":[\"https:\\\/\\\/www.infakt.pl\\\/blog\\\/nowosci-w-infakcie-gtu-na-wydruku-faktury-i-nowe-role\\\/\"]}]},{\"@type\":\"ImageObject\",\"inLanguage\":\"pl-PL\",\"@id\":\"https:\\\/\\\/www.infakt.pl\\\/blog\\\/nowosci-w-infakcie-gtu-na-wydruku-faktury-i-nowe-role\\\/#primaryimage\",\"url\":\"https:\\\/\\\/www.infakt.pl\\\/blog\\\/wp-content\\\/uploads\\\/2020\\\/11\\\/nowosci.png\",\"contentUrl\":\"https:\\\/\\\/www.infakt.pl\\\/blog\\\/wp-content\\\/uploads\\\/2020\\\/11\\\/nowosci.png\",\"width\":1280,\"height\":720},{\"@type\":\"BreadcrumbList\",\"@id\":\"https:\\\/\\\/www.infakt.pl\\\/blog\\\/nowosci-w-infakcie-gtu-na-wydruku-faktury-i-nowe-role\\\/#breadcrumb\",\"itemListElement\":[{\"@type\":\"ListItem\",\"position\":1,\"name\":\"Blog\",\"item\":\"https:\\\/\\\/www.infakt.pl\\\/blog\\\/\"},{\"@type\":\"ListItem\",\"position\":2,\"name\":\"Aktualno\u015bci\",\"item\":\"https:\\\/\\\/www.infakt.pl\\\/blog\\\/kategoria\\\/aktualnosci\\\/\"},{\"@type\":\"ListItem\",\"position\":3,\"name\":\"Nowo\u015bci w inFakcie. GTU na wydruku faktury i nowe role\"}]},{\"@type\":\"WebSite\",\"@id\":\"https:\\\/\\\/www.infakt.pl\\\/blog\\\/#website\",\"url\":\"https:\\\/\\\/www.infakt.pl\\\/blog\\\/\",\"name\":\"Infakt Blog\",\"description\":\"\",\"potentialAction\":[{\"@type\":\"SearchAction\",\"target\":{\"@type\":\"EntryPoint\",\"urlTemplate\":\"https:\\\/\\\/www.infakt.pl\\\/blog\\\/?s={search_term_string}\"},\"query-input\":{\"@type\":\"PropertyValueSpecification\",\"valueRequired\":true,\"valueName\":\"search_term_string\"}}],\"inLanguage\":\"pl-PL\"},{\"@type\":\"Person\",\"@id\":\"https:\\\/\\\/www.infakt.pl\\\/blog\\\/#\\\/schema\\\/person\\\/dbfc6670ec43004d8dc2cca18bc5f14c\",\"name\":\"W\u0142odek Markowicz\",\"image\":{\"@type\":\"ImageObject\",\"inLanguage\":\"pl-PL\",\"@id\":\"https:\\\/\\\/secure.gravatar.com\\\/avatar\\\/2225e9c25f07a618660866172dfe3053a301e04222831659d1c90c5424a5f00e?s=96&d=mm&r=g\",\"url\":\"https:\\\/\\\/secure.gravatar.com\\\/avatar\\\/2225e9c25f07a618660866172dfe3053a301e04222831659d1c90c5424a5f00e?s=96&d=mm&r=g\",\"contentUrl\":\"https:\\\/\\\/secure.gravatar.com\\\/avatar\\\/2225e9c25f07a618660866172dfe3053a301e04222831659d1c90c5424a5f00e?s=96&d=mm&r=g\",\"caption\":\"W\u0142odek Markowicz\"},\"description\":\"Swoj\u0105 przygod\u0119 z inFaktem rozpocz\u0105\u0142 w 2014 roku jako... klient. Od 2018 roku zwi\u0105zany z firm\u0105 zawodowo \u2013 zaczyna\u0142 w Dziale Obs\u0142ugi Klienta, nast\u0119pnie kierowa\u0142 marketingiem i produktem. Dzi\u015b wiceprezes inFaktu, wyznacza strategiczny kierunek rozwoju firmy. Prywatnie m\u0105\u017c i ojciec dw\u00f3jki dzieci.\",\"url\":\"https:\\\/\\\/www.infakt.pl\\\/blog\\\/author\\\/wlodek-markowicz\\\/\"}]}<\/script>\n<!-- \/ Yoast SEO plugin. -->","yoast_head_json":{"title":"Nowo\u015bci w inFakcie. GTU na wydruku faktury i nowe role - blog inFakt","robots":{"index":"index","follow":"follow","max-snippet":"max-snippet:-1","max-image-preview":"max-image-preview:large","max-video-preview":"max-video-preview:-1"},"canonical":"https:\/\/www.infakt.pl\/blog\/nowosci-w-infakcie-gtu-na-wydruku-faktury-i-nowe-role\/","og_locale":"pl_PL","og_type":"article","og_title":"Nowo\u015bci w inFakcie. GTU na wydruku faktury i nowe role - blog inFakt","og_description":"Nie zwalniamy tempa. Uwa\u017cnie przygl\u0105damy si\u0119 rownie\u017c Waszym sugestiom i stale dodajemy nowe funkcje do aplikacji. Zobaczcie, co uda\u0142o nam si\u0119 wprowadzi\u0107 w ostatnim czasie.","og_url":"https:\/\/www.infakt.pl\/blog\/nowosci-w-infakcie-gtu-na-wydruku-faktury-i-nowe-role\/","og_site_name":"Infakt Blog","article_published_time":"2020-11-04T08:48:15+00:00","article_modified_time":"2021-09-13T17:00:40+00:00","og_image":[{"width":1280,"height":720,"url":"https:\/\/www.infakt.pl\/blog\/wp-content\/uploads\/2020\/11\/nowosci.png","type":"image\/png"}],"author":"W\u0142odek Markowicz","twitter_card":"summary_large_image","twitter_misc":{"Napisane przez":"W\u0142odek Markowicz","Szacowany czas czytania":"1 minuta"},"schema":{"@context":"https:\/\/schema.org","@graph":[{"@type":"Article","@id":"https:\/\/www.infakt.pl\/blog\/nowosci-w-infakcie-gtu-na-wydruku-faktury-i-nowe-role\/#article","isPartOf":{"@id":"https:\/\/www.infakt.pl\/blog\/nowosci-w-infakcie-gtu-na-wydruku-faktury-i-nowe-role\/"},"author":{"name":"W\u0142odek Markowicz","@id":"https:\/\/www.infakt.pl\/blog\/#\/schema\/person\/dbfc6670ec43004d8dc2cca18bc5f14c"},"headline":"Nowo\u015bci w inFakcie. GTU na wydruku faktury i nowe role","datePublished":"2020-11-04T08:48:15+00:00","dateModified":"2021-09-13T17:00:40+00:00","mainEntityOfPage":{"@id":"https:\/\/www.infakt.pl\/blog\/nowosci-w-infakcie-gtu-na-wydruku-faktury-i-nowe-role\/"},"wordCount":284,"commentCount":0,"image":{"@id":"https:\/\/www.infakt.pl\/blog\/nowosci-w-infakcie-gtu-na-wydruku-faktury-i-nowe-role\/#primaryimage"},"thumbnailUrl":"https:\/\/www.infakt.pl\/blog\/wp-content\/uploads\/2020\/11\/nowosci.png","articleSection":["Aktualno\u015bci"],"inLanguage":"pl-PL","potentialAction":[{"@type":"CommentAction","name":"Comment","target":["https:\/\/www.infakt.pl\/blog\/nowosci-w-infakcie-gtu-na-wydruku-faktury-i-nowe-role\/#respond"]}]},{"@type":"WebPage","@id":"https:\/\/www.infakt.pl\/blog\/nowosci-w-infakcie-gtu-na-wydruku-faktury-i-nowe-role\/","url":"https:\/\/www.infakt.pl\/blog\/nowosci-w-infakcie-gtu-na-wydruku-faktury-i-nowe-role\/","name":"Nowo\u015bci w inFakcie. GTU na wydruku faktury i nowe role - blog inFakt","isPartOf":{"@id":"https:\/\/www.infakt.pl\/blog\/#website"},"primaryImageOfPage":{"@id":"https:\/\/www.infakt.pl\/blog\/nowosci-w-infakcie-gtu-na-wydruku-faktury-i-nowe-role\/#primaryimage"},"image":{"@id":"https:\/\/www.infakt.pl\/blog\/nowosci-w-infakcie-gtu-na-wydruku-faktury-i-nowe-role\/#primaryimage"},"thumbnailUrl":"https:\/\/www.infakt.pl\/blog\/wp-content\/uploads\/2020\/11\/nowosci.png","datePublished":"2020-11-04T08:48:15+00:00","dateModified":"2021-09-13T17:00:40+00:00","author":{"@id":"https:\/\/www.infakt.pl\/blog\/#\/schema\/person\/dbfc6670ec43004d8dc2cca18bc5f14c"},"breadcrumb":{"@id":"https:\/\/www.infakt.pl\/blog\/nowosci-w-infakcie-gtu-na-wydruku-faktury-i-nowe-role\/#breadcrumb"},"inLanguage":"pl-PL","potentialAction":[{"@type":"ReadAction","target":["https:\/\/www.infakt.pl\/blog\/nowosci-w-infakcie-gtu-na-wydruku-faktury-i-nowe-role\/"]}]},{"@type":"ImageObject","inLanguage":"pl-PL","@id":"https:\/\/www.infakt.pl\/blog\/nowosci-w-infakcie-gtu-na-wydruku-faktury-i-nowe-role\/#primaryimage","url":"https:\/\/www.infakt.pl\/blog\/wp-content\/uploads\/2020\/11\/nowosci.png","contentUrl":"https:\/\/www.infakt.pl\/blog\/wp-content\/uploads\/2020\/11\/nowosci.png","width":1280,"height":720},{"@type":"BreadcrumbList","@id":"https:\/\/www.infakt.pl\/blog\/nowosci-w-infakcie-gtu-na-wydruku-faktury-i-nowe-role\/#breadcrumb","itemListElement":[{"@type":"ListItem","position":1,"name":"Blog","item":"https:\/\/www.infakt.pl\/blog\/"},{"@type":"ListItem","position":2,"name":"Aktualno\u015bci","item":"https:\/\/www.infakt.pl\/blog\/kategoria\/aktualnosci\/"},{"@type":"ListItem","position":3,"name":"Nowo\u015bci w inFakcie. GTU na wydruku faktury i nowe role"}]},{"@type":"WebSite","@id":"https:\/\/www.infakt.pl\/blog\/#website","url":"https:\/\/www.infakt.pl\/blog\/","name":"Infakt Blog","description":"","potentialAction":[{"@type":"SearchAction","target":{"@type":"EntryPoint","urlTemplate":"https:\/\/www.infakt.pl\/blog\/?s={search_term_string}"},"query-input":{"@type":"PropertyValueSpecification","valueRequired":true,"valueName":"search_term_string"}}],"inLanguage":"pl-PL"},{"@type":"Person","@id":"https:\/\/www.infakt.pl\/blog\/#\/schema\/person\/dbfc6670ec43004d8dc2cca18bc5f14c","name":"W\u0142odek Markowicz","image":{"@type":"ImageObject","inLanguage":"pl-PL","@id":"https:\/\/secure.gravatar.com\/avatar\/2225e9c25f07a618660866172dfe3053a301e04222831659d1c90c5424a5f00e?s=96&d=mm&r=g","url":"https:\/\/secure.gravatar.com\/avatar\/2225e9c25f07a618660866172dfe3053a301e04222831659d1c90c5424a5f00e?s=96&d=mm&r=g","contentUrl":"https:\/\/secure.gravatar.com\/avatar\/2225e9c25f07a618660866172dfe3053a301e04222831659d1c90c5424a5f00e?s=96&d=mm&r=g","caption":"W\u0142odek Markowicz"},"description":"Swoj\u0105 przygod\u0119 z inFaktem rozpocz\u0105\u0142 w 2014 roku jako... klient. Od 2018 roku zwi\u0105zany z firm\u0105 zawodowo \u2013 zaczyna\u0142 w Dziale Obs\u0142ugi Klienta, nast\u0119pnie kierowa\u0142 marketingiem i produktem. Dzi\u015b wiceprezes inFaktu, wyznacza strategiczny kierunek rozwoju firmy. Prywatnie m\u0105\u017c i ojciec dw\u00f3jki dzieci.","url":"https:\/\/www.infakt.pl\/blog\/author\/wlodek-markowicz\/"}]}},"_links":{"self":[{"href":"https:\/\/www.infakt.pl\/blog\/wp-json\/wp\/v2\/posts\/41323","targetHints":{"allow":["GET"]}}],"collection":[{"href":"https:\/\/www.infakt.pl\/blog\/wp-json\/wp\/v2\/posts"}],"about":[{"href":"https:\/\/www.infakt.pl\/blog\/wp-json\/wp\/v2\/types\/post"}],"author":[{"embeddable":true,"href":"https:\/\/www.infakt.pl\/blog\/wp-json\/wp\/v2\/users\/76"}],"replies":[{"embeddable":true,"href":"https:\/\/www.infakt.pl\/blog\/wp-json\/wp\/v2\/comments?post=41323"}],"version-history":[{"count":12,"href":"https:\/\/www.infakt.pl\/blog\/wp-json\/wp\/v2\/posts\/41323\/revisions"}],"predecessor-version":[{"id":41350,"href":"https:\/\/www.infakt.pl\/blog\/wp-json\/wp\/v2\/posts\/41323\/revisions\/41350"}],"wp:featuredmedia":[{"embeddable":true,"href":"https:\/\/www.infakt.pl\/blog\/wp-json\/wp\/v2\/media\/41349"}],"wp:attachment":[{"href":"https:\/\/www.infakt.pl\/blog\/wp-json\/wp\/v2\/media?parent=41323"}],"wp:term":[{"taxonomy":"category","embeddable":true,"href":"https:\/\/www.infakt.pl\/blog\/wp-json\/wp\/v2\/categories?post=41323"},{"taxonomy":"post_tag","embeddable":true,"href":"https:\/\/www.infakt.pl\/blog\/wp-json\/wp\/v2\/tags?post=41323"}],"curies":[{"name":"wp","href":"https:\/\/api.w.org\/{rel}","templated":true}]}}