{"id":30700,"date":"2018-05-02T14:20:51","date_gmt":"2018-05-02T12:20:51","guid":{"rendered":"https:\/\/www.infakt.pl\/blog\/?p=30700"},"modified":"2023-10-30T15:58:04","modified_gmt":"2023-10-30T14:58:04","slug":"ulga-na-start-w-aplikacji-infakt","status":"publish","type":"post","link":"https:\/\/www.infakt.pl\/blog\/ulga-na-start-w-aplikacji-infakt\/","title":{"rendered":"Ulga na start w aplikacji inFakt"},"content":{"rendered":"<strong>Mamy to &#8211; ulga na start w aplikacji inFakt. Jak b\u0119dzie dzia\u0142a\u0107? Czy aplikacja sama b\u0119dzie liczy\u0107 czas ulgi na start? Czy b\u0119dziemy zamieszcza\u0107 informacje o tym, co zrobi\u0107 po zako\u0144czeniu ulgi na start?<\/strong>\r\n\r\n<!--more-->\r\n<h2><span style=\"color: #000000;\">Ulga na start<\/span><\/h2>\r\n<span style=\"color: #000000;\">Ulga na start to rozwi\u0105zanie z kt\u00f3rego mo\u017cna skorzysta\u0107 <a href=\"\/wygodne-zakladanie-firmy\/\">zak\u0142adaj\u0105c dzia\u0142alno\u015b\u0107<\/a> gospodarcz\u0105\u00a0najwcze\u015bniej dnia 30 kwietnia 2018 r. Przypomn\u0119, \u017ce <a href=\"https:\/\/www.infakt.pl\/ulga-na-start\/\">ulga na start<\/a> to zwolnienie z op\u0142acania sk\u0142adek ZUS przez okres pe\u0142nych 6 miesi\u0119cy prowadzenia dzia\u0142alno\u015bci gospodarczej, w tym czasie przedsi\u0119biorca musi op\u0142aca\u0107 sk\u0142adk\u0119 zdrowotn\u0105. Po okresie 6 miesi\u0119cy przedsi\u0119biorca mo\u017ce korzysta\u0107 z <a href=\"https:\/\/www.infakt.pl\/blog\/maly-duzy-zus\/\">preferencyjnego ZUS<\/a>.\u00a0<\/span>\r\n\r\n<span style=\"color: #000000;\">Aby skorzysta\u0107 z ulgi na start nie mo\u017cna wykonywa\u0107 dzia\u0142alno\u015bci dla by\u0142ego pracodawcy, na rzecz kt\u00f3rego przed dniem rozpocz\u0119cia dzia\u0142alno\u015bci gospodarczej w bie\u017c\u0105cym lub w poprzednim roku kalendarzowym wykonywa\u0142o si\u0119 w ramach stosunku pracy czynno\u015bci wchodz\u0105cych w zakres wykonywanej dzia\u0142alno\u015bci gospodarczej.<\/span>\r\n\r\n<span style=\"color: #000000;\">Nale\u017cy te\u017c wiedzie\u0107, \u017ce ulga na start jest przywilejem, natomiast przedsi\u0119biorca na w\u0142asne \u017cyczenie ma prawo\u00a0zg\u0142osi\u0107 si\u0119 do ubezpiecze\u0144 i op\u0142aca\u0107 pe\u0142ne sk\u0142adki ZUS, czyli zar\u00f3wno zdrowotn\u0105, jak i spo\u0142eczne.<\/span>\r\n\r\n<a href=\"https:\/\/www.infakt.pl\/ulga-na-start\/\">Tutaj zebrali\u015bmy wszystkie przydatne informacje o uldze na start<\/a>\r\n\r\n<img decoding=\"async\" loading=\"lazy\"   class=\"alignnone size-full wp-image-30702\" src=\"https:\/\/www.infakt.pl\/blog\/wp-content\/uploads\/2018\/04\/pytajnik_01-1.jpg\" alt=\"pytajnik_01 (1)\" width=\"1280\" height=\"720\" srcset=\"https:\/\/www.infakt.pl\/blog\/wp-content\/uploads\/2018\/04\/pytajnik_01-1.jpg 1280w, https:\/\/www.infakt.pl\/blog\/wp-content\/uploads\/2018\/04\/pytajnik_01-1-300x169.jpg 300w, https:\/\/www.infakt.pl\/blog\/wp-content\/uploads\/2018\/04\/pytajnik_01-1-1024x576.jpg 1024w, https:\/\/www.infakt.pl\/blog\/wp-content\/uploads\/2018\/04\/pytajnik_01-1-760x428.jpg 760w, https:\/\/www.infakt.pl\/blog\/wp-content\/uploads\/2018\/04\/pytajnik_01-1-610x343.jpg 610w, https:\/\/www.infakt.pl\/blog\/wp-content\/uploads\/2018\/04\/pytajnik_01-1-380x214.jpg 380w, https:\/\/www.infakt.pl\/blog\/wp-content\/uploads\/2018\/04\/pytajnik_01-1-196x110.jpg 196w, https:\/\/www.infakt.pl\/blog\/wp-content\/uploads\/2018\/04\/pytajnik_01-1-980x551.jpg 980w, https:\/\/www.infakt.pl\/blog\/wp-content\/uploads\/2018\/04\/pytajnik_01-1-500x281.jpg 500w, https:\/\/www.infakt.pl\/blog\/wp-content\/uploads\/2018\/04\/pytajnik_01-1-250x141.jpg 250w\" sizes=\"auto, (max-width: 1280px) 100vw, 1280px\" \/>\r\n<h2><span style=\"color: #000000;\">Ulga na start w aplikacji inFakt<\/span><\/h2>\r\n<span style=\"color: #000000;\">Osoba kt\u00f3ra za\u0142o\u017cy dzia\u0142alno\u015b\u0107 gospodarcz\u0105 i chce skorzysta\u0107 z ulgi na start mo\u017ce wype\u0142ni\u0107 dane w aplikacji inFakt, w kt\u00f3rej mo\u017cna powiedzie\u0107 b\u0119dzie prowadzona. Przedsi\u0119biorca w aplikacji inFakt wpisuje dat\u0119 rozpocz\u0119cia dzia\u0142alno\u015bci gospodarczej, a aplikacja samodzielnie wylicza 6 pe\u0142nych miesi\u0119cy ulgi na start. W sk\u0142adkach ZUS sk\u0142adki spo\u0142eczne s\u0105 wyzerowane, a sk\u0142adka zdrowotna b\u0119dzie wskazana jako kwota do zap\u0142aty.<\/span>\r\n\r\n<span style=\"color: #000000;\">Co wi\u0119cej aplikacji w momencie, gdy ubezpieczonemu b\u0119dzie ko\u0144czy\u0107 si\u0119 czas ulgi na start b\u0119dzie informowa\u0107 o tym, jakie dokumenty i w jakim terminie b\u0119dzie trzeba z\u0142o\u017cy\u0107, aby dokona\u0107 <a href=\"https:\/\/www.umownie.pl\/blog\/obowiazki-platnika-po-zakonczeniu-ulgi-na-start\/\">przerejestrowania<\/a>.<\/span>\r\n\r\n<span style=\"color: #000000;\">Podkre\u015bl\u0119 raz jeszcze, \u017ce korzystanie z ulgi na start jest dobrowolne i mo\u017cna z niej zrezygnowa\u0107 w dowolnym momencie. W aplikacji inFakt te\u017c b\u0119dzie taka opcja, a przedsi\u0119biorca aby tego dokona\u0107 wejdzie do miejsca USTAWIENIA -&gt; ZUS i b\u0119dzie m\u00f3g\u0142 dokona\u0107 zmiany.<\/span>\r\n\r\n<span style=\"color: #000000;\">Niezale\u017cnie od tego, jak d\u0142ugo ubezpieczony b\u0119dzie korzysta\u0142 z ulgi na start, to po tym okresie b\u0119dzie m\u00f3g\u0142 ustawi\u0107 sobie w\u0142a\u015bciwe naliczanie ma\u0142ych lub du\u017cych sk\u0142adek ZUS w aplikacji inFakt.<\/span>","protected":false},"excerpt":{"rendered":"","protected":false},"author":53,"featured_media":30702,"comment_status":"open","ping_status":"closed","sticky":false,"template":"","format":"standard","meta":{"_acf_changed":false,"footnotes":""},"categories":[2052],"tags":[],"class_list":["post-30700","post","type-post","status-publish","format-standard","has-post-thumbnail","hentry","category-aktualnosci"],"acf":[],"yoast_head":"<!-- This site is optimized with the Yoast SEO plugin v27.4 - https:\/\/yoast.com\/product\/yoast-seo-wordpress\/ -->\n<title>Ulga na start w aplikacji inFakt - blog inFakt<\/title>\n<meta name=\"description\" content=\"Ulga na start w aplikacji inFakt. Jak b\u0119dzie dzia\u0142a\u0107? Czy aplikacja b\u0119dzie liczy\u0107 czas ulgi na start? Czy b\u0119dzie informacja, co zrobi\u0107 po zako\u0144czeniu ulgi?\" \/>\n<meta name=\"robots\" content=\"index, follow, max-snippet:-1, max-image-preview:large, max-video-preview:-1\" \/>\n<link rel=\"canonical\" href=\"https:\/\/www.infakt.pl\/blog\/ulga-na-start-w-aplikacji-infakt\/\" \/>\n<meta property=\"og:locale\" content=\"pl_PL\" \/>\n<meta property=\"og:type\" content=\"article\" \/>\n<meta property=\"og:title\" content=\"Ulga na start w aplikacji inFakt - blog inFakt\" \/>\n<meta property=\"og:description\" content=\"Ulga na start w aplikacji inFakt. Jak b\u0119dzie dzia\u0142a\u0107? Czy aplikacja b\u0119dzie liczy\u0107 czas ulgi na start? Czy b\u0119dzie informacja, co zrobi\u0107 po zako\u0144czeniu ulgi?\" \/>\n<meta property=\"og:url\" content=\"https:\/\/www.infakt.pl\/blog\/ulga-na-start-w-aplikacji-infakt\/\" \/>\n<meta property=\"og:site_name\" content=\"Infakt Blog\" \/>\n<meta property=\"article:published_time\" content=\"2018-05-02T12:20:51+00:00\" \/>\n<meta property=\"article:modified_time\" content=\"2023-10-30T14:58:04+00:00\" \/>\n<meta property=\"og:image\" content=\"https:\/\/www.infakt.pl\/blog\/wp-content\/uploads\/2018\/04\/pytajnik_01-1.jpg\" \/>\n\t<meta property=\"og:image:width\" content=\"1280\" \/>\n\t<meta property=\"og:image:height\" content=\"720\" \/>\n\t<meta property=\"og:image:type\" content=\"image\/jpeg\" \/>\n<meta name=\"author\" content=\"Aneta Socha-Jaworska\" \/>\n<meta name=\"twitter:card\" content=\"summary_large_image\" \/>\n<meta name=\"twitter:label1\" content=\"Napisane przez\" \/>\n\t<meta name=\"twitter:data1\" content=\"Aneta Socha-Jaworska\" \/>\n\t<meta name=\"twitter:label2\" content=\"Szacowany czas czytania\" \/>\n\t<meta name=\"twitter:data2\" content=\"2 minuty\" \/>\n<script type=\"application\/ld+json\" class=\"yoast-schema-graph\">{\"@context\":\"https:\\\/\\\/schema.org\",\"@graph\":[{\"@type\":\"Article\",\"@id\":\"https:\\\/\\\/www.infakt.pl\\\/blog\\\/ulga-na-start-w-aplikacji-infakt\\\/#article\",\"isPartOf\":{\"@id\":\"https:\\\/\\\/www.infakt.pl\\\/blog\\\/ulga-na-start-w-aplikacji-infakt\\\/\"},\"author\":{\"name\":\"Aneta Socha-Jaworska\",\"@id\":\"https:\\\/\\\/www.infakt.pl\\\/blog\\\/#\\\/schema\\\/person\\\/a9d0bb46d6bacccb2ea6fe6044972be5\"},\"headline\":\"Ulga na start w aplikacji inFakt\",\"datePublished\":\"2018-05-02T12:20:51+00:00\",\"dateModified\":\"2023-10-30T14:58:04+00:00\",\"mainEntityOfPage\":{\"@id\":\"https:\\\/\\\/www.infakt.pl\\\/blog\\\/ulga-na-start-w-aplikacji-infakt\\\/\"},\"wordCount\":434,\"commentCount\":0,\"image\":{\"@id\":\"https:\\\/\\\/www.infakt.pl\\\/blog\\\/ulga-na-start-w-aplikacji-infakt\\\/#primaryimage\"},\"thumbnailUrl\":\"https:\\\/\\\/www.infakt.pl\\\/blog\\\/wp-content\\\/uploads\\\/2018\\\/04\\\/pytajnik_01-1.jpg\",\"articleSection\":[\"Aktualno\u015bci\"],\"inLanguage\":\"pl-PL\",\"potentialAction\":[{\"@type\":\"CommentAction\",\"name\":\"Comment\",\"target\":[\"https:\\\/\\\/www.infakt.pl\\\/blog\\\/ulga-na-start-w-aplikacji-infakt\\\/#respond\"]}]},{\"@type\":\"WebPage\",\"@id\":\"https:\\\/\\\/www.infakt.pl\\\/blog\\\/ulga-na-start-w-aplikacji-infakt\\\/\",\"url\":\"https:\\\/\\\/www.infakt.pl\\\/blog\\\/ulga-na-start-w-aplikacji-infakt\\\/\",\"name\":\"Ulga na start w aplikacji inFakt - blog inFakt\",\"isPartOf\":{\"@id\":\"https:\\\/\\\/www.infakt.pl\\\/blog\\\/#website\"},\"primaryImageOfPage\":{\"@id\":\"https:\\\/\\\/www.infakt.pl\\\/blog\\\/ulga-na-start-w-aplikacji-infakt\\\/#primaryimage\"},\"image\":{\"@id\":\"https:\\\/\\\/www.infakt.pl\\\/blog\\\/ulga-na-start-w-aplikacji-infakt\\\/#primaryimage\"},\"thumbnailUrl\":\"https:\\\/\\\/www.infakt.pl\\\/blog\\\/wp-content\\\/uploads\\\/2018\\\/04\\\/pytajnik_01-1.jpg\",\"datePublished\":\"2018-05-02T12:20:51+00:00\",\"dateModified\":\"2023-10-30T14:58:04+00:00\",\"author\":{\"@id\":\"https:\\\/\\\/www.infakt.pl\\\/blog\\\/#\\\/schema\\\/person\\\/a9d0bb46d6bacccb2ea6fe6044972be5\"},\"description\":\"Ulga na start w aplikacji inFakt. Jak b\u0119dzie dzia\u0142a\u0107? Czy aplikacja b\u0119dzie liczy\u0107 czas ulgi na start? Czy b\u0119dzie informacja, co zrobi\u0107 po zako\u0144czeniu ulgi?\",\"breadcrumb\":{\"@id\":\"https:\\\/\\\/www.infakt.pl\\\/blog\\\/ulga-na-start-w-aplikacji-infakt\\\/#breadcrumb\"},\"inLanguage\":\"pl-PL\",\"potentialAction\":[{\"@type\":\"ReadAction\",\"target\":[\"https:\\\/\\\/www.infakt.pl\\\/blog\\\/ulga-na-start-w-aplikacji-infakt\\\/\"]}]},{\"@type\":\"ImageObject\",\"inLanguage\":\"pl-PL\",\"@id\":\"https:\\\/\\\/www.infakt.pl\\\/blog\\\/ulga-na-start-w-aplikacji-infakt\\\/#primaryimage\",\"url\":\"https:\\\/\\\/www.infakt.pl\\\/blog\\\/wp-content\\\/uploads\\\/2018\\\/04\\\/pytajnik_01-1.jpg\",\"contentUrl\":\"https:\\\/\\\/www.infakt.pl\\\/blog\\\/wp-content\\\/uploads\\\/2018\\\/04\\\/pytajnik_01-1.jpg\",\"width\":1280,\"height\":720},{\"@type\":\"BreadcrumbList\",\"@id\":\"https:\\\/\\\/www.infakt.pl\\\/blog\\\/ulga-na-start-w-aplikacji-infakt\\\/#breadcrumb\",\"itemListElement\":[{\"@type\":\"ListItem\",\"position\":1,\"name\":\"Blog\",\"item\":\"https:\\\/\\\/www.infakt.pl\\\/blog\\\/\"},{\"@type\":\"ListItem\",\"position\":2,\"name\":\"Aktualno\u015bci\",\"item\":\"https:\\\/\\\/www.infakt.pl\\\/blog\\\/kategoria\\\/aktualnosci\\\/\"},{\"@type\":\"ListItem\",\"position\":3,\"name\":\"Ulga na start w aplikacji inFakt\"}]},{\"@type\":\"WebSite\",\"@id\":\"https:\\\/\\\/www.infakt.pl\\\/blog\\\/#website\",\"url\":\"https:\\\/\\\/www.infakt.pl\\\/blog\\\/\",\"name\":\"Infakt Blog\",\"description\":\"\",\"potentialAction\":[{\"@type\":\"SearchAction\",\"target\":{\"@type\":\"EntryPoint\",\"urlTemplate\":\"https:\\\/\\\/www.infakt.pl\\\/blog\\\/?s={search_term_string}\"},\"query-input\":{\"@type\":\"PropertyValueSpecification\",\"valueRequired\":true,\"valueName\":\"search_term_string\"}}],\"inLanguage\":\"pl-PL\"},{\"@type\":\"Person\",\"@id\":\"https:\\\/\\\/www.infakt.pl\\\/blog\\\/#\\\/schema\\\/person\\\/a9d0bb46d6bacccb2ea6fe6044972be5\",\"name\":\"Aneta Socha-Jaworska\",\"image\":{\"@type\":\"ImageObject\",\"inLanguage\":\"pl-PL\",\"@id\":\"https:\\\/\\\/secure.gravatar.com\\\/avatar\\\/6c77be06f5b8686cd2183cc63902a5142060ce5d1750f0349bfae2e483b6be40?s=96&d=mm&r=g\",\"url\":\"https:\\\/\\\/secure.gravatar.com\\\/avatar\\\/6c77be06f5b8686cd2183cc63902a5142060ce5d1750f0349bfae2e483b6be40?s=96&d=mm&r=g\",\"contentUrl\":\"https:\\\/\\\/secure.gravatar.com\\\/avatar\\\/6c77be06f5b8686cd2183cc63902a5142060ce5d1750f0349bfae2e483b6be40?s=96&d=mm&r=g\",\"caption\":\"Aneta Socha-Jaworska\"},\"description\":\"Matematyk, kt\u00f3ry zajmuje si\u0119 ksi\u0119gowo\u015bci\u0105 i kadrami. Obecnie rozwiewa w\u0105tpliwo\u015bci ksi\u0119gowych i przedsi\u0119biorc\u00f3w na szkoleniach, webinarach i artyku\u0142ach na blogach inFakt. W przyst\u0119pny spos\u00f3b opisuje trudne przypadki, kt\u00f3re zna z w\u0142asnej praktyki.\",\"url\":\"https:\\\/\\\/www.infakt.pl\\\/blog\\\/author\\\/aneta-socha\\\/\"}]}<\/script>\n<!-- \/ Yoast SEO plugin. -->","yoast_head_json":{"title":"Ulga na start w aplikacji inFakt - blog inFakt","description":"Ulga na start w aplikacji inFakt. Jak b\u0119dzie dzia\u0142a\u0107? Czy aplikacja b\u0119dzie liczy\u0107 czas ulgi na start? Czy b\u0119dzie informacja, co zrobi\u0107 po zako\u0144czeniu ulgi?","robots":{"index":"index","follow":"follow","max-snippet":"max-snippet:-1","max-image-preview":"max-image-preview:large","max-video-preview":"max-video-preview:-1"},"canonical":"https:\/\/www.infakt.pl\/blog\/ulga-na-start-w-aplikacji-infakt\/","og_locale":"pl_PL","og_type":"article","og_title":"Ulga na start w aplikacji inFakt - blog inFakt","og_description":"Ulga na start w aplikacji inFakt. Jak b\u0119dzie dzia\u0142a\u0107? Czy aplikacja b\u0119dzie liczy\u0107 czas ulgi na start? Czy b\u0119dzie informacja, co zrobi\u0107 po zako\u0144czeniu ulgi?","og_url":"https:\/\/www.infakt.pl\/blog\/ulga-na-start-w-aplikacji-infakt\/","og_site_name":"Infakt Blog","article_published_time":"2018-05-02T12:20:51+00:00","article_modified_time":"2023-10-30T14:58:04+00:00","og_image":[{"width":1280,"height":720,"url":"https:\/\/www.infakt.pl\/blog\/wp-content\/uploads\/2018\/04\/pytajnik_01-1.jpg","type":"image\/jpeg"}],"author":"Aneta Socha-Jaworska","twitter_card":"summary_large_image","twitter_misc":{"Napisane przez":"Aneta Socha-Jaworska","Szacowany czas czytania":"2 minuty"},"schema":{"@context":"https:\/\/schema.org","@graph":[{"@type":"Article","@id":"https:\/\/www.infakt.pl\/blog\/ulga-na-start-w-aplikacji-infakt\/#article","isPartOf":{"@id":"https:\/\/www.infakt.pl\/blog\/ulga-na-start-w-aplikacji-infakt\/"},"author":{"name":"Aneta Socha-Jaworska","@id":"https:\/\/www.infakt.pl\/blog\/#\/schema\/person\/a9d0bb46d6bacccb2ea6fe6044972be5"},"headline":"Ulga na start w aplikacji inFakt","datePublished":"2018-05-02T12:20:51+00:00","dateModified":"2023-10-30T14:58:04+00:00","mainEntityOfPage":{"@id":"https:\/\/www.infakt.pl\/blog\/ulga-na-start-w-aplikacji-infakt\/"},"wordCount":434,"commentCount":0,"image":{"@id":"https:\/\/www.infakt.pl\/blog\/ulga-na-start-w-aplikacji-infakt\/#primaryimage"},"thumbnailUrl":"https:\/\/www.infakt.pl\/blog\/wp-content\/uploads\/2018\/04\/pytajnik_01-1.jpg","articleSection":["Aktualno\u015bci"],"inLanguage":"pl-PL","potentialAction":[{"@type":"CommentAction","name":"Comment","target":["https:\/\/www.infakt.pl\/blog\/ulga-na-start-w-aplikacji-infakt\/#respond"]}]},{"@type":"WebPage","@id":"https:\/\/www.infakt.pl\/blog\/ulga-na-start-w-aplikacji-infakt\/","url":"https:\/\/www.infakt.pl\/blog\/ulga-na-start-w-aplikacji-infakt\/","name":"Ulga na start w aplikacji inFakt - blog inFakt","isPartOf":{"@id":"https:\/\/www.infakt.pl\/blog\/#website"},"primaryImageOfPage":{"@id":"https:\/\/www.infakt.pl\/blog\/ulga-na-start-w-aplikacji-infakt\/#primaryimage"},"image":{"@id":"https:\/\/www.infakt.pl\/blog\/ulga-na-start-w-aplikacji-infakt\/#primaryimage"},"thumbnailUrl":"https:\/\/www.infakt.pl\/blog\/wp-content\/uploads\/2018\/04\/pytajnik_01-1.jpg","datePublished":"2018-05-02T12:20:51+00:00","dateModified":"2023-10-30T14:58:04+00:00","author":{"@id":"https:\/\/www.infakt.pl\/blog\/#\/schema\/person\/a9d0bb46d6bacccb2ea6fe6044972be5"},"description":"Ulga na start w aplikacji inFakt. Jak b\u0119dzie dzia\u0142a\u0107? Czy aplikacja b\u0119dzie liczy\u0107 czas ulgi na start? Czy b\u0119dzie informacja, co zrobi\u0107 po zako\u0144czeniu ulgi?","breadcrumb":{"@id":"https:\/\/www.infakt.pl\/blog\/ulga-na-start-w-aplikacji-infakt\/#breadcrumb"},"inLanguage":"pl-PL","potentialAction":[{"@type":"ReadAction","target":["https:\/\/www.infakt.pl\/blog\/ulga-na-start-w-aplikacji-infakt\/"]}]},{"@type":"ImageObject","inLanguage":"pl-PL","@id":"https:\/\/www.infakt.pl\/blog\/ulga-na-start-w-aplikacji-infakt\/#primaryimage","url":"https:\/\/www.infakt.pl\/blog\/wp-content\/uploads\/2018\/04\/pytajnik_01-1.jpg","contentUrl":"https:\/\/www.infakt.pl\/blog\/wp-content\/uploads\/2018\/04\/pytajnik_01-1.jpg","width":1280,"height":720},{"@type":"BreadcrumbList","@id":"https:\/\/www.infakt.pl\/blog\/ulga-na-start-w-aplikacji-infakt\/#breadcrumb","itemListElement":[{"@type":"ListItem","position":1,"name":"Blog","item":"https:\/\/www.infakt.pl\/blog\/"},{"@type":"ListItem","position":2,"name":"Aktualno\u015bci","item":"https:\/\/www.infakt.pl\/blog\/kategoria\/aktualnosci\/"},{"@type":"ListItem","position":3,"name":"Ulga na start w aplikacji inFakt"}]},{"@type":"WebSite","@id":"https:\/\/www.infakt.pl\/blog\/#website","url":"https:\/\/www.infakt.pl\/blog\/","name":"Infakt Blog","description":"","potentialAction":[{"@type":"SearchAction","target":{"@type":"EntryPoint","urlTemplate":"https:\/\/www.infakt.pl\/blog\/?s={search_term_string}"},"query-input":{"@type":"PropertyValueSpecification","valueRequired":true,"valueName":"search_term_string"}}],"inLanguage":"pl-PL"},{"@type":"Person","@id":"https:\/\/www.infakt.pl\/blog\/#\/schema\/person\/a9d0bb46d6bacccb2ea6fe6044972be5","name":"Aneta Socha-Jaworska","image":{"@type":"ImageObject","inLanguage":"pl-PL","@id":"https:\/\/secure.gravatar.com\/avatar\/6c77be06f5b8686cd2183cc63902a5142060ce5d1750f0349bfae2e483b6be40?s=96&d=mm&r=g","url":"https:\/\/secure.gravatar.com\/avatar\/6c77be06f5b8686cd2183cc63902a5142060ce5d1750f0349bfae2e483b6be40?s=96&d=mm&r=g","contentUrl":"https:\/\/secure.gravatar.com\/avatar\/6c77be06f5b8686cd2183cc63902a5142060ce5d1750f0349bfae2e483b6be40?s=96&d=mm&r=g","caption":"Aneta Socha-Jaworska"},"description":"Matematyk, kt\u00f3ry zajmuje si\u0119 ksi\u0119gowo\u015bci\u0105 i kadrami. Obecnie rozwiewa w\u0105tpliwo\u015bci ksi\u0119gowych i przedsi\u0119biorc\u00f3w na szkoleniach, webinarach i artyku\u0142ach na blogach inFakt. W przyst\u0119pny spos\u00f3b opisuje trudne przypadki, kt\u00f3re zna z w\u0142asnej praktyki.","url":"https:\/\/www.infakt.pl\/blog\/author\/aneta-socha\/"}]}},"_links":{"self":[{"href":"https:\/\/www.infakt.pl\/blog\/wp-json\/wp\/v2\/posts\/30700","targetHints":{"allow":["GET"]}}],"collection":[{"href":"https:\/\/www.infakt.pl\/blog\/wp-json\/wp\/v2\/posts"}],"about":[{"href":"https:\/\/www.infakt.pl\/blog\/wp-json\/wp\/v2\/types\/post"}],"author":[{"embeddable":true,"href":"https:\/\/www.infakt.pl\/blog\/wp-json\/wp\/v2\/users\/53"}],"replies":[{"embeddable":true,"href":"https:\/\/www.infakt.pl\/blog\/wp-json\/wp\/v2\/comments?post=30700"}],"version-history":[{"count":9,"href":"https:\/\/www.infakt.pl\/blog\/wp-json\/wp\/v2\/posts\/30700\/revisions"}],"predecessor-version":[{"id":72551,"href":"https:\/\/www.infakt.pl\/blog\/wp-json\/wp\/v2\/posts\/30700\/revisions\/72551"}],"wp:featuredmedia":[{"embeddable":true,"href":"https:\/\/www.infakt.pl\/blog\/wp-json\/wp\/v2\/media\/30702"}],"wp:attachment":[{"href":"https:\/\/www.infakt.pl\/blog\/wp-json\/wp\/v2\/media?parent=30700"}],"wp:term":[{"taxonomy":"category","embeddable":true,"href":"https:\/\/www.infakt.pl\/blog\/wp-json\/wp\/v2\/categories?post=30700"},{"taxonomy":"post_tag","embeddable":true,"href":"https:\/\/www.infakt.pl\/blog\/wp-json\/wp\/v2\/tags?post=30700"}],"curies":[{"name":"wp","href":"https:\/\/api.w.org\/{rel}","templated":true}]}}