{"id":28450,"date":"2017-12-29T16:04:09","date_gmt":"2017-12-29T15:04:09","guid":{"rendered":"https:\/\/www.infakt.pl\/blog\/?p=28450"},"modified":"2025-03-14T10:03:44","modified_gmt":"2025-03-14T09:03:44","slug":"zeznanie-roczne-za-2017-rok","status":"publish","type":"post","link":"https:\/\/www.infakt.pl\/blog\/zeznanie-roczne-za-2017-rok\/","title":{"rendered":"Jaki jest termin na z\u0142o\u017cenie PIT w 2017? Ile wynosi kwota wolna od podatku?"},"content":{"rendered":"\n<p><strong>Zbli\u017ca si\u0119 koniec roku podatkowego, wi\u0119c zbli\u017ca si\u0119 te\u017c du\u017cymi krokami czas zamkni\u0119cia roku i rozliczenia podatku dochodowego. O ile w ci\u0105gu roku rozliczasz si\u0119 z podatku dochodowego miesi\u0119cznie lub kwartalnie to teraz musisz rozliczy\u0107 si\u0119 w skali roku. Sprawd\u017a do kiedy musisz z\u0142o\u017cy\u0107 zeznanie roczne za 2017 rok i co zmienia si\u0119 w tym rozliczeniu.<\/strong><\/p>\n\n\n\n<!--more-->\n\n\n\n<h2 class=\"wp-block-heading\">Terminy<\/h2>\n\n\n\n<p>W zale\u017cno\u015bci od sposobu opodatkowania podatnik\u00f3w obowi\u0105zuj\u0105 r\u00f3\u017cne terminy na z\u0142o\u017cenie zeznania rocznego. Zasadniczo s\u0105 dwa terminy ich sk\u0142adania:<\/p>\n\n\n\n<ol class=\"wp-block-list\">\n<li><strong>31 stycznia<\/strong> w przypadku podatnik\u00f3w rozliczaj\u0105cych si\u0119 rycza\u0142tem od przychod\u00f3w ewidencjonowanych (PIT-28), kart\u0105 podatkow\u0105 (PIT 16A), oraz<\/li>\n\n\n\n<li><strong>30 kwietnia<\/strong> w przypadku podatnik\u00f3w rozliczaj\u0105cych si\u0119 na zasadach og\u00f3lnych (PIT-36) lub podatkiem liniowym (PIT-36L).<\/li>\n<\/ol>\n\n\n\n<h2 class=\"wp-block-heading\">Roczny podatek<\/h2>\n\n\n\n<p>Rozliczenie podatku zamyka si\u0119 w kilku krokach:<\/p>\n\n\n\n<ol class=\"wp-block-list\">\n<li>Okre\u015blenie przychod\u00f3w i koszt\u00f3w poniesionych w trakcie 2017 roku co w rezultacie pozwala na wyliczenie dochodu (przych\u00f3d \u2013 koszty = doch\u00f3d).<\/li>\n\n\n\n<li>Uwzgl\u0119dnienie odlicze\u0144 od dochodu, takich jak op\u0142acone w trakcie roku sk\u0142adki spo\u0142eczne, <a href=\"https:\/\/www.infakt.pl\/blog\/jak-rozliczyc-strate-i-dlaczego-warto-o-tym-pamietac\/\">strata z poprzednich lat podatkowych<\/a>, darowizny, kwoty wp\u0142at na indywidualne konto zabezpieczenia emerytalnego (IKZE) oraz ulg podatkowych: ulgi na internet, ulgi rehabilitacyjnej, ulgi za krwiodawstwo, badawczo-rozwojowej. W przypadku podatku liniowego mo\u017cna odliczy\u0107 tylko wp\u0142aty na IKZE.<\/li>\n\n\n\n<li>Zaokr\u0105glenie podstawy opodatkowania do pe\u0142nych z\u0142ot\u00f3wek i wyliczenie podatku dochodowego.<\/li>\n\n\n\n<li>Odliczenie kwoty wolnej od podatku (w przypadku zasad og\u00f3lnych).<\/li>\n\n\n\n<li>Odliczenie od podatku cz\u0119\u015bci op\u0142aconych sk\u0142adek zdrowotnych oraz ulg podatkowych: prorodzinnej, abolicyjnej.<\/li>\n\n\n\n<li>Zaokr\u0105glenie podatku do pe\u0142nych z\u0142ot\u00f3wek.<\/li>\n\n\n\n<li>R\u00f3\u017cnica pomi\u0119dzy wyliczonym podatkiem, a op\u0142aconymi w trakcie roku zaliczkami daje ostateczne rozliczenie: kwot\u0119 podatku do zap\u0142aty lub do zwrotu.<\/li>\n<\/ol>\n\n\n\n<figure class=\"wp-block-image\"><img decoding=\"async\" loading=\"lazy\" width=\"1280\" height=\"720\"  src=\"https:\/\/www.infakt.pl\/blog\/wp-content\/uploads\/2017\/12\/zeznanie-roczne-za-2017-rok-rozliczenie-ulgi-nowy-formularz.png\" alt=\"zeznanie roczne za 2017 rok\" class=\"wp-image-28475\" srcset=\"https:\/\/www.infakt.pl\/blog\/wp-content\/uploads\/2017\/12\/zeznanie-roczne-za-2017-rok-rozliczenie-ulgi-nowy-formularz.png 1280w, https:\/\/www.infakt.pl\/blog\/wp-content\/uploads\/2017\/12\/zeznanie-roczne-za-2017-rok-rozliczenie-ulgi-nowy-formularz-300x169.png 300w, https:\/\/www.infakt.pl\/blog\/wp-content\/uploads\/2017\/12\/zeznanie-roczne-za-2017-rok-rozliczenie-ulgi-nowy-formularz-1024x576.png 1024w, https:\/\/www.infakt.pl\/blog\/wp-content\/uploads\/2017\/12\/zeznanie-roczne-za-2017-rok-rozliczenie-ulgi-nowy-formularz-760x428.png 760w, https:\/\/www.infakt.pl\/blog\/wp-content\/uploads\/2017\/12\/zeznanie-roczne-za-2017-rok-rozliczenie-ulgi-nowy-formularz-610x343.png 610w, https:\/\/www.infakt.pl\/blog\/wp-content\/uploads\/2017\/12\/zeznanie-roczne-za-2017-rok-rozliczenie-ulgi-nowy-formularz-380x214.png 380w, https:\/\/www.infakt.pl\/blog\/wp-content\/uploads\/2017\/12\/zeznanie-roczne-za-2017-rok-rozliczenie-ulgi-nowy-formularz-196x110.png 196w, https:\/\/www.infakt.pl\/blog\/wp-content\/uploads\/2017\/12\/zeznanie-roczne-za-2017-rok-rozliczenie-ulgi-nowy-formularz-980x551.png 980w, https:\/\/www.infakt.pl\/blog\/wp-content\/uploads\/2017\/12\/zeznanie-roczne-za-2017-rok-rozliczenie-ulgi-nowy-formularz-500x281.png 500w, https:\/\/www.infakt.pl\/blog\/wp-content\/uploads\/2017\/12\/zeznanie-roczne-za-2017-rok-rozliczenie-ulgi-nowy-formularz-250x141.png 250w\" sizes=\"auto, (max-width: 1280px) 100vw, 1280px\" \/><\/figure>\n\n\n\n<p><\/p>\n\n\n\n<h2 class=\"wp-block-heading\">Nowo\u015bci w zeznaniu rocznym za 2017 rok<\/h2>\n\n\n\n<p>Jak co roku zmieniaj\u0105 si\u0119 zasady rozliczania podatku dochodowego. R\u00f3wnie\u017c w tym roku niekt\u00f3re elementy rozliczenia rocznego uleg\u0142y zmianie. Poni\u017cej zostan\u0105 one om\u00f3wione. Warto zapozna\u0107 si\u0119 z nimi, aby stworzy\u0107 prawid\u0142owe rozliczenie roczne PIT.<\/p>\n\n\n\n<h2 class=\"wp-block-heading\">Kwota wolna od podatku<\/h2>\n\n\n\n<p>Wraz z pocz\u0105tkiem roku 2017 wesz\u0142y w \u017cycie nowe uregulowania w zakresie kwoty wolnej od podatku. Nie ma ona jak dotychczas sta\u0142ego charakteru. Jego wysoko\u015b\u0107 jest uzale\u017cniona od wysoko\u015bci rocznego dochodu. Im wy\u017cszy doch\u00f3d, tym ni\u017csza&nbsp;warto\u015b\u0107 kwoty wolnej od podatku. Powy\u017cej dochodu w wysoko\u015bci 127.000 z\u0142 kwota wolna w og\u00f3le nie wyst\u0105pi. Wi\u0119cej na ten temat pisali\u015bmy w artykule: <a href=\"https:\/\/www.infakt.pl\/blog\/kwota-wolna-od-podatku-zroznicowana-w-zaleznosci-od-dochodow-zmiany-2017\/\">Kwota wolna od podatku zr\u00f3\u017cnicowana w zale\u017cno\u015bci od dochod\u00f3w \u2013 zmiany 2017<\/a><\/p>\n\n\n\n<h2 class=\"wp-block-heading\">Rozliczenie nowej ulgi podatkowej \u2013 ulgi na dzia\u0142alno\u015b\u0107 badawczo-rozwojow\u0105<\/h2>\n\n\n\n<p>Skorzysta\u0107 z tej ulgi mog\u0105 ci przedsi\u0119biorcy, kt\u00f3rzy ponie\u015bli tzw. <strong>koszty kwalifikowane, co oznacza wydatki poniesione w zwi\u0105zku z prowadzon\u0105 dzia\u0142alno\u015bci\u0105 badawczo-rozwojow\u0105<\/strong>. Dzia\u0142alno\u015b\u0107 badawczo-rozwojowa natomiast jest takim rodzajem dzia\u0142alno\u015bci, kt\u00f3ra obejmuje prace rozwojowe, badania naukowe stosowane w celu szukania nowych rozwi\u0105za\u0144, rozwijania w\u0142asnych produkt\u00f3w i us\u0142ug, prac\u0119 nad nowymi technologiami w procesie produkcyjnym. Co istotne, nie jest tutaj wa\u017cne w jakiej bran\u017cy dzia\u0142a przedsi\u0119biorca. Z ulgi tej mog\u0105 skorzysta\u0107 podatnicy opodatkowani wed\u0142ug zasad og\u00f3lnych lub podatkiem liniowym.<\/p>\n\n\n\n<p>Ulg\u0119 badawczo-rozwojow\u0105 nale\u017cy odliczy\u0107 w nowym PIT\/BR, kt\u00f3ry jest za\u0142\u0105cznikiem do PIT-36 i PIT-36L.<\/p>\n\n\n\n<h2 class=\"wp-block-heading\">Nowy spos\u00f3b rozliczenia ulgi dla krwiodawc\u00f3w<\/h2>\n\n\n\n<p>Honorowe krwiodawstwo jest w rozumieniu przepis\u00f3w darowizn\u0105, kt\u00f3r\u0105 mo\u017cna odliczy\u0107 od dochodu w zeznaniu rocznym. Oczywi\u015bcie, aby takie odliczenie by\u0142o mo\u017cliwe ustalony zosta\u0142 ekwiwalent za 1 litr krwi, a tak\u017ce 1 litr osocza lub sk\u0142adnik\u00f3w krwi w wysoko\u015bci 130 z\u0142. Zmiany w przepisach dzia\u0142aj\u0105 jednak w tym przypadku na niekorzy\u015b\u0107 krwiodawc\u00f3w. Wprowadzaj\u0105 bowiem podzia\u0142 pomi\u0119dzy oddanym litrem krwi, a oddanymi innymi sk\u0142adnikami krwi. 1 litr krwi odpowiada bowiem:<\/p>\n\n\n\n<ul class=\"wp-block-list\">\n<li>3 litrom osocza,<\/li>\n\n\n\n<li>2 donacjom krwinek p\u0142ytkowych pobranych przy u\u017cyciu separatora kom\u00f3rkowego,<\/li>\n\n\n\n<li>0,5 donacji krwinek bia\u0142ych pobranych przy u\u017cyciu separatora kom\u00f3rkowego,<\/li>\n\n\n\n<li>2 jednostkom krwinek czerwonych pobranych przy u\u017cyciu separatora kom\u00f3rkowego.<\/li>\n<\/ul>\n\n\n\n<p>O ile ekwiwalent pieni\u0119\u017cny dla 1 litra krwi nie uleg\u0142 zmianie i wynosi nadal 130 z\u0142, to w przypadku oddania innych sk\u0142adnik\u00f3w krwi konieczne jest przeliczenie warto\u015bci odliczenia. I tak np. 1 litr osocza nie b\u0119dzie ju\u017c r\u00f3wny ekwiwalentowi w wysoko\u015bci 130 z\u0142, ale b\u0119dzie stanowi\u0142 1\/3 tej warto\u015bci tj. 43,33 z\u0142.<\/p>\n\n\n\n<h2 class=\"wp-block-heading\">Zmiany w uldze rehabilitacyjnej<\/h2>\n\n\n\n<p>Tym razem zmiany w rozliczeniu b\u0119d\u0105 korzystne dla podatnika. To najwa\u017cniejsze z nich:<\/p>\n\n\n\n<ul class=\"wp-block-list\">\n<li>wi\u0119ksza liczba podatnik\u00f3w rozliczy utrzymanie psa, z kt\u00f3rej dotychczas mogli korzysta\u0107 tylko niewidomi lub niedowidz\u0105cy,<\/li>\n\n\n\n<li>poszerzona zosta\u0142a mo\u017cliwo\u015b\u0107 rozliczenia wydatk\u00f3w zwi\u0105zanych z przewozem os\u00f3b niepe\u0142nosprawnych; dotychczas mo\u017cna by\u0142o rozlicza\u0107 tylko przewozy na zabiegi leczniczo-rehabilitacyjne, teraz to ograniczenie nie obowi\u0105zuje,<\/li>\n\n\n\n<li>wzrost kwoty dochodu podatnika maj\u0105cego na utrzymaniu osoby niepe\u0142nosprawne, pozwalaj\u0105cy na odliczenie od dochodu wydatki poniesione na cele rehabilitacyjne tych os\u00f3b z kwoty 9.120 z\u0142 do 10.080 z\u0142.<\/li>\n<\/ul>\n\n\n\n<h2 class=\"wp-block-heading\">Nowy formularz<\/h2>\n\n\n\n<p>Ministerstwo Finans\u00f3w co jaki\u015b czas aktualizuje wzory formularzy, na jakich nale\u017cy sk\u0142ada\u0107 rozliczenia podatkowe. PIT roczny za 2017 rok nale\u017cy z\u0142o\u017cy\u0107 na nowych formularzach: 25 wersja deklaracji PIT-36, 14 wersja deklaracji PIT-36L.<\/p>\n\n\n\n<h2 class=\"wp-block-heading\">Rozliczenie roczne za 2017 rok w inFakt<\/h2>\n\n\n\n<p>W aplikacji inFakt klienci Programu do ksi\u0119gowo\u015bci maj\u0105 mo\u017cliwo\u015b\u0107 skorzystania z kreatora rocznego rozliczenia. Oczywi\u015bcie jak co roku trwaj\u0105 prace nad tym, by wszystkie zmiany zosta\u0142y wprowadzone na czas. Obecnie w aplikacji istnieje mo\u017cliwo\u015b\u0107 wygenerowania rozliczenia rocznego na prawid\u0142owych formularzach, z uwzgl\u0119dnieniem wszystkich zmian jakie zosta\u0142y wprowadzone w 2017 roku, np. nowa kwota wolna od podatku.<\/p>\n\n\n\n<p>Klienci biura rachunkowego mog\u0105 skorzysta\u0107 z us\u0142ugi tworzenia rozliczenia rocznego przez ich ksi\u0119gowego w ramach us\u0142ugi dodatkowo p\u0142atnej.<\/p>\n\n\n\n<p>R\u00f3wnie\u017c osoby, nieb\u0119d\u0105ce klientami naszej firmy mog\u0105 skorzysta\u0107 z oferty wygenerowania rocznego PITu przez naszych ksi\u0119gowych. Cena rocznego rozliczenia bez uwzgl\u0119dnienia ulg wynosi 50 z\u0142 netto, z ulgami \u2013 100 z\u0142 netto.<\/p>\n\n\n\n<p>Przetestuj bezp\u0142atnie aplikacj\u0119 inFakt!<\/p>\n\n\n\n<div class=\"text-wrap\">\n<ul class=\"fancy-list square\">\n<li>Kontaktuj si\u0119 z ksi\u0119gowymi od poniedzia\u0142ku do soboty&nbsp;w godzinach 7-22<\/li>\n<li>U\u017cywaj aplikacji www i mobilnej 24h na dob\u0119<\/li>\n<li>Udost\u0119pniaj faktury ksi\u0119gowemu<\/li>\n<\/ul>\n<\/div>\n\n\n\n<p><a class=\"btn-orange-square\" href=\"https:\/\/konto.infakt.pl\/rejestracja\/?utm_source=blog;utm_medium=cta_button;utm_campaign=ml_cta\" target=\"_blank\" rel=\"noopener\"><span class=\"btn-orange-big\">Za\u0142\u00f3\u017c konto<\/span><\/a><\/p>\n\n\n\n<p>W razie pyta\u0144 lub w\u0105tpliwo\u015bci dotycz\u0105cych artyku\u0142u zach\u0119camy do pozostawienia komentarza. Odpowiedzi udzieli autor wpisu.<\/p>\n\n\n\n<p>Instrukcje dotycz\u0105ce uj\u0119cia zdarze\u0144 gospodarczych w aplikacji inFakt znajduj\u0105 si\u0119 na naszej&nbsp;<a href=\"https:\/\/pomoc.infakt.pl\/hc\/pl\" target=\"_blank\" rel=\"noopener\">bazie wiedzy.<\/a><\/p>\n","protected":false},"excerpt":{"rendered":"<p>Zbli\u017ca si\u0119 koniec roku podatkowego, wi\u0119c zbli\u017ca si\u0119 te\u017c du\u017cymi krokami czas zamkni\u0119cia roku i rozliczenia podatku dochodowego. O ile w ci\u0105gu roku rozliczasz si\u0119 z&hellip;<\/p>\n","protected":false},"author":55,"featured_media":28475,"comment_status":"open","ping_status":"closed","sticky":false,"template":"","format":"standard","meta":{"_acf_changed":false,"footnotes":""},"categories":[6],"tags":[],"class_list":["post-28450","post","type-post","status-publish","format-standard","has-post-thumbnail","hentry","category-podatki"],"acf":[],"yoast_head":"<!-- This site is optimized with the Yoast SEO plugin v27.4 - https:\/\/yoast.com\/product\/yoast-seo-wordpress\/ -->\n<title>Zeznanie roczne za 2017 rok - Blog inFakt.pl<\/title>\n<meta name=\"description\" content=\"W ci\u0105gu roku rozliczasz si\u0119 z podatku dochodowego miesi\u0119cznie lub kwartalnie. Zbli\u017ca si\u0119 czas na zeznanie roczne za 2017 rok.\" \/>\n<meta name=\"robots\" content=\"index, follow, max-snippet:-1, max-image-preview:large, max-video-preview:-1\" \/>\n<link rel=\"canonical\" href=\"https:\/\/www.infakt.pl\/blog\/zeznanie-roczne-za-2017-rok\/\" \/>\n<meta property=\"og:locale\" content=\"pl_PL\" \/>\n<meta property=\"og:type\" content=\"article\" \/>\n<meta property=\"og:title\" content=\"Zeznanie roczne za 2017 rok - Blog inFakt.pl\" \/>\n<meta property=\"og:description\" content=\"W ci\u0105gu roku rozliczasz si\u0119 z podatku dochodowego miesi\u0119cznie lub kwartalnie. Zbli\u017ca si\u0119 czas na zeznanie roczne za 2017 rok.\" \/>\n<meta property=\"og:url\" content=\"https:\/\/www.infakt.pl\/blog\/zeznanie-roczne-za-2017-rok\/\" \/>\n<meta property=\"og:site_name\" content=\"Infakt Blog\" \/>\n<meta property=\"article:published_time\" content=\"2017-12-29T15:04:09+00:00\" \/>\n<meta property=\"article:modified_time\" content=\"2025-03-14T09:03:44+00:00\" \/>\n<meta property=\"og:image\" content=\"https:\/\/www.infakt.pl\/blog\/wp-content\/uploads\/2017\/12\/zeznanie-roczne-za-2017-rok-rozliczenie-ulgi-nowy-formularz.png\" \/>\n\t<meta property=\"og:image:width\" content=\"1280\" \/>\n\t<meta property=\"og:image:height\" content=\"720\" \/>\n\t<meta property=\"og:image:type\" content=\"image\/png\" \/>\n<meta name=\"author\" content=\"Ma\u0142gorzata Skrzypczak\" \/>\n<meta name=\"twitter:card\" content=\"summary_large_image\" \/>\n<meta name=\"twitter:label1\" content=\"Napisane przez\" \/>\n\t<meta name=\"twitter:data1\" content=\"Ma\u0142gorzata Skrzypczak\" \/>\n\t<meta name=\"twitter:label2\" content=\"Szacowany czas czytania\" \/>\n\t<meta name=\"twitter:data2\" content=\"5 minut\" \/>\n<script type=\"application\/ld+json\" class=\"yoast-schema-graph\">{\"@context\":\"https:\\\/\\\/schema.org\",\"@graph\":[{\"@type\":\"Article\",\"@id\":\"https:\\\/\\\/www.infakt.pl\\\/blog\\\/zeznanie-roczne-za-2017-rok\\\/#article\",\"isPartOf\":{\"@id\":\"https:\\\/\\\/www.infakt.pl\\\/blog\\\/zeznanie-roczne-za-2017-rok\\\/\"},\"author\":{\"name\":\"Ma\u0142gorzata Skrzypczak\",\"@id\":\"https:\\\/\\\/www.infakt.pl\\\/blog\\\/#\\\/schema\\\/person\\\/472e214012acb50ae3ffc9527fce53c5\"},\"headline\":\"Jaki jest termin na z\u0142o\u017cenie PIT w 2017? Ile wynosi kwota wolna od podatku?\",\"datePublished\":\"2017-12-29T15:04:09+00:00\",\"dateModified\":\"2025-03-14T09:03:44+00:00\",\"mainEntityOfPage\":{\"@id\":\"https:\\\/\\\/www.infakt.pl\\\/blog\\\/zeznanie-roczne-za-2017-rok\\\/\"},\"wordCount\":1079,\"commentCount\":0,\"image\":{\"@id\":\"https:\\\/\\\/www.infakt.pl\\\/blog\\\/zeznanie-roczne-za-2017-rok\\\/#primaryimage\"},\"thumbnailUrl\":\"https:\\\/\\\/www.infakt.pl\\\/blog\\\/wp-content\\\/uploads\\\/2017\\\/12\\\/zeznanie-roczne-za-2017-rok-rozliczenie-ulgi-nowy-formularz.png\",\"articleSection\":[\"Podatki\"],\"inLanguage\":\"pl-PL\",\"potentialAction\":[{\"@type\":\"CommentAction\",\"name\":\"Comment\",\"target\":[\"https:\\\/\\\/www.infakt.pl\\\/blog\\\/zeznanie-roczne-za-2017-rok\\\/#respond\"]}]},{\"@type\":\"WebPage\",\"@id\":\"https:\\\/\\\/www.infakt.pl\\\/blog\\\/zeznanie-roczne-za-2017-rok\\\/\",\"url\":\"https:\\\/\\\/www.infakt.pl\\\/blog\\\/zeznanie-roczne-za-2017-rok\\\/\",\"name\":\"Zeznanie roczne za 2017 rok - Blog inFakt.pl\",\"isPartOf\":{\"@id\":\"https:\\\/\\\/www.infakt.pl\\\/blog\\\/#website\"},\"primaryImageOfPage\":{\"@id\":\"https:\\\/\\\/www.infakt.pl\\\/blog\\\/zeznanie-roczne-za-2017-rok\\\/#primaryimage\"},\"image\":{\"@id\":\"https:\\\/\\\/www.infakt.pl\\\/blog\\\/zeznanie-roczne-za-2017-rok\\\/#primaryimage\"},\"thumbnailUrl\":\"https:\\\/\\\/www.infakt.pl\\\/blog\\\/wp-content\\\/uploads\\\/2017\\\/12\\\/zeznanie-roczne-za-2017-rok-rozliczenie-ulgi-nowy-formularz.png\",\"datePublished\":\"2017-12-29T15:04:09+00:00\",\"dateModified\":\"2025-03-14T09:03:44+00:00\",\"author\":{\"@id\":\"https:\\\/\\\/www.infakt.pl\\\/blog\\\/#\\\/schema\\\/person\\\/472e214012acb50ae3ffc9527fce53c5\"},\"description\":\"W ci\u0105gu roku rozliczasz si\u0119 z podatku dochodowego miesi\u0119cznie lub kwartalnie. Zbli\u017ca si\u0119 czas na zeznanie roczne za 2017 rok.\",\"breadcrumb\":{\"@id\":\"https:\\\/\\\/www.infakt.pl\\\/blog\\\/zeznanie-roczne-za-2017-rok\\\/#breadcrumb\"},\"inLanguage\":\"pl-PL\",\"potentialAction\":[{\"@type\":\"ReadAction\",\"target\":[\"https:\\\/\\\/www.infakt.pl\\\/blog\\\/zeznanie-roczne-za-2017-rok\\\/\"]}]},{\"@type\":\"ImageObject\",\"inLanguage\":\"pl-PL\",\"@id\":\"https:\\\/\\\/www.infakt.pl\\\/blog\\\/zeznanie-roczne-za-2017-rok\\\/#primaryimage\",\"url\":\"https:\\\/\\\/www.infakt.pl\\\/blog\\\/wp-content\\\/uploads\\\/2017\\\/12\\\/zeznanie-roczne-za-2017-rok-rozliczenie-ulgi-nowy-formularz.png\",\"contentUrl\":\"https:\\\/\\\/www.infakt.pl\\\/blog\\\/wp-content\\\/uploads\\\/2017\\\/12\\\/zeznanie-roczne-za-2017-rok-rozliczenie-ulgi-nowy-formularz.png\",\"width\":1280,\"height\":720},{\"@type\":\"BreadcrumbList\",\"@id\":\"https:\\\/\\\/www.infakt.pl\\\/blog\\\/zeznanie-roczne-za-2017-rok\\\/#breadcrumb\",\"itemListElement\":[{\"@type\":\"ListItem\",\"position\":1,\"name\":\"Blog\",\"item\":\"https:\\\/\\\/www.infakt.pl\\\/blog\\\/\"},{\"@type\":\"ListItem\",\"position\":2,\"name\":\"Podatki\",\"item\":\"https:\\\/\\\/www.infakt.pl\\\/blog\\\/kategoria\\\/podatki\\\/\"},{\"@type\":\"ListItem\",\"position\":3,\"name\":\"Jaki jest termin na z\u0142o\u017cenie PIT w 2017? Ile wynosi kwota wolna od podatk&hellip;\"}]},{\"@type\":\"WebSite\",\"@id\":\"https:\\\/\\\/www.infakt.pl\\\/blog\\\/#website\",\"url\":\"https:\\\/\\\/www.infakt.pl\\\/blog\\\/\",\"name\":\"Infakt Blog\",\"description\":\"\",\"potentialAction\":[{\"@type\":\"SearchAction\",\"target\":{\"@type\":\"EntryPoint\",\"urlTemplate\":\"https:\\\/\\\/www.infakt.pl\\\/blog\\\/?s={search_term_string}\"},\"query-input\":{\"@type\":\"PropertyValueSpecification\",\"valueRequired\":true,\"valueName\":\"search_term_string\"}}],\"inLanguage\":\"pl-PL\"},{\"@type\":\"Person\",\"@id\":\"https:\\\/\\\/www.infakt.pl\\\/blog\\\/#\\\/schema\\\/person\\\/472e214012acb50ae3ffc9527fce53c5\",\"name\":\"Ma\u0142gorzata Skrzypczak\",\"image\":{\"@type\":\"ImageObject\",\"inLanguage\":\"pl-PL\",\"@id\":\"https:\\\/\\\/secure.gravatar.com\\\/avatar\\\/b190e5f51b0d5983b7e72b195dc821250f60ceea03ede32734ce5cfa1d86ef72?s=96&d=mm&r=g\",\"url\":\"https:\\\/\\\/secure.gravatar.com\\\/avatar\\\/b190e5f51b0d5983b7e72b195dc821250f60ceea03ede32734ce5cfa1d86ef72?s=96&d=mm&r=g\",\"contentUrl\":\"https:\\\/\\\/secure.gravatar.com\\\/avatar\\\/b190e5f51b0d5983b7e72b195dc821250f60ceea03ede32734ce5cfa1d86ef72?s=96&d=mm&r=g\",\"caption\":\"Ma\u0142gorzata Skrzypczak\"},\"url\":\"https:\\\/\\\/www.infakt.pl\\\/blog\\\/author\\\/malgorzata-skrzypczak\\\/\"}]}<\/script>\n<!-- \/ Yoast SEO plugin. -->","yoast_head_json":{"title":"Zeznanie roczne za 2017 rok - Blog inFakt.pl","description":"W ci\u0105gu roku rozliczasz si\u0119 z podatku dochodowego miesi\u0119cznie lub kwartalnie. Zbli\u017ca si\u0119 czas na zeznanie roczne za 2017 rok.","robots":{"index":"index","follow":"follow","max-snippet":"max-snippet:-1","max-image-preview":"max-image-preview:large","max-video-preview":"max-video-preview:-1"},"canonical":"https:\/\/www.infakt.pl\/blog\/zeznanie-roczne-za-2017-rok\/","og_locale":"pl_PL","og_type":"article","og_title":"Zeznanie roczne za 2017 rok - Blog inFakt.pl","og_description":"W ci\u0105gu roku rozliczasz si\u0119 z podatku dochodowego miesi\u0119cznie lub kwartalnie. Zbli\u017ca si\u0119 czas na zeznanie roczne za 2017 rok.","og_url":"https:\/\/www.infakt.pl\/blog\/zeznanie-roczne-za-2017-rok\/","og_site_name":"Infakt Blog","article_published_time":"2017-12-29T15:04:09+00:00","article_modified_time":"2025-03-14T09:03:44+00:00","og_image":[{"width":1280,"height":720,"url":"https:\/\/www.infakt.pl\/blog\/wp-content\/uploads\/2017\/12\/zeznanie-roczne-za-2017-rok-rozliczenie-ulgi-nowy-formularz.png","type":"image\/png"}],"author":"Ma\u0142gorzata Skrzypczak","twitter_card":"summary_large_image","twitter_misc":{"Napisane przez":"Ma\u0142gorzata Skrzypczak","Szacowany czas czytania":"5 minut"},"schema":{"@context":"https:\/\/schema.org","@graph":[{"@type":"Article","@id":"https:\/\/www.infakt.pl\/blog\/zeznanie-roczne-za-2017-rok\/#article","isPartOf":{"@id":"https:\/\/www.infakt.pl\/blog\/zeznanie-roczne-za-2017-rok\/"},"author":{"name":"Ma\u0142gorzata Skrzypczak","@id":"https:\/\/www.infakt.pl\/blog\/#\/schema\/person\/472e214012acb50ae3ffc9527fce53c5"},"headline":"Jaki jest termin na z\u0142o\u017cenie PIT w 2017? Ile wynosi kwota wolna od podatku?","datePublished":"2017-12-29T15:04:09+00:00","dateModified":"2025-03-14T09:03:44+00:00","mainEntityOfPage":{"@id":"https:\/\/www.infakt.pl\/blog\/zeznanie-roczne-za-2017-rok\/"},"wordCount":1079,"commentCount":0,"image":{"@id":"https:\/\/www.infakt.pl\/blog\/zeznanie-roczne-za-2017-rok\/#primaryimage"},"thumbnailUrl":"https:\/\/www.infakt.pl\/blog\/wp-content\/uploads\/2017\/12\/zeznanie-roczne-za-2017-rok-rozliczenie-ulgi-nowy-formularz.png","articleSection":["Podatki"],"inLanguage":"pl-PL","potentialAction":[{"@type":"CommentAction","name":"Comment","target":["https:\/\/www.infakt.pl\/blog\/zeznanie-roczne-za-2017-rok\/#respond"]}]},{"@type":"WebPage","@id":"https:\/\/www.infakt.pl\/blog\/zeznanie-roczne-za-2017-rok\/","url":"https:\/\/www.infakt.pl\/blog\/zeznanie-roczne-za-2017-rok\/","name":"Zeznanie roczne za 2017 rok - Blog inFakt.pl","isPartOf":{"@id":"https:\/\/www.infakt.pl\/blog\/#website"},"primaryImageOfPage":{"@id":"https:\/\/www.infakt.pl\/blog\/zeznanie-roczne-za-2017-rok\/#primaryimage"},"image":{"@id":"https:\/\/www.infakt.pl\/blog\/zeznanie-roczne-za-2017-rok\/#primaryimage"},"thumbnailUrl":"https:\/\/www.infakt.pl\/blog\/wp-content\/uploads\/2017\/12\/zeznanie-roczne-za-2017-rok-rozliczenie-ulgi-nowy-formularz.png","datePublished":"2017-12-29T15:04:09+00:00","dateModified":"2025-03-14T09:03:44+00:00","author":{"@id":"https:\/\/www.infakt.pl\/blog\/#\/schema\/person\/472e214012acb50ae3ffc9527fce53c5"},"description":"W ci\u0105gu roku rozliczasz si\u0119 z podatku dochodowego miesi\u0119cznie lub kwartalnie. Zbli\u017ca si\u0119 czas na zeznanie roczne za 2017 rok.","breadcrumb":{"@id":"https:\/\/www.infakt.pl\/blog\/zeznanie-roczne-za-2017-rok\/#breadcrumb"},"inLanguage":"pl-PL","potentialAction":[{"@type":"ReadAction","target":["https:\/\/www.infakt.pl\/blog\/zeznanie-roczne-za-2017-rok\/"]}]},{"@type":"ImageObject","inLanguage":"pl-PL","@id":"https:\/\/www.infakt.pl\/blog\/zeznanie-roczne-za-2017-rok\/#primaryimage","url":"https:\/\/www.infakt.pl\/blog\/wp-content\/uploads\/2017\/12\/zeznanie-roczne-za-2017-rok-rozliczenie-ulgi-nowy-formularz.png","contentUrl":"https:\/\/www.infakt.pl\/blog\/wp-content\/uploads\/2017\/12\/zeznanie-roczne-za-2017-rok-rozliczenie-ulgi-nowy-formularz.png","width":1280,"height":720},{"@type":"BreadcrumbList","@id":"https:\/\/www.infakt.pl\/blog\/zeznanie-roczne-za-2017-rok\/#breadcrumb","itemListElement":[{"@type":"ListItem","position":1,"name":"Blog","item":"https:\/\/www.infakt.pl\/blog\/"},{"@type":"ListItem","position":2,"name":"Podatki","item":"https:\/\/www.infakt.pl\/blog\/kategoria\/podatki\/"},{"@type":"ListItem","position":3,"name":"Jaki jest termin na z\u0142o\u017cenie PIT w 2017? Ile wynosi kwota wolna od podatk&hellip;"}]},{"@type":"WebSite","@id":"https:\/\/www.infakt.pl\/blog\/#website","url":"https:\/\/www.infakt.pl\/blog\/","name":"Infakt Blog","description":"","potentialAction":[{"@type":"SearchAction","target":{"@type":"EntryPoint","urlTemplate":"https:\/\/www.infakt.pl\/blog\/?s={search_term_string}"},"query-input":{"@type":"PropertyValueSpecification","valueRequired":true,"valueName":"search_term_string"}}],"inLanguage":"pl-PL"},{"@type":"Person","@id":"https:\/\/www.infakt.pl\/blog\/#\/schema\/person\/472e214012acb50ae3ffc9527fce53c5","name":"Ma\u0142gorzata Skrzypczak","image":{"@type":"ImageObject","inLanguage":"pl-PL","@id":"https:\/\/secure.gravatar.com\/avatar\/b190e5f51b0d5983b7e72b195dc821250f60ceea03ede32734ce5cfa1d86ef72?s=96&d=mm&r=g","url":"https:\/\/secure.gravatar.com\/avatar\/b190e5f51b0d5983b7e72b195dc821250f60ceea03ede32734ce5cfa1d86ef72?s=96&d=mm&r=g","contentUrl":"https:\/\/secure.gravatar.com\/avatar\/b190e5f51b0d5983b7e72b195dc821250f60ceea03ede32734ce5cfa1d86ef72?s=96&d=mm&r=g","caption":"Ma\u0142gorzata Skrzypczak"},"url":"https:\/\/www.infakt.pl\/blog\/author\/malgorzata-skrzypczak\/"}]}},"_links":{"self":[{"href":"https:\/\/www.infakt.pl\/blog\/wp-json\/wp\/v2\/posts\/28450","targetHints":{"allow":["GET"]}}],"collection":[{"href":"https:\/\/www.infakt.pl\/blog\/wp-json\/wp\/v2\/posts"}],"about":[{"href":"https:\/\/www.infakt.pl\/blog\/wp-json\/wp\/v2\/types\/post"}],"author":[{"embeddable":true,"href":"https:\/\/www.infakt.pl\/blog\/wp-json\/wp\/v2\/users\/55"}],"replies":[{"embeddable":true,"href":"https:\/\/www.infakt.pl\/blog\/wp-json\/wp\/v2\/comments?post=28450"}],"version-history":[{"count":12,"href":"https:\/\/www.infakt.pl\/blog\/wp-json\/wp\/v2\/posts\/28450\/revisions"}],"predecessor-version":[{"id":78594,"href":"https:\/\/www.infakt.pl\/blog\/wp-json\/wp\/v2\/posts\/28450\/revisions\/78594"}],"wp:featuredmedia":[{"embeddable":true,"href":"https:\/\/www.infakt.pl\/blog\/wp-json\/wp\/v2\/media\/28475"}],"wp:attachment":[{"href":"https:\/\/www.infakt.pl\/blog\/wp-json\/wp\/v2\/media?parent=28450"}],"wp:term":[{"taxonomy":"category","embeddable":true,"href":"https:\/\/www.infakt.pl\/blog\/wp-json\/wp\/v2\/categories?post=28450"},{"taxonomy":"post_tag","embeddable":true,"href":"https:\/\/www.infakt.pl\/blog\/wp-json\/wp\/v2\/tags?post=28450"}],"curies":[{"name":"wp","href":"https:\/\/api.w.org\/{rel}","templated":true}]}}