{"id":26813,"date":"2017-09-04T21:58:38","date_gmt":"2017-09-04T19:58:38","guid":{"rendered":"http:\/\/www.infakt.pl\/blog\/?p=26813"},"modified":"2022-10-26T14:13:00","modified_gmt":"2022-10-26T12:13:00","slug":"zmiany-podatkowe-w-2018","status":"publish","type":"post","link":"https:\/\/www.infakt.pl\/blog\/zmiany-podatkowe-w-2018\/","title":{"rendered":"Zmiany podatkowe w 2018 &#8211; zapraszamy na bezp\u0142atne szkolenie"},"content":{"rendered":"<strong>Jakie zmiany podatkowe czekaj\u0105 nas w 2018 roku? Jak wp\u0142yn\u0105 one na rozliczenia przedsi\u0119biorc\u00f3w z fiskusem i jak si\u0119 do nich przygotowa\u0107? Jakie rozwi\u0105zania mo\u017cna wykorzysta\u0107, aby usprawni\u0107 swoj\u0105 prac\u0119?<\/strong><!--more-->\r\n\r\nNa te i inne pytania odpowiemy na <strong>bezp\u0142atnym szkoleniu<\/strong> \u201cOg\u00f3lnopolska Akademia inFakt\u201d organizowanym przez nas <strong>6 wrze\u015bnia<\/strong> o godz. 16:30 w <strong>Warszawie<\/strong>. Zapraszamy <strong>wszystkich przedsi\u0119biorc\u00f3w i ksi\u0119gowych<\/strong> spragnionych eksperckiej wiedzy przekazanej w przyst\u0119pny spos\u00f3b! Dowiedzie\u0107 si\u0119 wi\u0119cej o wydarzeniu i zapisa\u0107 mo\u017cna po klikni\u0119ciu na przycisk na dole strony.\r\n\r\n<img decoding=\"async\" loading=\"lazy\"   class=\"alignnone size-full wp-image-27029\" src=\"https:\/\/www.infakt.pl\/blog\/wp-content\/uploads\/2017\/09\/Podatki-2018.jpg\" alt=\"Podatki 2018\" width=\"1300\" height=\"781\" srcset=\"https:\/\/www.infakt.pl\/blog\/wp-content\/uploads\/2017\/09\/Podatki-2018.jpg 360w, https:\/\/www.infakt.pl\/blog\/wp-content\/uploads\/2017\/09\/Podatki-2018-300x180.jpg 300w, https:\/\/www.infakt.pl\/blog\/wp-content\/uploads\/2017\/09\/Podatki-2018-196x118.jpg 196w, https:\/\/www.infakt.pl\/blog\/wp-content\/uploads\/2017\/09\/Podatki-2018-250x150.jpg 250w\" sizes=\"auto, (max-width: 1300px) 100vw, 1300px\" \/>\r\n<h2>Warszawa to dopiero pocz\u0105tek\u2026.<\/h2>\r\nWarszawa otwiera <strong>cykl szkole\u0144<\/strong>, podczas kt\u00f3rych eksperci inFaktu b\u0119d\u0105 dzieli\u0107 si\u0119 wiedz\u0105 nt. nadchodz\u0105cych zmian podatkowych w 2018 i doradza\u0107 jak wykorzysta\u0107 nowoczesne technologie, aby jak najlepiej zorganizowa\u0107 swoj\u0105 prac\u0119. \r\n<h2>Networking i Stolik Ekspercki<\/h2>\r\nSzkolenia w ramach Og\u00f3lnopolskiej Akademii inFakt to r\u00f3wnie\u017c doskona\u0142a okazja do <strong>bezpo\u015bredniej rozmowy z prelegentami <\/strong>oraz innymi przedsi\u0119biorcami i ksi\u0119gowymi w nieformalnej atmosferze, podzielenia si\u0119 do\u015bwiadczeniami i bli\u017cszego poznania.\r\n\r\nSpecjalnie dla uczestnik\u00f3w szkolenia przygotowali\u015bmy <strong>Stolik Ekspercki<\/strong>, przy kt\u00f3rym b\u0119dzie mo\u017cna uzyska\u0107 indywidualne konsultacje ksi\u0119gowe.\r\n<h2>Program w szczeg\u00f3le<\/h2>\r\nNa\u00a0szkoleniu w Warszawie b\u0119dziemy omawia\u0107\u00a0nast\u0119puj\u0105ce tematy:\r\n<ul>\r\n \t<li>ZMIANY W PODATKACH 2018\r\n(JPK dla mikroprzedsi\u0119biorc\u00f3w, split payment, zmiany w PIT, inne proponowane zmiany)<\/li>\r\n\r\n<strong><a href=\"https:\/\/www.infakt.pl\/jednolity-plik-kontrolny\/\" target=\"_blank\" rel=\"noopener\">Wszystkie aktualne informacje o JPK znajdziesz tutaj<\/a><\/strong>\r\n\r\n \t<li>NOWOCZESNE ROZWI\u0104ZANIA KSI\u0118GOWE\r\n(dostarczanie dokument\u00f3w, dane ksi\u0119gowe w chmurze, komunikacja mi\u0119dzy przedsi\u0119biorc\u0105 a ksi\u0119gowym)<\/li>\r\n \t<li>ZAKUPY Z ZAGRANICY\r\n(towar czy us\u0142uga &#8211; zasady podzia\u0142u, rejestracja jako podatnik VAT UE, zasady post\u0119powania w przypadku naby\u0107 towar\u00f3w, zasady post\u0119powania w przypadku us\u0142ug)<\/li>\r\n<\/ul>\r\n<h2>Wizyt\u00f3wka w Bazie Ksi\u0119gowych<\/h2>\r\nPodczas szkolenia przewidzieli\u015bmy r\u00f3wnie\u017c mo\u017cliwo\u015b\u0107 zrobienia <strong>profesjonalnego zdj\u0119cia przez fotografa<\/strong>, kt\u00f3re mo\u017ce by\u0107 umieszczone w <strong>Og\u00f3lnopolskiej Bazie Ksi\u0119gowych<\/strong>. Powstaj\u0105ca w\u0142a\u015bnie Baza Ksi\u0119gowych inFakt to miejsce, w kt\u00f3rym przedsi\u0119biorcy b\u0119d\u0105 mogli szuka\u0107 dla siebie ksi\u0119gowego &#8211; a wi\u0119c dla ksi\u0119gowych to doskona\u0142a mo\u017cliwo\u015b\u0107 <strong>pozyskania nowych klient\u00f3w<\/strong>.\r\n<h2>Przyjd\u017a ze znajomym!<\/h2>\r\nZach\u0119camy te\u017c do <strong>zaproszenia swojego ksi\u0119gowego lub znajomego przedsi\u0119biorc\u0119<\/strong>, kt\u00f3rego mo\u017ce zainteresowa\u0107 tematyka szkolenia. W inFakcie ch\u0119tnie dzielimy si\u0119 wiedz\u0105 z wszystkimi, kt\u00f3rzy potrzebuj\u0105 wiedzy na temat ksi\u0119gowo\u015bci, podatk\u00f3w w 2018 oraz jak sprawnie i efektywnie ksi\u0119gowa\u0107.\r\n<div align=\"center\"><a class=\"small-font padding-small\" style=\"background: #6fc14b; border-radius: 3px; color: #ffffff; display: inline-block; font-weight: 100; font-size: 17px; font-family: Helvetica, Arial, sans-serif; padding: 13px 25px; text-decoration: none;\" href=\"https:\/\/akademiainfakt.evenea.pl\/index\/krok-2?\">Zapisz si\u0119 za darmo<\/a><\/div>\r\nSerdecznie zapraszamy!","protected":false},"excerpt":{"rendered":"","protected":false},"author":62,"featured_media":27038,"comment_status":"open","ping_status":"closed","sticky":false,"template":"","format":"standard","meta":{"_acf_changed":false,"footnotes":""},"categories":[2052,6],"tags":[],"class_list":["post-26813","post","type-post","status-publish","format-standard","has-post-thumbnail","hentry","category-aktualnosci","category-podatki"],"acf":[],"yoast_head":"<!-- This site is optimized with the Yoast SEO plugin v27.4 - https:\/\/yoast.com\/product\/yoast-seo-wordpress\/ -->\n<title>Zmiany podatkowe w 2018 - zapraszamy na bezp\u0142atne szkolenie - blog inFakt<\/title>\n<meta name=\"description\" content=\"Jakie s\u0105 planowane zmiany podatkowe w 2018 roku? Jak wp\u0142yn\u0105 one na rozliczenia przedsi\u0119biorc\u00f3w z fiskusem i jak si\u0119 do nich przygotowa\u0107? Na te i inne pytania odpowiemy na bezp\u0142atnym szkoleniu \u201cOg\u00f3lnopolska Akademia inFakt\u201d organizowanym przez nas 6 wrze\u015bnia o godz. 16:30 w Warszawie.\" \/>\n<meta name=\"robots\" content=\"index, follow, max-snippet:-1, max-image-preview:large, max-video-preview:-1\" \/>\n<link rel=\"canonical\" href=\"https:\/\/www.infakt.pl\/blog\/zmiany-podatkowe-w-2018\/\" \/>\n<meta property=\"og:locale\" content=\"pl_PL\" \/>\n<meta property=\"og:type\" content=\"article\" \/>\n<meta property=\"og:title\" content=\"Zmiany podatkowe w 2018 - zapraszamy na bezp\u0142atne szkolenie - blog inFakt\" \/>\n<meta property=\"og:description\" content=\"Jakie s\u0105 planowane zmiany podatkowe w 2018 roku? Jak wp\u0142yn\u0105 one na rozliczenia przedsi\u0119biorc\u00f3w z fiskusem i jak si\u0119 do nich przygotowa\u0107? Na te i inne pytania odpowiemy na bezp\u0142atnym szkoleniu \u201cOg\u00f3lnopolska Akademia inFakt\u201d organizowanym przez nas 6 wrze\u015bnia o godz. 16:30 w Warszawie.\" \/>\n<meta property=\"og:url\" content=\"https:\/\/www.infakt.pl\/blog\/zmiany-podatkowe-w-2018\/\" \/>\n<meta property=\"og:site_name\" content=\"Infakt Blog\" \/>\n<meta property=\"article:published_time\" content=\"2017-09-04T19:58:38+00:00\" \/>\n<meta property=\"article:modified_time\" content=\"2022-10-26T12:13:00+00:00\" \/>\n<meta property=\"og:image\" content=\"https:\/\/www.infakt.pl\/blog\/wp-content\/uploads\/2017\/09\/podatki-2018.jpg\" \/>\n\t<meta property=\"og:image:width\" content=\"360\" \/>\n\t<meta property=\"og:image:height\" content=\"216\" \/>\n\t<meta property=\"og:image:type\" content=\"image\/jpeg\" \/>\n<meta name=\"author\" content=\"Joanna Swatowska-Rybak\" \/>\n<meta name=\"twitter:card\" content=\"summary_large_image\" \/>\n<meta name=\"twitter:label1\" content=\"Napisane przez\" \/>\n\t<meta name=\"twitter:data1\" content=\"Joanna Swatowska-Rybak\" \/>\n\t<meta name=\"twitter:label2\" content=\"Szacowany czas czytania\" \/>\n\t<meta name=\"twitter:data2\" content=\"2 minuty\" \/>\n<script type=\"application\/ld+json\" class=\"yoast-schema-graph\">{\"@context\":\"https:\\\/\\\/schema.org\",\"@graph\":[{\"@type\":\"Article\",\"@id\":\"https:\\\/\\\/www.infakt.pl\\\/blog\\\/zmiany-podatkowe-w-2018\\\/#article\",\"isPartOf\":{\"@id\":\"https:\\\/\\\/www.infakt.pl\\\/blog\\\/zmiany-podatkowe-w-2018\\\/\"},\"author\":{\"name\":\"Joanna Swatowska-Rybak\",\"@id\":\"https:\\\/\\\/www.infakt.pl\\\/blog\\\/#\\\/schema\\\/person\\\/09a5334789d5f137a09801790c0b4cba\"},\"headline\":\"Zmiany podatkowe w 2018 &#8211; zapraszamy na bezp\u0142atne szkolenie\",\"datePublished\":\"2017-09-04T19:58:38+00:00\",\"dateModified\":\"2022-10-26T12:13:00+00:00\",\"mainEntityOfPage\":{\"@id\":\"https:\\\/\\\/www.infakt.pl\\\/blog\\\/zmiany-podatkowe-w-2018\\\/\"},\"wordCount\":418,\"commentCount\":0,\"image\":{\"@id\":\"https:\\\/\\\/www.infakt.pl\\\/blog\\\/zmiany-podatkowe-w-2018\\\/#primaryimage\"},\"thumbnailUrl\":\"https:\\\/\\\/www.infakt.pl\\\/blog\\\/wp-content\\\/uploads\\\/2017\\\/09\\\/podatki-2018.jpg\",\"articleSection\":[\"Aktualno\u015bci\",\"Podatki\"],\"inLanguage\":\"pl-PL\",\"potentialAction\":[{\"@type\":\"CommentAction\",\"name\":\"Comment\",\"target\":[\"https:\\\/\\\/www.infakt.pl\\\/blog\\\/zmiany-podatkowe-w-2018\\\/#respond\"]}]},{\"@type\":\"WebPage\",\"@id\":\"https:\\\/\\\/www.infakt.pl\\\/blog\\\/zmiany-podatkowe-w-2018\\\/\",\"url\":\"https:\\\/\\\/www.infakt.pl\\\/blog\\\/zmiany-podatkowe-w-2018\\\/\",\"name\":\"Zmiany podatkowe w 2018 - zapraszamy na bezp\u0142atne szkolenie - blog inFakt\",\"isPartOf\":{\"@id\":\"https:\\\/\\\/www.infakt.pl\\\/blog\\\/#website\"},\"primaryImageOfPage\":{\"@id\":\"https:\\\/\\\/www.infakt.pl\\\/blog\\\/zmiany-podatkowe-w-2018\\\/#primaryimage\"},\"image\":{\"@id\":\"https:\\\/\\\/www.infakt.pl\\\/blog\\\/zmiany-podatkowe-w-2018\\\/#primaryimage\"},\"thumbnailUrl\":\"https:\\\/\\\/www.infakt.pl\\\/blog\\\/wp-content\\\/uploads\\\/2017\\\/09\\\/podatki-2018.jpg\",\"datePublished\":\"2017-09-04T19:58:38+00:00\",\"dateModified\":\"2022-10-26T12:13:00+00:00\",\"author\":{\"@id\":\"https:\\\/\\\/www.infakt.pl\\\/blog\\\/#\\\/schema\\\/person\\\/09a5334789d5f137a09801790c0b4cba\"},\"description\":\"Jakie s\u0105 planowane zmiany podatkowe w 2018 roku? Jak wp\u0142yn\u0105 one na rozliczenia przedsi\u0119biorc\u00f3w z fiskusem i jak si\u0119 do nich przygotowa\u0107? Na te i inne pytania odpowiemy na bezp\u0142atnym szkoleniu \u201cOg\u00f3lnopolska Akademia inFakt\u201d organizowanym przez nas 6 wrze\u015bnia o godz. 16:30 w Warszawie.\",\"breadcrumb\":{\"@id\":\"https:\\\/\\\/www.infakt.pl\\\/blog\\\/zmiany-podatkowe-w-2018\\\/#breadcrumb\"},\"inLanguage\":\"pl-PL\",\"potentialAction\":[{\"@type\":\"ReadAction\",\"target\":[\"https:\\\/\\\/www.infakt.pl\\\/blog\\\/zmiany-podatkowe-w-2018\\\/\"]}]},{\"@type\":\"ImageObject\",\"inLanguage\":\"pl-PL\",\"@id\":\"https:\\\/\\\/www.infakt.pl\\\/blog\\\/zmiany-podatkowe-w-2018\\\/#primaryimage\",\"url\":\"https:\\\/\\\/www.infakt.pl\\\/blog\\\/wp-content\\\/uploads\\\/2017\\\/09\\\/podatki-2018.jpg\",\"contentUrl\":\"https:\\\/\\\/www.infakt.pl\\\/blog\\\/wp-content\\\/uploads\\\/2017\\\/09\\\/podatki-2018.jpg\",\"width\":360,\"height\":216,\"caption\":\"podatki 2018 infakt\"},{\"@type\":\"BreadcrumbList\",\"@id\":\"https:\\\/\\\/www.infakt.pl\\\/blog\\\/zmiany-podatkowe-w-2018\\\/#breadcrumb\",\"itemListElement\":[{\"@type\":\"ListItem\",\"position\":1,\"name\":\"Blog\",\"item\":\"https:\\\/\\\/www.infakt.pl\\\/blog\\\/\"},{\"@type\":\"ListItem\",\"position\":2,\"name\":\"Podatki\",\"item\":\"https:\\\/\\\/www.infakt.pl\\\/blog\\\/kategoria\\\/podatki\\\/\"},{\"@type\":\"ListItem\",\"position\":3,\"name\":\"Zmiany podatkowe w 2018 &#8211; zapraszamy na bezp\u0142atne szkolenie\"}]},{\"@type\":\"WebSite\",\"@id\":\"https:\\\/\\\/www.infakt.pl\\\/blog\\\/#website\",\"url\":\"https:\\\/\\\/www.infakt.pl\\\/blog\\\/\",\"name\":\"Infakt Blog\",\"description\":\"\",\"potentialAction\":[{\"@type\":\"SearchAction\",\"target\":{\"@type\":\"EntryPoint\",\"urlTemplate\":\"https:\\\/\\\/www.infakt.pl\\\/blog\\\/?s={search_term_string}\"},\"query-input\":{\"@type\":\"PropertyValueSpecification\",\"valueRequired\":true,\"valueName\":\"search_term_string\"}}],\"inLanguage\":\"pl-PL\"},{\"@type\":\"Person\",\"@id\":\"https:\\\/\\\/www.infakt.pl\\\/blog\\\/#\\\/schema\\\/person\\\/09a5334789d5f137a09801790c0b4cba\",\"name\":\"Joanna Swatowska-Rybak\",\"image\":{\"@type\":\"ImageObject\",\"inLanguage\":\"pl-PL\",\"@id\":\"https:\\\/\\\/secure.gravatar.com\\\/avatar\\\/0eeeae8791273caf4453a6578f593ad3cb0dbfe87e8fa7ba08500b24cfa734f9?s=96&d=mm&r=g\",\"url\":\"https:\\\/\\\/secure.gravatar.com\\\/avatar\\\/0eeeae8791273caf4453a6578f593ad3cb0dbfe87e8fa7ba08500b24cfa734f9?s=96&d=mm&r=g\",\"contentUrl\":\"https:\\\/\\\/secure.gravatar.com\\\/avatar\\\/0eeeae8791273caf4453a6578f593ad3cb0dbfe87e8fa7ba08500b24cfa734f9?s=96&d=mm&r=g\",\"caption\":\"Joanna Swatowska-Rybak\"},\"url\":\"https:\\\/\\\/www.infakt.pl\\\/blog\\\/author\\\/joanna-swatowska-rybak\\\/\"}]}<\/script>\n<!-- \/ Yoast SEO plugin. -->","yoast_head_json":{"title":"Zmiany podatkowe w 2018 - zapraszamy na bezp\u0142atne szkolenie - blog inFakt","description":"Jakie s\u0105 planowane zmiany podatkowe w 2018 roku? Jak wp\u0142yn\u0105 one na rozliczenia przedsi\u0119biorc\u00f3w z fiskusem i jak si\u0119 do nich przygotowa\u0107? Na te i inne pytania odpowiemy na bezp\u0142atnym szkoleniu \u201cOg\u00f3lnopolska Akademia inFakt\u201d organizowanym przez nas 6 wrze\u015bnia o godz. 16:30 w Warszawie.","robots":{"index":"index","follow":"follow","max-snippet":"max-snippet:-1","max-image-preview":"max-image-preview:large","max-video-preview":"max-video-preview:-1"},"canonical":"https:\/\/www.infakt.pl\/blog\/zmiany-podatkowe-w-2018\/","og_locale":"pl_PL","og_type":"article","og_title":"Zmiany podatkowe w 2018 - zapraszamy na bezp\u0142atne szkolenie - blog inFakt","og_description":"Jakie s\u0105 planowane zmiany podatkowe w 2018 roku? Jak wp\u0142yn\u0105 one na rozliczenia przedsi\u0119biorc\u00f3w z fiskusem i jak si\u0119 do nich przygotowa\u0107? Na te i inne pytania odpowiemy na bezp\u0142atnym szkoleniu \u201cOg\u00f3lnopolska Akademia inFakt\u201d organizowanym przez nas 6 wrze\u015bnia o godz. 16:30 w Warszawie.","og_url":"https:\/\/www.infakt.pl\/blog\/zmiany-podatkowe-w-2018\/","og_site_name":"Infakt Blog","article_published_time":"2017-09-04T19:58:38+00:00","article_modified_time":"2022-10-26T12:13:00+00:00","og_image":[{"width":360,"height":216,"url":"https:\/\/www.infakt.pl\/blog\/wp-content\/uploads\/2017\/09\/podatki-2018.jpg","type":"image\/jpeg"}],"author":"Joanna Swatowska-Rybak","twitter_card":"summary_large_image","twitter_misc":{"Napisane przez":"Joanna Swatowska-Rybak","Szacowany czas czytania":"2 minuty"},"schema":{"@context":"https:\/\/schema.org","@graph":[{"@type":"Article","@id":"https:\/\/www.infakt.pl\/blog\/zmiany-podatkowe-w-2018\/#article","isPartOf":{"@id":"https:\/\/www.infakt.pl\/blog\/zmiany-podatkowe-w-2018\/"},"author":{"name":"Joanna Swatowska-Rybak","@id":"https:\/\/www.infakt.pl\/blog\/#\/schema\/person\/09a5334789d5f137a09801790c0b4cba"},"headline":"Zmiany podatkowe w 2018 &#8211; zapraszamy na bezp\u0142atne szkolenie","datePublished":"2017-09-04T19:58:38+00:00","dateModified":"2022-10-26T12:13:00+00:00","mainEntityOfPage":{"@id":"https:\/\/www.infakt.pl\/blog\/zmiany-podatkowe-w-2018\/"},"wordCount":418,"commentCount":0,"image":{"@id":"https:\/\/www.infakt.pl\/blog\/zmiany-podatkowe-w-2018\/#primaryimage"},"thumbnailUrl":"https:\/\/www.infakt.pl\/blog\/wp-content\/uploads\/2017\/09\/podatki-2018.jpg","articleSection":["Aktualno\u015bci","Podatki"],"inLanguage":"pl-PL","potentialAction":[{"@type":"CommentAction","name":"Comment","target":["https:\/\/www.infakt.pl\/blog\/zmiany-podatkowe-w-2018\/#respond"]}]},{"@type":"WebPage","@id":"https:\/\/www.infakt.pl\/blog\/zmiany-podatkowe-w-2018\/","url":"https:\/\/www.infakt.pl\/blog\/zmiany-podatkowe-w-2018\/","name":"Zmiany podatkowe w 2018 - zapraszamy na bezp\u0142atne szkolenie - blog inFakt","isPartOf":{"@id":"https:\/\/www.infakt.pl\/blog\/#website"},"primaryImageOfPage":{"@id":"https:\/\/www.infakt.pl\/blog\/zmiany-podatkowe-w-2018\/#primaryimage"},"image":{"@id":"https:\/\/www.infakt.pl\/blog\/zmiany-podatkowe-w-2018\/#primaryimage"},"thumbnailUrl":"https:\/\/www.infakt.pl\/blog\/wp-content\/uploads\/2017\/09\/podatki-2018.jpg","datePublished":"2017-09-04T19:58:38+00:00","dateModified":"2022-10-26T12:13:00+00:00","author":{"@id":"https:\/\/www.infakt.pl\/blog\/#\/schema\/person\/09a5334789d5f137a09801790c0b4cba"},"description":"Jakie s\u0105 planowane zmiany podatkowe w 2018 roku? Jak wp\u0142yn\u0105 one na rozliczenia przedsi\u0119biorc\u00f3w z fiskusem i jak si\u0119 do nich przygotowa\u0107? Na te i inne pytania odpowiemy na bezp\u0142atnym szkoleniu \u201cOg\u00f3lnopolska Akademia inFakt\u201d organizowanym przez nas 6 wrze\u015bnia o godz. 16:30 w Warszawie.","breadcrumb":{"@id":"https:\/\/www.infakt.pl\/blog\/zmiany-podatkowe-w-2018\/#breadcrumb"},"inLanguage":"pl-PL","potentialAction":[{"@type":"ReadAction","target":["https:\/\/www.infakt.pl\/blog\/zmiany-podatkowe-w-2018\/"]}]},{"@type":"ImageObject","inLanguage":"pl-PL","@id":"https:\/\/www.infakt.pl\/blog\/zmiany-podatkowe-w-2018\/#primaryimage","url":"https:\/\/www.infakt.pl\/blog\/wp-content\/uploads\/2017\/09\/podatki-2018.jpg","contentUrl":"https:\/\/www.infakt.pl\/blog\/wp-content\/uploads\/2017\/09\/podatki-2018.jpg","width":360,"height":216,"caption":"podatki 2018 infakt"},{"@type":"BreadcrumbList","@id":"https:\/\/www.infakt.pl\/blog\/zmiany-podatkowe-w-2018\/#breadcrumb","itemListElement":[{"@type":"ListItem","position":1,"name":"Blog","item":"https:\/\/www.infakt.pl\/blog\/"},{"@type":"ListItem","position":2,"name":"Podatki","item":"https:\/\/www.infakt.pl\/blog\/kategoria\/podatki\/"},{"@type":"ListItem","position":3,"name":"Zmiany podatkowe w 2018 &#8211; zapraszamy na bezp\u0142atne szkolenie"}]},{"@type":"WebSite","@id":"https:\/\/www.infakt.pl\/blog\/#website","url":"https:\/\/www.infakt.pl\/blog\/","name":"Infakt Blog","description":"","potentialAction":[{"@type":"SearchAction","target":{"@type":"EntryPoint","urlTemplate":"https:\/\/www.infakt.pl\/blog\/?s={search_term_string}"},"query-input":{"@type":"PropertyValueSpecification","valueRequired":true,"valueName":"search_term_string"}}],"inLanguage":"pl-PL"},{"@type":"Person","@id":"https:\/\/www.infakt.pl\/blog\/#\/schema\/person\/09a5334789d5f137a09801790c0b4cba","name":"Joanna Swatowska-Rybak","image":{"@type":"ImageObject","inLanguage":"pl-PL","@id":"https:\/\/secure.gravatar.com\/avatar\/0eeeae8791273caf4453a6578f593ad3cb0dbfe87e8fa7ba08500b24cfa734f9?s=96&d=mm&r=g","url":"https:\/\/secure.gravatar.com\/avatar\/0eeeae8791273caf4453a6578f593ad3cb0dbfe87e8fa7ba08500b24cfa734f9?s=96&d=mm&r=g","contentUrl":"https:\/\/secure.gravatar.com\/avatar\/0eeeae8791273caf4453a6578f593ad3cb0dbfe87e8fa7ba08500b24cfa734f9?s=96&d=mm&r=g","caption":"Joanna Swatowska-Rybak"},"url":"https:\/\/www.infakt.pl\/blog\/author\/joanna-swatowska-rybak\/"}]}},"_links":{"self":[{"href":"https:\/\/www.infakt.pl\/blog\/wp-json\/wp\/v2\/posts\/26813","targetHints":{"allow":["GET"]}}],"collection":[{"href":"https:\/\/www.infakt.pl\/blog\/wp-json\/wp\/v2\/posts"}],"about":[{"href":"https:\/\/www.infakt.pl\/blog\/wp-json\/wp\/v2\/types\/post"}],"author":[{"embeddable":true,"href":"https:\/\/www.infakt.pl\/blog\/wp-json\/wp\/v2\/users\/62"}],"replies":[{"embeddable":true,"href":"https:\/\/www.infakt.pl\/blog\/wp-json\/wp\/v2\/comments?post=26813"}],"version-history":[{"count":13,"href":"https:\/\/www.infakt.pl\/blog\/wp-json\/wp\/v2\/posts\/26813\/revisions"}],"predecessor-version":[{"id":54941,"href":"https:\/\/www.infakt.pl\/blog\/wp-json\/wp\/v2\/posts\/26813\/revisions\/54941"}],"wp:featuredmedia":[{"embeddable":true,"href":"https:\/\/www.infakt.pl\/blog\/wp-json\/wp\/v2\/media\/27038"}],"wp:attachment":[{"href":"https:\/\/www.infakt.pl\/blog\/wp-json\/wp\/v2\/media?parent=26813"}],"wp:term":[{"taxonomy":"category","embeddable":true,"href":"https:\/\/www.infakt.pl\/blog\/wp-json\/wp\/v2\/categories?post=26813"},{"taxonomy":"post_tag","embeddable":true,"href":"https:\/\/www.infakt.pl\/blog\/wp-json\/wp\/v2\/tags?post=26813"}],"curies":[{"name":"wp","href":"https:\/\/api.w.org\/{rel}","templated":true}]}}