{"id":25564,"date":"2017-06-13T23:13:58","date_gmt":"2017-06-13T21:13:58","guid":{"rendered":"http:\/\/www.infakt.pl\/blog\/?p=25564"},"modified":"2022-10-25T13:50:28","modified_gmt":"2022-10-25T11:50:28","slug":"przykladowe-sankcje-za-niedopelnienie-obowiazkow-wobec-zus-u","status":"publish","type":"post","link":"https:\/\/www.infakt.pl\/blog\/przykladowe-sankcje-za-niedopelnienie-obowiazkow-wobec-zus-u\/","title":{"rendered":"Jakie kary czekaj\u0105 przedsi\u0119biorc\u0119 za op\u00f3\u017anienie z wp\u0142at\u0105 sk\u0142adek ZUS lub b\u0142\u0119dy w dokumentach?"},"content":{"rendered":"<p class=\"header\"><strong>Osoby prowadz\u0105ce dzia\u0142alno\u015b\u0107 gospodarcz\u0105 zobowi\u0105zane s\u0105 m.in. do op\u0142acania sk\u0142adek na ubezpienienia i dostarczania odpowiednich deklaracji do ZUS-u. Dzisiaj kilka s\u0142\u00f3w o tym, dlaczego warto pami\u0119ta\u0107 o formalno\u015bciach i terminowych wp\u0142atach oraz jakie sankcje mog\u0105 zosta\u0107 na\u0142o\u017cone na przedsi\u0119biorc\u00f3w.<\/strong><!--more--><\/p>\n\n<h2><strong><b>Nieterminowe op\u0142acanie sk\u0142adek na ubezpieczenia<\/b><\/strong><\/h2>\nPrzypomnijmy, \u017ce osoby prowadz\u0105ce dzia\u0142alno\u015b\u0107 gospodarcz\u0105 maj\u0105 obowi\u0105zek regulowa\u0107 sk\u0142adki na ubezpieczenia spo\u0142eczne, zdrowotne i sk\u0142adki na Fundusz Pracy do 10-tego dnia miesi\u0105ca nast\u0119puj\u0105cego po miesi\u0105cu, za kt\u00f3ry nale\u017cne s\u0105 sk\u0142adki. Termin przed\u0142u\u017cany jest do 15-tego dnia miesi\u0105ca w przypadku, gdy przedsi\u0119biorca op\u0142aca sk\u0142adki nie tylko za siebie.\n\nKonsekwencj\u0105 op\u00f3\u017anie\u0144 w p\u0142atno\u015bciach sk\u0142adek na ubezpieczenia s\u0105 odsetki za zw\u0142ok\u0119 do zap\u0142aty. <strong>Odsetki naliczane s\u0105 za okres pocz\u0105wszy od dnia nast\u0119puj\u0105cego po dniu, w kt\u00f3rym up\u0142yn\u0105\u0142 termin p\u0142atno\u015bci, a\u017c do dnia zap\u0142aty sk\u0142adek wraz z ustalon\u0105 kwot\u0119 odsetek za zw\u0142ok\u0119.<\/strong> Odsetek nie trzeba p\u0142aci\u0107, je\u017celi ich wysoko\u015b\u0107 nie przekracza kwoty 6,60 z\u0142.\n\n<strong>Zak\u0142ad Ubezpiecze\u0144 Spo\u0142ecznych mo\u017ce na\u0142o\u017cy\u0107 na nas r\u00f3wnie\u017c dodatkow\u0105 kar\u0119 grzywny wysoko\u015bci 100 % nieop\u0142aconych sk\u0142adek, naliczan\u0105 za op\u00f3\u017anienie w p\u0142atno\u015bciach sk\u0142adek na ubezpieczenia. Taka op\u0142ata mo\u017ce zosta\u0107 naliczona tak\u017ce w przypadku zap\u0142aty sk\u0142adek w zani\u017conej wysoko\u015bci.\n<\/strong>\n\nZdarza si\u0119 r\u00f3wnie\u017c, \u017ce zaleg\u0142o\u015bci wobec ZUS s\u0105 kierowane na drog\u0119 przymusowego post\u0119powania egzekucyjnego.\n\nW przypadku wyst\u0105pienia trudno\u015bci finansowych w firmie warto <strong>wyst\u0105pi\u0107 do ZUS-u z wnioskiem o odroczenie terminu p\u0142atno\u015bci sk\u0142adek.<\/strong> Po zaakceptowaniu wniosku przez Zak\u0142ad Ubezpiecze\u0144 Spo\u0142ecznych, zostaje ustalony nowy termin, w kt\u00f3rym nale\u017cy ui\u015bci\u0107 sk\u0142adki. Pomoc dla przedsi\u0119biorc\u00f3w w postaci odroczenia terminu p\u0142atno\u015bci sk\u0142adek dotyczy wy\u0142\u0105cznie tych nale\u017cno\u015bci<strong>, dla kt\u00f3rych nie up\u0142yn\u0105\u0142 jeszcze ustawowy termin ich zap\u0142aty.\n<\/strong>\n<p class=\"entry-title\"><a href=\"https:\/\/www.infakt.pl\/blog\/odroczenie-terminu-platnosci-skladek-zus\/\" target=\"_blank\" rel=\"noopener\">Odroczenie terminu p\u0142atno\u015bci sk\u0142adek &#8211; dowiedz si\u0119 wi\u0119cej<\/a><\/p>\nBrak dotrzymywania obowi\u0105zuj\u0105cych nas termin\u00f3w regulowania sk\u0142adek na ubezpieczenia skutkowa\u0107 mo\u017ce r\u00f3wnie\u017c (w przypadku zg\u0142oszenia do do<img decoding=\"async\" loading=\"lazy\"   class=\"alignnone size-full wp-image-34341\" src=\"https:\/\/www.infakt.pl\/blog\/wp-content\/uploads\/2017\/06\/Przyk\u0142adowe-sankcje-za-niedope\u0142nienie-obowia\u0328zko\u0301w-wobec-ZUS-u.jpg\" alt=\"Cz\u0142owiek oddaj\u0105cy worek z pieni\u0119dzmi\" width=\"1280\" height=\"720\" srcset=\"https:\/\/www.infakt.pl\/blog\/wp-content\/uploads\/2017\/06\/Przyk\u0142adowe-sankcje-za-niedope\u0142nienie-obowia\u0328zko\u0301w-wobec-ZUS-u.jpg 1280w, https:\/\/www.infakt.pl\/blog\/wp-content\/uploads\/2017\/06\/Przyk\u0142adowe-sankcje-za-niedope\u0142nienie-obowia\u0328zko\u0301w-wobec-ZUS-u-300x169.jpg 300w, https:\/\/www.infakt.pl\/blog\/wp-content\/uploads\/2017\/06\/Przyk\u0142adowe-sankcje-za-niedope\u0142nienie-obowia\u0328zko\u0301w-wobec-ZUS-u-1024x576.jpg 1024w, https:\/\/www.infakt.pl\/blog\/wp-content\/uploads\/2017\/06\/Przyk\u0142adowe-sankcje-za-niedope\u0142nienie-obowia\u0328zko\u0301w-wobec-ZUS-u-760x428.jpg 760w, https:\/\/www.infakt.pl\/blog\/wp-content\/uploads\/2017\/06\/Przyk\u0142adowe-sankcje-za-niedope\u0142nienie-obowia\u0328zko\u0301w-wobec-ZUS-u-610x343.jpg 610w, https:\/\/www.infakt.pl\/blog\/wp-content\/uploads\/2017\/06\/Przyk\u0142adowe-sankcje-za-niedope\u0142nienie-obowia\u0328zko\u0301w-wobec-ZUS-u-380x214.jpg 380w, https:\/\/www.infakt.pl\/blog\/wp-content\/uploads\/2017\/06\/Przyk\u0142adowe-sankcje-za-niedope\u0142nienie-obowia\u0328zko\u0301w-wobec-ZUS-u-196x110.jpg 196w, https:\/\/www.infakt.pl\/blog\/wp-content\/uploads\/2017\/06\/Przyk\u0142adowe-sankcje-za-niedope\u0142nienie-obowia\u0328zko\u0301w-wobec-ZUS-u-980x551.jpg 980w, https:\/\/www.infakt.pl\/blog\/wp-content\/uploads\/2017\/06\/Przyk\u0142adowe-sankcje-za-niedope\u0142nienie-obowia\u0328zko\u0301w-wobec-ZUS-u-500x281.jpg 500w, https:\/\/www.infakt.pl\/blog\/wp-content\/uploads\/2017\/06\/Przyk\u0142adowe-sankcje-za-niedope\u0142nienie-obowia\u0328zko\u0301w-wobec-ZUS-u-250x141.jpg 250w\" sizes=\"auto, (max-width: 1280px) 100vw, 1280px\" \/>browolnego ubezpieczenia chorobowego) odmow\u0105 wyp\u0142aty zasi\u0142ku chorobowego i macierzy\u0144skiego w razie choroby lub urodzenia dziecka. <strong>W przypadku nieop\u0142acenia w terminie sk\u0142adki chorobowej, ubezpieczenie to ustaje od pierwszego dnia miesi\u0105ca, za kt\u00f3ry przedsi\u0119biorca sp\u00f3\u017ani si\u0119 z uregulowaniem nale\u017cno\u015bci do ZUS-u.<\/strong>\n<h2>B\u0142\u0119dy w dokumentach rozliczeniowych ZUS<\/h2>\nB\u0142\u0119dnie sporz\u0105dzone i przekazane do Zak\u0142adu Ubezpiecze\u0144 Spo\u0142ecznych deklaracje musz\u0105 zosta\u0107 skorygowane. <strong>Je\u017celi z korekty wynika, \u017ce zap\u0142acono ni\u017csze sk\u0142adki na ubezpieczenia od tych, kt\u00f3re by\u0142y nale\u017cne za dany miesi\u0105c, to trzeba dop\u0142aci\u0107 r\u00f3\u017cnic\u0119 wraz z nale\u017cnymi odsetkami za zw\u0142ok\u0119.\n<\/strong>\n<p class=\"entry-title\"><a href=\"https:\/\/www.infakt.pl\/blog\/jak-skorygowac-deklaracje-zlozone-do-zus-u\/\" target=\"_blank\" rel=\"noopener\">Sprawd\u017a kiedy trzeba skorygowa\u0107 deklaracje z\u0142o\u017cone do ZUS-u<\/a><\/p>\n<p align=\"justify\">Dostarczenie do ZUS-u niepoprawnych dokument\u00f3w ubezpieczeniowych mo\u017ce skutkowa\u0107 r\u00f3wnie\u017c <strong>dodatkow\u0105 sankcj\u0105, kt\u00f3ra zastosowana zostanie wtedy, gdy organ rentowy w wyniku b\u0142\u0119dnie wype\u0142nionych deklaracji lub ich braku nie przeka\u017ce w terminie sk\u0142adki do OFE.<\/strong> Wysoko\u015b\u0107 takiej op\u0142aty zale\u017cna jest od kwoty nieprzekazanej terminowo sk\u0142adki do OFE i odpowiada stopie odsetek nale\u017cnych z\u00a0tytu\u0142u nieprzekazania w\u00a0terminie sk\u0142adek do OFE, naliczanych pocz\u0105wszy od dnia nast\u0119puj\u0105cego po dniu, w kt\u00f3rym up\u0142yn\u0105\u0142 termin przekazania nale\u017cno\u015bci przez ZUS, a\u017c do dnia dostarczenia prawid\u0142owo wype\u0142nionych deklaracji przez p\u0142atnika. Sankcja nie zostanie wymierzona, je\u017celi jej warto\u015b\u0107 nie przekroczy kwoty 2 z\u0142. Dodatkowa op\u0142ata ustalana jest w drodze decyzji ZUS, a termin zap\u0142aty zbiega si\u0119 z najbli\u017cszym terminem op\u0142acania sk\u0142adek po uprawomocnieniu si\u0119 tej decyzji. <strong>Wymierzenie op\u0142aty dodatkowej nie przedawnia si\u0119 i ma by\u0107 rekompensat\u0105 dla ubezpieczonego.<\/strong> Ma na celu wyr\u00f3wnanie strat ubezpieczonego, poniesionych w zwi\u0105zku z nieterminowym przekazaniem sk\u0142adek, kt\u00f3re nie mog\u0142y by\u0107 inwestowane przez OFE.<\/p>\n<p class=\"entry-title\"><a href=\"https:\/\/www.infakt.pl\/blog\/koniec-malego-zus-jak-wygladaja-formalnosci\/\" target=\"_blank\" rel=\"noopener\">Koniec ma\u0142ego ZUS \u2013 jak wygl\u0105daj\u0105 formalno\u015bci?<\/a><\/p>\n\n<h2 align=\"justify\">Jakie kary mog\u0105 zosta\u0107 na\u0142o\u017cone na przedsi\u0119biorc\u00f3w celowo pope\u0142niaj\u0105cych b\u0142\u0119dy?<\/h2>\nMo\u017ce si\u0119 zdarzy\u0107, \u017ce przekazanie b\u0142\u0119dnie wype\u0142nionych deklaracji do ZUS-u nie wynika z pomy\u0142ki, nieuwagi czy niewiedzy, ale jest \u015bwiadomym dzia\u0142aniem, maj\u0105cym na celu zani\u017cenie kwoty nale\u017cnych sk\u0142adek na ubezpieczenia spo\u0142eczne lub zdrowotne.\n\nB\u0142\u0119dy, za kt\u00f3re grozi grzywna mog\u0105 dotyczy\u0107 m.in.\n<ul>\n \t<li>zatajenia lub modyfikacji danych maj\u0105cych wp\u0142yw na wymiar sk\u0142adek;<\/li>\n \t<li>nie dotrzymania terminu wniesienia op\u0142aty z tytu\u0142u sk\u0142adek na ubezpieczenia;<\/li>\n \t<li>nieterminowego dostarczenia deklaracji rozliczeniowych lub imiennych raport\u00f3w miesi\u0119cznych;<\/li>\n \t<li>braku wyp\u0142aty \u015bwiadcze\u0144 z ubezpiecze\u0144 spo\u0142ecznych i zasi\u0142k\u00f3w finansowanych z bud\u017cetu pa\u0144stwa;<\/li>\n \t<li>braku dokumentacji zwi\u0105zanej z obliczaniem sk\u0142adek i wyp\u0142at\u0105 \u015bwiadcze\u0144 z ubezpiecze\u0144 spo\u0142ecznych.<\/li>\n<\/ul>\n<strong>Tego typu przewinienia podlegaj\u0105 karze grzywny wymierzanej przez s\u0105d grodzki, na podstawie pisemnego wniosku ZUS o warto\u015bci nawet do 5 000 z\u0142.<\/strong>\n<p class=\"entry-title\"><a href=\"https:\/\/www.infakt.pl\/blog\/jak-obliczyc-wysokosc-skladek-zus-na-zwolnieniu-chorobowym-w-2017-roku\/\" target=\"_blank\" rel=\"noopener\">Jak ustali\u0107 wysoko\u015b\u0107 sk\u0142adek ZUS na zwolnieniu chorobowym w 2017 roku?<\/a><\/p>\n\n<h2 class=\"p1\"><span class=\"s1\">Za\u0142\u00f3\u017c testowe konto i korzystaj za darmo<\/span><\/h2>\n<ul class=\"ul1\">\n \t<li class=\"li2\"><span class=\"s1\">Przekonaj si\u0119, jak proste jest wystawianie faktur i dbanie o porz\u0105dek w dokumentach.<\/span><\/li>\n \t<li><span class=\"s1\">Dodatkowo otrzymasz bezp\u0142atne wsparcie specjalist\u00f3w na infolinii.<\/span><\/li>\n \t<li class=\"li2\"><span class=\"s1\">Wypr\u00f3buj nasz\u0105 wielokrotnie nagradzan\u0105 aplikacj\u0119 mobiln\u0105.<\/span><\/li>\n \t<li class=\"li2\"><span class=\"s1\">A gdy Twoje potrzeby wzrosn\u0105 &#8211;\u00a0 rozpocznij przez inFakt wsp\u00f3\u0142prac\u0119 z dedykowan\u0105 ksi\u0119gow\u0105 lub ksi\u0119gowym.<\/span><\/li>\n<\/ul>\n<p class=\"p3\"><span class=\"s2\"><a href=\"https:\/\/konto.infakt.pl\/rejestracja\/\">Za\u0142\u00f3\u017c konto<\/a><\/span><\/p>\nMasz pytania? Odpowiemy w komentarzu.","protected":false},"excerpt":{"rendered":"<p>Osoby prowadz\u0105ce dzia\u0142alno\u015b\u0107 gospodarcz\u0105 zobowi\u0105zane s\u0105 m.in. do op\u0142acania sk\u0142adek na ubezpienienia i dostarczania odpowiednich deklaracji do ZUS-u. Dzisiaj kilka s\u0142\u00f3w&hellip;<\/p>\n","protected":false},"author":37,"featured_media":34341,"comment_status":"open","ping_status":"closed","sticky":false,"template":"","format":"standard","meta":{"_acf_changed":false,"footnotes":""},"categories":[2056],"tags":[],"class_list":["post-25564","post","type-post","status-publish","format-standard","has-post-thumbnail","hentry","category-regulacje-prawne"],"acf":[],"yoast_head":"<!-- This site is optimized with the Yoast SEO plugin v27.4 - https:\/\/yoast.com\/product\/yoast-seo-wordpress\/ -->\n<title>Sankcje za niedope\u0142nienie obowi\u0105zk\u00f3w wobec ZUS - Blog inFakt.pl<\/title>\n<meta name=\"description\" content=\"Dlaczego warto pami\u0119ta\u0107 o formalno\u015bciach i terminowych wp\u0142atach oraz jakie sankcje mog\u0105 zosta\u0107 na\u0142o\u017cone na przedsi\u0119biorc\u00f3w.\" \/>\n<meta name=\"robots\" content=\"index, follow, max-snippet:-1, max-image-preview:large, max-video-preview:-1\" \/>\n<link rel=\"canonical\" href=\"https:\/\/www.infakt.pl\/blog\/przykladowe-sankcje-za-niedopelnienie-obowiazkow-wobec-zus-u\/\" \/>\n<meta property=\"og:locale\" content=\"pl_PL\" \/>\n<meta property=\"og:type\" content=\"article\" \/>\n<meta property=\"og:title\" content=\"Sankcje za niedope\u0142nienie obowi\u0105zk\u00f3w wobec ZUS - Blog inFakt.pl\" \/>\n<meta property=\"og:description\" content=\"Dlaczego warto pami\u0119ta\u0107 o formalno\u015bciach i terminowych wp\u0142atach oraz jakie sankcje mog\u0105 zosta\u0107 na\u0142o\u017cone na przedsi\u0119biorc\u00f3w.\" \/>\n<meta property=\"og:url\" content=\"https:\/\/www.infakt.pl\/blog\/przykladowe-sankcje-za-niedopelnienie-obowiazkow-wobec-zus-u\/\" \/>\n<meta property=\"og:site_name\" content=\"Infakt Blog\" \/>\n<meta property=\"article:published_time\" content=\"2017-06-13T21:13:58+00:00\" \/>\n<meta property=\"article:modified_time\" content=\"2022-10-25T11:50:28+00:00\" \/>\n<meta property=\"og:image\" content=\"https:\/\/www.infakt.pl\/blog\/wp-content\/uploads\/2017\/06\/Przyk\u0142adowe-sankcje-za-niedope\u0142nienie-obowia\u0328zko\u0301w-wobec-ZUS-u.jpg\" \/>\n\t<meta property=\"og:image:width\" content=\"1280\" \/>\n\t<meta property=\"og:image:height\" content=\"720\" \/>\n\t<meta property=\"og:image:type\" content=\"image\/jpeg\" \/>\n<meta name=\"author\" content=\"Karolina Szopa\" \/>\n<meta name=\"twitter:card\" content=\"summary_large_image\" \/>\n<meta name=\"twitter:label1\" content=\"Napisane przez\" \/>\n\t<meta name=\"twitter:data1\" content=\"Karolina Szopa\" \/>\n\t<meta name=\"twitter:label2\" content=\"Szacowany czas czytania\" \/>\n\t<meta name=\"twitter:data2\" content=\"5 minut\" \/>\n<script type=\"application\/ld+json\" class=\"yoast-schema-graph\">{\"@context\":\"https:\\\/\\\/schema.org\",\"@graph\":[{\"@type\":\"Article\",\"@id\":\"https:\\\/\\\/www.infakt.pl\\\/blog\\\/przykladowe-sankcje-za-niedopelnienie-obowiazkow-wobec-zus-u\\\/#article\",\"isPartOf\":{\"@id\":\"https:\\\/\\\/www.infakt.pl\\\/blog\\\/przykladowe-sankcje-za-niedopelnienie-obowiazkow-wobec-zus-u\\\/\"},\"author\":{\"name\":\"Karolina Szopa\",\"@id\":\"https:\\\/\\\/www.infakt.pl\\\/blog\\\/#\\\/schema\\\/person\\\/6f87bf464013f54b827b1dcfaac5376e\"},\"headline\":\"Jakie kary czekaj\u0105 przedsi\u0119biorc\u0119 za op\u00f3\u017anienie z wp\u0142at\u0105 sk\u0142adek ZUS lub b\u0142\u0119dy w dokumentach?\",\"datePublished\":\"2017-06-13T21:13:58+00:00\",\"dateModified\":\"2022-10-25T11:50:28+00:00\",\"mainEntityOfPage\":{\"@id\":\"https:\\\/\\\/www.infakt.pl\\\/blog\\\/przykladowe-sankcje-za-niedopelnienie-obowiazkow-wobec-zus-u\\\/\"},\"wordCount\":953,\"commentCount\":0,\"image\":{\"@id\":\"https:\\\/\\\/www.infakt.pl\\\/blog\\\/przykladowe-sankcje-za-niedopelnienie-obowiazkow-wobec-zus-u\\\/#primaryimage\"},\"thumbnailUrl\":\"https:\\\/\\\/www.infakt.pl\\\/blog\\\/wp-content\\\/uploads\\\/2017\\\/06\\\/Przyk\u0142adowe-sankcje-za-niedope\u0142nienie-obowia\u0328zko\u0301w-wobec-ZUS-u.jpg\",\"articleSection\":[\"Regulacje prawne\"],\"inLanguage\":\"pl-PL\",\"potentialAction\":[{\"@type\":\"CommentAction\",\"name\":\"Comment\",\"target\":[\"https:\\\/\\\/www.infakt.pl\\\/blog\\\/przykladowe-sankcje-za-niedopelnienie-obowiazkow-wobec-zus-u\\\/#respond\"]}]},{\"@type\":\"WebPage\",\"@id\":\"https:\\\/\\\/www.infakt.pl\\\/blog\\\/przykladowe-sankcje-za-niedopelnienie-obowiazkow-wobec-zus-u\\\/\",\"url\":\"https:\\\/\\\/www.infakt.pl\\\/blog\\\/przykladowe-sankcje-za-niedopelnienie-obowiazkow-wobec-zus-u\\\/\",\"name\":\"Sankcje za niedope\u0142nienie obowi\u0105zk\u00f3w wobec ZUS - Blog inFakt.pl\",\"isPartOf\":{\"@id\":\"https:\\\/\\\/www.infakt.pl\\\/blog\\\/#website\"},\"primaryImageOfPage\":{\"@id\":\"https:\\\/\\\/www.infakt.pl\\\/blog\\\/przykladowe-sankcje-za-niedopelnienie-obowiazkow-wobec-zus-u\\\/#primaryimage\"},\"image\":{\"@id\":\"https:\\\/\\\/www.infakt.pl\\\/blog\\\/przykladowe-sankcje-za-niedopelnienie-obowiazkow-wobec-zus-u\\\/#primaryimage\"},\"thumbnailUrl\":\"https:\\\/\\\/www.infakt.pl\\\/blog\\\/wp-content\\\/uploads\\\/2017\\\/06\\\/Przyk\u0142adowe-sankcje-za-niedope\u0142nienie-obowia\u0328zko\u0301w-wobec-ZUS-u.jpg\",\"datePublished\":\"2017-06-13T21:13:58+00:00\",\"dateModified\":\"2022-10-25T11:50:28+00:00\",\"author\":{\"@id\":\"https:\\\/\\\/www.infakt.pl\\\/blog\\\/#\\\/schema\\\/person\\\/6f87bf464013f54b827b1dcfaac5376e\"},\"description\":\"Dlaczego warto pami\u0119ta\u0107 o formalno\u015bciach i terminowych wp\u0142atach oraz jakie sankcje mog\u0105 zosta\u0107 na\u0142o\u017cone na przedsi\u0119biorc\u00f3w.\",\"breadcrumb\":{\"@id\":\"https:\\\/\\\/www.infakt.pl\\\/blog\\\/przykladowe-sankcje-za-niedopelnienie-obowiazkow-wobec-zus-u\\\/#breadcrumb\"},\"inLanguage\":\"pl-PL\",\"potentialAction\":[{\"@type\":\"ReadAction\",\"target\":[\"https:\\\/\\\/www.infakt.pl\\\/blog\\\/przykladowe-sankcje-za-niedopelnienie-obowiazkow-wobec-zus-u\\\/\"]}]},{\"@type\":\"ImageObject\",\"inLanguage\":\"pl-PL\",\"@id\":\"https:\\\/\\\/www.infakt.pl\\\/blog\\\/przykladowe-sankcje-za-niedopelnienie-obowiazkow-wobec-zus-u\\\/#primaryimage\",\"url\":\"https:\\\/\\\/www.infakt.pl\\\/blog\\\/wp-content\\\/uploads\\\/2017\\\/06\\\/Przyk\u0142adowe-sankcje-za-niedope\u0142nienie-obowia\u0328zko\u0301w-wobec-ZUS-u.jpg\",\"contentUrl\":\"https:\\\/\\\/www.infakt.pl\\\/blog\\\/wp-content\\\/uploads\\\/2017\\\/06\\\/Przyk\u0142adowe-sankcje-za-niedope\u0142nienie-obowia\u0328zko\u0301w-wobec-ZUS-u.jpg\",\"width\":1280,\"height\":720,\"caption\":\"Cz\u0142owiek oddaj\u0105cy worek z pieni\u0119dzmi\"},{\"@type\":\"BreadcrumbList\",\"@id\":\"https:\\\/\\\/www.infakt.pl\\\/blog\\\/przykladowe-sankcje-za-niedopelnienie-obowiazkow-wobec-zus-u\\\/#breadcrumb\",\"itemListElement\":[{\"@type\":\"ListItem\",\"position\":1,\"name\":\"Blog\",\"item\":\"https:\\\/\\\/www.infakt.pl\\\/blog\\\/\"},{\"@type\":\"ListItem\",\"position\":2,\"name\":\"Regulacje prawne\",\"item\":\"https:\\\/\\\/www.infakt.pl\\\/blog\\\/kategoria\\\/regulacje-prawne\\\/\"},{\"@type\":\"ListItem\",\"position\":3,\"name\":\"Jakie kary czekaj\u0105 przedsi\u0119biorc\u0119 za op\u00f3\u017anienie z wp\u0142at\u0105 sk\u0142adek ZUS lub &hellip;\"}]},{\"@type\":\"WebSite\",\"@id\":\"https:\\\/\\\/www.infakt.pl\\\/blog\\\/#website\",\"url\":\"https:\\\/\\\/www.infakt.pl\\\/blog\\\/\",\"name\":\"Infakt Blog\",\"description\":\"\",\"potentialAction\":[{\"@type\":\"SearchAction\",\"target\":{\"@type\":\"EntryPoint\",\"urlTemplate\":\"https:\\\/\\\/www.infakt.pl\\\/blog\\\/?s={search_term_string}\"},\"query-input\":{\"@type\":\"PropertyValueSpecification\",\"valueRequired\":true,\"valueName\":\"search_term_string\"}}],\"inLanguage\":\"pl-PL\"},{\"@type\":\"Person\",\"@id\":\"https:\\\/\\\/www.infakt.pl\\\/blog\\\/#\\\/schema\\\/person\\\/6f87bf464013f54b827b1dcfaac5376e\",\"name\":\"Karolina Szopa\",\"image\":{\"@type\":\"ImageObject\",\"inLanguage\":\"pl-PL\",\"@id\":\"https:\\\/\\\/secure.gravatar.com\\\/avatar\\\/c2b243f70c6f4ce0081b764d7bf1b661012ca4b8de9d814444f89493e642d352?s=96&d=mm&r=g\",\"url\":\"https:\\\/\\\/secure.gravatar.com\\\/avatar\\\/c2b243f70c6f4ce0081b764d7bf1b661012ca4b8de9d814444f89493e642d352?s=96&d=mm&r=g\",\"contentUrl\":\"https:\\\/\\\/secure.gravatar.com\\\/avatar\\\/c2b243f70c6f4ce0081b764d7bf1b661012ca4b8de9d814444f89493e642d352?s=96&d=mm&r=g\",\"caption\":\"Karolina Szopa\"},\"description\":\"Absolwentka kierunku Matematyka w finansach i ekonomii na Politechnice Krakowskiej. W inFakcie zajmuje stanowisko Eksperta ds. ksi\u0119gowo\u015bci. Czas wolny sp\u0119dza g\u0142\u00f3wnie w gronie znajomych. Lubi podr\u00f3\u017cowa\u0107, gotowa\u0107, a tak\u017ce muzyk\u0119 punk rockow\u0105 i musicale.\",\"url\":\"https:\\\/\\\/www.infakt.pl\\\/blog\\\/author\\\/karolina-szopa\\\/\"}]}<\/script>\n<!-- \/ Yoast SEO plugin. -->","yoast_head_json":{"title":"Sankcje za niedope\u0142nienie obowi\u0105zk\u00f3w wobec ZUS - Blog inFakt.pl","description":"Dlaczego warto pami\u0119ta\u0107 o formalno\u015bciach i terminowych wp\u0142atach oraz jakie sankcje mog\u0105 zosta\u0107 na\u0142o\u017cone na przedsi\u0119biorc\u00f3w.","robots":{"index":"index","follow":"follow","max-snippet":"max-snippet:-1","max-image-preview":"max-image-preview:large","max-video-preview":"max-video-preview:-1"},"canonical":"https:\/\/www.infakt.pl\/blog\/przykladowe-sankcje-za-niedopelnienie-obowiazkow-wobec-zus-u\/","og_locale":"pl_PL","og_type":"article","og_title":"Sankcje za niedope\u0142nienie obowi\u0105zk\u00f3w wobec ZUS - Blog inFakt.pl","og_description":"Dlaczego warto pami\u0119ta\u0107 o formalno\u015bciach i terminowych wp\u0142atach oraz jakie sankcje mog\u0105 zosta\u0107 na\u0142o\u017cone na przedsi\u0119biorc\u00f3w.","og_url":"https:\/\/www.infakt.pl\/blog\/przykladowe-sankcje-za-niedopelnienie-obowiazkow-wobec-zus-u\/","og_site_name":"Infakt Blog","article_published_time":"2017-06-13T21:13:58+00:00","article_modified_time":"2022-10-25T11:50:28+00:00","og_image":[{"width":1280,"height":720,"url":"https:\/\/www.infakt.pl\/blog\/wp-content\/uploads\/2017\/06\/Przyk\u0142adowe-sankcje-za-niedope\u0142nienie-obowia\u0328zko\u0301w-wobec-ZUS-u.jpg","type":"image\/jpeg"}],"author":"Karolina Szopa","twitter_card":"summary_large_image","twitter_misc":{"Napisane przez":"Karolina Szopa","Szacowany czas czytania":"5 minut"},"schema":{"@context":"https:\/\/schema.org","@graph":[{"@type":"Article","@id":"https:\/\/www.infakt.pl\/blog\/przykladowe-sankcje-za-niedopelnienie-obowiazkow-wobec-zus-u\/#article","isPartOf":{"@id":"https:\/\/www.infakt.pl\/blog\/przykladowe-sankcje-za-niedopelnienie-obowiazkow-wobec-zus-u\/"},"author":{"name":"Karolina Szopa","@id":"https:\/\/www.infakt.pl\/blog\/#\/schema\/person\/6f87bf464013f54b827b1dcfaac5376e"},"headline":"Jakie kary czekaj\u0105 przedsi\u0119biorc\u0119 za op\u00f3\u017anienie z wp\u0142at\u0105 sk\u0142adek ZUS lub b\u0142\u0119dy w dokumentach?","datePublished":"2017-06-13T21:13:58+00:00","dateModified":"2022-10-25T11:50:28+00:00","mainEntityOfPage":{"@id":"https:\/\/www.infakt.pl\/blog\/przykladowe-sankcje-za-niedopelnienie-obowiazkow-wobec-zus-u\/"},"wordCount":953,"commentCount":0,"image":{"@id":"https:\/\/www.infakt.pl\/blog\/przykladowe-sankcje-za-niedopelnienie-obowiazkow-wobec-zus-u\/#primaryimage"},"thumbnailUrl":"https:\/\/www.infakt.pl\/blog\/wp-content\/uploads\/2017\/06\/Przyk\u0142adowe-sankcje-za-niedope\u0142nienie-obowia\u0328zko\u0301w-wobec-ZUS-u.jpg","articleSection":["Regulacje prawne"],"inLanguage":"pl-PL","potentialAction":[{"@type":"CommentAction","name":"Comment","target":["https:\/\/www.infakt.pl\/blog\/przykladowe-sankcje-za-niedopelnienie-obowiazkow-wobec-zus-u\/#respond"]}]},{"@type":"WebPage","@id":"https:\/\/www.infakt.pl\/blog\/przykladowe-sankcje-za-niedopelnienie-obowiazkow-wobec-zus-u\/","url":"https:\/\/www.infakt.pl\/blog\/przykladowe-sankcje-za-niedopelnienie-obowiazkow-wobec-zus-u\/","name":"Sankcje za niedope\u0142nienie obowi\u0105zk\u00f3w wobec ZUS - Blog inFakt.pl","isPartOf":{"@id":"https:\/\/www.infakt.pl\/blog\/#website"},"primaryImageOfPage":{"@id":"https:\/\/www.infakt.pl\/blog\/przykladowe-sankcje-za-niedopelnienie-obowiazkow-wobec-zus-u\/#primaryimage"},"image":{"@id":"https:\/\/www.infakt.pl\/blog\/przykladowe-sankcje-za-niedopelnienie-obowiazkow-wobec-zus-u\/#primaryimage"},"thumbnailUrl":"https:\/\/www.infakt.pl\/blog\/wp-content\/uploads\/2017\/06\/Przyk\u0142adowe-sankcje-za-niedope\u0142nienie-obowia\u0328zko\u0301w-wobec-ZUS-u.jpg","datePublished":"2017-06-13T21:13:58+00:00","dateModified":"2022-10-25T11:50:28+00:00","author":{"@id":"https:\/\/www.infakt.pl\/blog\/#\/schema\/person\/6f87bf464013f54b827b1dcfaac5376e"},"description":"Dlaczego warto pami\u0119ta\u0107 o formalno\u015bciach i terminowych wp\u0142atach oraz jakie sankcje mog\u0105 zosta\u0107 na\u0142o\u017cone na przedsi\u0119biorc\u00f3w.","breadcrumb":{"@id":"https:\/\/www.infakt.pl\/blog\/przykladowe-sankcje-za-niedopelnienie-obowiazkow-wobec-zus-u\/#breadcrumb"},"inLanguage":"pl-PL","potentialAction":[{"@type":"ReadAction","target":["https:\/\/www.infakt.pl\/blog\/przykladowe-sankcje-za-niedopelnienie-obowiazkow-wobec-zus-u\/"]}]},{"@type":"ImageObject","inLanguage":"pl-PL","@id":"https:\/\/www.infakt.pl\/blog\/przykladowe-sankcje-za-niedopelnienie-obowiazkow-wobec-zus-u\/#primaryimage","url":"https:\/\/www.infakt.pl\/blog\/wp-content\/uploads\/2017\/06\/Przyk\u0142adowe-sankcje-za-niedope\u0142nienie-obowia\u0328zko\u0301w-wobec-ZUS-u.jpg","contentUrl":"https:\/\/www.infakt.pl\/blog\/wp-content\/uploads\/2017\/06\/Przyk\u0142adowe-sankcje-za-niedope\u0142nienie-obowia\u0328zko\u0301w-wobec-ZUS-u.jpg","width":1280,"height":720,"caption":"Cz\u0142owiek oddaj\u0105cy worek z pieni\u0119dzmi"},{"@type":"BreadcrumbList","@id":"https:\/\/www.infakt.pl\/blog\/przykladowe-sankcje-za-niedopelnienie-obowiazkow-wobec-zus-u\/#breadcrumb","itemListElement":[{"@type":"ListItem","position":1,"name":"Blog","item":"https:\/\/www.infakt.pl\/blog\/"},{"@type":"ListItem","position":2,"name":"Regulacje prawne","item":"https:\/\/www.infakt.pl\/blog\/kategoria\/regulacje-prawne\/"},{"@type":"ListItem","position":3,"name":"Jakie kary czekaj\u0105 przedsi\u0119biorc\u0119 za op\u00f3\u017anienie z wp\u0142at\u0105 sk\u0142adek ZUS lub &hellip;"}]},{"@type":"WebSite","@id":"https:\/\/www.infakt.pl\/blog\/#website","url":"https:\/\/www.infakt.pl\/blog\/","name":"Infakt Blog","description":"","potentialAction":[{"@type":"SearchAction","target":{"@type":"EntryPoint","urlTemplate":"https:\/\/www.infakt.pl\/blog\/?s={search_term_string}"},"query-input":{"@type":"PropertyValueSpecification","valueRequired":true,"valueName":"search_term_string"}}],"inLanguage":"pl-PL"},{"@type":"Person","@id":"https:\/\/www.infakt.pl\/blog\/#\/schema\/person\/6f87bf464013f54b827b1dcfaac5376e","name":"Karolina Szopa","image":{"@type":"ImageObject","inLanguage":"pl-PL","@id":"https:\/\/secure.gravatar.com\/avatar\/c2b243f70c6f4ce0081b764d7bf1b661012ca4b8de9d814444f89493e642d352?s=96&d=mm&r=g","url":"https:\/\/secure.gravatar.com\/avatar\/c2b243f70c6f4ce0081b764d7bf1b661012ca4b8de9d814444f89493e642d352?s=96&d=mm&r=g","contentUrl":"https:\/\/secure.gravatar.com\/avatar\/c2b243f70c6f4ce0081b764d7bf1b661012ca4b8de9d814444f89493e642d352?s=96&d=mm&r=g","caption":"Karolina Szopa"},"description":"Absolwentka kierunku Matematyka w finansach i ekonomii na Politechnice Krakowskiej. W inFakcie zajmuje stanowisko Eksperta ds. ksi\u0119gowo\u015bci. Czas wolny sp\u0119dza g\u0142\u00f3wnie w gronie znajomych. Lubi podr\u00f3\u017cowa\u0107, gotowa\u0107, a tak\u017ce muzyk\u0119 punk rockow\u0105 i musicale.","url":"https:\/\/www.infakt.pl\/blog\/author\/karolina-szopa\/"}]}},"_links":{"self":[{"href":"https:\/\/www.infakt.pl\/blog\/wp-json\/wp\/v2\/posts\/25564","targetHints":{"allow":["GET"]}}],"collection":[{"href":"https:\/\/www.infakt.pl\/blog\/wp-json\/wp\/v2\/posts"}],"about":[{"href":"https:\/\/www.infakt.pl\/blog\/wp-json\/wp\/v2\/types\/post"}],"author":[{"embeddable":true,"href":"https:\/\/www.infakt.pl\/blog\/wp-json\/wp\/v2\/users\/37"}],"replies":[{"embeddable":true,"href":"https:\/\/www.infakt.pl\/blog\/wp-json\/wp\/v2\/comments?post=25564"}],"version-history":[{"count":22,"href":"https:\/\/www.infakt.pl\/blog\/wp-json\/wp\/v2\/posts\/25564\/revisions"}],"predecessor-version":[{"id":54372,"href":"https:\/\/www.infakt.pl\/blog\/wp-json\/wp\/v2\/posts\/25564\/revisions\/54372"}],"wp:featuredmedia":[{"embeddable":true,"href":"https:\/\/www.infakt.pl\/blog\/wp-json\/wp\/v2\/media\/34341"}],"wp:attachment":[{"href":"https:\/\/www.infakt.pl\/blog\/wp-json\/wp\/v2\/media?parent=25564"}],"wp:term":[{"taxonomy":"category","embeddable":true,"href":"https:\/\/www.infakt.pl\/blog\/wp-json\/wp\/v2\/categories?post=25564"},{"taxonomy":"post_tag","embeddable":true,"href":"https:\/\/www.infakt.pl\/blog\/wp-json\/wp\/v2\/tags?post=25564"}],"curies":[{"name":"wp","href":"https:\/\/api.w.org\/{rel}","templated":true}]}}