{"id":19052,"date":"2016-01-20T17:07:40","date_gmt":"2016-01-20T16:07:40","guid":{"rendered":"http:\/\/www.infakt.pl\/blog\/?p=19052"},"modified":"2024-09-23T10:44:24","modified_gmt":"2024-09-23T08:44:24","slug":"13-waznych-informacji-o-ryczalcie","status":"publish","type":"post","link":"https:\/\/www.infakt.pl\/blog\/13-waznych-informacji-o-ryczalcie\/","title":{"rendered":"13 wa\u017cnych informacji o rycza\u0142cie od przychod\u00f3w ewidencjonowanych!"},"content":{"rendered":"<strong>Przedsi\u0119biorca korzystaj\u0105cy z rycza\u0142tu powinien zadba\u0107 o kilka spraw: ustali\u0107 limity, dope\u0142ni\u0107 formalno\u015bci, pami\u0119ta\u0107 o kasie fiskalnej i o tym, z jakich ulg podatkowych nie mo\u017ce skorzysta\u0107. Sprawd\u017a swoj\u0105 wiedz\u0119 &#8211; zapraszamy do zapoznania si\u0119 z zestawieniem wa\u017cnych informacji o rycza\u0142cie od przychod\u00f3w ewidencjonowanych!<\/strong>\r\n\r\n<!--more-->\r\n<h2>1. Rycza\u0142t czy VAT?<\/h2>\r\nJeden z najbardziej pal\u0105cych problem\u00f3w os\u00f3b rozwa\u017caj\u0105cych za\u0142o\u017cenie w\u0142asnej firmy. Nie trzeba jednak dokonywa\u0107 wyboru, bowiem rycza\u0142t i VAT to dwa zupe\u0142nie r\u00f3\u017cne\u00a0rodzaje podatk\u00f3w i mo\u017cna rozlicza\u0107 si\u0119 r\u00f3wnocze\u015bnie z obu.\r\n\r\n<strong>Rycza\u0142t od przychod\u00f3w ewidencjonowanych to jedna z form opodatkowania podatkiem dochodowym, czyli PIT<\/strong>. Stanowi ona alternatyw\u0119 dla skali podatkowej, podatku liniowego i karty podatkowej. Uproszczona do minimum dokumentacja, niskie stawki podatku zale\u017cne od rodzaju prowadzonej dzia\u0142alno\u015bci i &#8211; co wa\u017cne &#8211; brak mo\u017cliwo\u015bci rozliczania koszt\u00f3w.\r\n\r\n<strong><a href=\"https:\/\/www.infakt.pl\/blog\/firma-budowlana-najlepsza-forma-opodatkowania\/\" target=\"_blank\" rel=\"noopener noreferrer\">Firma budowlana a rycza\u0142t<\/a><\/strong>\r\n\r\n<strong><a href=\"https:\/\/www.infakt.pl\/blog\/czy-fitness-moze-byc-na-ryczalcie\/\" target=\"_blank\" rel=\"noopener noreferrer\">Fitness a rycza\u0142t<\/a><\/strong>\r\n\r\n<strong><a href=\"https:\/\/www.infakt.pl\/blog\/fotograf-zasady-ogolne-czy-ryczalt\/\" target=\"_blank\" rel=\"noopener noreferrer\">Us\u0142ugi fotograficzne a rycza\u0142t<\/a><\/strong>\r\n\r\n<strong><a href=\"https:\/\/www.infakt.pl\/blog\/najem-powierzchni-reklamowej-ryczalt\/\" target=\"_blank\" rel=\"noopener noreferrer\">Najem powierzchni reklamowej a rycza\u0142t<\/a><\/strong>\r\n\r\n<strong><a href=\"https:\/\/www.infakt.pl\/blog\/forma-opodatkowania-dla-programisty\/\" target=\"_blank\" rel=\"noopener noreferrer\">Programista a rycza\u0142t<\/a><\/strong>\r\n\r\nPoza wyborem formy opodatkowania podatkiem dochodowym przedsi\u0119biorca musi\u00a0zdecydowa\u0107, czy chce zosta\u0107 czynnym podatnikiem VAT. <strong>VAT jest podatkiem\u00a0od towar\u00f3w i us\u0142ug<\/strong>, kt\u00f3ry nie zawsze musi by\u0107 przez przedsi\u0119biorc\u0119 rozliczany &#8211; mo\u017cna skorzysta\u0107 ze zwolnienia.\r\n\r\nWyr\u00f3\u017cniamy 2 rodzaje zwolnie\u0144 z rozliczania podatku VAT:\r\n<ul>\r\n \t<li>ze wzgl\u0119du na osi\u0105gane przychody<\/li>\r\n \t<li>ze wzgl\u0119du na rodzaj dzia\u0142alno\u015bci.<\/li>\r\n<\/ul>\r\n<strong><a href=\"https:\/\/www.infakt.pl\/blog\/zwolnienie-vat-2018-r-bez-zmian\/\" target=\"_blank\" rel=\"noopener noreferrer\">Zwolnienie z VAT &#8211; limit 150 tys. z\u0142<\/a><\/strong>\r\n<h2>2. Kto nie mo\u017ce skorzysta\u0107 z rycza\u0142tu?<\/h2>\r\nZ rycza\u0142tu mog\u0105 skorzysta\u0107 tylko niekt\u00f3rzy przedsi\u0119biorcy &#8211; <strong><a href=\"https:\/\/www.infakt.pl\/blog\/ryczalt-przychodow-ewidencjonowanych-stawki\/\" target=\"_blank\" rel=\"noopener noreferrer\">lista dzia\u0142alno\u015bci wraz ze stawkami podatku<\/a><\/strong>.\r\n\r\n<strong>Do przedsi\u0119biorc\u00f3w, kt\u00f3rzy nie maj\u0105 prawa rozliczania si\u0119 <a href=\"https:\/\/www.infakt.pl\/ryczalt\/\">rycza\u0142tem<\/a>, zaliczamy:<\/strong>\r\n<ul>\r\n \t<li>dzia\u0142alno\u015b\u0107 reklamowa, po\u015brednictwo finansowe, us\u0142ugi detektywistycznych i ochroniarskie,<\/li>\r\n \t<li>prowadzenie apteki, lombardu, kantoru,<\/li>\r\n \t<li>wykonywanie fotografii reklamowych,<\/li>\r\n \t<li>handel cz\u0119\u015bciami i akcesoriami do pojazd\u00f3w mechanicznych,<\/li>\r\n \t<li>wytwarzanie wyrob\u00f3w opodatkowanych podatkiem akcyzowym, z wyj\u0105tkiem wytwarzania energii z odnawialnych \u017ar\u00f3de\u0142.<\/li>\r\n<\/ul>\r\n<strong>Dodatkowo ograniczenia dotycz\u0105 ma\u0142\u017conk\u00f3w<\/strong>, kt\u00f3rzy przenosz\u0105 firm\u0119 pomi\u0119dzy sob\u0105 lub <strong>os\u00f3b \u015bwiadcz\u0105cych\u00a0prac\u0119 na rzecz by\u0142ego pracodawcy<\/strong>:\u00a0<strong><a href=\"https:\/\/www.infakt.pl\/blog\/4-powody-dla-ktorych-nie-mozesz-byc-na-ryczalcie\/\" target=\"_blank\" rel=\"noopener noreferrer\">4 powody, dla kt\u00f3rych nie mo\u017cesz by\u0107 na rycza\u0142cie<\/a>.<\/strong>\r\n\r\n<strong>Wa\u017cne jest pilnowanie limitu przychodu z dzia\u0142alno\u015bci gospodarczej<\/strong> (prowadzonej osobi\u015bcie lub sp\u00f3\u0142ki) &#8211; z rycza\u0142tu wykluczeni s\u0105 ci przedsi\u0119biorcy, kt\u00f3rych przychody w poprzednim roku przekroczy\u0142y 150 tys. euro (636 555 z\u0142).\r\n<h2>3. Ile wynosi rycza\u0142t?<\/h2>\r\n<strong>Stawka podatku jest zale\u017cna od rodzaju wykonywanej dzia\u0142alno\u015bci<\/strong> &#8211; dok\u0142adn\u0105 list\u0119 stawek wraz z przypisanymi do nich dzia\u0142alno\u015bciami znajdziecie w naszym artykule:\u00a0<strong><a href=\"https:\/\/www.infakt.pl\/blog\/ryczalt-przychodow-ewidencjonowanych-stawki\/\" target=\"_blank\" rel=\"noopener noreferrer\">Stawki rycza\u0142tu od przychod\u00f3w ewidencjonowanych<\/a>.<\/strong>\r\n\r\nPrzyk\u0142adowo: wolne zawody to a\u017c 20%, us\u0142ugi fotograficzne i obs\u0142uga centrali radio-taxi to 17%, punkty gastronomiczne i najem 8,5 %, a roboty budowlane tylko 5,5%. Firmy gastronomiczne nie sprzedaj\u0105ce napoj\u00f3w o zawarto\u015bci alkoholu powy\u017cej 1,5% skorzystaj\u0105 z 3% stawki podatku.\r\n\r\nPodatek liczy si\u0119 od przychod\u00f3w, nie rozliczaj\u0105c koszt\u00f3w firmowych!\r\n<h2>4. Jak zg\u0142osi\u0107 rycza\u0142t?<\/h2>\r\nPrzedsi\u0119biorca, kt\u00f3ry zak\u0142ada firm\u0119 lub dokonuje zmiany formy opodatkowania, musi zg\u0142osi\u0107 ten fakt\u00a0do urz\u0119du skarbowego. \u00a0<strong>Zg\u0142oszenia tego dokonuje w formie pisemnej, sk\u0142adaj\u0105c o\u015bwiadczenie, dodatkowo nale\u017cy zaktualizowa\u0107 wpis do CEiDG<\/strong> poprzez wype\u0142nienie wniosku CEiDG-1.\r\n\r\nW przypadku zmiany formy opodatkowania, nale\u017cy dokona\u0107 zg\u0142oszenia do urz\u0119du w terminie do 20. stycznia.\r\n\r\n<strong><a href=\"https:\/\/www.infakt.pl\/blog\/zmiana-formy-opodatkowania-tylko-do-20-stycznia\/\" target=\"_blank\" rel=\"noopener noreferrer\">Zmiana formy opodatkowania tylko do 20. stycznia!<\/a><\/strong>\r\n\n  <div class=\"design2020\">\n    <div class=\"obr-banner\" style=\"background-image: url(https:\/\/www.infakt.pl\/blog\/wp-content\/themes\/infakt\/assets\/images\/banner\/obr\/bg-wlodek.webp)\">\n      <img decoding=\"async\" class=\"signature\" src=\"https:\/\/www.infakt.pl\/blog\/wp-content\/themes\/infakt\/assets\/images\/banner\/obr\/signature-wlodek.webp\" width=\"177\" height=\"261\" alt=\"\"\/>\n      <div class=\"content\">\n        <p class=\"title-small\">Szukasz biura rachunkowego?<\/p>\n        <h4>Poznaj nowy standard biura rachunkowego<\/h4>\n\t\t\t\t<ul><li>Bez dojazd\u00f3w do Ksi\u0119gowego<\/li><li>Bez papierowych faktur<\/li><li>Bez marnowania Twojego czasu<\/li><\/ul>        <a href=\"https:\/\/www.infakt.pl\/ksiegowi\/\" class=\"button long x-event-button x-form-button with-arrow\">Znajd\u017a Ksi\u0119gowego<\/a>\n\t\t\t\t        \t<span class=\"bottom-link\">Nie masz firmy? <a href=\"https:\/\/www.infakt.pl\/wygodne-zakladanie-firmy\/\">Za\u0142\u00f3\u017c firm\u0119 z inFakt<\/a><\/span>\n\t\t\t\t      <\/div>\n    <\/div>\n  <\/div>\n\n  \r\n<h2>5. Kiedy nie mog\u0119 rozlicza\u0107 si\u0119 kwartalnie?<\/h2>\r\nRycza\u0142tem mo\u017cna si\u0119 rozlicza\u0107 na 2 sposoby:\r\n<ul>\r\n \t<li>miesi\u0119cznie<\/li>\r\n \t<li>kwartalnie.<\/li>\r\n<\/ul>\r\nW przypadku pierwszej opcji podatek nale\u017cy wp\u0142aci\u0107 do 20. dnia kolejnego miesi\u0105ca. Przedsi\u0119biorca decyduj\u0105cy si\u0119 na wp\u0142acanie podatku raz na kwarta\u0142, czyli do 20. dnia miesi\u0105ca po zako\u0144czonym kwartale, jest <strong>zobowi\u0105zany dba\u0107 o limit przychodu<\/strong>. <strong>Wynosi on 25 tys. euro (ok. 105 tys. z\u0142)<\/strong> dla przychod\u00f3w osi\u0105gni\u0119tych w roku poprzedzaj\u0105cym (przychody z dzia\u0142alno\u015bci prowadzonej osobi\u015bcie lub sp\u00f3\u0142ki).\r\n\r\n<strong>UWAGA\u00a0&#8211; w przypadku rycza\u0142tu wyj\u0105tkowo mo\u017cna przej\u015b\u0107 na kwartalne rozliczanie podatku tylko do 20. stycznia!<\/strong> W przypadku skali podatkowej czy podatku liniowego jest to a\u017c 20. lutego.\r\n\r\n<strong><a href=\"https:\/\/www.infakt.pl\/blog\/dla-kogo-kwartalny-ryczalt\/\" target=\"_blank\" rel=\"noopener noreferrer\">Kto mo\u017ce wybra\u0107 kwartalny rycza\u0142t?<\/a><\/strong>\r\n<h2>6. Kiedy\u00a0trac\u0119 prawo do rycza\u0142tu?<\/h2>\r\nPrzedsi\u0119biorca, kt\u00f3ry rozlicza si\u0119 rycza\u0142tem, ale:\r\n<ul>\r\n \t<li><strong>wykona transakcj\u0119<\/strong>, kt\u00f3ra nie daje prawa\u00a0do bycia opodatkowan\u0105 w ten spos\u00f3b<\/li>\r\n \t<li><strong>przekroczy limit przychodu<\/strong> wynosz\u0105cy 150 tys. euro w roku podatkowym<\/li>\r\n<\/ul>\r\njest zobowi\u0105zany do przej\u015bcia na rozliczanie si\u0119 wg skali podatkowej lub podatkiem liniowym. <strong>W pierwszym przypadku przej\u015bcie to nast\u0119puje natychmiast, w drugim dopiero od nowego roku podatkowego.\u00a0<\/strong>Przedsi\u0119biorca b\u0119dzie m\u00f3g\u0142 wr\u00f3ci\u0107 do rycza\u0142tu dopiero w kolejnym roku podatkowym.\r\n<h2>7. Czy mog\u0119 wlicza\u0107 zakupy firmowe w\u00a0koszty?<\/h2>\r\nRycza\u0142t jest jedn\u0105 z najprostszych form opodatkowania &#8211; liczy si\u0119 go jako okre\u015blony procent od osi\u0105ganych przychod\u00f3w, ale bez uwzgl\u0119dnienia koszt\u00f3w. <strong>Nie ma mo\u017cliwo\u015bci ksi\u0119gowania zakup\u00f3w firmowych w koszty uzyskania przychodu<\/strong> i pomniejszania w ten spos\u00f3b podstawy opodatkowania. Najwi\u0119ksz\u0105 korzy\u015bci\u0105 w przypadku rycza\u0142tu s\u0105 same stawki podatkowe, bowiem w wi\u0119kszo\u015bci s\u0105 one bardzo niskie.\r\n<h2>8. Czy mog\u0119 odlicza\u0107 ZUS od podatku?<\/h2>\r\nTak. W przypadku tej formy opodatkowania przedsi\u0119biorca ma mo\u017cliwo\u015b\u0107 pomniejsza\u0107 przychody o zap\u0142acone sk\u0142adki na ubezpieczenie spo\u0142eczne. Dodatkowo od wyliczonego podatku odejmuje cz\u0119\u015b\u0107 zap\u0142aconej sk\u0142adki zdrowotnej &#8211; w wysoko\u015bci 7,75% podstawy wymiaru (cala sk\u0142adka wynosi 9%).\r\n<h2>9. Co to jest ewidencja przychod\u00f3w?<\/h2>\r\n<strong>Przedsi\u0119biorca &#8211; rycza\u0142towiec nie prowadzi KPiR, ale ewidencj\u0119 przychod\u00f3w, w kt\u00f3rej ujmuje wszystkie przychody z dzia\u0142alno\u015bci<\/strong>. Jest ona podstaw\u0105\u00a0do wyliczenia podatku do zap\u0142aty.\r\n\r\nDodatkowo przedsi\u0119biorca prowadzi wykaz \u015brodk\u00f3w trwa\u0142ych oraz warto\u015bci niematerialnych i prawnych, a tak\u017ce ewidencj\u0119 wyposa\u017cenia &#8211; je\u015bli je w og\u00f3le posiada.\r\n\r\n<strong><a href=\"https:\/\/www.infakt.pl\/blog\/jak-ksiegowac-ryczalt\/\" target=\"_blank\" rel=\"noopener noreferrer\">Zasady prowadzenia ewidencji przychod\u00f3w<\/a><\/strong>\r\n<h2>10. Jak wyliczy\u0107 podatek do zap\u0142aty?<\/h2>\r\nW pierwszej kolejno\u015bci nale\u017cy <strong>podsumowa\u0107 wszystkie przychody w danym okresie rozliczeniowym<\/strong> &#8211; miesi\u0105cu lub kwartale, w zale\u017cno\u015bci od wybranego okresu rozliczania podatku.\r\n\r\n<strong>Zsumowany przych\u00f3d nale\u017cy pomniejszy\u0107 o zap\u0142acone sk\u0142adki na ubezpieczenie spo\u0142eczne.<\/strong> Od tak wyliczonej podstawy liczymy podatek &#8211; wg wybranej wcze\u015bniej prawid\u0142owej stawki podatku.\r\n\r\n<strong>Uzyskany w ten spos\u00f3b podatek mo\u017cna pomniejszy\u0107 o cz\u0119\u015b\u0107 zap\u0142aconej sk\u0142adki zdrowotnej, a konkretnie 7,75% podstawy wymiaru<\/strong> &#8211; czyli tak samo, jak w przypadku skali podatkowej czy podatku liniowego.\r\n<h2>11. Czy musz\u0119 mie\u0107 kas\u0119 fiskaln\u0105?<\/h2>\r\nKasa fiskalna jest obowi\u0105zkowa dla przedsi\u0119biorc\u00f3w, kt\u00f3rzy sprzedaj\u0105 na rzecz os\u00f3b prywatnych i rolnik\u00f3w rycza\u0142towych, a jednocze\u015bnie nie mog\u0105 skorzysta\u0107 ze zwolnienia ze stosowania kasy fiskalnej.\r\n\r\nWyr\u00f3\u017cniamy 2 rodzaje zwolnie\u0144:\r\n<ul>\r\n \t<li><strong>sprzeda\u017c na rzecz os\u00f3b fizycznych i rolnik\u00f3w rycza\u0142towych nie przekroczy\u0142a w roku 20 tys. z\u0142<\/strong>. Je\u015bli firma istnieje mniej ni\u017c rok, nale\u017cy ten limit proporcjonalnie wyliczy\u0107.<\/li>\r\n \t<li>\r\n<div><strong>je\u017celi zap\u0142ata\u00a0za towar lub us\u0142ug\u0119 w ca\u0142o\u015bci jest dokonywana za po\u015brednictwem poczty, banku b\u0105d\u017a sp\u00f3\u0142dzielczej kasy oszcz\u0119dno\u015bciowo-kredytowej<\/strong>. Przedsi\u0119biorca musi prowadzi\u0107 dodatkow\u0105 ewidencj\u0119 sprzeda\u017cy, na podstawie kt\u00f3rej mo\u017cna po\u0142\u0105czy\u0107 transakcje z poszczeg\u00f3lnymi p\u0142atno\u015bciami.<\/div><\/li>\r\n<\/ul>\r\n<strong><a href=\"https:\/\/www.infakt.pl\/blog\/15-pytan-o-kase-fiskalna-w-firmie\/\" target=\"_blank\" rel=\"noopener noreferrer\">15 pyta\u0144 o kas\u0119 fiskaln\u0105 w firmie<\/a><\/strong>\r\n<h2>12. Czy w 2016 roku zmieniaj\u0105 si\u0119 stawki rycza\u0142tu?<\/h2>\r\n<strong>W 2016 roku wykaz stawek rycza\u0142tu jest rozszerzony\u00a0o jedn\u0105 &#8211; 2%.<\/strong> Jest ona przeznaczona dla przedsi\u0119biorc\u00f3w, kt\u00f3rzy zarabiaj\u0105 na\u00a0sprzeda\u017cy przetworzonych w spos\u00f3b inny ni\u017c przemys\u0142owy produkt\u00f3w ro\u015blinnych i zwierz\u0119cych pochodz\u0105cych z w\u0142asnej uprawy, hodowli lub chowu.\r\n<h2>13. Jakie zeznanie roczne sk\u0142ada rycza\u0142towiec?<\/h2>\r\nPrzedsi\u0119biorca, kt\u00f3ry rozlicza dzia\u0142alno\u015b\u0107 wg skali podatkowej, sk\u0142ada zeznanie roczne PIT-36. W przypadku podatku liniowego jest to PIT-36L, a przy dochodach np. z etatu PIT-37.\r\n\r\nJak wygl\u0105da to u rycza\u0142towca? Rycza\u0142towiec sk\u0142ada zeznanie roczne PIT-28. Co najistotniejsze, musi z\u0142o\u017cy\u0107 je do ko\u0144ca stycznia!\u00a0W zwi\u0105zku z tym, \u017ce <strong>w 2016 r. 31 stycznia wypada w niedziel\u0119, termin sk\u0142adania dokumentu przesuwa si\u0119 na 1 lutego<\/strong>.\r\n\r\n<strong><a href=\"https:\/\/www.infakt.pl\/rozliczenie-pit\/\" target=\"_blank\" rel=\"noopener noreferrer\">Jakie PITY sk\u0142ada rycza\u0142towiec?<\/a><\/strong>\r\n\r\nJe\u015bli ma\u0142\u017conkowie rozliczaj\u0105 si\u0119 rycza\u0142tem, nie ma mo\u017cliwo\u015bci wsp\u00f3lnego rozliczenia podatku dochodowego na koniec roku! Nie jest mo\u017cliwe rozliczenie jako osoba samotnie wychowuj\u0105ca dziecko ani zastosowanie ulgi na dziecko.\r\n\r\n<strong><a href=\"https:\/\/www.infakt.pl\/blog\/16-pomyslow-na-ulgi-podatkowe\/\" target=\"_blank\" rel=\"noopener noreferrer\">16 sposob\u00f3w na ulgi podatkowe<\/a><\/strong>\r\n<!-- square -->\r\n<div class=\"cta-area\">\r\n<h2 class=\"p1\"><span class=\"s1\"><b>Chcesz rozlicza\u0107 rycza\u0142t miesi\u0119czny w prosty spos\u00f3b?<\/b><\/span><\/h2>\r\n<ul class=\"ul1\">\r\n \t<li class=\"li2\"><span class=\"s1\">Przetestuj inFakt za darmo, poznaj zalety prostej ksi\u0119gowo\u015bci elektronicznej.<\/span><\/li>\r\n \t<li class=\"li2\"><span class=\"s1\">Wystaw pierwsz\u0105 e-faktur\u0119 w minut\u0119 przez stron\u0119 www lub aplikacj\u0119 na smartfon.<\/span><\/li>\r\n \t<li class=\"li2\"><span class=\"s1\">Otrzymasz dodatkowo bezp\u0142atne wsparcie specjalist\u00f3w, 6 dni w tygodniu.<\/span><\/li>\r\n \t<li class=\"li2\"><span class=\"s1\">Rozliczaj si\u0119 samodzielnie lub inFakt u\u0142atwi Ci <a href=\"https:\/\/www.infakt.pl\/ksiegowi\/\"><span class=\"s3\">wyb\u00f3r ksi\u0119gowej albo ksi\u0119gowego<\/span><\/a>.<\/span><\/li>\r\n<\/ul>\r\n\t\t<div class=\"design-2020\">\n\t\t\t<div class=\"form-box button-with-arrow show-label type-box \">\n\t\t\t\t\t\t\t\t<div class=\"form-box-inner\">\n\t\t\t\t\t\t\t\t\t<div class=\"header-section  \">\n\n\t\t\t\t\t\t\t\t\t\t\t\t\t<p class=\"title  \">\n\t\t\t\t\t\t\t\t\t\t\t\t\t\t\t\t\t<span class=\"inherit\">Wystawiaj faktury za darmo<\/span>\n\t\t\t\t\t\t\t\t\t\t\t\t\t\t\t\t\t\t\t\t\t\t\t<\/p>\n\t\t\t\t\t\t\t\t\t\t\t\t\t\t\t\t\t\t\t\t\t\t\t<\/div>\n\t\t\t\t\n\t\t\t\t<form action=\"https:\/\/app.infakt.pl\/app\/rejestracja\"  class=\"x-user-registration-form  type-2  \" data-prefix=\"2\" data-ga-form-kind=\"form_in_content_form_1_2\" data-lpignore=\"true\" accept-charset=\"UTF-8\" method=\"post\" novalidate=\"novalidate\" autocomplete=\"nope\" >\n\t\t\t\t\t<fieldset>\n\t\t\t\t\t\t\t\t\t\t\t\t\t<div class=\"field field__group\" data-type=\"email-password\">\n\t\t\t\t\t\t\t\t<div class=\"row x-form-field\">\n\t\t\t\t\t\t\t\t\t<input autocomplete=\"new-email\" required class=\"x-email-field\" id=\"2-registration_form_email\" name=\"registration_form[email]\" placeholder=\"Adres e-mail\" type=\"text\" \/>\n\t\t\t\t\t\t\t\t<\/div>\n\t\t\t\t\t\t\t\t<div class=\"row x-form-field row--password\">\n\t\t\t\t\t\t\t\t\t<input autocomplete=\"new-password\" required class=\"x-password-field password-field\" id=\"2-registration_form_password\" name=\"registration_form[password]\" placeholder=\"Zdefiniuj swoje has\u0142o\" type=\"password\" aria-autocomplete=\"list\" \/>\n\t\t\t\t\t\t\t\t\t<!-- pass strength widget -->\n\t\t\t\t\t\t\t\t\t<div class=\"password-quality-tooltip\">\n\t\t\t\t\t\t\t\t\t\t<strong>Has\u0142o musi zawiera\u0107:<\/strong>\n\t\t\t\t\t\t\t\t\t\t<ul class=\"password-checklist x-password-checklist\">\n\t\t\t\t\t\t\t\t\t\t\t<li>8 znak\u00f3w lub wi\u0119cej<\/li>\n\t\t\t\t\t\t\t\t\t\t\t<li>Ma\u0142e i wielkie litery<\/li>\n\t\t\t\t\t\t\t\t\t\t\t<li>Przynajmniej jedn\u0105 cyfr\u0119<\/li>\n\t\t\t\t\t\t\t\t\t\t<\/ul>\n\t\t\t\t\t\t\t\t\t\t<small class=\"password-strength-tip\">Dla bezpiecze\u0144stwa stw\u00f3rz mocne has\u0142o, kt\u00f3rego nie u\u017cywasz na innych\n\t\t\t\t\t\t\t\t\t\t\tstronach.<\/small>\n\t\t\t\t\t\t\t\t\t<\/div>\n\t\t\t\t\t\t\t\t<\/div>\n\t\t\t\t\t\t\t<\/div>\n\n\t\t\t\t\t\t\t<div class=\"field--terms checkbox\">\n\t\t\t\t\t\t\t\t<input id=\"2-registration_form_agree_privacy_and_processing_data\" name=\"registration_form[agree_privacy_and_processing_data]\" type=\"hidden\" value=\"true\" \/>\n\t\t\t\t\t\t\t\t<input name=\"registration_form[agree]\" type=\"hidden\" value=\"0\" \/>\n\t\t\t\t\t\t\t\t<input required id=\"2-agree_privacy_offer\" name=\"registration_form[agree]\" type=\"checkbox\" value=\"1\" \/>\n\t\t\t\t\t\t\t\t<label for=\"2-agree_privacy_offer\">Zapozna\u0142em\/am si\u0119 z <a\n\t\t\t\t\t\t\t\thref=\"\/regulamin\/\">regulaminem<\/a> i akceptuj\u0119 go.<\/label>\n\t\t\t\t\t\t\t<\/div>\n\n\t\t\t\t\t\t\t<div class=\"field--terms checkbox\">\n\t\t\t\t\t\t\t\t<input name=\"registration_form[agree_marketing]\" type=\"hidden\" value=\"0\" \/>\n\t\t\t\t\t\t\t\t<input required id=\"2-agree_marketing_offer\" name=\"registration_form[agree_marketing]\" type=\"checkbox\" value=\"1\" \/>\n\t\t\t\t\t\t\t\t<label for=\"2-agree_marketing_offer\">Wyra\u017cam zgod\u0119 na otrzymywanie od inFakt informacji o ofercie sp\u00f3\u0142ki oraz wiadomo\u015bci dotycz\u0105cych prowadzenia dzia\u0142alno\u015bci gospodarczej <span class=\"text-more hide\"> na wskazany wy\u017cej adres email lub poprzez kontakt telefoniczny, w tym SMS na numer telefonu podany w toku zak\u0142adania konta. Zgod\u0119 mo\u017cna wycofa\u0107 w ka\u017cdej chwili, wysy\u0142aj\u0105c email na adres <a href=\"mailto:info@infakt.pl\">info@infakt.pl<\/a>. <\/span><a class=\"x-agree-more-2\" href=\"#\">Wi\u0119cej<\/a><\/label>\n\t\t\t\t\t\t\t<\/div>\n\n\t\t\t\t\t\t\t<input id=\"2-registration_form_source\" name=\"registration_form[source]\" type=\"hidden\" value=\"offer\">\n\t\t\t\t\t\t\t\t\t\t\t\t\t\t<input id=\"2-product_declaration_offer\" name=\"registration_form[product_declaration]\"\ttype=\"hidden\" value=\"zdg\" \/>\n\t\t\t\t\t\t\t<input id=\"2-landing_page_target_offer\" name=\"registration_form[landing_page_target]\" type=\"hidden\" value=\"\/app\/zamawianie_obr\/nowa_firma\">\n\n\n\t\t\t\t\t\t\t<button class=\"button long x-event-button x-form-button\" data-kind=\"not_registered_zdg_bottom_button\" name=\"action\" value=\"submit\" type=\"submit\"\n\t\t\t\t\t\t\t\t\t\t\t\t\t\t\t\t\t\t\t\t\t\t\t\t\t\t\t\t>Za\u0142\u00f3\u017c darmowe konto<\/button>\n\n\t\t\t\t\t\t\t\t\t\t\t\t\t\t<div class=\"google-register-wrapper\">\n\t\t\t\t\t\t\t\t<div class=\"separator-or\">lub<\/div>\n\t\t\t\t\t\t\t\t<a href=\"https:\/\/konto.infakt.pl\/auth\/google_oauth2\" class=\"button google-register\" data-category=\"Formularz\" data-action=\"Produkty - Aplikacja\" data-label=\"Rejestracja\">\n\t\t\t\t\t\t\t\t\t<svg class=\"google-icon\" viewBox=\"0 0 24 24\" width=\"20\" height=\"20\">\n\t\t\t\t\t\t\t\t\t\t<path fill=\"#4285F4\" d=\"M22.56 12.25c0-.78-.07-1.53-.2-2.25H12v4.26h5.92c-.26 1.37-1.04 2.53-2.21 3.31v2.77h3.57c2.08-1.92 3.28-4.74 3.28-8.09z\"><\/path>\n\t\t\t\t\t\t\t\t\t\t<path fill=\"#34A853\" d=\"M12 23c2.97 0 5.46-.98 7.28-2.66l-3.57-2.77c-.98.66-2.23 1.06-3.71 1.06-2.86 0-5.29-1.93-6.16-4.53H2.18v2.84C3.99 20.53 7.7 23 12 23z\"><\/path>\n\t\t\t\t\t\t\t\t\t\t<path fill=\"#FBBC05\" d=\"M5.84 14.09c-.22-.66-.35-1.36-.35-2.09s.13-1.43.35-2.09V7.07H2.18C1.43 8.55 1 10.22 1 12s.43 3.45 1.18 4.93l2.85-2.22.81-.62z\"><\/path>\n\t\t\t\t\t\t\t\t\t\t<path fill=\"#EA4335\" d=\"M12 5.38c1.62 0 3.06.56 4.21 1.64l3.15-3.15C17.45 2.09 14.97 1 12 1 7.7 1 3.99 3.47 2.18 7.07l3.66 2.84c.87-2.6 3.3-4.53 6.16-4.53z\"><\/path>\n\t\t\t\t\t\t\t\t\t<\/svg>\n\t\t\t\t\t\t\t\t\tRejestracja z kontem Google\t\t\t\t\t\t\t\t<\/a>\n\t\t\t\t\t\t\t<\/div>\n\t\t\t\t\t\t\t\n\t\t\t\t\t\t\t<div class=\"field--terms additional-info\">\n\t\t\t\t\t\t\t\t<label>\n\t\t\t\t\t\t\t\t\t<span class=\"data-admin-info\">Administratorem danych osobowych jest inFakt Sp. z o.o. <span\n\t\t\t\t\t\t\t\t\tclass=\"text-more hide\">z siedzib\u0105 w Krakowie, ul. Szlak 49, 31-153 Krak\u00f3w. Twoje dane b\u0119d\u0105 przetwarzane w celu \u015bwiadczenia us\u0142ugi udost\u0119pnienia programu do ksi\u0119gowo\u015bci, w celu wykonania obowi\u0105zk\u00f3w na\u0142o\u017conych na Administratora przepisami prawa, a tak\u017ce \u2013 je\u015bli wyrazi\u0142e\u015b\/a\u015b zgod\u0119 na kontakt marketingowy \u2013 do przekazywania informacji handlowej. Wi\u0119cej informacji na temat przetwarzania Twoich danych znajdziesz w <a href=\"\/polityka-prywatnosci\/\">Polityce Prywatno\u015bci<\/a>. <\/span><a class=\"x-agree-more-2\" href=\"#\">Wi\u0119cej<\/a><\/span>\n\t\t\t\t\t\t\t\t<\/label>\n\t\t\t\t\t\t\t<\/div>\n            \t\t\t\t\t\t\t\t\t\t\t\t\t<div class=\"bottom-more-box\">\n\t\t\t\t\t\t\t\t<a href=\"https:\/\/www.infakt.pl\/program-do-fakturowania\/\" class=\"small\">Dowiedz si\u0119 wi\u0119cej o us\u0142udze<\/a>\n\t\t\t\t\t\t\t<\/div>\n\t\t\t\t\t\t\n                                    \n\t\t\t\t\t<\/fieldset>\n\t\t\t\t<\/form>\n\t\t\t<\/div>\n\t\t<\/div>\n\t<\/div>\n\n\t\t\r\n\r\n<\/div>\r\n\r\n\r\n\r\n\r\n\n  <div class=\"design2020\">\n    <div class=\"small-banner features-list\">\n      <span class=\"logo\"><\/span>\n      <div class=\"col mb-xs-24\">\n      <p class=\"small mb-0\"><strong>Ksi\u0119gowo\u015b\u0107 online bez wychodzenia z domu<\/strong><\/p>\n                  <ul class=\"features-list mb-0\">\n            <li>Bez papieru<\/li>\n            <li>Bez dojazd\u00f3w do ksi\u0119gowego<\/li>\n            <li>Bez marnowania Twojego czasu<\/li>\n          <\/ul>\n              <\/div>\n      <div class=\"col-button\">\n        <a href=\"https:\/\/www.infakt.pl\/\" id=\"infakt_small_banner_2\" class=\"button small outline-blue\">Sprawd\u017a<\/a>\n      <\/div>\n    <\/div>\n  <\/div>\n\n  ","protected":false},"excerpt":{"rendered":"","protected":false},"author":32,"featured_media":33581,"comment_status":"open","ping_status":"closed","sticky":false,"template":"","format":"standard","meta":{"_acf_changed":false,"footnotes":""},"categories":[6],"tags":[],"class_list":["post-19052","post","type-post","status-publish","format-standard","has-post-thumbnail","hentry","category-podatki"],"acf":[],"yoast_head":"<!-- This site is optimized with the Yoast SEO plugin v27.4 - https:\/\/yoast.com\/product\/yoast-seo-wordpress\/ -->\n<title>13 wa\u017cnych informacji o rycza\u0142cie od przychod\u00f3w ewidencjonowanych! - blog inFakt<\/title>\n<meta name=\"description\" content=\"\u00a0Sprawd\u017a swoj\u0105 wiedz\u0119 - zapraszamy do zapoznania si\u0119 z zestawieniem wa\u017cnych informacji o rycza\u0142cie od przychod\u00f3w ewidencjonowanych!\" \/>\n<meta name=\"robots\" content=\"index, follow, max-snippet:-1, max-image-preview:large, max-video-preview:-1\" \/>\n<link rel=\"canonical\" href=\"https:\/\/www.infakt.pl\/blog\/13-waznych-informacji-o-ryczalcie\/\" \/>\n<meta property=\"og:locale\" content=\"pl_PL\" \/>\n<meta property=\"og:type\" content=\"article\" \/>\n<meta property=\"og:title\" content=\"13 wa\u017cnych informacji o rycza\u0142cie od przychod\u00f3w ewidencjonowanych! - blog inFakt\" \/>\n<meta property=\"og:description\" content=\"\u00a0Sprawd\u017a swoj\u0105 wiedz\u0119 - zapraszamy do zapoznania si\u0119 z zestawieniem wa\u017cnych informacji o rycza\u0142cie od przychod\u00f3w ewidencjonowanych!\" \/>\n<meta property=\"og:url\" content=\"https:\/\/www.infakt.pl\/blog\/13-waznych-informacji-o-ryczalcie\/\" \/>\n<meta property=\"og:site_name\" content=\"Infakt Blog\" \/>\n<meta property=\"article:published_time\" content=\"2016-01-20T16:07:40+00:00\" \/>\n<meta property=\"article:modified_time\" content=\"2024-09-23T08:44:24+00:00\" \/>\n<meta property=\"og:image\" content=\"https:\/\/www.infakt.pl\/blog\/wp-content\/uploads\/2016\/01\/13-waz\u0307nych-informacji-o-rycza\u0142cie-od-przychodo\u0301w-ewidencjonowanych-.jpg\" \/>\n\t<meta property=\"og:image:width\" content=\"1280\" \/>\n\t<meta property=\"og:image:height\" content=\"720\" \/>\n\t<meta property=\"og:image:type\" content=\"image\/jpeg\" \/>\n<meta name=\"author\" content=\"Aneta Cha\u0142upka\" \/>\n<meta name=\"twitter:card\" content=\"summary_large_image\" \/>\n<meta name=\"twitter:label1\" content=\"Napisane przez\" \/>\n\t<meta name=\"twitter:data1\" content=\"Aneta Cha\u0142upka\" \/>\n\t<meta name=\"twitter:label2\" content=\"Szacowany czas czytania\" \/>\n\t<meta name=\"twitter:data2\" content=\"8 minut\" \/>\n<script type=\"application\/ld+json\" class=\"yoast-schema-graph\">{\"@context\":\"https:\\\/\\\/schema.org\",\"@graph\":[{\"@type\":\"Article\",\"@id\":\"https:\\\/\\\/www.infakt.pl\\\/blog\\\/13-waznych-informacji-o-ryczalcie\\\/#article\",\"isPartOf\":{\"@id\":\"https:\\\/\\\/www.infakt.pl\\\/blog\\\/13-waznych-informacji-o-ryczalcie\\\/\"},\"author\":{\"name\":\"Aneta Cha\u0142upka\",\"@id\":\"https:\\\/\\\/www.infakt.pl\\\/blog\\\/#\\\/schema\\\/person\\\/d0afbb5a32541de0a2ae16896ed0f585\"},\"headline\":\"13 wa\u017cnych informacji o rycza\u0142cie od przychod\u00f3w ewidencjonowanych!\",\"datePublished\":\"2016-01-20T16:07:40+00:00\",\"dateModified\":\"2024-09-23T08:44:24+00:00\",\"mainEntityOfPage\":{\"@id\":\"https:\\\/\\\/www.infakt.pl\\\/blog\\\/13-waznych-informacji-o-ryczalcie\\\/\"},\"wordCount\":1533,\"commentCount\":0,\"image\":{\"@id\":\"https:\\\/\\\/www.infakt.pl\\\/blog\\\/13-waznych-informacji-o-ryczalcie\\\/#primaryimage\"},\"thumbnailUrl\":\"https:\\\/\\\/www.infakt.pl\\\/blog\\\/wp-content\\\/uploads\\\/2016\\\/01\\\/13-waz\u0307nych-informacji-o-rycza\u0142cie-od-przychodo\u0301w-ewidencjonowanych-.jpg\",\"articleSection\":[\"Podatki\"],\"inLanguage\":\"pl-PL\",\"potentialAction\":[{\"@type\":\"CommentAction\",\"name\":\"Comment\",\"target\":[\"https:\\\/\\\/www.infakt.pl\\\/blog\\\/13-waznych-informacji-o-ryczalcie\\\/#respond\"]}]},{\"@type\":\"WebPage\",\"@id\":\"https:\\\/\\\/www.infakt.pl\\\/blog\\\/13-waznych-informacji-o-ryczalcie\\\/\",\"url\":\"https:\\\/\\\/www.infakt.pl\\\/blog\\\/13-waznych-informacji-o-ryczalcie\\\/\",\"name\":\"13 wa\u017cnych informacji o rycza\u0142cie od przychod\u00f3w ewidencjonowanych! - blog inFakt\",\"isPartOf\":{\"@id\":\"https:\\\/\\\/www.infakt.pl\\\/blog\\\/#website\"},\"primaryImageOfPage\":{\"@id\":\"https:\\\/\\\/www.infakt.pl\\\/blog\\\/13-waznych-informacji-o-ryczalcie\\\/#primaryimage\"},\"image\":{\"@id\":\"https:\\\/\\\/www.infakt.pl\\\/blog\\\/13-waznych-informacji-o-ryczalcie\\\/#primaryimage\"},\"thumbnailUrl\":\"https:\\\/\\\/www.infakt.pl\\\/blog\\\/wp-content\\\/uploads\\\/2016\\\/01\\\/13-waz\u0307nych-informacji-o-rycza\u0142cie-od-przychodo\u0301w-ewidencjonowanych-.jpg\",\"datePublished\":\"2016-01-20T16:07:40+00:00\",\"dateModified\":\"2024-09-23T08:44:24+00:00\",\"author\":{\"@id\":\"https:\\\/\\\/www.infakt.pl\\\/blog\\\/#\\\/schema\\\/person\\\/d0afbb5a32541de0a2ae16896ed0f585\"},\"description\":\"\u00a0Sprawd\u017a swoj\u0105 wiedz\u0119 - zapraszamy do zapoznania si\u0119 z zestawieniem wa\u017cnych informacji o rycza\u0142cie od przychod\u00f3w ewidencjonowanych!\",\"breadcrumb\":{\"@id\":\"https:\\\/\\\/www.infakt.pl\\\/blog\\\/13-waznych-informacji-o-ryczalcie\\\/#breadcrumb\"},\"inLanguage\":\"pl-PL\",\"potentialAction\":[{\"@type\":\"ReadAction\",\"target\":[\"https:\\\/\\\/www.infakt.pl\\\/blog\\\/13-waznych-informacji-o-ryczalcie\\\/\"]}]},{\"@type\":\"ImageObject\",\"inLanguage\":\"pl-PL\",\"@id\":\"https:\\\/\\\/www.infakt.pl\\\/blog\\\/13-waznych-informacji-o-ryczalcie\\\/#primaryimage\",\"url\":\"https:\\\/\\\/www.infakt.pl\\\/blog\\\/wp-content\\\/uploads\\\/2016\\\/01\\\/13-waz\u0307nych-informacji-o-rycza\u0142cie-od-przychodo\u0301w-ewidencjonowanych-.jpg\",\"contentUrl\":\"https:\\\/\\\/www.infakt.pl\\\/blog\\\/wp-content\\\/uploads\\\/2016\\\/01\\\/13-waz\u0307nych-informacji-o-rycza\u0142cie-od-przychodo\u0301w-ewidencjonowanych-.jpg\",\"width\":1280,\"height\":720,\"caption\":\"13 wa\u017cnych informacji o rycza\u0142cie od przychod\u00f3w ewidencjonowanych!\"},{\"@type\":\"BreadcrumbList\",\"@id\":\"https:\\\/\\\/www.infakt.pl\\\/blog\\\/13-waznych-informacji-o-ryczalcie\\\/#breadcrumb\",\"itemListElement\":[{\"@type\":\"ListItem\",\"position\":1,\"name\":\"Blog\",\"item\":\"https:\\\/\\\/www.infakt.pl\\\/blog\\\/\"},{\"@type\":\"ListItem\",\"position\":2,\"name\":\"Podatki\",\"item\":\"https:\\\/\\\/www.infakt.pl\\\/blog\\\/kategoria\\\/podatki\\\/\"},{\"@type\":\"ListItem\",\"position\":3,\"name\":\"13 wa\u017cnych informacji o rycza\u0142cie od przychod\u00f3w ewidencjonowanych!\"}]},{\"@type\":\"WebSite\",\"@id\":\"https:\\\/\\\/www.infakt.pl\\\/blog\\\/#website\",\"url\":\"https:\\\/\\\/www.infakt.pl\\\/blog\\\/\",\"name\":\"Infakt Blog\",\"description\":\"\",\"potentialAction\":[{\"@type\":\"SearchAction\",\"target\":{\"@type\":\"EntryPoint\",\"urlTemplate\":\"https:\\\/\\\/www.infakt.pl\\\/blog\\\/?s={search_term_string}\"},\"query-input\":{\"@type\":\"PropertyValueSpecification\",\"valueRequired\":true,\"valueName\":\"search_term_string\"}}],\"inLanguage\":\"pl-PL\"},{\"@type\":\"Person\",\"@id\":\"https:\\\/\\\/www.infakt.pl\\\/blog\\\/#\\\/schema\\\/person\\\/d0afbb5a32541de0a2ae16896ed0f585\",\"name\":\"Aneta Cha\u0142upka\",\"image\":{\"@type\":\"ImageObject\",\"inLanguage\":\"pl-PL\",\"@id\":\"https:\\\/\\\/secure.gravatar.com\\\/avatar\\\/a9c72a4006a57ea0623e39fc9622a50cabc7e6f5c1fea84a8d47a168dbc9a42b?s=96&d=mm&r=g\",\"url\":\"https:\\\/\\\/secure.gravatar.com\\\/avatar\\\/a9c72a4006a57ea0623e39fc9622a50cabc7e6f5c1fea84a8d47a168dbc9a42b?s=96&d=mm&r=g\",\"contentUrl\":\"https:\\\/\\\/secure.gravatar.com\\\/avatar\\\/a9c72a4006a57ea0623e39fc9622a50cabc7e6f5c1fea84a8d47a168dbc9a42b?s=96&d=mm&r=g\",\"caption\":\"Aneta Cha\u0142upka\"},\"url\":\"https:\\\/\\\/www.infakt.pl\\\/blog\\\/author\\\/aneta-chalupka\\\/\"}]}<\/script>\n<!-- \/ Yoast SEO plugin. -->","yoast_head_json":{"title":"13 wa\u017cnych informacji o rycza\u0142cie od przychod\u00f3w ewidencjonowanych! - blog inFakt","description":"\u00a0Sprawd\u017a swoj\u0105 wiedz\u0119 - zapraszamy do zapoznania si\u0119 z zestawieniem wa\u017cnych informacji o rycza\u0142cie od przychod\u00f3w ewidencjonowanych!","robots":{"index":"index","follow":"follow","max-snippet":"max-snippet:-1","max-image-preview":"max-image-preview:large","max-video-preview":"max-video-preview:-1"},"canonical":"https:\/\/www.infakt.pl\/blog\/13-waznych-informacji-o-ryczalcie\/","og_locale":"pl_PL","og_type":"article","og_title":"13 wa\u017cnych informacji o rycza\u0142cie od przychod\u00f3w ewidencjonowanych! - blog inFakt","og_description":"\u00a0Sprawd\u017a swoj\u0105 wiedz\u0119 - zapraszamy do zapoznania si\u0119 z zestawieniem wa\u017cnych informacji o rycza\u0142cie od przychod\u00f3w ewidencjonowanych!","og_url":"https:\/\/www.infakt.pl\/blog\/13-waznych-informacji-o-ryczalcie\/","og_site_name":"Infakt Blog","article_published_time":"2016-01-20T16:07:40+00:00","article_modified_time":"2024-09-23T08:44:24+00:00","og_image":[{"width":1280,"height":720,"url":"https:\/\/www.infakt.pl\/blog\/wp-content\/uploads\/2016\/01\/13-waz\u0307nych-informacji-o-rycza\u0142cie-od-przychodo\u0301w-ewidencjonowanych-.jpg","type":"image\/jpeg"}],"author":"Aneta Cha\u0142upka","twitter_card":"summary_large_image","twitter_misc":{"Napisane przez":"Aneta Cha\u0142upka","Szacowany czas czytania":"8 minut"},"schema":{"@context":"https:\/\/schema.org","@graph":[{"@type":"Article","@id":"https:\/\/www.infakt.pl\/blog\/13-waznych-informacji-o-ryczalcie\/#article","isPartOf":{"@id":"https:\/\/www.infakt.pl\/blog\/13-waznych-informacji-o-ryczalcie\/"},"author":{"name":"Aneta Cha\u0142upka","@id":"https:\/\/www.infakt.pl\/blog\/#\/schema\/person\/d0afbb5a32541de0a2ae16896ed0f585"},"headline":"13 wa\u017cnych informacji o rycza\u0142cie od przychod\u00f3w ewidencjonowanych!","datePublished":"2016-01-20T16:07:40+00:00","dateModified":"2024-09-23T08:44:24+00:00","mainEntityOfPage":{"@id":"https:\/\/www.infakt.pl\/blog\/13-waznych-informacji-o-ryczalcie\/"},"wordCount":1533,"commentCount":0,"image":{"@id":"https:\/\/www.infakt.pl\/blog\/13-waznych-informacji-o-ryczalcie\/#primaryimage"},"thumbnailUrl":"https:\/\/www.infakt.pl\/blog\/wp-content\/uploads\/2016\/01\/13-waz\u0307nych-informacji-o-rycza\u0142cie-od-przychodo\u0301w-ewidencjonowanych-.jpg","articleSection":["Podatki"],"inLanguage":"pl-PL","potentialAction":[{"@type":"CommentAction","name":"Comment","target":["https:\/\/www.infakt.pl\/blog\/13-waznych-informacji-o-ryczalcie\/#respond"]}]},{"@type":"WebPage","@id":"https:\/\/www.infakt.pl\/blog\/13-waznych-informacji-o-ryczalcie\/","url":"https:\/\/www.infakt.pl\/blog\/13-waznych-informacji-o-ryczalcie\/","name":"13 wa\u017cnych informacji o rycza\u0142cie od przychod\u00f3w ewidencjonowanych! - blog inFakt","isPartOf":{"@id":"https:\/\/www.infakt.pl\/blog\/#website"},"primaryImageOfPage":{"@id":"https:\/\/www.infakt.pl\/blog\/13-waznych-informacji-o-ryczalcie\/#primaryimage"},"image":{"@id":"https:\/\/www.infakt.pl\/blog\/13-waznych-informacji-o-ryczalcie\/#primaryimage"},"thumbnailUrl":"https:\/\/www.infakt.pl\/blog\/wp-content\/uploads\/2016\/01\/13-waz\u0307nych-informacji-o-rycza\u0142cie-od-przychodo\u0301w-ewidencjonowanych-.jpg","datePublished":"2016-01-20T16:07:40+00:00","dateModified":"2024-09-23T08:44:24+00:00","author":{"@id":"https:\/\/www.infakt.pl\/blog\/#\/schema\/person\/d0afbb5a32541de0a2ae16896ed0f585"},"description":"\u00a0Sprawd\u017a swoj\u0105 wiedz\u0119 - zapraszamy do zapoznania si\u0119 z zestawieniem wa\u017cnych informacji o rycza\u0142cie od przychod\u00f3w ewidencjonowanych!","breadcrumb":{"@id":"https:\/\/www.infakt.pl\/blog\/13-waznych-informacji-o-ryczalcie\/#breadcrumb"},"inLanguage":"pl-PL","potentialAction":[{"@type":"ReadAction","target":["https:\/\/www.infakt.pl\/blog\/13-waznych-informacji-o-ryczalcie\/"]}]},{"@type":"ImageObject","inLanguage":"pl-PL","@id":"https:\/\/www.infakt.pl\/blog\/13-waznych-informacji-o-ryczalcie\/#primaryimage","url":"https:\/\/www.infakt.pl\/blog\/wp-content\/uploads\/2016\/01\/13-waz\u0307nych-informacji-o-rycza\u0142cie-od-przychodo\u0301w-ewidencjonowanych-.jpg","contentUrl":"https:\/\/www.infakt.pl\/blog\/wp-content\/uploads\/2016\/01\/13-waz\u0307nych-informacji-o-rycza\u0142cie-od-przychodo\u0301w-ewidencjonowanych-.jpg","width":1280,"height":720,"caption":"13 wa\u017cnych informacji o rycza\u0142cie od przychod\u00f3w ewidencjonowanych!"},{"@type":"BreadcrumbList","@id":"https:\/\/www.infakt.pl\/blog\/13-waznych-informacji-o-ryczalcie\/#breadcrumb","itemListElement":[{"@type":"ListItem","position":1,"name":"Blog","item":"https:\/\/www.infakt.pl\/blog\/"},{"@type":"ListItem","position":2,"name":"Podatki","item":"https:\/\/www.infakt.pl\/blog\/kategoria\/podatki\/"},{"@type":"ListItem","position":3,"name":"13 wa\u017cnych informacji o rycza\u0142cie od przychod\u00f3w ewidencjonowanych!"}]},{"@type":"WebSite","@id":"https:\/\/www.infakt.pl\/blog\/#website","url":"https:\/\/www.infakt.pl\/blog\/","name":"Infakt Blog","description":"","potentialAction":[{"@type":"SearchAction","target":{"@type":"EntryPoint","urlTemplate":"https:\/\/www.infakt.pl\/blog\/?s={search_term_string}"},"query-input":{"@type":"PropertyValueSpecification","valueRequired":true,"valueName":"search_term_string"}}],"inLanguage":"pl-PL"},{"@type":"Person","@id":"https:\/\/www.infakt.pl\/blog\/#\/schema\/person\/d0afbb5a32541de0a2ae16896ed0f585","name":"Aneta Cha\u0142upka","image":{"@type":"ImageObject","inLanguage":"pl-PL","@id":"https:\/\/secure.gravatar.com\/avatar\/a9c72a4006a57ea0623e39fc9622a50cabc7e6f5c1fea84a8d47a168dbc9a42b?s=96&d=mm&r=g","url":"https:\/\/secure.gravatar.com\/avatar\/a9c72a4006a57ea0623e39fc9622a50cabc7e6f5c1fea84a8d47a168dbc9a42b?s=96&d=mm&r=g","contentUrl":"https:\/\/secure.gravatar.com\/avatar\/a9c72a4006a57ea0623e39fc9622a50cabc7e6f5c1fea84a8d47a168dbc9a42b?s=96&d=mm&r=g","caption":"Aneta Cha\u0142upka"},"url":"https:\/\/www.infakt.pl\/blog\/author\/aneta-chalupka\/"}]}},"_links":{"self":[{"href":"https:\/\/www.infakt.pl\/blog\/wp-json\/wp\/v2\/posts\/19052","targetHints":{"allow":["GET"]}}],"collection":[{"href":"https:\/\/www.infakt.pl\/blog\/wp-json\/wp\/v2\/posts"}],"about":[{"href":"https:\/\/www.infakt.pl\/blog\/wp-json\/wp\/v2\/types\/post"}],"author":[{"embeddable":true,"href":"https:\/\/www.infakt.pl\/blog\/wp-json\/wp\/v2\/users\/32"}],"replies":[{"embeddable":true,"href":"https:\/\/www.infakt.pl\/blog\/wp-json\/wp\/v2\/comments?post=19052"}],"version-history":[{"count":39,"href":"https:\/\/www.infakt.pl\/blog\/wp-json\/wp\/v2\/posts\/19052\/revisions"}],"predecessor-version":[{"id":76129,"href":"https:\/\/www.infakt.pl\/blog\/wp-json\/wp\/v2\/posts\/19052\/revisions\/76129"}],"wp:featuredmedia":[{"embeddable":true,"href":"https:\/\/www.infakt.pl\/blog\/wp-json\/wp\/v2\/media\/33581"}],"wp:attachment":[{"href":"https:\/\/www.infakt.pl\/blog\/wp-json\/wp\/v2\/media?parent=19052"}],"wp:term":[{"taxonomy":"category","embeddable":true,"href":"https:\/\/www.infakt.pl\/blog\/wp-json\/wp\/v2\/categories?post=19052"},{"taxonomy":"post_tag","embeddable":true,"href":"https:\/\/www.infakt.pl\/blog\/wp-json\/wp\/v2\/tags?post=19052"}],"curies":[{"name":"wp","href":"https:\/\/api.w.org\/{rel}","templated":true}]}}