{"id":17179,"date":"2015-11-06T16:52:58","date_gmt":"2015-11-06T15:52:58","guid":{"rendered":"http:\/\/www.infakt.pl\/blog\/?p=17179"},"modified":"2022-10-26T12:07:15","modified_gmt":"2022-10-26T10:07:15","slug":"mobilnosc-i-wygoda-infakt-na-ipadzie","status":"publish","type":"post","link":"https:\/\/www.infakt.pl\/blog\/mobilnosc-i-wygoda-infakt-na-ipadzie\/","title":{"rendered":"Mobilno\u015b\u0107 i wygoda: inFakt na iPadzie!"},"content":{"rendered":"<strong>Przedsi\u0119biorcy, kt\u00f3rzy ch\u0119tnie korzystaj\u0105 z aplikacji inFakt na swoich urz\u0105dzeniach mobilnych, od niedawna mog\u0105 pobra\u0107 aplikacj\u0119\u00a0r\u00f3wnie\u017c na iPada. Jakie dodatkowe funkcje posiada ta wersja? Sprawd\u017acie!<\/strong>\r\n\r\n<!--more-->\r\n<h2>inFakt na iOS &#8211; r\u00f3wnie\u017c na iPada!<\/h2>\r\nDost\u0119pna od niedawna\u00a0<strong><a href=\"https:\/\/www.infakt.pl\/blog\/nowa-wersja-aplikacji-infakt-ios-juz-dostepna\/?utm_source=blog&amp;utm_medium=post&amp;utm_campaign=infakt-na-ipada-2\" target=\"_blank\" rel=\"noopener noreferrer\">wersja 2.0 aplikacji inFakt<\/a><\/strong> na system operacyjny iOS, wprowadzi\u0142a wsparcie aplikacji r\u00f3wnie\u017c dla posiadaczy iPada. Dzi\u0119ki temu, osoby korzystaj\u0105ce z tych urz\u0105dze\u0144 maj\u0105 wygodny dost\u0119p do takich funkcji jak:\r\n<ul>\r\n \t<li><strong>wystawianie faktur w zaledwie kilka chwil<\/strong> i wysy\u0142anie ich do klient\u00f3w bezpo\u015brednio z aplikacji,<\/li>\r\n \t<li><strong>automatyczne wczytywanie danych firmowych<\/strong> po podaniu numeru NIP kontrahenta,<\/li>\r\n \t<li><strong>zdj\u0119cia faktur kosztowych<\/strong> i wysy\u0142ka bezpo\u015brednio do swojej ksi\u0119gowej z Og\u00f3lnopolskiego Biura Rachunkowego,<\/li>\r\n \t<li><strong>pe\u0142na wyszukiwarka<\/strong> oraz szybkie przeszukiwanie klient\u00f3w i produkt\u00f3w.<\/li>\r\n<\/ul>\r\nDodatkowo u\u017cytkownicy korzystaj\u0105cy z aplikacji na iPadzie mog\u0105 <strong>korzysta\u0107 z dodatkowych funkcji<\/strong>. Jakich?\r\n\r\n<!-- square -->\r\n<div class=\"cta-area\">\r\n<h2 class=\"header\">Pobierz aplikacj\u0119 mobiln\u0105 i przetestuj!<\/h2>\r\n<div class=\"text-wrap\">\r\n<ul class=\"fancy-list square\">\r\n \t<li>Wystawiaj faktury &#8211; gdziekolwiek i kiedykolwiek<\/li>\r\n \t<li>Sprawdzaj kwoty przychod\u00f3w i koszt\u00f3w<\/li>\r\n \t<li>Sprawdzaj kwoty podatk\u00f3w i sk\u0142adek ZUS<\/li>\r\n<\/ul>\r\n<\/div>\r\n<a class=\"btn-orange-square\" href=\"https:\/\/itunes.apple.com\/pl\/app\/infakt-fakturowanie-i-ksiegowosc\/id875266244?mt=8\" target=\"_blank\" rel=\"noopener noreferrer\"><span class=\"btn-orange-big\">Pobierz z iTunes<\/span><\/a>\r\n\r\n<\/div>\r\n<h2>Porady ksi\u0119gowe &#8211; tylko\u00a0na iPadzie!<\/h2>\r\n<div class=\"page\" title=\"Page 129\">\r\n<div class=\"section\">\r\n<div class=\"layoutArea\">\r\n<div class=\"column\">\r\n\r\nPo poprawnym zalogowaniu si\u0119 do aplikacji, widoczny jest<strong> dedykowany dla urz\u0105dzenia ekran startowy<\/strong>, kt\u00f3ry zawiera:\r\n<ul>\r\n \t<li><strong>porady ksi\u0119gowe,<\/strong><\/li>\r\n \t<li><strong>najnowsze artyku\u0142y<\/strong> z bloga ksi\u0119gowego inFakt.<\/li>\r\n<\/ul>\r\nWidoczne porady dostosowane s\u0105 do ka\u017cdego Klienta\u00a0&#8211; w zale\u017cno\u015bci od\u00a0prowadzonej przez niego dzia\u0142alno\u015bci oraz zam\u00f3wionej w inFakcie us\u0142ugi. Inne wskaz\u00f3wki dostanie\u00a0od nas Klient, kt\u00f3ry <strong>samodzielnie rozlicza si\u0119 w Programie do Ksi\u0119gowo\u015bci<\/strong>, a inne przygotujemy dla <strong>osoby korzystaj\u0105cej z us\u0142ug <a href=\"https:\/\/www.infakt.pl\/biuro-rachunkowe-online\/\" target=\"_blank\" rel=\"noopener noreferrer\">Og\u00f3lnopolskiego Biura Rachunkowego<\/a><\/strong>.\r\n\r\n<img decoding=\"async\" loading=\"lazy\"   class=\"alignleft size-full wp-image-15134\" src=\"https:\/\/www.infakt.pl\/blog\/wp-content\/uploads\/2015\/08\/blog-duze-foto.png\" alt=\"blog-duze-foto\" width=\"1380\" height=\"781\" srcset=\"https:\/\/www.infakt.pl\/blog\/wp-content\/uploads\/2015\/08\/blog-duze-foto.png 1380w, https:\/\/www.infakt.pl\/blog\/wp-content\/uploads\/2015\/08\/blog-duze-foto-300x170.png 300w, https:\/\/www.infakt.pl\/blog\/wp-content\/uploads\/2015\/08\/blog-duze-foto-1024x580.png 1024w, https:\/\/www.infakt.pl\/blog\/wp-content\/uploads\/2015\/08\/blog-duze-foto-1280x724.png 1280w, https:\/\/www.infakt.pl\/blog\/wp-content\/uploads\/2015\/08\/blog-duze-foto-760x430.png 760w, https:\/\/www.infakt.pl\/blog\/wp-content\/uploads\/2015\/08\/blog-duze-foto-610x345.png 610w, https:\/\/www.infakt.pl\/blog\/wp-content\/uploads\/2015\/08\/blog-duze-foto-380x215.png 380w, https:\/\/www.infakt.pl\/blog\/wp-content\/uploads\/2015\/08\/blog-duze-foto-196x111.png 196w, https:\/\/www.infakt.pl\/blog\/wp-content\/uploads\/2015\/08\/blog-duze-foto-980x555.png 980w, https:\/\/www.infakt.pl\/blog\/wp-content\/uploads\/2015\/08\/blog-duze-foto-500x283.png 500w, https:\/\/www.infakt.pl\/blog\/wp-content\/uploads\/2015\/08\/blog-duze-foto-250x141.png 250w\" sizes=\"auto, (max-width: 1380px) 100vw, 1380px\" \/>\r\n<h2>Artyku\u0142y ksi\u0119gowe &#8211; czytaj, gdziekolwiek jeste\u015b!<\/h2>\r\nDodatkow\u0105 funkcj\u0105 dost\u0119pn\u0105 wy\u0142\u0105cznie dla Klient\u00f3w korzystaj\u0105cych z aplikacji na iPadzie s\u0105 artyku\u0142y ksi\u0119gowe. Dzi\u0119ki temu <strong>przedsi\u0119biorcy mog\u0105 na bie\u017c\u0105co \u015bledzi\u0107 wpisy, kt\u00f3re pojawiaj\u0105 si\u0119 na naszym blogu <\/strong>ksi\u0119gowym. Od razu wiedz\u0105 o\u00a0<strong>zmianach w przepisach podatkowych<\/strong>, poznaj\u0105 <strong>nietypowe koszty firmowe<\/strong> i otrzymuj\u0105 informacj\u0119 o <strong><a href=\"https:\/\/www.infakt.pl\/blog\/timeline-aplikacji-ios\/?utm_source=blog&amp;utm_medium=post&amp;utm_campaign=infakt-na-ipada-2\" target=\"_blank\" rel=\"noopener noreferrer\">nowo\u015bciach w aplikacji inFakt<\/a><\/strong>.\r\n\r\n<\/div>\r\n<\/div>\r\n<h2>Aplikacja inFakt na iOS &#8211; przetestuj!<\/h2>\r\nChcesz sprawdzi\u0107 jak dzia\u0142a aplikacja inFakt na Twoim iPadzie? <strong>Pobierz najnowsz\u0105 wersj\u0119 ze sklepu App Store!<\/strong>\r\n\r\n<a href=\"https:\/\/itunes.apple.com\/pl\/app\/infakt-fakturowanie-i-ksiegowosc\/id875266244?mt=8\" target=\"_blank\" rel=\"noopener noreferrer\"><img decoding=\"async\" loading=\"lazy\"   class=\"wp-image-15110 size-full aligncenter\" src=\"https:\/\/www.infakt.pl\/blog\/wp-content\/uploads\/2015\/08\/b1.png\" alt=\"b1\" width=\"128\" height=\"44\" \/><\/a>\r\n\r\n<\/div>\r\nKorzystasz ju\u017c z inFakt na swoim urz\u0105dzeniu mobilnym? Zach\u0119camy do dzielenia si\u0119 opini\u0105 o aplikacji!\u00a0<strong>Swoje uwagi mo\u017cesz doda\u0107 w komentarzu do wpisu lub bezpo\u015brednio w sklepie iTunes.<\/strong>\r\n\r\n<\/div>","protected":false},"excerpt":{"rendered":"","protected":false},"author":30,"featured_media":36231,"comment_status":"open","ping_status":"closed","sticky":false,"template":"","format":"standard","meta":{"_acf_changed":false,"footnotes":""},"categories":[2052],"tags":[],"class_list":["post-17179","post","type-post","status-publish","format-standard","has-post-thumbnail","hentry","category-aktualnosci"],"acf":[],"yoast_head":"<!-- This site is optimized with the Yoast SEO plugin v27.4 - https:\/\/yoast.com\/product\/yoast-seo-wordpress\/ -->\n<title>Mobilno\u015b\u0107 i wygoda: inFakt na iPadzie!<\/title>\n<meta name=\"description\" content=\"Przedsi\u0119biorcy, korzystaj\u0105cy z aplikacji inFakt na urz\u0105dzeniach mobilnych, mog\u0105 pobra\u0107 inFakt na swojego iPada. Dlaczego warto to zrobi\u0107? Sprawd\u017acie!\" \/>\n<meta name=\"robots\" content=\"index, follow, max-snippet:-1, max-image-preview:large, max-video-preview:-1\" \/>\n<link rel=\"canonical\" href=\"https:\/\/www.infakt.pl\/blog\/mobilnosc-i-wygoda-infakt-na-ipadzie\/\" \/>\n<meta property=\"og:locale\" content=\"pl_PL\" \/>\n<meta property=\"og:type\" content=\"article\" \/>\n<meta property=\"og:title\" content=\"Mobilno\u015b\u0107 i wygoda: inFakt na iPadzie!\" \/>\n<meta property=\"og:description\" content=\"Przedsi\u0119biorcy, korzystaj\u0105cy z aplikacji inFakt na urz\u0105dzeniach mobilnych, mog\u0105 pobra\u0107 inFakt na swojego iPada. Dlaczego warto to zrobi\u0107? Sprawd\u017acie!\" \/>\n<meta property=\"og:url\" content=\"https:\/\/www.infakt.pl\/blog\/mobilnosc-i-wygoda-infakt-na-ipadzie\/\" \/>\n<meta property=\"og:site_name\" content=\"Infakt Blog\" \/>\n<meta property=\"article:published_time\" content=\"2015-11-06T15:52:58+00:00\" \/>\n<meta property=\"article:modified_time\" content=\"2022-10-26T10:07:15+00:00\" \/>\n<meta property=\"og:image\" content=\"https:\/\/www.infakt.pl\/blog\/wp-content\/uploads\/2015\/11\/Mobilnos\u0301c\u0301-i-wygoda-inFakt-na-iPadzie.jpg\" \/>\n\t<meta property=\"og:image:width\" content=\"1280\" \/>\n\t<meta property=\"og:image:height\" content=\"720\" \/>\n\t<meta property=\"og:image:type\" content=\"image\/jpeg\" \/>\n<meta name=\"author\" content=\"Karolina Su\u015blik\" \/>\n<meta name=\"twitter:card\" content=\"summary_large_image\" \/>\n<meta name=\"twitter:label1\" content=\"Napisane przez\" \/>\n\t<meta name=\"twitter:data1\" content=\"Karolina Su\u015blik\" \/>\n\t<meta name=\"twitter:label2\" content=\"Szacowany czas czytania\" \/>\n\t<meta name=\"twitter:data2\" content=\"2 minuty\" \/>\n<script type=\"application\/ld+json\" class=\"yoast-schema-graph\">{\"@context\":\"https:\\\/\\\/schema.org\",\"@graph\":[{\"@type\":\"Article\",\"@id\":\"https:\\\/\\\/www.infakt.pl\\\/blog\\\/mobilnosc-i-wygoda-infakt-na-ipadzie\\\/#article\",\"isPartOf\":{\"@id\":\"https:\\\/\\\/www.infakt.pl\\\/blog\\\/mobilnosc-i-wygoda-infakt-na-ipadzie\\\/\"},\"author\":{\"name\":\"Karolina Su\u015blik\",\"@id\":\"https:\\\/\\\/www.infakt.pl\\\/blog\\\/#\\\/schema\\\/person\\\/580cda549ad238ec2673d4a1c7680d29\"},\"headline\":\"Mobilno\u015b\u0107 i wygoda: inFakt na iPadzie!\",\"datePublished\":\"2015-11-06T15:52:58+00:00\",\"dateModified\":\"2022-10-26T10:07:15+00:00\",\"mainEntityOfPage\":{\"@id\":\"https:\\\/\\\/www.infakt.pl\\\/blog\\\/mobilnosc-i-wygoda-infakt-na-ipadzie\\\/\"},\"wordCount\":401,\"commentCount\":0,\"image\":{\"@id\":\"https:\\\/\\\/www.infakt.pl\\\/blog\\\/mobilnosc-i-wygoda-infakt-na-ipadzie\\\/#primaryimage\"},\"thumbnailUrl\":\"https:\\\/\\\/www.infakt.pl\\\/blog\\\/wp-content\\\/uploads\\\/2015\\\/11\\\/Mobilnos\u0301c\u0301-i-wygoda-inFakt-na-iPadzie.jpg\",\"articleSection\":[\"Aktualno\u015bci\"],\"inLanguage\":\"pl-PL\",\"potentialAction\":[{\"@type\":\"CommentAction\",\"name\":\"Comment\",\"target\":[\"https:\\\/\\\/www.infakt.pl\\\/blog\\\/mobilnosc-i-wygoda-infakt-na-ipadzie\\\/#respond\"]}]},{\"@type\":\"WebPage\",\"@id\":\"https:\\\/\\\/www.infakt.pl\\\/blog\\\/mobilnosc-i-wygoda-infakt-na-ipadzie\\\/\",\"url\":\"https:\\\/\\\/www.infakt.pl\\\/blog\\\/mobilnosc-i-wygoda-infakt-na-ipadzie\\\/\",\"name\":\"Mobilno\u015b\u0107 i wygoda: inFakt na iPadzie!\",\"isPartOf\":{\"@id\":\"https:\\\/\\\/www.infakt.pl\\\/blog\\\/#website\"},\"primaryImageOfPage\":{\"@id\":\"https:\\\/\\\/www.infakt.pl\\\/blog\\\/mobilnosc-i-wygoda-infakt-na-ipadzie\\\/#primaryimage\"},\"image\":{\"@id\":\"https:\\\/\\\/www.infakt.pl\\\/blog\\\/mobilnosc-i-wygoda-infakt-na-ipadzie\\\/#primaryimage\"},\"thumbnailUrl\":\"https:\\\/\\\/www.infakt.pl\\\/blog\\\/wp-content\\\/uploads\\\/2015\\\/11\\\/Mobilnos\u0301c\u0301-i-wygoda-inFakt-na-iPadzie.jpg\",\"datePublished\":\"2015-11-06T15:52:58+00:00\",\"dateModified\":\"2022-10-26T10:07:15+00:00\",\"author\":{\"@id\":\"https:\\\/\\\/www.infakt.pl\\\/blog\\\/#\\\/schema\\\/person\\\/580cda549ad238ec2673d4a1c7680d29\"},\"description\":\"Przedsi\u0119biorcy, korzystaj\u0105cy z aplikacji inFakt na urz\u0105dzeniach mobilnych, mog\u0105 pobra\u0107 inFakt na swojego iPada. Dlaczego warto to zrobi\u0107? Sprawd\u017acie!\",\"breadcrumb\":{\"@id\":\"https:\\\/\\\/www.infakt.pl\\\/blog\\\/mobilnosc-i-wygoda-infakt-na-ipadzie\\\/#breadcrumb\"},\"inLanguage\":\"pl-PL\",\"potentialAction\":[{\"@type\":\"ReadAction\",\"target\":[\"https:\\\/\\\/www.infakt.pl\\\/blog\\\/mobilnosc-i-wygoda-infakt-na-ipadzie\\\/\"]}]},{\"@type\":\"ImageObject\",\"inLanguage\":\"pl-PL\",\"@id\":\"https:\\\/\\\/www.infakt.pl\\\/blog\\\/mobilnosc-i-wygoda-infakt-na-ipadzie\\\/#primaryimage\",\"url\":\"https:\\\/\\\/www.infakt.pl\\\/blog\\\/wp-content\\\/uploads\\\/2015\\\/11\\\/Mobilnos\u0301c\u0301-i-wygoda-inFakt-na-iPadzie.jpg\",\"contentUrl\":\"https:\\\/\\\/www.infakt.pl\\\/blog\\\/wp-content\\\/uploads\\\/2015\\\/11\\\/Mobilnos\u0301c\u0301-i-wygoda-inFakt-na-iPadzie.jpg\",\"width\":1280,\"height\":720,\"caption\":\"Aplikacja ksi\u0119gowa na tablet\"},{\"@type\":\"BreadcrumbList\",\"@id\":\"https:\\\/\\\/www.infakt.pl\\\/blog\\\/mobilnosc-i-wygoda-infakt-na-ipadzie\\\/#breadcrumb\",\"itemListElement\":[{\"@type\":\"ListItem\",\"position\":1,\"name\":\"Blog\",\"item\":\"https:\\\/\\\/www.infakt.pl\\\/blog\\\/\"},{\"@type\":\"ListItem\",\"position\":2,\"name\":\"Aktualno\u015bci\",\"item\":\"https:\\\/\\\/www.infakt.pl\\\/blog\\\/kategoria\\\/aktualnosci\\\/\"},{\"@type\":\"ListItem\",\"position\":3,\"name\":\"Mobilno\u015b\u0107 i wygoda: inFakt na iPadzie!\"}]},{\"@type\":\"WebSite\",\"@id\":\"https:\\\/\\\/www.infakt.pl\\\/blog\\\/#website\",\"url\":\"https:\\\/\\\/www.infakt.pl\\\/blog\\\/\",\"name\":\"Infakt Blog\",\"description\":\"\",\"potentialAction\":[{\"@type\":\"SearchAction\",\"target\":{\"@type\":\"EntryPoint\",\"urlTemplate\":\"https:\\\/\\\/www.infakt.pl\\\/blog\\\/?s={search_term_string}\"},\"query-input\":{\"@type\":\"PropertyValueSpecification\",\"valueRequired\":true,\"valueName\":\"search_term_string\"}}],\"inLanguage\":\"pl-PL\"},{\"@type\":\"Person\",\"@id\":\"https:\\\/\\\/www.infakt.pl\\\/blog\\\/#\\\/schema\\\/person\\\/580cda549ad238ec2673d4a1c7680d29\",\"name\":\"Karolina Su\u015blik\",\"image\":{\"@type\":\"ImageObject\",\"inLanguage\":\"pl-PL\",\"@id\":\"https:\\\/\\\/secure.gravatar.com\\\/avatar\\\/c98dc998837bce92e6b0594ab50d049137c01736932e324cfd6c2cd35ec249d5?s=96&d=mm&r=g\",\"url\":\"https:\\\/\\\/secure.gravatar.com\\\/avatar\\\/c98dc998837bce92e6b0594ab50d049137c01736932e324cfd6c2cd35ec249d5?s=96&d=mm&r=g\",\"contentUrl\":\"https:\\\/\\\/secure.gravatar.com\\\/avatar\\\/c98dc998837bce92e6b0594ab50d049137c01736932e324cfd6c2cd35ec249d5?s=96&d=mm&r=g\",\"caption\":\"Karolina Su\u015blik\"},\"url\":\"https:\\\/\\\/www.infakt.pl\\\/blog\\\/author\\\/karolina-suslik\\\/\"}]}<\/script>\n<!-- \/ Yoast SEO plugin. -->","yoast_head_json":{"title":"Mobilno\u015b\u0107 i wygoda: inFakt na iPadzie!","description":"Przedsi\u0119biorcy, korzystaj\u0105cy z aplikacji inFakt na urz\u0105dzeniach mobilnych, mog\u0105 pobra\u0107 inFakt na swojego iPada. Dlaczego warto to zrobi\u0107? Sprawd\u017acie!","robots":{"index":"index","follow":"follow","max-snippet":"max-snippet:-1","max-image-preview":"max-image-preview:large","max-video-preview":"max-video-preview:-1"},"canonical":"https:\/\/www.infakt.pl\/blog\/mobilnosc-i-wygoda-infakt-na-ipadzie\/","og_locale":"pl_PL","og_type":"article","og_title":"Mobilno\u015b\u0107 i wygoda: inFakt na iPadzie!","og_description":"Przedsi\u0119biorcy, korzystaj\u0105cy z aplikacji inFakt na urz\u0105dzeniach mobilnych, mog\u0105 pobra\u0107 inFakt na swojego iPada. Dlaczego warto to zrobi\u0107? Sprawd\u017acie!","og_url":"https:\/\/www.infakt.pl\/blog\/mobilnosc-i-wygoda-infakt-na-ipadzie\/","og_site_name":"Infakt Blog","article_published_time":"2015-11-06T15:52:58+00:00","article_modified_time":"2022-10-26T10:07:15+00:00","og_image":[{"width":1280,"height":720,"url":"https:\/\/www.infakt.pl\/blog\/wp-content\/uploads\/2015\/11\/Mobilnos\u0301c\u0301-i-wygoda-inFakt-na-iPadzie.jpg","type":"image\/jpeg"}],"author":"Karolina Su\u015blik","twitter_card":"summary_large_image","twitter_misc":{"Napisane przez":"Karolina Su\u015blik","Szacowany czas czytania":"2 minuty"},"schema":{"@context":"https:\/\/schema.org","@graph":[{"@type":"Article","@id":"https:\/\/www.infakt.pl\/blog\/mobilnosc-i-wygoda-infakt-na-ipadzie\/#article","isPartOf":{"@id":"https:\/\/www.infakt.pl\/blog\/mobilnosc-i-wygoda-infakt-na-ipadzie\/"},"author":{"name":"Karolina Su\u015blik","@id":"https:\/\/www.infakt.pl\/blog\/#\/schema\/person\/580cda549ad238ec2673d4a1c7680d29"},"headline":"Mobilno\u015b\u0107 i wygoda: inFakt na iPadzie!","datePublished":"2015-11-06T15:52:58+00:00","dateModified":"2022-10-26T10:07:15+00:00","mainEntityOfPage":{"@id":"https:\/\/www.infakt.pl\/blog\/mobilnosc-i-wygoda-infakt-na-ipadzie\/"},"wordCount":401,"commentCount":0,"image":{"@id":"https:\/\/www.infakt.pl\/blog\/mobilnosc-i-wygoda-infakt-na-ipadzie\/#primaryimage"},"thumbnailUrl":"https:\/\/www.infakt.pl\/blog\/wp-content\/uploads\/2015\/11\/Mobilnos\u0301c\u0301-i-wygoda-inFakt-na-iPadzie.jpg","articleSection":["Aktualno\u015bci"],"inLanguage":"pl-PL","potentialAction":[{"@type":"CommentAction","name":"Comment","target":["https:\/\/www.infakt.pl\/blog\/mobilnosc-i-wygoda-infakt-na-ipadzie\/#respond"]}]},{"@type":"WebPage","@id":"https:\/\/www.infakt.pl\/blog\/mobilnosc-i-wygoda-infakt-na-ipadzie\/","url":"https:\/\/www.infakt.pl\/blog\/mobilnosc-i-wygoda-infakt-na-ipadzie\/","name":"Mobilno\u015b\u0107 i wygoda: inFakt na iPadzie!","isPartOf":{"@id":"https:\/\/www.infakt.pl\/blog\/#website"},"primaryImageOfPage":{"@id":"https:\/\/www.infakt.pl\/blog\/mobilnosc-i-wygoda-infakt-na-ipadzie\/#primaryimage"},"image":{"@id":"https:\/\/www.infakt.pl\/blog\/mobilnosc-i-wygoda-infakt-na-ipadzie\/#primaryimage"},"thumbnailUrl":"https:\/\/www.infakt.pl\/blog\/wp-content\/uploads\/2015\/11\/Mobilnos\u0301c\u0301-i-wygoda-inFakt-na-iPadzie.jpg","datePublished":"2015-11-06T15:52:58+00:00","dateModified":"2022-10-26T10:07:15+00:00","author":{"@id":"https:\/\/www.infakt.pl\/blog\/#\/schema\/person\/580cda549ad238ec2673d4a1c7680d29"},"description":"Przedsi\u0119biorcy, korzystaj\u0105cy z aplikacji inFakt na urz\u0105dzeniach mobilnych, mog\u0105 pobra\u0107 inFakt na swojego iPada. Dlaczego warto to zrobi\u0107? Sprawd\u017acie!","breadcrumb":{"@id":"https:\/\/www.infakt.pl\/blog\/mobilnosc-i-wygoda-infakt-na-ipadzie\/#breadcrumb"},"inLanguage":"pl-PL","potentialAction":[{"@type":"ReadAction","target":["https:\/\/www.infakt.pl\/blog\/mobilnosc-i-wygoda-infakt-na-ipadzie\/"]}]},{"@type":"ImageObject","inLanguage":"pl-PL","@id":"https:\/\/www.infakt.pl\/blog\/mobilnosc-i-wygoda-infakt-na-ipadzie\/#primaryimage","url":"https:\/\/www.infakt.pl\/blog\/wp-content\/uploads\/2015\/11\/Mobilnos\u0301c\u0301-i-wygoda-inFakt-na-iPadzie.jpg","contentUrl":"https:\/\/www.infakt.pl\/blog\/wp-content\/uploads\/2015\/11\/Mobilnos\u0301c\u0301-i-wygoda-inFakt-na-iPadzie.jpg","width":1280,"height":720,"caption":"Aplikacja ksi\u0119gowa na tablet"},{"@type":"BreadcrumbList","@id":"https:\/\/www.infakt.pl\/blog\/mobilnosc-i-wygoda-infakt-na-ipadzie\/#breadcrumb","itemListElement":[{"@type":"ListItem","position":1,"name":"Blog","item":"https:\/\/www.infakt.pl\/blog\/"},{"@type":"ListItem","position":2,"name":"Aktualno\u015bci","item":"https:\/\/www.infakt.pl\/blog\/kategoria\/aktualnosci\/"},{"@type":"ListItem","position":3,"name":"Mobilno\u015b\u0107 i wygoda: inFakt na iPadzie!"}]},{"@type":"WebSite","@id":"https:\/\/www.infakt.pl\/blog\/#website","url":"https:\/\/www.infakt.pl\/blog\/","name":"Infakt Blog","description":"","potentialAction":[{"@type":"SearchAction","target":{"@type":"EntryPoint","urlTemplate":"https:\/\/www.infakt.pl\/blog\/?s={search_term_string}"},"query-input":{"@type":"PropertyValueSpecification","valueRequired":true,"valueName":"search_term_string"}}],"inLanguage":"pl-PL"},{"@type":"Person","@id":"https:\/\/www.infakt.pl\/blog\/#\/schema\/person\/580cda549ad238ec2673d4a1c7680d29","name":"Karolina Su\u015blik","image":{"@type":"ImageObject","inLanguage":"pl-PL","@id":"https:\/\/secure.gravatar.com\/avatar\/c98dc998837bce92e6b0594ab50d049137c01736932e324cfd6c2cd35ec249d5?s=96&d=mm&r=g","url":"https:\/\/secure.gravatar.com\/avatar\/c98dc998837bce92e6b0594ab50d049137c01736932e324cfd6c2cd35ec249d5?s=96&d=mm&r=g","contentUrl":"https:\/\/secure.gravatar.com\/avatar\/c98dc998837bce92e6b0594ab50d049137c01736932e324cfd6c2cd35ec249d5?s=96&d=mm&r=g","caption":"Karolina Su\u015blik"},"url":"https:\/\/www.infakt.pl\/blog\/author\/karolina-suslik\/"}]}},"_links":{"self":[{"href":"https:\/\/www.infakt.pl\/blog\/wp-json\/wp\/v2\/posts\/17179","targetHints":{"allow":["GET"]}}],"collection":[{"href":"https:\/\/www.infakt.pl\/blog\/wp-json\/wp\/v2\/posts"}],"about":[{"href":"https:\/\/www.infakt.pl\/blog\/wp-json\/wp\/v2\/types\/post"}],"author":[{"embeddable":true,"href":"https:\/\/www.infakt.pl\/blog\/wp-json\/wp\/v2\/users\/30"}],"replies":[{"embeddable":true,"href":"https:\/\/www.infakt.pl\/blog\/wp-json\/wp\/v2\/comments?post=17179"}],"version-history":[{"count":12,"href":"https:\/\/www.infakt.pl\/blog\/wp-json\/wp\/v2\/posts\/17179\/revisions"}],"predecessor-version":[{"id":54816,"href":"https:\/\/www.infakt.pl\/blog\/wp-json\/wp\/v2\/posts\/17179\/revisions\/54816"}],"wp:featuredmedia":[{"embeddable":true,"href":"https:\/\/www.infakt.pl\/blog\/wp-json\/wp\/v2\/media\/36231"}],"wp:attachment":[{"href":"https:\/\/www.infakt.pl\/blog\/wp-json\/wp\/v2\/media?parent=17179"}],"wp:term":[{"taxonomy":"category","embeddable":true,"href":"https:\/\/www.infakt.pl\/blog\/wp-json\/wp\/v2\/categories?post=17179"},{"taxonomy":"post_tag","embeddable":true,"href":"https:\/\/www.infakt.pl\/blog\/wp-json\/wp\/v2\/tags?post=17179"}],"curies":[{"name":"wp","href":"https:\/\/api.w.org\/{rel}","templated":true}]}}