{"id":15062,"date":"2015-08-19T11:51:45","date_gmt":"2015-08-19T09:51:45","guid":{"rendered":"http:\/\/www.infakt.pl\/blog\/?p=15062"},"modified":"2024-09-23T15:39:30","modified_gmt":"2024-09-23T13:39:30","slug":"infakt-open-day-spotkania-przedsiebiorcow-infakt","status":"publish","type":"post","link":"https:\/\/www.infakt.pl\/blog\/infakt-open-day-spotkania-przedsiebiorcow-infakt\/","title":{"rendered":"inFakt Open Day &#8211; Spotkania Przedsi\u0119biorc\u00f3w inFakt"},"content":{"rendered":"<strong>Chcesz\u00a0pozna\u0107 praktyczne wskaz\u00f3wki dotycz\u0105ce koszt\u00f3w i w swobodnej atmosferze porozmawia\u0107 o ksi\u0119gowo\u015bci z pracownikami\u00a0naszej firmy? InFakt Open Day to idealna okazja! Pierwsze spotkanie ju\u017c 3 wrze\u015bnia w Krakowie!<\/strong>\r\n\r\n<!--more-->\r\n\r\n<span style=\"color: #1c1c1c;\">InFakt Open Day to spotkanie organizowane z my\u015bl\u0105 o Klientach inFaktu \u2013 <strong>nowoczesnych przedsi\u0119biorcach, nastawionych na praktyczn\u0105 wiedz\u0119 i rozw\u00f3j biznesu<\/strong>. To mo\u017cliwo\u015b\u0107 wys\u0142uchania ciekawych prezentacji, indywidualnej rozmowy z ksi\u0119gowymi i nawi\u0105zania kontakt\u00f3w biznesowych z lokalnymi przedsi\u0119biorcami.\u00a0<\/span>\r\n\r\n<img decoding=\"async\" loading=\"lazy\"   class=\"alignnone size-full wp-image-15070\" src=\"https:\/\/www.infakt.pl\/blog\/wp-content\/uploads\/2015\/08\/facebook-cover-photo-v3-2.png\" alt=\"facebook-cover-photo-v3 (2)\" width=\"851\" height=\"315\" srcset=\"https:\/\/www.infakt.pl\/blog\/wp-content\/uploads\/2015\/08\/facebook-cover-photo-v3-2.png 851w, https:\/\/www.infakt.pl\/blog\/wp-content\/uploads\/2015\/08\/facebook-cover-photo-v3-2-300x111.png 300w, https:\/\/www.infakt.pl\/blog\/wp-content\/uploads\/2015\/08\/facebook-cover-photo-v3-2-760x281.png 760w, https:\/\/www.infakt.pl\/blog\/wp-content\/uploads\/2015\/08\/facebook-cover-photo-v3-2-610x226.png 610w, https:\/\/www.infakt.pl\/blog\/wp-content\/uploads\/2015\/08\/facebook-cover-photo-v3-2-380x141.png 380w, https:\/\/www.infakt.pl\/blog\/wp-content\/uploads\/2015\/08\/facebook-cover-photo-v3-2-196x73.png 196w, https:\/\/www.infakt.pl\/blog\/wp-content\/uploads\/2015\/08\/facebook-cover-photo-v3-2-500x185.png 500w, https:\/\/www.infakt.pl\/blog\/wp-content\/uploads\/2015\/08\/facebook-cover-photo-v3-2-250x93.png 250w\" sizes=\"auto, (max-width: 851px) 100vw, 851px\" \/>\r\n<p style=\"color: #1c1c1c;\"><strong>Na uczestnik\u00f3w inFakt Open Day czekaj\u0105:<\/strong><\/p>\r\n\r\n<ul style=\"color: #1c1c1c;\">\r\n\t<li>inspiruj\u0105ce pomys\u0142y na koszty firmowe,<\/li>\r\n\t<li>praktyczne wskaz\u00f3wki ksi\u0119gowe,<\/li>\r\n\t<li>poznanie pracownik\u00f3w inFakt,<\/li>\r\n\t<li>mo\u017cliwo\u015b\u0107 rozmowy z ksi\u0119gowymi i prawnikiem,<\/li>\r\n\t<li>nowe kontakty biznesowe.<\/li>\r\n<\/ul>\r\n<p style=\"color: #1c1c1c;\">Na spotkanie, kt\u00f3re odb\u0119dzie si\u0119 w klimatycznych wn\u0119trzach <strong>Pauza in Garden Krakowie<\/strong>, zapraszamy ju\u017c<strong> 3 wrze\u015bnia 2015 r. o godzinie 18:00<\/strong>.\u00a0Udzia\u0142 w wydarzeniu <strong>jest bezp\u0142atny<\/strong>, jednak ze wzgl\u0119du na ograniczon\u0105 ilo\u015b\u0107 miejsc, prosimy o wcze\u015bniejsz\u0105 rejestracj\u0119.<\/p>\r\n<p style=\"color: #1c1c1c;\">Do\u0142\u0105cz do spotkania! <strong>Zarejestruj si\u0119 na stronie\u00a0inFakt Open Day!<\/strong><\/p>\r\n<p style=\"color: #1c1c1c;\">Rozwijaj z nami swoje kontakty biznesowe i w swobodnej atmosferze zyskaj praktyczn\u0105 wiedz\u0119 o firmowych finansach!<\/p>\r\n<p style=\"color: #1c1c1c;\"><img decoding=\"async\" loading=\"lazy\"   class=\"alignnone size-full wp-image-15063\" src=\"https:\/\/www.infakt.pl\/blog\/wp-content\/uploads\/2015\/08\/inFakt-duze-foto-v2-1.png\" alt=\"inFakt-duze-foto-v2 (1)\" width=\"766\" height=\"500\" srcset=\"https:\/\/www.infakt.pl\/blog\/wp-content\/uploads\/2015\/08\/inFakt-duze-foto-v2-1.png 766w, https:\/\/www.infakt.pl\/blog\/wp-content\/uploads\/2015\/08\/inFakt-duze-foto-v2-1-300x196.png 300w, https:\/\/www.infakt.pl\/blog\/wp-content\/uploads\/2015\/08\/inFakt-duze-foto-v2-1-760x496.png 760w, https:\/\/www.infakt.pl\/blog\/wp-content\/uploads\/2015\/08\/inFakt-duze-foto-v2-1-610x398.png 610w, https:\/\/www.infakt.pl\/blog\/wp-content\/uploads\/2015\/08\/inFakt-duze-foto-v2-1-380x248.png 380w, https:\/\/www.infakt.pl\/blog\/wp-content\/uploads\/2015\/08\/inFakt-duze-foto-v2-1-196x128.png 196w, https:\/\/www.infakt.pl\/blog\/wp-content\/uploads\/2015\/08\/inFakt-duze-foto-v2-1-500x326.png 500w, https:\/\/www.infakt.pl\/blog\/wp-content\/uploads\/2015\/08\/inFakt-duze-foto-v2-1-250x163.png 250w\" sizes=\"auto, (max-width: 766px) 100vw, 766px\" \/><\/p>","protected":false},"excerpt":{"rendered":"","protected":false},"author":30,"featured_media":15064,"comment_status":"open","ping_status":"closed","sticky":false,"template":"","format":"standard","meta":{"_acf_changed":false,"footnotes":""},"categories":[2052],"tags":[],"class_list":["post-15062","post","type-post","status-publish","format-standard","has-post-thumbnail","hentry","category-aktualnosci"],"acf":[],"yoast_head":"<!-- This site is optimized with the Yoast SEO plugin v27.4 - https:\/\/yoast.com\/product\/yoast-seo-wordpress\/ -->\n<title>inFakt Open Day - Spotkania Przedsi\u0119biorc\u00f3w inFakt<\/title>\n<meta name=\"description\" content=\"Chcesz pozna\u0107 praktyczne wskaz\u00f3wki dotycz\u0105ce koszt\u00f3w firmy i w swobodnej atmosferze porozmawia\u0107 o ksi\u0119gowo\u015bci? InFakt Open Day to idealna okazja!\" \/>\n<meta name=\"robots\" content=\"index, follow, max-snippet:-1, max-image-preview:large, max-video-preview:-1\" \/>\n<link rel=\"canonical\" href=\"https:\/\/www.infakt.pl\/blog\/infakt-open-day-spotkania-przedsiebiorcow-infakt\/\" \/>\n<meta property=\"og:locale\" content=\"pl_PL\" \/>\n<meta property=\"og:type\" content=\"article\" \/>\n<meta property=\"og:title\" content=\"inFakt Open Day - Spotkania Przedsi\u0119biorc\u00f3w inFakt\" \/>\n<meta property=\"og:description\" content=\"Chcesz pozna\u0107 praktyczne wskaz\u00f3wki dotycz\u0105ce koszt\u00f3w firmy i w swobodnej atmosferze porozmawia\u0107 o ksi\u0119gowo\u015bci? InFakt Open Day to idealna okazja!\" \/>\n<meta property=\"og:url\" content=\"https:\/\/www.infakt.pl\/blog\/infakt-open-day-spotkania-przedsiebiorcow-infakt\/\" \/>\n<meta property=\"og:site_name\" content=\"Infakt Blog\" \/>\n<meta property=\"article:published_time\" content=\"2015-08-19T09:51:45+00:00\" \/>\n<meta property=\"article:modified_time\" content=\"2024-09-23T13:39:30+00:00\" \/>\n<meta property=\"og:image\" content=\"https:\/\/www.infakt.pl\/blog\/wp-content\/uploads\/2015\/08\/blog-male-foto-1.png\" \/>\n\t<meta property=\"og:image:width\" content=\"360\" \/>\n\t<meta property=\"og:image:height\" content=\"220\" \/>\n\t<meta property=\"og:image:type\" content=\"image\/png\" \/>\n<meta name=\"author\" content=\"Karolina Su\u015blik\" \/>\n<meta name=\"twitter:card\" content=\"summary_large_image\" \/>\n<meta name=\"twitter:label1\" content=\"Napisane przez\" \/>\n\t<meta name=\"twitter:data1\" content=\"Karolina Su\u015blik\" \/>\n\t<meta name=\"twitter:label2\" content=\"Szacowany czas czytania\" \/>\n\t<meta name=\"twitter:data2\" content=\"1 minuta\" \/>\n<script type=\"application\/ld+json\" class=\"yoast-schema-graph\">{\"@context\":\"https:\\\/\\\/schema.org\",\"@graph\":[{\"@type\":\"Article\",\"@id\":\"https:\\\/\\\/www.infakt.pl\\\/blog\\\/infakt-open-day-spotkania-przedsiebiorcow-infakt\\\/#article\",\"isPartOf\":{\"@id\":\"https:\\\/\\\/www.infakt.pl\\\/blog\\\/infakt-open-day-spotkania-przedsiebiorcow-infakt\\\/\"},\"author\":{\"name\":\"Karolina Su\u015blik\",\"@id\":\"https:\\\/\\\/www.infakt.pl\\\/blog\\\/#\\\/schema\\\/person\\\/580cda549ad238ec2673d4a1c7680d29\"},\"headline\":\"inFakt Open Day &#8211; Spotkania Przedsi\u0119biorc\u00f3w inFakt\",\"datePublished\":\"2015-08-19T09:51:45+00:00\",\"dateModified\":\"2024-09-23T13:39:30+00:00\",\"mainEntityOfPage\":{\"@id\":\"https:\\\/\\\/www.infakt.pl\\\/blog\\\/infakt-open-day-spotkania-przedsiebiorcow-infakt\\\/\"},\"wordCount\":191,\"commentCount\":0,\"image\":{\"@id\":\"https:\\\/\\\/www.infakt.pl\\\/blog\\\/infakt-open-day-spotkania-przedsiebiorcow-infakt\\\/#primaryimage\"},\"thumbnailUrl\":\"https:\\\/\\\/www.infakt.pl\\\/blog\\\/wp-content\\\/uploads\\\/2015\\\/08\\\/blog-male-foto-1.png\",\"articleSection\":[\"Aktualno\u015bci\"],\"inLanguage\":\"pl-PL\",\"potentialAction\":[{\"@type\":\"CommentAction\",\"name\":\"Comment\",\"target\":[\"https:\\\/\\\/www.infakt.pl\\\/blog\\\/infakt-open-day-spotkania-przedsiebiorcow-infakt\\\/#respond\"]}]},{\"@type\":\"WebPage\",\"@id\":\"https:\\\/\\\/www.infakt.pl\\\/blog\\\/infakt-open-day-spotkania-przedsiebiorcow-infakt\\\/\",\"url\":\"https:\\\/\\\/www.infakt.pl\\\/blog\\\/infakt-open-day-spotkania-przedsiebiorcow-infakt\\\/\",\"name\":\"inFakt Open Day - Spotkania Przedsi\u0119biorc\u00f3w inFakt\",\"isPartOf\":{\"@id\":\"https:\\\/\\\/www.infakt.pl\\\/blog\\\/#website\"},\"primaryImageOfPage\":{\"@id\":\"https:\\\/\\\/www.infakt.pl\\\/blog\\\/infakt-open-day-spotkania-przedsiebiorcow-infakt\\\/#primaryimage\"},\"image\":{\"@id\":\"https:\\\/\\\/www.infakt.pl\\\/blog\\\/infakt-open-day-spotkania-przedsiebiorcow-infakt\\\/#primaryimage\"},\"thumbnailUrl\":\"https:\\\/\\\/www.infakt.pl\\\/blog\\\/wp-content\\\/uploads\\\/2015\\\/08\\\/blog-male-foto-1.png\",\"datePublished\":\"2015-08-19T09:51:45+00:00\",\"dateModified\":\"2024-09-23T13:39:30+00:00\",\"author\":{\"@id\":\"https:\\\/\\\/www.infakt.pl\\\/blog\\\/#\\\/schema\\\/person\\\/580cda549ad238ec2673d4a1c7680d29\"},\"description\":\"Chcesz pozna\u0107 praktyczne wskaz\u00f3wki dotycz\u0105ce koszt\u00f3w firmy i w swobodnej atmosferze porozmawia\u0107 o ksi\u0119gowo\u015bci? InFakt Open Day to idealna okazja!\",\"breadcrumb\":{\"@id\":\"https:\\\/\\\/www.infakt.pl\\\/blog\\\/infakt-open-day-spotkania-przedsiebiorcow-infakt\\\/#breadcrumb\"},\"inLanguage\":\"pl-PL\",\"potentialAction\":[{\"@type\":\"ReadAction\",\"target\":[\"https:\\\/\\\/www.infakt.pl\\\/blog\\\/infakt-open-day-spotkania-przedsiebiorcow-infakt\\\/\"]}]},{\"@type\":\"ImageObject\",\"inLanguage\":\"pl-PL\",\"@id\":\"https:\\\/\\\/www.infakt.pl\\\/blog\\\/infakt-open-day-spotkania-przedsiebiorcow-infakt\\\/#primaryimage\",\"url\":\"https:\\\/\\\/www.infakt.pl\\\/blog\\\/wp-content\\\/uploads\\\/2015\\\/08\\\/blog-male-foto-1.png\",\"contentUrl\":\"https:\\\/\\\/www.infakt.pl\\\/blog\\\/wp-content\\\/uploads\\\/2015\\\/08\\\/blog-male-foto-1.png\",\"width\":360,\"height\":220},{\"@type\":\"BreadcrumbList\",\"@id\":\"https:\\\/\\\/www.infakt.pl\\\/blog\\\/infakt-open-day-spotkania-przedsiebiorcow-infakt\\\/#breadcrumb\",\"itemListElement\":[{\"@type\":\"ListItem\",\"position\":1,\"name\":\"Blog\",\"item\":\"https:\\\/\\\/www.infakt.pl\\\/blog\\\/\"},{\"@type\":\"ListItem\",\"position\":2,\"name\":\"Aktualno\u015bci\",\"item\":\"https:\\\/\\\/www.infakt.pl\\\/blog\\\/kategoria\\\/aktualnosci\\\/\"},{\"@type\":\"ListItem\",\"position\":3,\"name\":\"inFakt Open Day &#8211; Spotkania Przedsi\u0119biorc\u00f3w inFakt\"}]},{\"@type\":\"WebSite\",\"@id\":\"https:\\\/\\\/www.infakt.pl\\\/blog\\\/#website\",\"url\":\"https:\\\/\\\/www.infakt.pl\\\/blog\\\/\",\"name\":\"Infakt Blog\",\"description\":\"\",\"potentialAction\":[{\"@type\":\"SearchAction\",\"target\":{\"@type\":\"EntryPoint\",\"urlTemplate\":\"https:\\\/\\\/www.infakt.pl\\\/blog\\\/?s={search_term_string}\"},\"query-input\":{\"@type\":\"PropertyValueSpecification\",\"valueRequired\":true,\"valueName\":\"search_term_string\"}}],\"inLanguage\":\"pl-PL\"},{\"@type\":\"Person\",\"@id\":\"https:\\\/\\\/www.infakt.pl\\\/blog\\\/#\\\/schema\\\/person\\\/580cda549ad238ec2673d4a1c7680d29\",\"name\":\"Karolina Su\u015blik\",\"image\":{\"@type\":\"ImageObject\",\"inLanguage\":\"pl-PL\",\"@id\":\"https:\\\/\\\/secure.gravatar.com\\\/avatar\\\/c98dc998837bce92e6b0594ab50d049137c01736932e324cfd6c2cd35ec249d5?s=96&d=mm&r=g\",\"url\":\"https:\\\/\\\/secure.gravatar.com\\\/avatar\\\/c98dc998837bce92e6b0594ab50d049137c01736932e324cfd6c2cd35ec249d5?s=96&d=mm&r=g\",\"contentUrl\":\"https:\\\/\\\/secure.gravatar.com\\\/avatar\\\/c98dc998837bce92e6b0594ab50d049137c01736932e324cfd6c2cd35ec249d5?s=96&d=mm&r=g\",\"caption\":\"Karolina Su\u015blik\"},\"url\":\"https:\\\/\\\/www.infakt.pl\\\/blog\\\/author\\\/karolina-suslik\\\/\"}]}<\/script>\n<!-- \/ Yoast SEO plugin. -->","yoast_head_json":{"title":"inFakt Open Day - Spotkania Przedsi\u0119biorc\u00f3w inFakt","description":"Chcesz pozna\u0107 praktyczne wskaz\u00f3wki dotycz\u0105ce koszt\u00f3w firmy i w swobodnej atmosferze porozmawia\u0107 o ksi\u0119gowo\u015bci? InFakt Open Day to idealna okazja!","robots":{"index":"index","follow":"follow","max-snippet":"max-snippet:-1","max-image-preview":"max-image-preview:large","max-video-preview":"max-video-preview:-1"},"canonical":"https:\/\/www.infakt.pl\/blog\/infakt-open-day-spotkania-przedsiebiorcow-infakt\/","og_locale":"pl_PL","og_type":"article","og_title":"inFakt Open Day - Spotkania Przedsi\u0119biorc\u00f3w inFakt","og_description":"Chcesz pozna\u0107 praktyczne wskaz\u00f3wki dotycz\u0105ce koszt\u00f3w firmy i w swobodnej atmosferze porozmawia\u0107 o ksi\u0119gowo\u015bci? InFakt Open Day to idealna okazja!","og_url":"https:\/\/www.infakt.pl\/blog\/infakt-open-day-spotkania-przedsiebiorcow-infakt\/","og_site_name":"Infakt Blog","article_published_time":"2015-08-19T09:51:45+00:00","article_modified_time":"2024-09-23T13:39:30+00:00","og_image":[{"width":360,"height":220,"url":"https:\/\/www.infakt.pl\/blog\/wp-content\/uploads\/2015\/08\/blog-male-foto-1.png","type":"image\/png"}],"author":"Karolina Su\u015blik","twitter_card":"summary_large_image","twitter_misc":{"Napisane przez":"Karolina Su\u015blik","Szacowany czas czytania":"1 minuta"},"schema":{"@context":"https:\/\/schema.org","@graph":[{"@type":"Article","@id":"https:\/\/www.infakt.pl\/blog\/infakt-open-day-spotkania-przedsiebiorcow-infakt\/#article","isPartOf":{"@id":"https:\/\/www.infakt.pl\/blog\/infakt-open-day-spotkania-przedsiebiorcow-infakt\/"},"author":{"name":"Karolina Su\u015blik","@id":"https:\/\/www.infakt.pl\/blog\/#\/schema\/person\/580cda549ad238ec2673d4a1c7680d29"},"headline":"inFakt Open Day &#8211; Spotkania Przedsi\u0119biorc\u00f3w inFakt","datePublished":"2015-08-19T09:51:45+00:00","dateModified":"2024-09-23T13:39:30+00:00","mainEntityOfPage":{"@id":"https:\/\/www.infakt.pl\/blog\/infakt-open-day-spotkania-przedsiebiorcow-infakt\/"},"wordCount":191,"commentCount":0,"image":{"@id":"https:\/\/www.infakt.pl\/blog\/infakt-open-day-spotkania-przedsiebiorcow-infakt\/#primaryimage"},"thumbnailUrl":"https:\/\/www.infakt.pl\/blog\/wp-content\/uploads\/2015\/08\/blog-male-foto-1.png","articleSection":["Aktualno\u015bci"],"inLanguage":"pl-PL","potentialAction":[{"@type":"CommentAction","name":"Comment","target":["https:\/\/www.infakt.pl\/blog\/infakt-open-day-spotkania-przedsiebiorcow-infakt\/#respond"]}]},{"@type":"WebPage","@id":"https:\/\/www.infakt.pl\/blog\/infakt-open-day-spotkania-przedsiebiorcow-infakt\/","url":"https:\/\/www.infakt.pl\/blog\/infakt-open-day-spotkania-przedsiebiorcow-infakt\/","name":"inFakt Open Day - Spotkania Przedsi\u0119biorc\u00f3w inFakt","isPartOf":{"@id":"https:\/\/www.infakt.pl\/blog\/#website"},"primaryImageOfPage":{"@id":"https:\/\/www.infakt.pl\/blog\/infakt-open-day-spotkania-przedsiebiorcow-infakt\/#primaryimage"},"image":{"@id":"https:\/\/www.infakt.pl\/blog\/infakt-open-day-spotkania-przedsiebiorcow-infakt\/#primaryimage"},"thumbnailUrl":"https:\/\/www.infakt.pl\/blog\/wp-content\/uploads\/2015\/08\/blog-male-foto-1.png","datePublished":"2015-08-19T09:51:45+00:00","dateModified":"2024-09-23T13:39:30+00:00","author":{"@id":"https:\/\/www.infakt.pl\/blog\/#\/schema\/person\/580cda549ad238ec2673d4a1c7680d29"},"description":"Chcesz pozna\u0107 praktyczne wskaz\u00f3wki dotycz\u0105ce koszt\u00f3w firmy i w swobodnej atmosferze porozmawia\u0107 o ksi\u0119gowo\u015bci? InFakt Open Day to idealna okazja!","breadcrumb":{"@id":"https:\/\/www.infakt.pl\/blog\/infakt-open-day-spotkania-przedsiebiorcow-infakt\/#breadcrumb"},"inLanguage":"pl-PL","potentialAction":[{"@type":"ReadAction","target":["https:\/\/www.infakt.pl\/blog\/infakt-open-day-spotkania-przedsiebiorcow-infakt\/"]}]},{"@type":"ImageObject","inLanguage":"pl-PL","@id":"https:\/\/www.infakt.pl\/blog\/infakt-open-day-spotkania-przedsiebiorcow-infakt\/#primaryimage","url":"https:\/\/www.infakt.pl\/blog\/wp-content\/uploads\/2015\/08\/blog-male-foto-1.png","contentUrl":"https:\/\/www.infakt.pl\/blog\/wp-content\/uploads\/2015\/08\/blog-male-foto-1.png","width":360,"height":220},{"@type":"BreadcrumbList","@id":"https:\/\/www.infakt.pl\/blog\/infakt-open-day-spotkania-przedsiebiorcow-infakt\/#breadcrumb","itemListElement":[{"@type":"ListItem","position":1,"name":"Blog","item":"https:\/\/www.infakt.pl\/blog\/"},{"@type":"ListItem","position":2,"name":"Aktualno\u015bci","item":"https:\/\/www.infakt.pl\/blog\/kategoria\/aktualnosci\/"},{"@type":"ListItem","position":3,"name":"inFakt Open Day &#8211; Spotkania Przedsi\u0119biorc\u00f3w inFakt"}]},{"@type":"WebSite","@id":"https:\/\/www.infakt.pl\/blog\/#website","url":"https:\/\/www.infakt.pl\/blog\/","name":"Infakt Blog","description":"","potentialAction":[{"@type":"SearchAction","target":{"@type":"EntryPoint","urlTemplate":"https:\/\/www.infakt.pl\/blog\/?s={search_term_string}"},"query-input":{"@type":"PropertyValueSpecification","valueRequired":true,"valueName":"search_term_string"}}],"inLanguage":"pl-PL"},{"@type":"Person","@id":"https:\/\/www.infakt.pl\/blog\/#\/schema\/person\/580cda549ad238ec2673d4a1c7680d29","name":"Karolina Su\u015blik","image":{"@type":"ImageObject","inLanguage":"pl-PL","@id":"https:\/\/secure.gravatar.com\/avatar\/c98dc998837bce92e6b0594ab50d049137c01736932e324cfd6c2cd35ec249d5?s=96&d=mm&r=g","url":"https:\/\/secure.gravatar.com\/avatar\/c98dc998837bce92e6b0594ab50d049137c01736932e324cfd6c2cd35ec249d5?s=96&d=mm&r=g","contentUrl":"https:\/\/secure.gravatar.com\/avatar\/c98dc998837bce92e6b0594ab50d049137c01736932e324cfd6c2cd35ec249d5?s=96&d=mm&r=g","caption":"Karolina Su\u015blik"},"url":"https:\/\/www.infakt.pl\/blog\/author\/karolina-suslik\/"}]}},"_links":{"self":[{"href":"https:\/\/www.infakt.pl\/blog\/wp-json\/wp\/v2\/posts\/15062","targetHints":{"allow":["GET"]}}],"collection":[{"href":"https:\/\/www.infakt.pl\/blog\/wp-json\/wp\/v2\/posts"}],"about":[{"href":"https:\/\/www.infakt.pl\/blog\/wp-json\/wp\/v2\/types\/post"}],"author":[{"embeddable":true,"href":"https:\/\/www.infakt.pl\/blog\/wp-json\/wp\/v2\/users\/30"}],"replies":[{"embeddable":true,"href":"https:\/\/www.infakt.pl\/blog\/wp-json\/wp\/v2\/comments?post=15062"}],"version-history":[{"count":11,"href":"https:\/\/www.infakt.pl\/blog\/wp-json\/wp\/v2\/posts\/15062\/revisions"}],"predecessor-version":[{"id":76385,"href":"https:\/\/www.infakt.pl\/blog\/wp-json\/wp\/v2\/posts\/15062\/revisions\/76385"}],"wp:featuredmedia":[{"embeddable":true,"href":"https:\/\/www.infakt.pl\/blog\/wp-json\/wp\/v2\/media\/15064"}],"wp:attachment":[{"href":"https:\/\/www.infakt.pl\/blog\/wp-json\/wp\/v2\/media?parent=15062"}],"wp:term":[{"taxonomy":"category","embeddable":true,"href":"https:\/\/www.infakt.pl\/blog\/wp-json\/wp\/v2\/categories?post=15062"},{"taxonomy":"post_tag","embeddable":true,"href":"https:\/\/www.infakt.pl\/blog\/wp-json\/wp\/v2\/tags?post=15062"}],"curies":[{"name":"wp","href":"https:\/\/api.w.org\/{rel}","templated":true}]}}