{"id":13849,"date":"2015-04-04T15:00:39","date_gmt":"2015-04-04T13:00:39","guid":{"rendered":"http:\/\/www.infakt.pl\/blog\/?p=13849"},"modified":"2021-09-13T19:01:01","modified_gmt":"2021-09-13T17:01:01","slug":"zmiany-w-aplikacji-infakt-wideo","status":"publish","type":"post","link":"https:\/\/www.infakt.pl\/blog\/zmiany-w-aplikacji-infakt-wideo\/","title":{"rendered":"Zmiany w aplikacji inFakt &#8211; zobacz wideo"},"content":{"rendered":"Od pewnego czasu aplikacja inFaktu przechodzi proces zmian. Nowo\u015bci mo\u017cna zobaczy\u0107 m.in. w tabelach, przegl\u0105dzie ksi\u0119gowo\u015bci czy w powiadomieniach. Wszystkie szczeg\u00f3\u0142y poznacie ogl\u0105daj\u0105c specjalnie przygotowane wideo. <!--more-->\r\n<div class=\"video-container\"><iframe src=\"https:\/\/www.youtube.com\/embed\/PN5e2ewGbVo?list=PLc0UBkk7rVfOkL16sM7mRXyyJPXwg0Xev\" width=\"560\" height=\"315\" frameborder=\"0\" allowfullscreen=\"allowfullscreen\"><\/iframe><\/div>","protected":false},"excerpt":{"rendered":"<p>Od p<\/p>\n","protected":false},"author":19,"featured_media":13882,"comment_status":"open","ping_status":"closed","sticky":false,"template":"","format":"standard","meta":{"_acf_changed":false,"footnotes":""},"categories":[2052],"tags":[],"class_list":["post-13849","post","type-post","status-publish","format-standard","has-post-thumbnail","hentry","category-aktualnosci"],"acf":[],"yoast_head":"<!-- This site is optimized with the Yoast SEO plugin v27.4 - https:\/\/yoast.com\/product\/yoast-seo-wordpress\/ -->\n<title>Zmiany w aplikacji inFakt - zobacz wideo<\/title>\n<meta name=\"description\" content=\"Aplikacja inFakt przechodzi proces redesignu. Chcecie pozna\u0107 wprowadzone nowo\u015bci? Zach\u0119camy do obejrzenia wideo, kt\u00f3re je przybli\u017cy.\" \/>\n<meta name=\"robots\" content=\"index, follow, max-snippet:-1, max-image-preview:large, max-video-preview:-1\" \/>\n<link rel=\"canonical\" href=\"https:\/\/www.infakt.pl\/blog\/zmiany-w-aplikacji-infakt-wideo\/\" \/>\n<meta property=\"og:locale\" content=\"pl_PL\" \/>\n<meta property=\"og:type\" content=\"article\" \/>\n<meta property=\"og:title\" content=\"Zmiany w aplikacji inFakt - zobacz wideo\" \/>\n<meta property=\"og:description\" content=\"Aplikacja inFakt przechodzi proces redesignu. Chcecie pozna\u0107 wprowadzone nowo\u015bci? Zach\u0119camy do obejrzenia wideo, kt\u00f3re je przybli\u017cy.\" \/>\n<meta property=\"og:url\" content=\"https:\/\/www.infakt.pl\/blog\/zmiany-w-aplikacji-infakt-wideo\/\" \/>\n<meta property=\"og:site_name\" content=\"Infakt Blog\" \/>\n<meta property=\"article:published_time\" content=\"2015-04-04T13:00:39+00:00\" \/>\n<meta property=\"article:modified_time\" content=\"2021-09-13T17:01:01+00:00\" \/>\n<meta property=\"og:image\" content=\"https:\/\/www.infakt.pl\/blog\/wp-content\/uploads\/2015\/04\/screenshot_ze_screencasta.png\" \/>\n\t<meta property=\"og:image:width\" content=\"360\" \/>\n\t<meta property=\"og:image:height\" content=\"220\" \/>\n\t<meta property=\"og:image:type\" content=\"image\/png\" \/>\n<meta name=\"author\" content=\"Arkadiusz Caryk\" \/>\n<meta name=\"twitter:card\" content=\"summary_large_image\" \/>\n<meta name=\"twitter:label1\" content=\"Napisane przez\" \/>\n\t<meta name=\"twitter:data1\" content=\"Arkadiusz Caryk\" \/>\n<script type=\"application\/ld+json\" class=\"yoast-schema-graph\">{\"@context\":\"https:\\\/\\\/schema.org\",\"@graph\":[{\"@type\":\"Article\",\"@id\":\"https:\\\/\\\/www.infakt.pl\\\/blog\\\/zmiany-w-aplikacji-infakt-wideo\\\/#article\",\"isPartOf\":{\"@id\":\"https:\\\/\\\/www.infakt.pl\\\/blog\\\/zmiany-w-aplikacji-infakt-wideo\\\/\"},\"author\":{\"name\":\"Arkadiusz Caryk\",\"@id\":\"https:\\\/\\\/www.infakt.pl\\\/blog\\\/#\\\/schema\\\/person\\\/b240c3a1dfd5321e4195102406322431\"},\"headline\":\"Zmiany w aplikacji inFakt &#8211; zobacz wideo\",\"datePublished\":\"2015-04-04T13:00:39+00:00\",\"dateModified\":\"2021-09-13T17:01:01+00:00\",\"mainEntityOfPage\":{\"@id\":\"https:\\\/\\\/www.infakt.pl\\\/blog\\\/zmiany-w-aplikacji-infakt-wideo\\\/\"},\"wordCount\":42,\"commentCount\":0,\"image\":{\"@id\":\"https:\\\/\\\/www.infakt.pl\\\/blog\\\/zmiany-w-aplikacji-infakt-wideo\\\/#primaryimage\"},\"thumbnailUrl\":\"https:\\\/\\\/www.infakt.pl\\\/blog\\\/wp-content\\\/uploads\\\/2015\\\/04\\\/screenshot_ze_screencasta.png\",\"articleSection\":[\"Aktualno\u015bci\"],\"inLanguage\":\"pl-PL\",\"potentialAction\":[{\"@type\":\"CommentAction\",\"name\":\"Comment\",\"target\":[\"https:\\\/\\\/www.infakt.pl\\\/blog\\\/zmiany-w-aplikacji-infakt-wideo\\\/#respond\"]}]},{\"@type\":\"WebPage\",\"@id\":\"https:\\\/\\\/www.infakt.pl\\\/blog\\\/zmiany-w-aplikacji-infakt-wideo\\\/\",\"url\":\"https:\\\/\\\/www.infakt.pl\\\/blog\\\/zmiany-w-aplikacji-infakt-wideo\\\/\",\"name\":\"Zmiany w aplikacji inFakt - zobacz wideo\",\"isPartOf\":{\"@id\":\"https:\\\/\\\/www.infakt.pl\\\/blog\\\/#website\"},\"primaryImageOfPage\":{\"@id\":\"https:\\\/\\\/www.infakt.pl\\\/blog\\\/zmiany-w-aplikacji-infakt-wideo\\\/#primaryimage\"},\"image\":{\"@id\":\"https:\\\/\\\/www.infakt.pl\\\/blog\\\/zmiany-w-aplikacji-infakt-wideo\\\/#primaryimage\"},\"thumbnailUrl\":\"https:\\\/\\\/www.infakt.pl\\\/blog\\\/wp-content\\\/uploads\\\/2015\\\/04\\\/screenshot_ze_screencasta.png\",\"datePublished\":\"2015-04-04T13:00:39+00:00\",\"dateModified\":\"2021-09-13T17:01:01+00:00\",\"author\":{\"@id\":\"https:\\\/\\\/www.infakt.pl\\\/blog\\\/#\\\/schema\\\/person\\\/b240c3a1dfd5321e4195102406322431\"},\"description\":\"Aplikacja inFakt przechodzi proces redesignu. Chcecie pozna\u0107 wprowadzone nowo\u015bci? Zach\u0119camy do obejrzenia wideo, kt\u00f3re je przybli\u017cy.\",\"breadcrumb\":{\"@id\":\"https:\\\/\\\/www.infakt.pl\\\/blog\\\/zmiany-w-aplikacji-infakt-wideo\\\/#breadcrumb\"},\"inLanguage\":\"pl-PL\",\"potentialAction\":[{\"@type\":\"ReadAction\",\"target\":[\"https:\\\/\\\/www.infakt.pl\\\/blog\\\/zmiany-w-aplikacji-infakt-wideo\\\/\"]}]},{\"@type\":\"ImageObject\",\"inLanguage\":\"pl-PL\",\"@id\":\"https:\\\/\\\/www.infakt.pl\\\/blog\\\/zmiany-w-aplikacji-infakt-wideo\\\/#primaryimage\",\"url\":\"https:\\\/\\\/www.infakt.pl\\\/blog\\\/wp-content\\\/uploads\\\/2015\\\/04\\\/screenshot_ze_screencasta.png\",\"contentUrl\":\"https:\\\/\\\/www.infakt.pl\\\/blog\\\/wp-content\\\/uploads\\\/2015\\\/04\\\/screenshot_ze_screencasta.png\",\"width\":360,\"height\":220},{\"@type\":\"BreadcrumbList\",\"@id\":\"https:\\\/\\\/www.infakt.pl\\\/blog\\\/zmiany-w-aplikacji-infakt-wideo\\\/#breadcrumb\",\"itemListElement\":[{\"@type\":\"ListItem\",\"position\":1,\"name\":\"Blog\",\"item\":\"https:\\\/\\\/www.infakt.pl\\\/blog\\\/\"},{\"@type\":\"ListItem\",\"position\":2,\"name\":\"Aktualno\u015bci\",\"item\":\"https:\\\/\\\/www.infakt.pl\\\/blog\\\/kategoria\\\/aktualnosci\\\/\"},{\"@type\":\"ListItem\",\"position\":3,\"name\":\"Zmiany w aplikacji inFakt &#8211; zobacz wideo\"}]},{\"@type\":\"WebSite\",\"@id\":\"https:\\\/\\\/www.infakt.pl\\\/blog\\\/#website\",\"url\":\"https:\\\/\\\/www.infakt.pl\\\/blog\\\/\",\"name\":\"Infakt Blog\",\"description\":\"\",\"potentialAction\":[{\"@type\":\"SearchAction\",\"target\":{\"@type\":\"EntryPoint\",\"urlTemplate\":\"https:\\\/\\\/www.infakt.pl\\\/blog\\\/?s={search_term_string}\"},\"query-input\":{\"@type\":\"PropertyValueSpecification\",\"valueRequired\":true,\"valueName\":\"search_term_string\"}}],\"inLanguage\":\"pl-PL\"},{\"@type\":\"Person\",\"@id\":\"https:\\\/\\\/www.infakt.pl\\\/blog\\\/#\\\/schema\\\/person\\\/b240c3a1dfd5321e4195102406322431\",\"name\":\"Arkadiusz Caryk\",\"image\":{\"@type\":\"ImageObject\",\"inLanguage\":\"pl-PL\",\"@id\":\"https:\\\/\\\/secure.gravatar.com\\\/avatar\\\/25d424997c3e1f372edafecf9e24747fd4fd013a989f7633d0d5e286e769e454?s=96&d=mm&r=g\",\"url\":\"https:\\\/\\\/secure.gravatar.com\\\/avatar\\\/25d424997c3e1f372edafecf9e24747fd4fd013a989f7633d0d5e286e769e454?s=96&d=mm&r=g\",\"contentUrl\":\"https:\\\/\\\/secure.gravatar.com\\\/avatar\\\/25d424997c3e1f372edafecf9e24747fd4fd013a989f7633d0d5e286e769e454?s=96&d=mm&r=g\",\"caption\":\"Arkadiusz Caryk\"},\"url\":\"https:\\\/\\\/www.infakt.pl\\\/blog\\\/author\\\/arkadiusz-caryk\\\/\"}]}<\/script>\n<!-- \/ Yoast SEO plugin. -->","yoast_head_json":{"title":"Zmiany w aplikacji inFakt - zobacz wideo","description":"Aplikacja inFakt przechodzi proces redesignu. Chcecie pozna\u0107 wprowadzone nowo\u015bci? Zach\u0119camy do obejrzenia wideo, kt\u00f3re je przybli\u017cy.","robots":{"index":"index","follow":"follow","max-snippet":"max-snippet:-1","max-image-preview":"max-image-preview:large","max-video-preview":"max-video-preview:-1"},"canonical":"https:\/\/www.infakt.pl\/blog\/zmiany-w-aplikacji-infakt-wideo\/","og_locale":"pl_PL","og_type":"article","og_title":"Zmiany w aplikacji inFakt - zobacz wideo","og_description":"Aplikacja inFakt przechodzi proces redesignu. Chcecie pozna\u0107 wprowadzone nowo\u015bci? Zach\u0119camy do obejrzenia wideo, kt\u00f3re je przybli\u017cy.","og_url":"https:\/\/www.infakt.pl\/blog\/zmiany-w-aplikacji-infakt-wideo\/","og_site_name":"Infakt Blog","article_published_time":"2015-04-04T13:00:39+00:00","article_modified_time":"2021-09-13T17:01:01+00:00","og_image":[{"width":360,"height":220,"url":"https:\/\/www.infakt.pl\/blog\/wp-content\/uploads\/2015\/04\/screenshot_ze_screencasta.png","type":"image\/png"}],"author":"Arkadiusz Caryk","twitter_card":"summary_large_image","twitter_misc":{"Napisane przez":"Arkadiusz Caryk"},"schema":{"@context":"https:\/\/schema.org","@graph":[{"@type":"Article","@id":"https:\/\/www.infakt.pl\/blog\/zmiany-w-aplikacji-infakt-wideo\/#article","isPartOf":{"@id":"https:\/\/www.infakt.pl\/blog\/zmiany-w-aplikacji-infakt-wideo\/"},"author":{"name":"Arkadiusz Caryk","@id":"https:\/\/www.infakt.pl\/blog\/#\/schema\/person\/b240c3a1dfd5321e4195102406322431"},"headline":"Zmiany w aplikacji inFakt &#8211; zobacz wideo","datePublished":"2015-04-04T13:00:39+00:00","dateModified":"2021-09-13T17:01:01+00:00","mainEntityOfPage":{"@id":"https:\/\/www.infakt.pl\/blog\/zmiany-w-aplikacji-infakt-wideo\/"},"wordCount":42,"commentCount":0,"image":{"@id":"https:\/\/www.infakt.pl\/blog\/zmiany-w-aplikacji-infakt-wideo\/#primaryimage"},"thumbnailUrl":"https:\/\/www.infakt.pl\/blog\/wp-content\/uploads\/2015\/04\/screenshot_ze_screencasta.png","articleSection":["Aktualno\u015bci"],"inLanguage":"pl-PL","potentialAction":[{"@type":"CommentAction","name":"Comment","target":["https:\/\/www.infakt.pl\/blog\/zmiany-w-aplikacji-infakt-wideo\/#respond"]}]},{"@type":"WebPage","@id":"https:\/\/www.infakt.pl\/blog\/zmiany-w-aplikacji-infakt-wideo\/","url":"https:\/\/www.infakt.pl\/blog\/zmiany-w-aplikacji-infakt-wideo\/","name":"Zmiany w aplikacji inFakt - zobacz wideo","isPartOf":{"@id":"https:\/\/www.infakt.pl\/blog\/#website"},"primaryImageOfPage":{"@id":"https:\/\/www.infakt.pl\/blog\/zmiany-w-aplikacji-infakt-wideo\/#primaryimage"},"image":{"@id":"https:\/\/www.infakt.pl\/blog\/zmiany-w-aplikacji-infakt-wideo\/#primaryimage"},"thumbnailUrl":"https:\/\/www.infakt.pl\/blog\/wp-content\/uploads\/2015\/04\/screenshot_ze_screencasta.png","datePublished":"2015-04-04T13:00:39+00:00","dateModified":"2021-09-13T17:01:01+00:00","author":{"@id":"https:\/\/www.infakt.pl\/blog\/#\/schema\/person\/b240c3a1dfd5321e4195102406322431"},"description":"Aplikacja inFakt przechodzi proces redesignu. Chcecie pozna\u0107 wprowadzone nowo\u015bci? Zach\u0119camy do obejrzenia wideo, kt\u00f3re je przybli\u017cy.","breadcrumb":{"@id":"https:\/\/www.infakt.pl\/blog\/zmiany-w-aplikacji-infakt-wideo\/#breadcrumb"},"inLanguage":"pl-PL","potentialAction":[{"@type":"ReadAction","target":["https:\/\/www.infakt.pl\/blog\/zmiany-w-aplikacji-infakt-wideo\/"]}]},{"@type":"ImageObject","inLanguage":"pl-PL","@id":"https:\/\/www.infakt.pl\/blog\/zmiany-w-aplikacji-infakt-wideo\/#primaryimage","url":"https:\/\/www.infakt.pl\/blog\/wp-content\/uploads\/2015\/04\/screenshot_ze_screencasta.png","contentUrl":"https:\/\/www.infakt.pl\/blog\/wp-content\/uploads\/2015\/04\/screenshot_ze_screencasta.png","width":360,"height":220},{"@type":"BreadcrumbList","@id":"https:\/\/www.infakt.pl\/blog\/zmiany-w-aplikacji-infakt-wideo\/#breadcrumb","itemListElement":[{"@type":"ListItem","position":1,"name":"Blog","item":"https:\/\/www.infakt.pl\/blog\/"},{"@type":"ListItem","position":2,"name":"Aktualno\u015bci","item":"https:\/\/www.infakt.pl\/blog\/kategoria\/aktualnosci\/"},{"@type":"ListItem","position":3,"name":"Zmiany w aplikacji inFakt &#8211; zobacz wideo"}]},{"@type":"WebSite","@id":"https:\/\/www.infakt.pl\/blog\/#website","url":"https:\/\/www.infakt.pl\/blog\/","name":"Infakt Blog","description":"","potentialAction":[{"@type":"SearchAction","target":{"@type":"EntryPoint","urlTemplate":"https:\/\/www.infakt.pl\/blog\/?s={search_term_string}"},"query-input":{"@type":"PropertyValueSpecification","valueRequired":true,"valueName":"search_term_string"}}],"inLanguage":"pl-PL"},{"@type":"Person","@id":"https:\/\/www.infakt.pl\/blog\/#\/schema\/person\/b240c3a1dfd5321e4195102406322431","name":"Arkadiusz Caryk","image":{"@type":"ImageObject","inLanguage":"pl-PL","@id":"https:\/\/secure.gravatar.com\/avatar\/25d424997c3e1f372edafecf9e24747fd4fd013a989f7633d0d5e286e769e454?s=96&d=mm&r=g","url":"https:\/\/secure.gravatar.com\/avatar\/25d424997c3e1f372edafecf9e24747fd4fd013a989f7633d0d5e286e769e454?s=96&d=mm&r=g","contentUrl":"https:\/\/secure.gravatar.com\/avatar\/25d424997c3e1f372edafecf9e24747fd4fd013a989f7633d0d5e286e769e454?s=96&d=mm&r=g","caption":"Arkadiusz Caryk"},"url":"https:\/\/www.infakt.pl\/blog\/author\/arkadiusz-caryk\/"}]}},"_links":{"self":[{"href":"https:\/\/www.infakt.pl\/blog\/wp-json\/wp\/v2\/posts\/13849","targetHints":{"allow":["GET"]}}],"collection":[{"href":"https:\/\/www.infakt.pl\/blog\/wp-json\/wp\/v2\/posts"}],"about":[{"href":"https:\/\/www.infakt.pl\/blog\/wp-json\/wp\/v2\/types\/post"}],"author":[{"embeddable":true,"href":"https:\/\/www.infakt.pl\/blog\/wp-json\/wp\/v2\/users\/19"}],"replies":[{"embeddable":true,"href":"https:\/\/www.infakt.pl\/blog\/wp-json\/wp\/v2\/comments?post=13849"}],"version-history":[{"count":2,"href":"https:\/\/www.infakt.pl\/blog\/wp-json\/wp\/v2\/posts\/13849\/revisions"}],"predecessor-version":[{"id":25714,"href":"https:\/\/www.infakt.pl\/blog\/wp-json\/wp\/v2\/posts\/13849\/revisions\/25714"}],"wp:featuredmedia":[{"embeddable":true,"href":"https:\/\/www.infakt.pl\/blog\/wp-json\/wp\/v2\/media\/13882"}],"wp:attachment":[{"href":"https:\/\/www.infakt.pl\/blog\/wp-json\/wp\/v2\/media?parent=13849"}],"wp:term":[{"taxonomy":"category","embeddable":true,"href":"https:\/\/www.infakt.pl\/blog\/wp-json\/wp\/v2\/categories?post=13849"},{"taxonomy":"post_tag","embeddable":true,"href":"https:\/\/www.infakt.pl\/blog\/wp-json\/wp\/v2\/tags?post=13849"}],"curies":[{"name":"wp","href":"https:\/\/api.w.org\/{rel}","templated":true}]}}