{"id":11478,"date":"2018-07-15T17:59:00","date_gmt":"2018-07-15T15:59:00","guid":{"rendered":"http:\/\/www.infakt.pl\/blog\/?p=11478"},"modified":"2022-10-25T14:16:09","modified_gmt":"2022-10-25T12:16:09","slug":"faktura-dla-bylego-pracodawcy","status":"publish","type":"post","link":"https:\/\/www.infakt.pl\/blog\/faktura-dla-bylego-pracodawcy\/","title":{"rendered":"O czym musi wiedzie\u0107 przedsi\u0119biorca, kt\u00f3ry chce zacz\u0105\u0107 wsp\u00f3\u0142pracowa\u0107 z by\u0142ym pracodawc\u0105?"},"content":{"rendered":"Osoby, kt\u00f3re rozwa\u017caj\u0105 przej\u015bcie z etatu na samozatrudnienie bior\u0105 niekiedy pod uwag\u0119 wsp\u00f3\u0142prac\u0119 z pracodawc\u0105. Trzeba jednak pami\u0119ta\u0107, \u017ce faktura dla by\u0142ego pracodawcy mo\u017ce wi\u0105za\u0107 si\u0119 z pewnymi ograniczeniami, kt\u00f3re dotycz\u0105 sk\u0142adek ZUS i podatku dochodowego.\n\n<!--more-->\n<h2>Jakie s\u0105 plusy przej\u015bcia na samozatrudnienie?<\/h2>\nPorzucenie etatu na rzecz za\u0142o\u017cenia dzia\u0142alno\u015bci gospodarczej to opcja, kt\u00f3ra kusi pewnymi korzy\u015bciami. Przede wszystkim przedsi\u0119biorca ma mo\u017cliwo\u015b\u0107 zaliczania do koszt\u00f3w wydatk\u00f3w zwi\u0105zanych z prowadzeniem dzia\u0142alno\u015bci. <strong>I to nie tylko zakupu komputera, biurka czy wydatk\u00f3w zwi\u0105zanych z samochodem.<\/strong>\n\nNiekiedy do koszt\u00f3w mo\u017cna zaliczy\u0107 wydatki bardziej \u201eegzotyczne\u201d, jak te dotycz\u0105ce <a href=\"https:\/\/www.infakt.pl\/blog\/rower-na-firme\/\" target=\"_blank\" rel=\"noopener\">roweru<\/a>, <a href=\"https:\/\/www.infakt.pl\/blog\/prywatny-kredyt-w-kosztach\/\" target=\"_blank\" rel=\"noopener\">odsetek od prywatnego kredytu<\/a>, czy nawet <a href=\"https:\/\/www.infakt.pl\/blog\/wydatki-na-psa-w-kosztach\/\" target=\"_blank\" rel=\"noopener\">psa<\/a>. Opr\u00f3cz tego rejestruj\u0105c si\u0119 jako czynny podatnik VAT przedsi\u0119biorca mo\u017ce r\u00f3wnie\u017c odlicza\u0107 podatek VAT od zakupionych towar\u00f3w i us\u0142ug.\n\nOsoby, kt\u00f3re zdecydowa\u0142y si\u0119 przej\u015b\u0107 z etatu na samozatrudnienie w\u015br\u00f3d korzy\u015bci wymieniaj\u0105 r\u00f3wnie\u017c wi\u0119ksz\u0105 swobod\u0119 dzia\u0142ania, mo\u017cliwo\u015b\u0107 rozwoju w\u0142asnej firmy czy po prostu wy\u017csze zarobki. A to oczywi\u015bcie tylko niekt\u00f3re korzy\u015bci.\n\nDecyduj\u0105c si\u0119 na za\u0142o\u017cenie dzia\u0142alno\u015bci i wsp\u00f3\u0142prac\u0119 z by\u0142ym pracodawc\u0105 <strong>trzeba jednak uwa\u017ca\u0107, czy przys\u0142uguj\u0105 pewne przywileje, kt\u00f3re s\u0105 standardowo dost\u0119pne przedsi\u0119biorcom.<\/strong> O czym dok\u0142adnie mowa?\n<h2>Faktura dla by\u0142ego pracodawcy, a ma\u0142y ZUS<\/h2>\nPrzedsi\u0119biorcy, kt\u00f3rzy zaczynaj\u0105 prowadzenie dzia\u0142alno\u015bci gospodarczej maj\u0105 mo\u017cliwo\u015b\u0107 op\u0142acania preferencyjnych sk\u0142adek ZUS przez pierwsze pe\u0142ne 24 miesi\u0105ce. W tym okresie <strong>p\u0142ac\u0105 ni\u017csze sk\u0142adki na ubezpieczenie spo\u0142eczne i s\u0105 zwolnieni z op\u0142aty na Fundusz Pracy.<\/strong>\n\nTrzeba jednak wiedzie\u0107, \u017ce nie wszyscy przedsi\u0119biorcy maj\u0105 tak\u0105 mo\u017cliwo\u015b\u0107. W my\u015bl przepis\u00f3w prawa do <a href=\"https:\/\/www.infakt.pl\/blog\/maly-zus-2014\/\" target=\"_blank\" rel=\"noopener\">ma\u0142ego ZUS-u<\/a> nie posiadaj\u0105 przedsi\u0119biorcy, kt\u00f3rzy:\n<ul>\n \t<li>w okresie 60 miesi\u0119cy poprzedzaj\u0105cych rozpocz\u0119cie nowej dzia\u0142alno\u015bci prowadzili firm\u0119,<\/li>\n \t<li>\u015bwiadcz\u0105 na rzecz by\u0142ego pracodawcy us\u0142ugi takie same, jak obowi\u0105zki na etacie (w bie\u017c\u0105cym lub poprzednim roku podatkowym).<\/li>\n<\/ul>\nW\u0142a\u015bnie ten drugi punkt odnosi si\u0119 bezpo\u015brednio do przedsi\u0119biorc\u00f3w, kt\u00f3rzy po przej\u015bciu z etatu na samozatrudnienie chc\u0105 wsp\u00f3\u0142pracowa\u0107 z by\u0142ym szefem. Mo\u017cna to wyja\u015bni\u0107 na przyk\u0142adzie:\n\n<em>Je\u015bli grafik, kt\u00f3ry pracuje na etacie i zajmuje si\u0119 projektowaniem aplikacji przechodzi na samozatrudnienie i zaczyna wsp\u00f3\u0142pracowa\u0107 z by\u0142ym pracodawc\u0105 r\u00f3wnie\u017c projektuj\u0105c dla niego aplikacje, to z ma\u0142ego ZUS-u nie mo\u017ce korzysta\u0107. <\/em>\n\nGyby ten sam grafik \u015bwiadczy\u0142 dla by\u0142ego pracodawcy np. us\u0142ugi programistyczne (kt\u00f3rych na etacie nie wykonywa\u0142) sytuacja by\u0142aby inna. W takim przypadku wsp\u00f3\u0142praca z by\u0142ym szefem nie odbiera mo\u017cliwo\u015bci op\u0142acania ni\u017cszych sk\u0142adek ZUS.\n<h2>Przedsi\u0119biorca mo\u017ce r\u00f3wnie\u017c na pewien czas straci\u0107 prawo do podatku liniowego<\/h2>\nWarto te\u017c pami\u0119ta\u0107, \u017ce wsp\u00f3\u0142praca z by\u0142ym pracodawc\u0105 mo\u017ce mie\u0107 wp\u0142yw na prawo do podatku liniowego.\n<div class=\"frame-area\">\n<div class=\"short\">uwaga<\/div>\n<div class=\"text-wrap\">Opcj\u0119 wyboru podatku liniowego maj\u0105 jedynie ci przedsi\u0119biorcy, kt\u00f3rzy nie \u015bwiadcz\u0105 tych samych us\u0142ug dla by\u0142ego pracodawcy, jakie wykonywali na etacie w bie\u017c\u0105cym roku podatkowym.<\/div>\n<\/div>\n<a href=\"https:\/\/www.infakt.pl\/blog\/podatek-liniowy-czy-warto\/\" target=\"_blank\" rel=\"noopener\">Podatek liniowy<\/a> jest op\u0142acalny dla os\u00f3b, kt\u00f3rych roczny doch\u00f3d przekracza kwot\u0119 ok. 100 tys. z\u0142 rocznie. Dzieje si\u0119 tak przede wszystkim z uwagi na to, \u017ce \u201eliniowcy\u201d nie mog\u0105 skorzysta\u0107 z wielu ulg podatkowych, nie mog\u0105 rozlicza\u0107 si\u0119 wsp\u00f3lnie z ma\u0142\u017conkiem, a tak\u017ce korzysta\u0107 z przywileju kwoty wolnej od podatku.\n\nWarto jeszcze nadmieni\u0107, \u017ce <strong>mo\u017cliwo\u015b\u0107 wyboru podatku liniowego nie jest odbierana na zawsze.<\/strong> Dzieje si\u0119 tak jedynie w pierwszym roku prowadzenia dzia\u0142alno\u015bci. Je\u015bli wi\u0119c kto\u015b przejdzie na samozatrudnienie np. w lipcu 2014 r. i zdecyduje si\u0119 na wsp\u00f3\u0142prac\u0119 z by\u0142ym pracodawc\u0105 w identycznym wymiarze jak wcze\u015bniej, to na podatek liniowy zaczeka do stycznia 2015 r.\n<h2>Samozatrudnienie nie mo\u017ce przypomina\u0107 stosunku pracy<\/h2>\nWystawiaj\u0105c faktur\u0119 dla by\u0142ego pracodawcy nale\u017cy pami\u0119ta\u0107, \u017ce samozatrudnienie nie mo\u017ce przypomina\u0107 stosunku pracy. Chodzi przede wszystkim o to, \u017ceby podpisana umowa o wsp\u00f3\u0142pracy by\u0142a pozbawiona przynajmniej cz\u0119\u015bci element\u00f3w charakterystycznych dla stosunku pracy.\n\nZgodnie z przyj\u0119t\u0105 praktyk\u0105 odnosi si\u0119 to m.in. do w\u0142a\u015bciwego okre\u015blenia zasad wykonywania pracy, w tym w g\u0142\u00f3wnej mierze braku podporz\u0105dkowania zleceniodawcy. Dodatkowo przy umowie o wsp\u00f3\u0142pracy <strong>na zleceniobiorcy powinna spoczywa\u0107 odpowiedzialno\u015bci za rezultaty czynno\u015bci, w tym dotycz\u0105ce ryzyka gospodarczego. Przy stosunku pracy taka zale\u017cno\u015b\u0107 nie istnieje.<\/strong>\n\nJe\u015bli jednak urz\u0119dnicy zakwestionuj\u0105 umow\u0119 o wsp\u00f3\u0142pracy to zar\u00f3wno pracodawca, jak i samozatrudniony musz\u0105 si\u0119 liczy\u0107 z problemami, je\u015bli chodzi o podatki i sk\u0142adki ZUS. Chodzi zw\u0142aszcza o pracodawc\u0119, kt\u00f3ry jako p\u0142atnik nie wywiaza\u0142 si\u0119 z obowi\u0105zku obliczenia, pobrania i odprowadzenia podatk\u00f3w \u2013 czyli grozi mu post\u0119powanie karnoskarbowe\n\nPracodawc\u0119 mog\u0105 r\u00f3wnie\u017c dotkn\u0105\u0107 skutki wynikaj\u0105ce z nieprzestrzegania prawa pracy za co grozi grzywna si\u0119gaj\u0105ca nawet 30 tys. z\u0142.\n\n<!-- round -->\n<div class=\"cta-area\">\n<h2 class=\"header\">Masz pytanie dotycz\u0105ce prowadzenia firmy? Zg\u0142o\u015b si\u0119 do ksi\u0119gowych inFaktu<\/h2>\n<div class=\"text-wrap text-wrap-round\">\n<ul class=\"fancy-list round\">\n \t<li>Dzwo\u0144 lub pisz do ksi\u0119gowych &#8211; kiedy tylko potrzebujesz<\/li>\n \t<li>Otrzymuj regularnie przydatny newsletter<\/li>\n \t<li>Testuj fakturowanie i ksi\u0119gowo\u015b\u0107 online<\/li>\n<\/ul>\n<\/div>\n<a class=\"btn-orange-round\" href=\"https:\/\/konto.infakt.pl\/rejestracja\/\" target=\"_blank\" rel=\"noopener\"><span class=\"sign\"><span class=\"btn-orange-big\">Za\u0142\u00f3\u017c<\/span><span class=\"small\"> konto!<\/span><\/span><\/a>\n\n<\/div>","protected":false},"excerpt":{"rendered":"<p>Osob<\/p>\n","protected":false},"author":19,"featured_media":9883,"comment_status":"open","ping_status":"closed","sticky":false,"template":"","format":"standard","meta":{"_acf_changed":false,"footnotes":""},"categories":[6,2054],"tags":[],"class_list":["post-11478","post","type-post","status-publish","format-standard","has-post-thumbnail","hentry","category-podatki","category-jednoosobowa-dzialalnosc"],"acf":[],"yoast_head":"<!-- This site is optimized with the Yoast SEO plugin v27.4 - https:\/\/yoast.com\/product\/yoast-seo-wordpress\/ -->\n<title>Faktura dla pracodawcy po przej\u015bciu z etatu - Blog inFakt.pl<\/title>\n<meta name=\"description\" content=\"Przej\u015bcie z etatu na samozatrudnienie i wsp\u00f3\u0142praca z by\u0142ym pracodawc\u0105? Wykonuj\u0105c taki krok trzeba uwa\u017ca\u0107, by nie straci\u0107 pewnych przywilej\u00f3w.\" \/>\n<meta name=\"robots\" content=\"index, follow, max-snippet:-1, max-image-preview:large, max-video-preview:-1\" \/>\n<link rel=\"canonical\" href=\"https:\/\/www.infakt.pl\/blog\/faktura-dla-bylego-pracodawcy\/\" \/>\n<meta property=\"og:locale\" content=\"pl_PL\" \/>\n<meta property=\"og:type\" content=\"article\" \/>\n<meta property=\"og:title\" content=\"Faktura dla pracodawcy po przej\u015bciu z etatu - Blog inFakt.pl\" \/>\n<meta property=\"og:description\" content=\"Przej\u015bcie z etatu na samozatrudnienie i wsp\u00f3\u0142praca z by\u0142ym pracodawc\u0105? Wykonuj\u0105c taki krok trzeba uwa\u017ca\u0107, by nie straci\u0107 pewnych przywilej\u00f3w.\" \/>\n<meta property=\"og:url\" content=\"https:\/\/www.infakt.pl\/blog\/faktura-dla-bylego-pracodawcy\/\" \/>\n<meta property=\"og:site_name\" content=\"Infakt Blog\" \/>\n<meta property=\"article:published_time\" content=\"2018-07-15T15:59:00+00:00\" \/>\n<meta property=\"article:modified_time\" content=\"2022-10-25T12:16:09+00:00\" \/>\n<meta property=\"og:image\" content=\"https:\/\/www.infakt.pl\/blog\/wp-content\/uploads\/2014\/03\/PIT-8C-kto-i-kiedy-sk\u0142ada.jpg\" \/>\n\t<meta property=\"og:image:width\" content=\"360\" \/>\n\t<meta property=\"og:image:height\" content=\"220\" \/>\n\t<meta property=\"og:image:type\" content=\"image\/jpeg\" \/>\n<meta name=\"author\" content=\"Arkadiusz Caryk\" \/>\n<meta name=\"twitter:card\" content=\"summary_large_image\" \/>\n<meta name=\"twitter:label1\" content=\"Napisane przez\" \/>\n\t<meta name=\"twitter:data1\" content=\"Arkadiusz Caryk\" \/>\n\t<meta name=\"twitter:label2\" content=\"Szacowany czas czytania\" \/>\n\t<meta name=\"twitter:data2\" content=\"5 minut\" \/>\n<script type=\"application\/ld+json\" class=\"yoast-schema-graph\">{\"@context\":\"https:\\\/\\\/schema.org\",\"@graph\":[{\"@type\":\"Article\",\"@id\":\"https:\\\/\\\/www.infakt.pl\\\/blog\\\/faktura-dla-bylego-pracodawcy\\\/#article\",\"isPartOf\":{\"@id\":\"https:\\\/\\\/www.infakt.pl\\\/blog\\\/faktura-dla-bylego-pracodawcy\\\/\"},\"author\":{\"name\":\"Arkadiusz Caryk\",\"@id\":\"https:\\\/\\\/www.infakt.pl\\\/blog\\\/#\\\/schema\\\/person\\\/b240c3a1dfd5321e4195102406322431\"},\"headline\":\"O czym musi wiedzie\u0107 przedsi\u0119biorca, kt\u00f3ry chce zacz\u0105\u0107 wsp\u00f3\u0142pracowa\u0107 z by\u0142ym pracodawc\u0105?\",\"datePublished\":\"2018-07-15T15:59:00+00:00\",\"dateModified\":\"2022-10-25T12:16:09+00:00\",\"mainEntityOfPage\":{\"@id\":\"https:\\\/\\\/www.infakt.pl\\\/blog\\\/faktura-dla-bylego-pracodawcy\\\/\"},\"wordCount\":903,\"commentCount\":0,\"image\":{\"@id\":\"https:\\\/\\\/www.infakt.pl\\\/blog\\\/faktura-dla-bylego-pracodawcy\\\/#primaryimage\"},\"thumbnailUrl\":\"https:\\\/\\\/www.infakt.pl\\\/blog\\\/wp-content\\\/uploads\\\/2014\\\/03\\\/PIT-8C-kto-i-kiedy-sk\u0142ada.jpg\",\"articleSection\":[\"Podatki\",\"Jednoosobowa dzia\u0142alno\u015b\u0107\"],\"inLanguage\":\"pl-PL\",\"potentialAction\":[{\"@type\":\"CommentAction\",\"name\":\"Comment\",\"target\":[\"https:\\\/\\\/www.infakt.pl\\\/blog\\\/faktura-dla-bylego-pracodawcy\\\/#respond\"]}]},{\"@type\":\"WebPage\",\"@id\":\"https:\\\/\\\/www.infakt.pl\\\/blog\\\/faktura-dla-bylego-pracodawcy\\\/\",\"url\":\"https:\\\/\\\/www.infakt.pl\\\/blog\\\/faktura-dla-bylego-pracodawcy\\\/\",\"name\":\"Faktura dla pracodawcy po przej\u015bciu z etatu - Blog inFakt.pl\",\"isPartOf\":{\"@id\":\"https:\\\/\\\/www.infakt.pl\\\/blog\\\/#website\"},\"primaryImageOfPage\":{\"@id\":\"https:\\\/\\\/www.infakt.pl\\\/blog\\\/faktura-dla-bylego-pracodawcy\\\/#primaryimage\"},\"image\":{\"@id\":\"https:\\\/\\\/www.infakt.pl\\\/blog\\\/faktura-dla-bylego-pracodawcy\\\/#primaryimage\"},\"thumbnailUrl\":\"https:\\\/\\\/www.infakt.pl\\\/blog\\\/wp-content\\\/uploads\\\/2014\\\/03\\\/PIT-8C-kto-i-kiedy-sk\u0142ada.jpg\",\"datePublished\":\"2018-07-15T15:59:00+00:00\",\"dateModified\":\"2022-10-25T12:16:09+00:00\",\"author\":{\"@id\":\"https:\\\/\\\/www.infakt.pl\\\/blog\\\/#\\\/schema\\\/person\\\/b240c3a1dfd5321e4195102406322431\"},\"description\":\"Przej\u015bcie z etatu na samozatrudnienie i wsp\u00f3\u0142praca z by\u0142ym pracodawc\u0105? Wykonuj\u0105c taki krok trzeba uwa\u017ca\u0107, by nie straci\u0107 pewnych przywilej\u00f3w.\",\"breadcrumb\":{\"@id\":\"https:\\\/\\\/www.infakt.pl\\\/blog\\\/faktura-dla-bylego-pracodawcy\\\/#breadcrumb\"},\"inLanguage\":\"pl-PL\",\"potentialAction\":[{\"@type\":\"ReadAction\",\"target\":[\"https:\\\/\\\/www.infakt.pl\\\/blog\\\/faktura-dla-bylego-pracodawcy\\\/\"]}]},{\"@type\":\"ImageObject\",\"inLanguage\":\"pl-PL\",\"@id\":\"https:\\\/\\\/www.infakt.pl\\\/blog\\\/faktura-dla-bylego-pracodawcy\\\/#primaryimage\",\"url\":\"https:\\\/\\\/www.infakt.pl\\\/blog\\\/wp-content\\\/uploads\\\/2014\\\/03\\\/PIT-8C-kto-i-kiedy-sk\u0142ada.jpg\",\"contentUrl\":\"https:\\\/\\\/www.infakt.pl\\\/blog\\\/wp-content\\\/uploads\\\/2014\\\/03\\\/PIT-8C-kto-i-kiedy-sk\u0142ada.jpg\",\"width\":360,\"height\":220,\"caption\":\"odwo\u0142anie od decyzji zus\"},{\"@type\":\"BreadcrumbList\",\"@id\":\"https:\\\/\\\/www.infakt.pl\\\/blog\\\/faktura-dla-bylego-pracodawcy\\\/#breadcrumb\",\"itemListElement\":[{\"@type\":\"ListItem\",\"position\":1,\"name\":\"Blog\",\"item\":\"https:\\\/\\\/www.infakt.pl\\\/blog\\\/\"},{\"@type\":\"ListItem\",\"position\":2,\"name\":\"Jednoosobowa dzia\u0142alno\u015b\u0107\",\"item\":\"https:\\\/\\\/www.infakt.pl\\\/blog\\\/kategoria\\\/jednoosobowa-dzialalnosc\\\/\"},{\"@type\":\"ListItem\",\"position\":3,\"name\":\"O czym musi wiedzie\u0107 przedsi\u0119biorca, kt\u00f3ry chce zacz\u0105\u0107 wsp\u00f3\u0142pracowa\u0107 z by&hellip;\"}]},{\"@type\":\"WebSite\",\"@id\":\"https:\\\/\\\/www.infakt.pl\\\/blog\\\/#website\",\"url\":\"https:\\\/\\\/www.infakt.pl\\\/blog\\\/\",\"name\":\"Infakt Blog\",\"description\":\"\",\"potentialAction\":[{\"@type\":\"SearchAction\",\"target\":{\"@type\":\"EntryPoint\",\"urlTemplate\":\"https:\\\/\\\/www.infakt.pl\\\/blog\\\/?s={search_term_string}\"},\"query-input\":{\"@type\":\"PropertyValueSpecification\",\"valueRequired\":true,\"valueName\":\"search_term_string\"}}],\"inLanguage\":\"pl-PL\"},{\"@type\":\"Person\",\"@id\":\"https:\\\/\\\/www.infakt.pl\\\/blog\\\/#\\\/schema\\\/person\\\/b240c3a1dfd5321e4195102406322431\",\"name\":\"Arkadiusz Caryk\",\"image\":{\"@type\":\"ImageObject\",\"inLanguage\":\"pl-PL\",\"@id\":\"https:\\\/\\\/secure.gravatar.com\\\/avatar\\\/25d424997c3e1f372edafecf9e24747fd4fd013a989f7633d0d5e286e769e454?s=96&d=mm&r=g\",\"url\":\"https:\\\/\\\/secure.gravatar.com\\\/avatar\\\/25d424997c3e1f372edafecf9e24747fd4fd013a989f7633d0d5e286e769e454?s=96&d=mm&r=g\",\"contentUrl\":\"https:\\\/\\\/secure.gravatar.com\\\/avatar\\\/25d424997c3e1f372edafecf9e24747fd4fd013a989f7633d0d5e286e769e454?s=96&d=mm&r=g\",\"caption\":\"Arkadiusz Caryk\"},\"url\":\"https:\\\/\\\/www.infakt.pl\\\/blog\\\/author\\\/arkadiusz-caryk\\\/\"}]}<\/script>\n<!-- \/ Yoast SEO plugin. -->","yoast_head_json":{"title":"Faktura dla pracodawcy po przej\u015bciu z etatu - Blog inFakt.pl","description":"Przej\u015bcie z etatu na samozatrudnienie i wsp\u00f3\u0142praca z by\u0142ym pracodawc\u0105? Wykonuj\u0105c taki krok trzeba uwa\u017ca\u0107, by nie straci\u0107 pewnych przywilej\u00f3w.","robots":{"index":"index","follow":"follow","max-snippet":"max-snippet:-1","max-image-preview":"max-image-preview:large","max-video-preview":"max-video-preview:-1"},"canonical":"https:\/\/www.infakt.pl\/blog\/faktura-dla-bylego-pracodawcy\/","og_locale":"pl_PL","og_type":"article","og_title":"Faktura dla pracodawcy po przej\u015bciu z etatu - Blog inFakt.pl","og_description":"Przej\u015bcie z etatu na samozatrudnienie i wsp\u00f3\u0142praca z by\u0142ym pracodawc\u0105? Wykonuj\u0105c taki krok trzeba uwa\u017ca\u0107, by nie straci\u0107 pewnych przywilej\u00f3w.","og_url":"https:\/\/www.infakt.pl\/blog\/faktura-dla-bylego-pracodawcy\/","og_site_name":"Infakt Blog","article_published_time":"2018-07-15T15:59:00+00:00","article_modified_time":"2022-10-25T12:16:09+00:00","og_image":[{"width":360,"height":220,"url":"https:\/\/www.infakt.pl\/blog\/wp-content\/uploads\/2014\/03\/PIT-8C-kto-i-kiedy-sk\u0142ada.jpg","type":"image\/jpeg"}],"author":"Arkadiusz Caryk","twitter_card":"summary_large_image","twitter_misc":{"Napisane przez":"Arkadiusz Caryk","Szacowany czas czytania":"5 minut"},"schema":{"@context":"https:\/\/schema.org","@graph":[{"@type":"Article","@id":"https:\/\/www.infakt.pl\/blog\/faktura-dla-bylego-pracodawcy\/#article","isPartOf":{"@id":"https:\/\/www.infakt.pl\/blog\/faktura-dla-bylego-pracodawcy\/"},"author":{"name":"Arkadiusz Caryk","@id":"https:\/\/www.infakt.pl\/blog\/#\/schema\/person\/b240c3a1dfd5321e4195102406322431"},"headline":"O czym musi wiedzie\u0107 przedsi\u0119biorca, kt\u00f3ry chce zacz\u0105\u0107 wsp\u00f3\u0142pracowa\u0107 z by\u0142ym pracodawc\u0105?","datePublished":"2018-07-15T15:59:00+00:00","dateModified":"2022-10-25T12:16:09+00:00","mainEntityOfPage":{"@id":"https:\/\/www.infakt.pl\/blog\/faktura-dla-bylego-pracodawcy\/"},"wordCount":903,"commentCount":0,"image":{"@id":"https:\/\/www.infakt.pl\/blog\/faktura-dla-bylego-pracodawcy\/#primaryimage"},"thumbnailUrl":"https:\/\/www.infakt.pl\/blog\/wp-content\/uploads\/2014\/03\/PIT-8C-kto-i-kiedy-sk\u0142ada.jpg","articleSection":["Podatki","Jednoosobowa dzia\u0142alno\u015b\u0107"],"inLanguage":"pl-PL","potentialAction":[{"@type":"CommentAction","name":"Comment","target":["https:\/\/www.infakt.pl\/blog\/faktura-dla-bylego-pracodawcy\/#respond"]}]},{"@type":"WebPage","@id":"https:\/\/www.infakt.pl\/blog\/faktura-dla-bylego-pracodawcy\/","url":"https:\/\/www.infakt.pl\/blog\/faktura-dla-bylego-pracodawcy\/","name":"Faktura dla pracodawcy po przej\u015bciu z etatu - Blog inFakt.pl","isPartOf":{"@id":"https:\/\/www.infakt.pl\/blog\/#website"},"primaryImageOfPage":{"@id":"https:\/\/www.infakt.pl\/blog\/faktura-dla-bylego-pracodawcy\/#primaryimage"},"image":{"@id":"https:\/\/www.infakt.pl\/blog\/faktura-dla-bylego-pracodawcy\/#primaryimage"},"thumbnailUrl":"https:\/\/www.infakt.pl\/blog\/wp-content\/uploads\/2014\/03\/PIT-8C-kto-i-kiedy-sk\u0142ada.jpg","datePublished":"2018-07-15T15:59:00+00:00","dateModified":"2022-10-25T12:16:09+00:00","author":{"@id":"https:\/\/www.infakt.pl\/blog\/#\/schema\/person\/b240c3a1dfd5321e4195102406322431"},"description":"Przej\u015bcie z etatu na samozatrudnienie i wsp\u00f3\u0142praca z by\u0142ym pracodawc\u0105? Wykonuj\u0105c taki krok trzeba uwa\u017ca\u0107, by nie straci\u0107 pewnych przywilej\u00f3w.","breadcrumb":{"@id":"https:\/\/www.infakt.pl\/blog\/faktura-dla-bylego-pracodawcy\/#breadcrumb"},"inLanguage":"pl-PL","potentialAction":[{"@type":"ReadAction","target":["https:\/\/www.infakt.pl\/blog\/faktura-dla-bylego-pracodawcy\/"]}]},{"@type":"ImageObject","inLanguage":"pl-PL","@id":"https:\/\/www.infakt.pl\/blog\/faktura-dla-bylego-pracodawcy\/#primaryimage","url":"https:\/\/www.infakt.pl\/blog\/wp-content\/uploads\/2014\/03\/PIT-8C-kto-i-kiedy-sk\u0142ada.jpg","contentUrl":"https:\/\/www.infakt.pl\/blog\/wp-content\/uploads\/2014\/03\/PIT-8C-kto-i-kiedy-sk\u0142ada.jpg","width":360,"height":220,"caption":"odwo\u0142anie od decyzji zus"},{"@type":"BreadcrumbList","@id":"https:\/\/www.infakt.pl\/blog\/faktura-dla-bylego-pracodawcy\/#breadcrumb","itemListElement":[{"@type":"ListItem","position":1,"name":"Blog","item":"https:\/\/www.infakt.pl\/blog\/"},{"@type":"ListItem","position":2,"name":"Jednoosobowa dzia\u0142alno\u015b\u0107","item":"https:\/\/www.infakt.pl\/blog\/kategoria\/jednoosobowa-dzialalnosc\/"},{"@type":"ListItem","position":3,"name":"O czym musi wiedzie\u0107 przedsi\u0119biorca, kt\u00f3ry chce zacz\u0105\u0107 wsp\u00f3\u0142pracowa\u0107 z by&hellip;"}]},{"@type":"WebSite","@id":"https:\/\/www.infakt.pl\/blog\/#website","url":"https:\/\/www.infakt.pl\/blog\/","name":"Infakt Blog","description":"","potentialAction":[{"@type":"SearchAction","target":{"@type":"EntryPoint","urlTemplate":"https:\/\/www.infakt.pl\/blog\/?s={search_term_string}"},"query-input":{"@type":"PropertyValueSpecification","valueRequired":true,"valueName":"search_term_string"}}],"inLanguage":"pl-PL"},{"@type":"Person","@id":"https:\/\/www.infakt.pl\/blog\/#\/schema\/person\/b240c3a1dfd5321e4195102406322431","name":"Arkadiusz Caryk","image":{"@type":"ImageObject","inLanguage":"pl-PL","@id":"https:\/\/secure.gravatar.com\/avatar\/25d424997c3e1f372edafecf9e24747fd4fd013a989f7633d0d5e286e769e454?s=96&d=mm&r=g","url":"https:\/\/secure.gravatar.com\/avatar\/25d424997c3e1f372edafecf9e24747fd4fd013a989f7633d0d5e286e769e454?s=96&d=mm&r=g","contentUrl":"https:\/\/secure.gravatar.com\/avatar\/25d424997c3e1f372edafecf9e24747fd4fd013a989f7633d0d5e286e769e454?s=96&d=mm&r=g","caption":"Arkadiusz Caryk"},"url":"https:\/\/www.infakt.pl\/blog\/author\/arkadiusz-caryk\/"}]}},"_links":{"self":[{"href":"https:\/\/www.infakt.pl\/blog\/wp-json\/wp\/v2\/posts\/11478","targetHints":{"allow":["GET"]}}],"collection":[{"href":"https:\/\/www.infakt.pl\/blog\/wp-json\/wp\/v2\/posts"}],"about":[{"href":"https:\/\/www.infakt.pl\/blog\/wp-json\/wp\/v2\/types\/post"}],"author":[{"embeddable":true,"href":"https:\/\/www.infakt.pl\/blog\/wp-json\/wp\/v2\/users\/19"}],"replies":[{"embeddable":true,"href":"https:\/\/www.infakt.pl\/blog\/wp-json\/wp\/v2\/comments?post=11478"}],"version-history":[{"count":18,"href":"https:\/\/www.infakt.pl\/blog\/wp-json\/wp\/v2\/posts\/11478\/revisions"}],"predecessor-version":[{"id":54437,"href":"https:\/\/www.infakt.pl\/blog\/wp-json\/wp\/v2\/posts\/11478\/revisions\/54437"}],"wp:featuredmedia":[{"embeddable":true,"href":"https:\/\/www.infakt.pl\/blog\/wp-json\/wp\/v2\/media\/9883"}],"wp:attachment":[{"href":"https:\/\/www.infakt.pl\/blog\/wp-json\/wp\/v2\/media?parent=11478"}],"wp:term":[{"taxonomy":"category","embeddable":true,"href":"https:\/\/www.infakt.pl\/blog\/wp-json\/wp\/v2\/categories?post=11478"},{"taxonomy":"post_tag","embeddable":true,"href":"https:\/\/www.infakt.pl\/blog\/wp-json\/wp\/v2\/tags?post=11478"}],"curies":[{"name":"wp","href":"https:\/\/api.w.org\/{rel}","templated":true}]}}