{"id":10069,"date":"2014-04-09T17:11:12","date_gmt":"2014-04-09T15:11:12","guid":{"rendered":"http:\/\/www.infakt.pl\/blog\/?p=10069"},"modified":"2024-10-08T09:45:07","modified_gmt":"2024-10-08T07:45:07","slug":"formularz-vat-26","status":"publish","type":"post","link":"https:\/\/www.infakt.pl\/blog\/formularz-vat-26\/","title":{"rendered":"Formularz VAT-26 \u2013 co nale\u017cy wiedzie\u0107?"},"content":{"rendered":"W\u015br\u00f3d nowo\u015bci jakie przynios\u0142y zmiany w odliczaniu VAT od samochod\u00f3w z 1 kwietnia 2014 r. nie wolno zapomnie\u0107 o pojawieniu si\u0119 nowego formularza VAT-26. Zobligowani do jego z\u0142o\u017cenia s\u0105 przedsi\u0119biorcy, kt\u00f3rzy prowadz\u0105 ewidencj\u0119 przebiegu pojazdu do cel\u00f3w VAT. Co zawiera formularz VAT-26 i jakie s\u0105 zasady jego sk\u0142adania?<!--more-->\r\n\r\n<h2>Odliczenie 100% VAT mo\u017cliwe w dw\u00f3ch przypadkach<\/h2>\r\nWprowadzenie przez Ministerstwo Finans\u00f3w nowego druku ma bezpo\u015bredni zwi\u0105zek z nowelizacj\u0105 przepis\u00f3w, kt\u00f3ra przed kilkoma dniami wesz\u0142a w \u017cycie. Przypominamy, \u017ce zgodnie ze zmianami w przepisach <strong>przedsi\u0119biorcy maj\u0105 mo\u017cliwo\u015b\u0107 odliczenia 100% VAT od samochod\u00f3w osobowych wykorzystywanych wy\u0142\u0105cznie w dzia\u0142alno\u015bci gospodarczej<\/strong> (wcze\u015bniej taka opcja w og\u00f3le nie istnia\u0142a). Jest to mo\u017cliwe w dw\u00f3ch sytuacjach:\r\n<ol>\r\n \t<li>Konstrukcja pojazdu sprawia, \u017ce mo\u017ce by\u0107 przeznaczony tylko do dzia\u0142alno\u015bci.<\/li>\r\n \t<li>Spos\u00f3b wykorzystania potwierdzony ewidencj\u0105 przebiegu pojazdu wyklucza jego u\u017cycie do cel\u00f3w niezwi\u0105zanych z dzia\u0142alno\u015bci\u0105.<\/li>\r\n<\/ol>\r\nW tym drugim przypadku przedsi\u0119biorca, kt\u00f3ry zechce odliczy\u0107 pe\u0142en VAT od zakupu samochodu oraz wszelkich wydatk\u00f3w z nim zwi\u0105zanych, musi m.in. prowadzi\u0107 szczeg\u00f3\u0142ow\u0105 ewidencj\u0119 przebiegu pojazdu do cel\u00f3w VAT. Ale to nie wszystko. Konieczne jest r\u00f3wnie\u017c z\u0142o\u017cenie informacji o pojazdach do naczelnika urz\u0119du skarbowego. I w\u0142a\u015bnie temu celowi s\u0142u\u017cy wspomniany ju\u017c formularz VAT-26.\r\n<div class=\"frame-area\">\r\n<div class=\"short\">W skr\u00f3cie<\/div>\r\n<h2 class=\"header\">Formularz VAT-26:<\/h2>\r\n<div class=\"text-wrap\">\r\n<ul class=\"fancy-list\">\r\n \t<li>To dokument, kt\u00f3rym zg\u0142asza si\u0119 samoch\u00f3d osobowy wykorzystywany TYLKO do cel\u00f3w firmowych<\/li>\r\n \t<li>VAT-26 trzeba z\u0142o\u017cy\u0107 w terminie 7 dni od dokonania pierwszego wydatku zwi\u0105zanego z samochodem<\/li>\r\n \t<li>VAT-26 trzeba z\u0142o\u017cy\u0107 ponownie &#8211; gdy zmieni si\u0119 spos\u00f3b wykorzystania pojazdu<\/li>\r\n<\/ul>\r\n<\/div>\r\n<\/div>\r\n<h2>Kiedy i jak z\u0142o\u017cy\u0107 formularz VAT-26?<\/h2>\r\nZgodnie wi\u0119c z nowelizacj\u0105 formularz VAT-26 dotyczy samochod\u00f3w u\u017cywanych jedynie na potrzeby zwi\u0105zane z dzia\u0142alno\u015bci\u0105 gospodarcz\u0105. Na podstawie tego dokumentu urz\u0119dnicy mog\u0105 zidentyfikowa\u0107 pojazdy jako wykorzystywane wy\u0142\u0105cznie w tym celu.\r\n\r\nPrzedsi\u0119biorca musi <strong>z\u0142o\u017cy\u0107 formularz w terminie 7 dni od dnia dokonania pierwszego wydatku zwi\u0105zanego z samochodem (np. jego zakupu, nabyciu paliwa czy cz\u0119\u015bci).<\/strong> Zg\u0142oszenie po przekroczeniu tego terminie daje mo\u017cliwo\u015b\u0107 pe\u0142nego odliczania VAT dopiero od dnia dostarczenia informacji do urz\u0119du.\r\n\r\nNa druku nale\u017cy uzupe\u0142ni\u0107 informacje odnosz\u0105ce si\u0119 m.in. do:\r\n<ul>\r\n \t<li>marki i modelu pojazdu,<\/li>\r\n \t<li>numeru rejestracyjnego,<\/li>\r\n \t<li>roku produkcji,<\/li>\r\n \t<li>daty nabycia,<\/li>\r\n \t<li>daty poniesienia pierwszego wydatku,<\/li>\r\n \t<li>daty zmiany wykorzystania.<\/li>\r\n<\/ul>\r\nPrzedsi\u0119biorca musi r\u00f3wnie\u017c zaznaczy\u0107 czy informacj\u0119 odnosz\u0105c\u0105 si\u0119 do danego pojazdu sk\u0142ada po raz pierwszy czy te\u017c aktualizuje wpis. Mo\u017cna to zrobi\u0107 w formie elektronicznej za pomoc\u0105 platformy ePUAP. Konieczne jednak jest do tego posiadanie podpisu elektronicznego.\r\n<h2>Kiedy konieczna jest aktualizacja?<\/h2>\r\nCo wa\u017cne w\u0142a\u015bciciel firmy powinien z\u0142o\u017cy\u0107 aktualizacj\u0119 formularza VAT-26 w przypadku zmiany celu wykorzystania pojazdu. O co tu dok\u0142adnie chodzi? Ot\u00f3\u017c przedsi\u0119biorca, kt\u00f3ry przestaje u\u017cywa\u0107 samochodu wy\u0142\u0105cznie do dzia\u0142alno\u015bci i przechodzi na system mieszany (wykorzystanie zar\u00f3wno w firmie, jak i prywatnie) musi o tym poinformowa\u0107 urz\u0119dnik\u00f3w.\r\n\r\nDo tego r\u00f3wnie\u017c s\u0142u\u017cy formularz VAT-26. <strong>W przypadku zmiany wykorzystania samochodu aktualizacji nale\u017cy dokona\u0107 najp\u00f3\u017aniej przed dniem, w kt\u00f3rym dokonuje si\u0119 tej zmiany.<\/strong> Po zmianie przeznaczenia samochodu i z\u0142o\u017ceniu aktualizacji przedsi\u0119biorca przestaje odlicza\u0107 pe\u0142en VAT, a zaczyna 50%. Oczywi\u015bcie w tej sytuacji nie musi ju\u017c prowadzi\u0107 ewidencji przebiegu pojazdu do cel\u00f3w VAT, jak i po raz kolejny sk\u0142ada\u0107 VAT-26.\r\n\r\nFormularz VAT-26 nie jest r\u00f3wnie\u017c konieczny w przypadku pojazd\u00f3w, dla kt\u00f3rych odliczenie 100% VAT umo\u017cliwia konstrukcja. Chodzi tu np. o samochody spe\u0142niaj\u0105ce wymagania dla uzyskania VAT-1a, VAT-1b i VAT-2. Druku VAT-26 nie musz\u0105 tak\u017ce sk\u0142ada\u0107 w\u0142a\u015bciciele ci\u0119\u017car\u00f3wek, kt\u00f3rych masa przekracza 3,5 tony.\r\n\r\n<!-- square -->\r\n<div class=\"cta-area\">\r\n<h2 class=\"header\">Za\u0142\u00f3\u017c bezp\u0142atne konto i korzystaj<\/h2>\r\n<div class=\"text-wrap\">\r\n<ul class=\"fancy-list square\">\r\n \t<li>Zapytaj ksi\u0119gowych inFaktu o kwestie zwi\u0105zane z VAT-26<\/li>\r\n \t<li>Rozliczaj VAT od pojazd\u00f3w zgodnie z nowymi przepisami<\/li>\r\n \t<li>Testuj wygodn\u0105 aplikacj\u0119 do ksi\u0119gowo\u015b\u0107 online &#8211; za darmo!<\/li>\r\n<\/ul>\r\n<\/div>\r\n<a class=\"btn-orange-square\" href=\"https:\/\/konto.infakt.pl\/rejestracja\/\" target=\"_blank\" rel=\"noopener\"><span class=\"btn-orange-big\">Za\u0142\u00f3\u017c konto<\/span><\/a>\r\n\r\n<\/div>","protected":false},"excerpt":{"rendered":"<p>W\u015br<\/p>\n","protected":false},"author":19,"featured_media":10092,"comment_status":"open","ping_status":"closed","sticky":false,"template":"","format":"standard","meta":{"_acf_changed":false,"footnotes":""},"categories":[2055],"tags":[],"class_list":["post-10069","post","type-post","status-publish","format-standard","has-post-thumbnail","hentry","category-koszty"],"acf":[],"yoast_head":"<!-- This site is optimized with the Yoast SEO plugin v27.4 - https:\/\/yoast.com\/product\/yoast-seo-wordpress\/ -->\n<title>Formularz VAT-26 - co to jest, kiedy zg\u0142osi\u0107 i jak wys\u0142a\u0107 do urz\u0119du skarbowego?<\/title>\n<meta name=\"description\" content=\"Cz\u0119\u015b\u0107 przedsi\u0119biorc\u00f3w, kt\u00f3rzy chc\u0105 odlicza\u0107 100% VAT od samochodu musi z\u0142o\u017cy\u0107 w urz\u0119dzie skarbowym formularz VAT-26. W jakich przypadkach tak si\u0119 dzieje?\" \/>\n<meta name=\"robots\" content=\"index, follow, max-snippet:-1, max-image-preview:large, max-video-preview:-1\" \/>\n<link rel=\"canonical\" href=\"https:\/\/www.infakt.pl\/blog\/formularz-vat-26\/\" \/>\n<meta property=\"og:locale\" content=\"pl_PL\" \/>\n<meta property=\"og:type\" content=\"article\" \/>\n<meta property=\"og:title\" content=\"Formularz VAT-26 - co to jest, kiedy zg\u0142osi\u0107 i jak wys\u0142a\u0107 do urz\u0119du skarbowego?\" \/>\n<meta property=\"og:description\" content=\"Cz\u0119\u015b\u0107 przedsi\u0119biorc\u00f3w, kt\u00f3rzy chc\u0105 odlicza\u0107 100% VAT od samochodu musi z\u0142o\u017cy\u0107 w urz\u0119dzie skarbowym formularz VAT-26. W jakich przypadkach tak si\u0119 dzieje?\" \/>\n<meta property=\"og:url\" content=\"https:\/\/www.infakt.pl\/blog\/formularz-vat-26\/\" \/>\n<meta property=\"og:site_name\" content=\"Infakt Blog\" \/>\n<meta property=\"article:published_time\" content=\"2014-04-09T15:11:12+00:00\" \/>\n<meta property=\"article:modified_time\" content=\"2024-10-08T07:45:07+00:00\" \/>\n<meta property=\"og:image\" content=\"https:\/\/www.infakt.pl\/blog\/wp-content\/uploads\/2014\/04\/Formularz-VAT-26-2.jpg\" \/>\n\t<meta property=\"og:image:width\" content=\"360\" \/>\n\t<meta property=\"og:image:height\" content=\"220\" \/>\n\t<meta property=\"og:image:type\" content=\"image\/jpeg\" \/>\n<meta name=\"author\" content=\"Arkadiusz Caryk\" \/>\n<meta name=\"twitter:card\" content=\"summary_large_image\" \/>\n<meta name=\"twitter:label1\" content=\"Napisane przez\" \/>\n\t<meta name=\"twitter:data1\" content=\"Arkadiusz Caryk\" \/>\n\t<meta name=\"twitter:label2\" content=\"Szacowany czas czytania\" \/>\n\t<meta name=\"twitter:data2\" content=\"3 minuty\" \/>\n<script type=\"application\/ld+json\" class=\"yoast-schema-graph\">{\"@context\":\"https:\\\/\\\/schema.org\",\"@graph\":[{\"@type\":\"Article\",\"@id\":\"https:\\\/\\\/www.infakt.pl\\\/blog\\\/formularz-vat-26\\\/#article\",\"isPartOf\":{\"@id\":\"https:\\\/\\\/www.infakt.pl\\\/blog\\\/formularz-vat-26\\\/\"},\"author\":{\"name\":\"Arkadiusz Caryk\",\"@id\":\"https:\\\/\\\/www.infakt.pl\\\/blog\\\/#\\\/schema\\\/person\\\/b240c3a1dfd5321e4195102406322431\"},\"headline\":\"Formularz VAT-26 \u2013 co nale\u017cy wiedzie\u0107?\",\"datePublished\":\"2014-04-09T15:11:12+00:00\",\"dateModified\":\"2024-10-08T07:45:07+00:00\",\"mainEntityOfPage\":{\"@id\":\"https:\\\/\\\/www.infakt.pl\\\/blog\\\/formularz-vat-26\\\/\"},\"wordCount\":687,\"commentCount\":0,\"image\":{\"@id\":\"https:\\\/\\\/www.infakt.pl\\\/blog\\\/formularz-vat-26\\\/#primaryimage\"},\"thumbnailUrl\":\"https:\\\/\\\/www.infakt.pl\\\/blog\\\/wp-content\\\/uploads\\\/2014\\\/04\\\/Formularz-VAT-26-2.jpg\",\"articleSection\":[\"Koszty\"],\"inLanguage\":\"pl-PL\",\"potentialAction\":[{\"@type\":\"CommentAction\",\"name\":\"Comment\",\"target\":[\"https:\\\/\\\/www.infakt.pl\\\/blog\\\/formularz-vat-26\\\/#respond\"]}]},{\"@type\":\"WebPage\",\"@id\":\"https:\\\/\\\/www.infakt.pl\\\/blog\\\/formularz-vat-26\\\/\",\"url\":\"https:\\\/\\\/www.infakt.pl\\\/blog\\\/formularz-vat-26\\\/\",\"name\":\"Formularz VAT-26 - co to jest, kiedy zg\u0142osi\u0107 i jak wys\u0142a\u0107 do urz\u0119du skarbowego?\",\"isPartOf\":{\"@id\":\"https:\\\/\\\/www.infakt.pl\\\/blog\\\/#website\"},\"primaryImageOfPage\":{\"@id\":\"https:\\\/\\\/www.infakt.pl\\\/blog\\\/formularz-vat-26\\\/#primaryimage\"},\"image\":{\"@id\":\"https:\\\/\\\/www.infakt.pl\\\/blog\\\/formularz-vat-26\\\/#primaryimage\"},\"thumbnailUrl\":\"https:\\\/\\\/www.infakt.pl\\\/blog\\\/wp-content\\\/uploads\\\/2014\\\/04\\\/Formularz-VAT-26-2.jpg\",\"datePublished\":\"2014-04-09T15:11:12+00:00\",\"dateModified\":\"2024-10-08T07:45:07+00:00\",\"author\":{\"@id\":\"https:\\\/\\\/www.infakt.pl\\\/blog\\\/#\\\/schema\\\/person\\\/b240c3a1dfd5321e4195102406322431\"},\"description\":\"Cz\u0119\u015b\u0107 przedsi\u0119biorc\u00f3w, kt\u00f3rzy chc\u0105 odlicza\u0107 100% VAT od samochodu musi z\u0142o\u017cy\u0107 w urz\u0119dzie skarbowym formularz VAT-26. W jakich przypadkach tak si\u0119 dzieje?\",\"breadcrumb\":{\"@id\":\"https:\\\/\\\/www.infakt.pl\\\/blog\\\/formularz-vat-26\\\/#breadcrumb\"},\"inLanguage\":\"pl-PL\",\"potentialAction\":[{\"@type\":\"ReadAction\",\"target\":[\"https:\\\/\\\/www.infakt.pl\\\/blog\\\/formularz-vat-26\\\/\"]}]},{\"@type\":\"ImageObject\",\"inLanguage\":\"pl-PL\",\"@id\":\"https:\\\/\\\/www.infakt.pl\\\/blog\\\/formularz-vat-26\\\/#primaryimage\",\"url\":\"https:\\\/\\\/www.infakt.pl\\\/blog\\\/wp-content\\\/uploads\\\/2014\\\/04\\\/Formularz-VAT-26-2.jpg\",\"contentUrl\":\"https:\\\/\\\/www.infakt.pl\\\/blog\\\/wp-content\\\/uploads\\\/2014\\\/04\\\/Formularz-VAT-26-2.jpg\",\"width\":360,\"height\":220,\"caption\":\"Dzia\u0142alno\u015b\u0107 gospodarcza za granic\u0105\"},{\"@type\":\"BreadcrumbList\",\"@id\":\"https:\\\/\\\/www.infakt.pl\\\/blog\\\/formularz-vat-26\\\/#breadcrumb\",\"itemListElement\":[{\"@type\":\"ListItem\",\"position\":1,\"name\":\"Blog\",\"item\":\"https:\\\/\\\/www.infakt.pl\\\/blog\\\/\"},{\"@type\":\"ListItem\",\"position\":2,\"name\":\"Koszty\",\"item\":\"https:\\\/\\\/www.infakt.pl\\\/blog\\\/kategoria\\\/koszty\\\/\"},{\"@type\":\"ListItem\",\"position\":3,\"name\":\"Formularz VAT-26 \u2013 co nale\u017cy wiedzie\u0107?\"}]},{\"@type\":\"WebSite\",\"@id\":\"https:\\\/\\\/www.infakt.pl\\\/blog\\\/#website\",\"url\":\"https:\\\/\\\/www.infakt.pl\\\/blog\\\/\",\"name\":\"Infakt Blog\",\"description\":\"\",\"potentialAction\":[{\"@type\":\"SearchAction\",\"target\":{\"@type\":\"EntryPoint\",\"urlTemplate\":\"https:\\\/\\\/www.infakt.pl\\\/blog\\\/?s={search_term_string}\"},\"query-input\":{\"@type\":\"PropertyValueSpecification\",\"valueRequired\":true,\"valueName\":\"search_term_string\"}}],\"inLanguage\":\"pl-PL\"},{\"@type\":\"Person\",\"@id\":\"https:\\\/\\\/www.infakt.pl\\\/blog\\\/#\\\/schema\\\/person\\\/b240c3a1dfd5321e4195102406322431\",\"name\":\"Arkadiusz Caryk\",\"image\":{\"@type\":\"ImageObject\",\"inLanguage\":\"pl-PL\",\"@id\":\"https:\\\/\\\/secure.gravatar.com\\\/avatar\\\/25d424997c3e1f372edafecf9e24747fd4fd013a989f7633d0d5e286e769e454?s=96&d=mm&r=g\",\"url\":\"https:\\\/\\\/secure.gravatar.com\\\/avatar\\\/25d424997c3e1f372edafecf9e24747fd4fd013a989f7633d0d5e286e769e454?s=96&d=mm&r=g\",\"contentUrl\":\"https:\\\/\\\/secure.gravatar.com\\\/avatar\\\/25d424997c3e1f372edafecf9e24747fd4fd013a989f7633d0d5e286e769e454?s=96&d=mm&r=g\",\"caption\":\"Arkadiusz Caryk\"},\"url\":\"https:\\\/\\\/www.infakt.pl\\\/blog\\\/author\\\/arkadiusz-caryk\\\/\"}]}<\/script>\n<!-- \/ Yoast SEO plugin. -->","yoast_head_json":{"title":"Formularz VAT-26 - co to jest, kiedy zg\u0142osi\u0107 i jak wys\u0142a\u0107 do urz\u0119du skarbowego?","description":"Cz\u0119\u015b\u0107 przedsi\u0119biorc\u00f3w, kt\u00f3rzy chc\u0105 odlicza\u0107 100% VAT od samochodu musi z\u0142o\u017cy\u0107 w urz\u0119dzie skarbowym formularz VAT-26. W jakich przypadkach tak si\u0119 dzieje?","robots":{"index":"index","follow":"follow","max-snippet":"max-snippet:-1","max-image-preview":"max-image-preview:large","max-video-preview":"max-video-preview:-1"},"canonical":"https:\/\/www.infakt.pl\/blog\/formularz-vat-26\/","og_locale":"pl_PL","og_type":"article","og_title":"Formularz VAT-26 - co to jest, kiedy zg\u0142osi\u0107 i jak wys\u0142a\u0107 do urz\u0119du skarbowego?","og_description":"Cz\u0119\u015b\u0107 przedsi\u0119biorc\u00f3w, kt\u00f3rzy chc\u0105 odlicza\u0107 100% VAT od samochodu musi z\u0142o\u017cy\u0107 w urz\u0119dzie skarbowym formularz VAT-26. W jakich przypadkach tak si\u0119 dzieje?","og_url":"https:\/\/www.infakt.pl\/blog\/formularz-vat-26\/","og_site_name":"Infakt Blog","article_published_time":"2014-04-09T15:11:12+00:00","article_modified_time":"2024-10-08T07:45:07+00:00","og_image":[{"width":360,"height":220,"url":"https:\/\/www.infakt.pl\/blog\/wp-content\/uploads\/2014\/04\/Formularz-VAT-26-2.jpg","type":"image\/jpeg"}],"author":"Arkadiusz Caryk","twitter_card":"summary_large_image","twitter_misc":{"Napisane przez":"Arkadiusz Caryk","Szacowany czas czytania":"3 minuty"},"schema":{"@context":"https:\/\/schema.org","@graph":[{"@type":"Article","@id":"https:\/\/www.infakt.pl\/blog\/formularz-vat-26\/#article","isPartOf":{"@id":"https:\/\/www.infakt.pl\/blog\/formularz-vat-26\/"},"author":{"name":"Arkadiusz Caryk","@id":"https:\/\/www.infakt.pl\/blog\/#\/schema\/person\/b240c3a1dfd5321e4195102406322431"},"headline":"Formularz VAT-26 \u2013 co nale\u017cy wiedzie\u0107?","datePublished":"2014-04-09T15:11:12+00:00","dateModified":"2024-10-08T07:45:07+00:00","mainEntityOfPage":{"@id":"https:\/\/www.infakt.pl\/blog\/formularz-vat-26\/"},"wordCount":687,"commentCount":0,"image":{"@id":"https:\/\/www.infakt.pl\/blog\/formularz-vat-26\/#primaryimage"},"thumbnailUrl":"https:\/\/www.infakt.pl\/blog\/wp-content\/uploads\/2014\/04\/Formularz-VAT-26-2.jpg","articleSection":["Koszty"],"inLanguage":"pl-PL","potentialAction":[{"@type":"CommentAction","name":"Comment","target":["https:\/\/www.infakt.pl\/blog\/formularz-vat-26\/#respond"]}]},{"@type":"WebPage","@id":"https:\/\/www.infakt.pl\/blog\/formularz-vat-26\/","url":"https:\/\/www.infakt.pl\/blog\/formularz-vat-26\/","name":"Formularz VAT-26 - co to jest, kiedy zg\u0142osi\u0107 i jak wys\u0142a\u0107 do urz\u0119du skarbowego?","isPartOf":{"@id":"https:\/\/www.infakt.pl\/blog\/#website"},"primaryImageOfPage":{"@id":"https:\/\/www.infakt.pl\/blog\/formularz-vat-26\/#primaryimage"},"image":{"@id":"https:\/\/www.infakt.pl\/blog\/formularz-vat-26\/#primaryimage"},"thumbnailUrl":"https:\/\/www.infakt.pl\/blog\/wp-content\/uploads\/2014\/04\/Formularz-VAT-26-2.jpg","datePublished":"2014-04-09T15:11:12+00:00","dateModified":"2024-10-08T07:45:07+00:00","author":{"@id":"https:\/\/www.infakt.pl\/blog\/#\/schema\/person\/b240c3a1dfd5321e4195102406322431"},"description":"Cz\u0119\u015b\u0107 przedsi\u0119biorc\u00f3w, kt\u00f3rzy chc\u0105 odlicza\u0107 100% VAT od samochodu musi z\u0142o\u017cy\u0107 w urz\u0119dzie skarbowym formularz VAT-26. W jakich przypadkach tak si\u0119 dzieje?","breadcrumb":{"@id":"https:\/\/www.infakt.pl\/blog\/formularz-vat-26\/#breadcrumb"},"inLanguage":"pl-PL","potentialAction":[{"@type":"ReadAction","target":["https:\/\/www.infakt.pl\/blog\/formularz-vat-26\/"]}]},{"@type":"ImageObject","inLanguage":"pl-PL","@id":"https:\/\/www.infakt.pl\/blog\/formularz-vat-26\/#primaryimage","url":"https:\/\/www.infakt.pl\/blog\/wp-content\/uploads\/2014\/04\/Formularz-VAT-26-2.jpg","contentUrl":"https:\/\/www.infakt.pl\/blog\/wp-content\/uploads\/2014\/04\/Formularz-VAT-26-2.jpg","width":360,"height":220,"caption":"Dzia\u0142alno\u015b\u0107 gospodarcza za granic\u0105"},{"@type":"BreadcrumbList","@id":"https:\/\/www.infakt.pl\/blog\/formularz-vat-26\/#breadcrumb","itemListElement":[{"@type":"ListItem","position":1,"name":"Blog","item":"https:\/\/www.infakt.pl\/blog\/"},{"@type":"ListItem","position":2,"name":"Koszty","item":"https:\/\/www.infakt.pl\/blog\/kategoria\/koszty\/"},{"@type":"ListItem","position":3,"name":"Formularz VAT-26 \u2013 co nale\u017cy wiedzie\u0107?"}]},{"@type":"WebSite","@id":"https:\/\/www.infakt.pl\/blog\/#website","url":"https:\/\/www.infakt.pl\/blog\/","name":"Infakt Blog","description":"","potentialAction":[{"@type":"SearchAction","target":{"@type":"EntryPoint","urlTemplate":"https:\/\/www.infakt.pl\/blog\/?s={search_term_string}"},"query-input":{"@type":"PropertyValueSpecification","valueRequired":true,"valueName":"search_term_string"}}],"inLanguage":"pl-PL"},{"@type":"Person","@id":"https:\/\/www.infakt.pl\/blog\/#\/schema\/person\/b240c3a1dfd5321e4195102406322431","name":"Arkadiusz Caryk","image":{"@type":"ImageObject","inLanguage":"pl-PL","@id":"https:\/\/secure.gravatar.com\/avatar\/25d424997c3e1f372edafecf9e24747fd4fd013a989f7633d0d5e286e769e454?s=96&d=mm&r=g","url":"https:\/\/secure.gravatar.com\/avatar\/25d424997c3e1f372edafecf9e24747fd4fd013a989f7633d0d5e286e769e454?s=96&d=mm&r=g","contentUrl":"https:\/\/secure.gravatar.com\/avatar\/25d424997c3e1f372edafecf9e24747fd4fd013a989f7633d0d5e286e769e454?s=96&d=mm&r=g","caption":"Arkadiusz Caryk"},"url":"https:\/\/www.infakt.pl\/blog\/author\/arkadiusz-caryk\/"}]}},"_links":{"self":[{"href":"https:\/\/www.infakt.pl\/blog\/wp-json\/wp\/v2\/posts\/10069","targetHints":{"allow":["GET"]}}],"collection":[{"href":"https:\/\/www.infakt.pl\/blog\/wp-json\/wp\/v2\/posts"}],"about":[{"href":"https:\/\/www.infakt.pl\/blog\/wp-json\/wp\/v2\/types\/post"}],"author":[{"embeddable":true,"href":"https:\/\/www.infakt.pl\/blog\/wp-json\/wp\/v2\/users\/19"}],"replies":[{"embeddable":true,"href":"https:\/\/www.infakt.pl\/blog\/wp-json\/wp\/v2\/comments?post=10069"}],"version-history":[{"count":15,"href":"https:\/\/www.infakt.pl\/blog\/wp-json\/wp\/v2\/posts\/10069\/revisions"}],"predecessor-version":[{"id":71653,"href":"https:\/\/www.infakt.pl\/blog\/wp-json\/wp\/v2\/posts\/10069\/revisions\/71653"}],"wp:featuredmedia":[{"embeddable":true,"href":"https:\/\/www.infakt.pl\/blog\/wp-json\/wp\/v2\/media\/10092"}],"wp:attachment":[{"href":"https:\/\/www.infakt.pl\/blog\/wp-json\/wp\/v2\/media?parent=10069"}],"wp:term":[{"taxonomy":"category","embeddable":true,"href":"https:\/\/www.infakt.pl\/blog\/wp-json\/wp\/v2\/categories?post=10069"},{"taxonomy":"post_tag","embeddable":true,"href":"https:\/\/www.infakt.pl\/blog\/wp-json\/wp\/v2\/tags?post=10069"}],"curies":[{"name":"wp","href":"https:\/\/api.w.org\/{rel}","templated":true}]}}